{"id":3547,"date":"2010-12-19T10:00:52","date_gmt":"2010-12-19T09:00:52","guid":{"rendered":"http:\/\/2018.salve.si\/?p=3547"},"modified":"2018-05-31T16:52:04","modified_gmt":"2018-05-31T14:52:04","slug":"4-adventna-nedelja-jozef-je-svojo-zeno-marijo-vzel-k-sebi-branko-balazic","status":"publish","type":"post","link":"https:\/\/www.salve.si\/en\/adventni-cas\/4-adventna-nedelja-jozef-je-svojo-zeno-marijo-vzel-k-sebi-branko-balazic\/","title":{"rendered":"4. adventna nedelja &#8211; Jo\u017eef je svojo \u017eeno Marijo vzel k sebi &#8211; Branko Bala\u017eic"},"content":{"rendered":"<p>Kaj ljudje pri\u010dakujejo od \u017eivljenja? Ve\u010dini \u017eivljenje veliko pomeni, zato ho\u010dejo biti sre\u010dni in zadovoljni \u017ee tukaj na zemlji. Navadno je najvi\u0161ja vrednota zdravje, zelo visoko je cenjena zakonska zvestoba, pa solidarnost in dobrota, ne le v dru\u017eini, ampak tudi v \u0161ir\u0161i dru\u017ebi in narodu. \u010clovekova pri\u010dakovanja so zares velika in vsaj na za\u010detku se ljudje tudi zelo potrudijo, da bi ta ideal dosegli. Kmalu pa ugotovijo, da \u017eivljenje ni ravno, ampak kriva \u010drta, polna napak, slabosti in razli\u010dnih stranpoti. Ideali so naenkrat poteptani, \u017eivljenje napade nesmisel, mnogi obupajo in idile je naenkrat konec. Marsikdo se zato zate\u010de v svoje spomine in sanje, da lahko pre\u017eivi. Toda, tudi tak nami\u0161ljen svet dolgoro\u010dno ne zdr\u017ei: mnogi se slejkoprej predajo, \u017eivijo iz dneva v dan, ali pa nasilno zaklju\u010dijo svoje \u017eivljenje. \u010clovek bo sicer vedno iskal idealne okoli\u0161\u010dine svojega \u017eivljenja, a teh ni: zemeljskega raja ni ve\u010d. Sedaj \u010dakamo na novo nebo in novo zemljo, ko bo ponovno vzpostavljen prvotni red. Kdaj se bo to zgodilo, ne ve nih\u010de, toda Jezus bo gotovo pri\u0161el in vzpostavil prvotni red.<br \/>\nKo sta se Jo\u017eef in Marija spoznala in delala na\u010drte o skupnem \u017eivljenju, tudi ni \u0161lo brez zapletov. Njuna zaro\u010dni\u0161ka pogodba je bila polna upanja, hrepenela sta po idealnem zakonu in ljubezni, ki bo trajala, dokler ju smrt ne lo\u010di. Potem pa je Marija dobila izreden obisk, ki je vse na\u010drtovanje v trenutku izni\u010dil. Pred veliko odlo\u010ditvijo je ostala sama, kajti Jo\u017eef si ni mogel privo\u0161\u010diti \u0161kandala, zato je razmi\u0161ljal, kako bi na lep na\u010din vse pometel pod preprogo, in sku\u0161al \u010dim prej pozabiti na dane obljube. To je sicer la\u017eje re\u010di, kot pa narediti, kajti prava ljubezen ni kos obleke, ki se je naveli\u010da\u0161 in jo zamenja\u0161 z drugo. Prava ljubezen \u010dloveka tako prevzame, da izgubi glavo. Ko globoka, iskrena ljubezen ugasne, je pogori\u0161\u010de le kup pepela brez \u017eivljenja, sanj in idealov.<br \/>\nV tem iskanju prave re\u0161itve in \u00bb\u010dastnega\u00ab bega s kraja dogodka, tudi Jo\u017eef dobi nepri\u010dakovani obisk. Ko je \u017ee na\u0161el re\u0161itev, je kot strela z jasnega pri\u0161el ukaz: \u00bbJo\u017eef, vzemi Marijo k sebi!\u00ab Tudi on je bil, tako kot Marija, ponovno na za\u010detku poti, pred novimi, ve\u010djimi dvomi in iskanji, kajti to, kar ga je \u010dakalo, je bilo onkraj \u010dlove\u0161kega modrovanja in iskanja: \u00bbRodila bo sina \u2026 on bo odre\u0161il svoje ljudstvo njegovih grehov.\u00ab Jo\u017eefovi na\u010drti so se v trenutku sesuli v prah, pred njim je bilo novo tveganje, ki ga bo zmogel z mo\u010dno vero, zaupanjem in ljubeznijo.<br \/>\nEvangeljski odlomek se zaklju\u010duje s trditvijo, da je Jo\u017eef Marijo vzel na svoj dom. Tako je bilo za bo\u017ejega Sina poskrbljeno, da bo pri\u0161el na svet v krogu dru\u017eine, ki bo poskrbela za njegov telesni razvoj, njegovo vzgojo in pripravo na poslanstvo.<br \/>\n\u017eupnik Branko Bala\u017eic, SDB<span class=\"slv-content-keywords\"> A Adventni \u010das <\/span><\/p>","protected":false},"excerpt":{"rendered":"<p>Kaj ljudje pri\u010dakujejo od \u017eivljenja? Ve\u010dini \u017eivljenje veliko pomeni, zato ho\u010dejo biti sre\u010dni in zadovoljni \u017ee tukaj na zemlji. Navadno je najvi\u0161ja vrednota zdravje, zelo visoko je cenjena zakonska zvestoba, pa solidarnost in dobrota, ne le v dru\u017eini, ampak tudi v \u0161ir\u0161i dru\u017ebi in narodu. \u010clovekova pri\u010dakovanja so zares velika in vsaj na za\u010detku se<a href=\"https:\/\/www.salve.si\/en\/adventni-cas\/4-adventna-nedelja-jozef-je-svojo-zeno-marijo-vzel-k-sebi-branko-balazic\/\">&#8230;<\/a><\/p>","protected":false},"author":1,"featured_media":0,"comment_status":"closed","ping_status":"open","sticky":false,"template":"","format":"standard","meta":{"_acf_changed":false,"footnotes":""},"categories":[656],"tags":[649],"class_list":["post-3547","post","type-post","status-publish","format-standard","hentry","category-adventni-cas","tag-leto-a"],"acf":[],"yoast_head":"<!-- This site is optimized with the Yoast SEO plugin v23.8 - https:\/\/yoast.com\/wordpress\/plugins\/seo\/ -->\n<title>4. adventna nedelja - Jo\u017eef je svojo \u017eeno Marijo vzel k sebi - Branko Bala\u017eic - Salve<\/title>\n<meta name=\"robots\" content=\"noindex, follow\" \/>\n<meta property=\"og:locale\" content=\"en_US\" \/>\n<meta property=\"og:type\" content=\"article\" \/>\n<meta property=\"og:title\" content=\"4. adventna nedelja - Jo\u017eef je svojo \u017eeno Marijo vzel k sebi - Branko Bala\u017eic - Salve\" \/>\n<meta property=\"og:description\" content=\"Kaj ljudje pri\u010dakujejo od \u017eivljenja? Ve\u010dini \u017eivljenje veliko pomeni, zato ho\u010dejo biti sre\u010dni in zadovoljni \u017ee tukaj na zemlji. Navadno je najvi\u0161ja vrednota zdravje, zelo visoko je cenjena zakonska zvestoba, pa solidarnost in dobrota, ne le v dru\u017eini, ampak tudi v \u0161ir\u0161i dru\u017ebi in narodu. \u010clovekova pri\u010dakovanja so zares velika in vsaj na za\u010detku se...\" \/>\n<meta property=\"og:url\" content=\"https:\/\/www.salve.si\/en\/adventni-cas\/4-adventna-nedelja-jozef-je-svojo-zeno-marijo-vzel-k-sebi-branko-balazic\/\" \/>\n<meta property=\"og:site_name\" content=\"Salve\" \/>\n<meta property=\"article:publisher\" content=\"https:\/\/www.facebook.com\/salve.si\" \/>\n<meta property=\"article:published_time\" content=\"2010-12-19T09:00:52+00:00\" \/>\n<meta property=\"article:modified_time\" content=\"2018-05-31T14:52:04+00:00\" \/>\n<meta property=\"og:image\" content=\"https:\/\/www.salve.si\/wp-content\/uploads\/2026\/01\/salve-og1.jpg\" \/>\n\t<meta property=\"og:image:width\" content=\"1200\" \/>\n\t<meta property=\"og:image:height\" content=\"630\" \/>\n\t<meta property=\"og:image:type\" content=\"image\/jpeg\" \/>\n<meta name=\"author\" content=\"Simon \u0160enk\" \/>\n<meta name=\"twitter:card\" content=\"summary_large_image\" \/>\n<meta name=\"twitter:label1\" content=\"Written by\" \/>\n\t<meta name=\"twitter:data1\" content=\"Simon \u0160enk\" \/>\n\t<meta name=\"twitter:label2\" content=\"Est. reading time\" \/>\n\t<meta name=\"twitter:data2\" content=\"3 minutes\" \/>\n<script type=\"application\/ld+json\" class=\"yoast-schema-graph\">{\"@context\":\"https:\/\/schema.org\",\"@graph\":[{\"@type\":\"Article\",\"@id\":\"https:\/\/www.salve.si\/adventni-cas\/4-adventna-nedelja-jozef-je-svojo-zeno-marijo-vzel-k-sebi-branko-balazic\/#article\",\"isPartOf\":{\"@id\":\"https:\/\/www.salve.si\/adventni-cas\/4-adventna-nedelja-jozef-je-svojo-zeno-marijo-vzel-k-sebi-branko-balazic\/\"},\"author\":{\"name\":\"Simon \u0160enk\",\"@id\":\"https:\/\/www.salve.si\/#\/schema\/person\/781d5e8ed05f7e8c2b923e887b2a1170\"},\"headline\":\"4. adventna nedelja &#8211; Jo\u017eef je svojo \u017eeno Marijo vzel k sebi &#8211; Branko Bala\u017eic\",\"datePublished\":\"2010-12-19T09:00:52+00:00\",\"dateModified\":\"2018-05-31T14:52:04+00:00\",\"mainEntityOfPage\":{\"@id\":\"https:\/\/www.salve.si\/adventni-cas\/4-adventna-nedelja-jozef-je-svojo-zeno-marijo-vzel-k-sebi-branko-balazic\/\"},\"wordCount\":529,\"publisher\":{\"@id\":\"https:\/\/www.salve.si\/#organization\"},\"keywords\":[\"A\"],\"articleSection\":[\"Adventni \u010das\"],\"inLanguage\":\"en-US\"},{\"@type\":\"WebPage\",\"@id\":\"https:\/\/www.salve.si\/adventni-cas\/4-adventna-nedelja-jozef-je-svojo-zeno-marijo-vzel-k-sebi-branko-balazic\/\",\"url\":\"https:\/\/www.salve.si\/adventni-cas\/4-adventna-nedelja-jozef-je-svojo-zeno-marijo-vzel-k-sebi-branko-balazic\/\",\"name\":\"4. adventna nedelja - Jo\u017eef je svojo \u017eeno Marijo vzel k sebi - Branko Bala\u017eic - Salve\",\"isPartOf\":{\"@id\":\"https:\/\/www.salve.si\/#website\"},\"datePublished\":\"2010-12-19T09:00:52+00:00\",\"dateModified\":\"2018-05-31T14:52:04+00:00\",\"breadcrumb\":{\"@id\":\"https:\/\/www.salve.si\/adventni-cas\/4-adventna-nedelja-jozef-je-svojo-zeno-marijo-vzel-k-sebi-branko-balazic\/#breadcrumb\"},\"inLanguage\":\"en-US\",\"potentialAction\":[{\"@type\":\"ReadAction\",\"target\":[\"https:\/\/www.salve.si\/adventni-cas\/4-adventna-nedelja-jozef-je-svojo-zeno-marijo-vzel-k-sebi-branko-balazic\/\"]}]},{\"@type\":\"BreadcrumbList\",\"@id\":\"https:\/\/www.salve.si\/adventni-cas\/4-adventna-nedelja-jozef-je-svojo-zeno-marijo-vzel-k-sebi-branko-balazic\/#breadcrumb\",\"itemListElement\":[{\"@type\":\"ListItem\",\"position\":1,\"name\":\"Home\",\"item\":\"https:\/\/www.salve.si\/\"},{\"@type\":\"ListItem\",\"position\":2,\"name\":\"4. adventna nedelja &#8211; Jo\u017eef je svojo \u017eeno Marijo vzel k sebi &#8211; Branko Bala\u017eic\"}]},{\"@type\":\"WebSite\",\"@id\":\"https:\/\/www.salve.si\/#website\",\"url\":\"https:\/\/www.salve.si\/\",\"name\":\"Salve\",\"description\":\"Salezijanska zalo\u017eba\",\"publisher\":{\"@id\":\"https:\/\/www.salve.si\/#organization\"},\"potentialAction\":[{\"@type\":\"SearchAction\",\"target\":{\"@type\":\"EntryPoint\",\"urlTemplate\":\"https:\/\/www.salve.si\/?s={search_term_string}\"},\"query-input\":{\"@type\":\"PropertyValueSpecification\",\"valueRequired\":true,\"valueName\":\"search_term_string\"}}],\"inLanguage\":\"en-US\"},{\"@type\":\"Organization\",\"@id\":\"https:\/\/www.salve.si\/#organization\",\"name\":\"Salve d.o.o.\",\"url\":\"https:\/\/www.salve.si\/\",\"logo\":{\"@type\":\"ImageObject\",\"inLanguage\":\"en-US\",\"@id\":\"https:\/\/www.salve.si\/#\/schema\/logo\/image\/\",\"url\":\"https:\/\/www.salve.si\/wp-content\/uploads\/2021\/01\/Salve_logo_modri_nov_web.png\",\"contentUrl\":\"https:\/\/www.salve.si\/wp-content\/uploads\/2021\/01\/Salve_logo_modri_nov_web.png\",\"width\":279,\"height\":90,\"caption\":\"Salve d.o.o.\"},\"image\":{\"@id\":\"https:\/\/www.salve.si\/#\/schema\/logo\/image\/\"},\"sameAs\":[\"https:\/\/www.facebook.com\/salve.si\",\"https:\/\/www.instagram.com\/zalozbasalve\/\",\"https:\/\/www.linkedin.com\/company\/zalozba-salve\/\"]},{\"@type\":\"Person\",\"@id\":\"https:\/\/www.salve.si\/#\/schema\/person\/781d5e8ed05f7e8c2b923e887b2a1170\",\"name\":\"Simon \u0160enk\"}]}<\/script>\n<!-- \/ Yoast SEO plugin. -->","yoast_head_json":{"title":"4. adventna nedelja - Jo\u017eef je svojo \u017eeno Marijo vzel k sebi - Branko Bala\u017eic - Salve","robots":{"index":"noindex","follow":"follow"},"og_locale":"en_US","og_type":"article","og_title":"4. adventna nedelja - Jo\u017eef je svojo \u017eeno Marijo vzel k sebi - Branko Bala\u017eic - Salve","og_description":"Kaj ljudje pri\u010dakujejo od \u017eivljenja? Ve\u010dini \u017eivljenje veliko pomeni, zato ho\u010dejo biti sre\u010dni in zadovoljni \u017ee tukaj na zemlji. Navadno je najvi\u0161ja vrednota zdravje, zelo visoko je cenjena zakonska zvestoba, pa solidarnost in dobrota, ne le v dru\u017eini, ampak tudi v \u0161ir\u0161i dru\u017ebi in narodu. \u010clovekova pri\u010dakovanja so zares velika in vsaj na za\u010detku se...","og_url":"https:\/\/www.salve.si\/en\/adventni-cas\/4-adventna-nedelja-jozef-je-svojo-zeno-marijo-vzel-k-sebi-branko-balazic\/","og_site_name":"Salve","article_publisher":"https:\/\/www.facebook.com\/salve.si","article_published_time":"2010-12-19T09:00:52+00:00","article_modified_time":"2018-05-31T14:52:04+00:00","og_image":[{"width":1200,"height":630,"url":"https:\/\/www.salve.si\/wp-content\/uploads\/2026\/01\/salve-og1.jpg","type":"image\/jpeg"}],"author":"Simon \u0160enk","twitter_card":"summary_large_image","twitter_misc":{"Written by":"Simon \u0160enk","Est. reading time":"3 minutes"},"schema":{"@context":"https:\/\/schema.org","@graph":[{"@type":"Article","@id":"https:\/\/www.salve.si\/adventni-cas\/4-adventna-nedelja-jozef-je-svojo-zeno-marijo-vzel-k-sebi-branko-balazic\/#article","isPartOf":{"@id":"https:\/\/www.salve.si\/adventni-cas\/4-adventna-nedelja-jozef-je-svojo-zeno-marijo-vzel-k-sebi-branko-balazic\/"},"author":{"name":"Simon \u0160enk","@id":"https:\/\/www.salve.si\/#\/schema\/person\/781d5e8ed05f7e8c2b923e887b2a1170"},"headline":"4. adventna nedelja &#8211; Jo\u017eef je svojo \u017eeno Marijo vzel k sebi &#8211; Branko Bala\u017eic","datePublished":"2010-12-19T09:00:52+00:00","dateModified":"2018-05-31T14:52:04+00:00","mainEntityOfPage":{"@id":"https:\/\/www.salve.si\/adventni-cas\/4-adventna-nedelja-jozef-je-svojo-zeno-marijo-vzel-k-sebi-branko-balazic\/"},"wordCount":529,"publisher":{"@id":"https:\/\/www.salve.si\/#organization"},"keywords":["A"],"articleSection":["Adventni \u010das"],"inLanguage":"en-US"},{"@type":"WebPage","@id":"https:\/\/www.salve.si\/adventni-cas\/4-adventna-nedelja-jozef-je-svojo-zeno-marijo-vzel-k-sebi-branko-balazic\/","url":"https:\/\/www.salve.si\/adventni-cas\/4-adventna-nedelja-jozef-je-svojo-zeno-marijo-vzel-k-sebi-branko-balazic\/","name":"4. adventna nedelja - Jo\u017eef je svojo \u017eeno Marijo vzel k sebi - Branko Bala\u017eic - Salve","isPartOf":{"@id":"https:\/\/www.salve.si\/#website"},"datePublished":"2010-12-19T09:00:52+00:00","dateModified":"2018-05-31T14:52:04+00:00","breadcrumb":{"@id":"https:\/\/www.salve.si\/adventni-cas\/4-adventna-nedelja-jozef-je-svojo-zeno-marijo-vzel-k-sebi-branko-balazic\/#breadcrumb"},"inLanguage":"en-US","potentialAction":[{"@type":"ReadAction","target":["https:\/\/www.salve.si\/adventni-cas\/4-adventna-nedelja-jozef-je-svojo-zeno-marijo-vzel-k-sebi-branko-balazic\/"]}]},{"@type":"BreadcrumbList","@id":"https:\/\/www.salve.si\/adventni-cas\/4-adventna-nedelja-jozef-je-svojo-zeno-marijo-vzel-k-sebi-branko-balazic\/#breadcrumb","itemListElement":[{"@type":"ListItem","position":1,"name":"Home","item":"https:\/\/www.salve.si\/"},{"@type":"ListItem","position":2,"name":"4. adventna nedelja &#8211; Jo\u017eef je svojo \u017eeno Marijo vzel k sebi &#8211; Branko Bala\u017eic"}]},{"@type":"WebSite","@id":"https:\/\/www.salve.si\/#website","url":"https:\/\/www.salve.si\/","name":"Salve","description":"Salezijanska zalo\u017eba","publisher":{"@id":"https:\/\/www.salve.si\/#organization"},"potentialAction":[{"@type":"SearchAction","target":{"@type":"EntryPoint","urlTemplate":"https:\/\/www.salve.si\/?s={search_term_string}"},"query-input":{"@type":"PropertyValueSpecification","valueRequired":true,"valueName":"search_term_string"}}],"inLanguage":"en-US"},{"@type":"Organization","@id":"https:\/\/www.salve.si\/#organization","name":"Salve d.o.o.","url":"https:\/\/www.salve.si\/","logo":{"@type":"ImageObject","inLanguage":"en-US","@id":"https:\/\/www.salve.si\/#\/schema\/logo\/image\/","url":"https:\/\/www.salve.si\/wp-content\/uploads\/2021\/01\/Salve_logo_modri_nov_web.png","contentUrl":"https:\/\/www.salve.si\/wp-content\/uploads\/2021\/01\/Salve_logo_modri_nov_web.png","width":279,"height":90,"caption":"Salve d.o.o."},"image":{"@id":"https:\/\/www.salve.si\/#\/schema\/logo\/image\/"},"sameAs":["https:\/\/www.facebook.com\/salve.si","https:\/\/www.instagram.com\/zalozbasalve\/","https:\/\/www.linkedin.com\/company\/zalozba-salve\/"]},{"@type":"Person","@id":"https:\/\/www.salve.si\/#\/schema\/person\/781d5e8ed05f7e8c2b923e887b2a1170","name":"Simon \u0160enk"}]}},"_links":{"self":[{"href":"https:\/\/www.salve.si\/en\/wp-json\/wp\/v2\/posts\/3547","targetHints":{"allow":["GET"]}}],"collection":[{"href":"https:\/\/www.salve.si\/en\/wp-json\/wp\/v2\/posts"}],"about":[{"href":"https:\/\/www.salve.si\/en\/wp-json\/wp\/v2\/types\/post"}],"author":[{"embeddable":true,"href":"https:\/\/www.salve.si\/en\/wp-json\/wp\/v2\/users\/1"}],"replies":[{"embeddable":true,"href":"https:\/\/www.salve.si\/en\/wp-json\/wp\/v2\/comments?post=3547"}],"version-history":[{"count":0,"href":"https:\/\/www.salve.si\/en\/wp-json\/wp\/v2\/posts\/3547\/revisions"}],"wp:attachment":[{"href":"https:\/\/www.salve.si\/en\/wp-json\/wp\/v2\/media?parent=3547"}],"wp:term":[{"taxonomy":"category","embeddable":true,"href":"https:\/\/www.salve.si\/en\/wp-json\/wp\/v2\/categories?post=3547"},{"taxonomy":"post_tag","embeddable":true,"href":"https:\/\/www.salve.si\/en\/wp-json\/wp\/v2\/tags?post=3547"}],"curies":[{"name":"wp","href":"https:\/\/api.w.org\/{rel}","templated":true}]}}