{"id":3499,"date":"2011-01-16T10:00:43","date_gmt":"2011-01-16T09:00:43","guid":{"rendered":"http:\/\/2018.salve.si\/?p=3499"},"modified":"2018-05-31T16:49:55","modified_gmt":"2018-05-31T14:49:55","slug":"2-nedelja-med-letom-a-na-koga-bos-videl-prihajati-duha-tisti-je-branko-balazic","status":"publish","type":"post","link":"https:\/\/www.salve.si\/en\/cas-med-letom\/2-nedelja-med-letom-a-na-koga-bos-videl-prihajati-duha-tisti-je-branko-balazic\/","title":{"rendered":"2. nedelja med letom \u2013 Na koga bo\u0161 videl prihajati Duha, tisti je &#8211; Branko Bala\u017eic"},"content":{"rendered":"<p>Kako ve\u010dina odkriva osebe, ki v \u017eivljenju nekaj pomenijo? Navadno pogledajo, s kak\u0161nim avtom se pripeljejo, kako so oble\u010deni, kje \u017eivijo, s kom se dru\u017eijo. Zunanje obna\u0161anje precej razodeva \u010dloveka in nam naredi dolo\u010deno osebo pozitivno in privla\u010dno, kak\u0161no drugo osebo pa negativno in odbijajo\u010do, da se ji raje izognemo. Za sodobnika je videz zelo pomemben in po prvem vtisu si navadno naredimo podobo o \u010dloveku. Pravijo, da je sodobnik veliko bolj \u010duten, kot so to bili na\u0161i predniki in do\u017eivlja svet z vsemi \u010duti hkrati, \u0161e prav posebej pa pri tem izstopajo o\u010di in u\u0161esa.<br \/>\nNa\u0161e o\u010di so zelo vedo\u017eeljne: vse bi rade videle in nobeni stvari se ne bi rade odpovedale. To na\u0161o napako spretno izkori\u0161\u010dajo ogla\u0161evalci reklam in trgovci, ki nam znajo spretno prodati stvari, ki so prijetne za pogled, a pogostokrat nimajo nobene uporabne vrednosti.<br \/>\nIn kaj lahko re\u010demo o na\u0161ih u\u0161esih? Kaj vse poslu\u0161amo \u010dez dan, ob kolikih aferah zvezdnikov in zvezdnic se naslajamo, kako smo privo\u0161\u010dljivi, \u010de imajo na\u0161i sosedje probleme in te\u017eave v zakonu. Verjetno smo \u017ee ve\u010dkrat sli\u0161ali stavek: \u00bb\u010ce bi pri\u017egali \u010dlove\u0161ko zavist, bi bila vsa Slovenija v plamenih.\u00ab \u0160ala gor ali dol, nekaj resnice pa je gotovo v tem stavku.<br \/>\nKer nas zanima le zunanjost, ker nas je materialni svet \u010disto prevzel, nam potem za\u010dne primanjkovati \u010dasa za negovanje notranjega \u010dloveka. Potem pa se napake vrstijo ena za drugo, na\u0161e izbire so napa\u010dne, na\u0161e \u017eivljenje je stresno, globoka notranja hrepenenja pa podobna velikim sanjam, ki se ne bodo nikoli uresni\u010dile.<br \/>\nKak\u0161en je na\u0161 vsakdanjik? \u010ce ne dobimo tistega, kar smo si za\u017eeleli, hitro vzkipimo in se prito\u017eujemo, da se nam godi krivica. Otroci niso sposobni biti pri miru niti pet minut; vsak trenutek nas opozarjajo, da \u017eelijo biti v sredi\u0161\u010du pozornosti. Mladi odla\u0161ajo s poroko; ne bi se radi vezali za vse \u017eivljenje, svoboda jim pomeni ve\u010d kot odgovornost, zato je svobodni, navidezni zakon lepa prilo\u017enost, da uveljavi\u0161 svoje pravice in \u017eivi\u0161 kot se ti zljubi.<br \/>\nVse, o \u010demer sem pravkar govoril, pa ni odkritje tretjega tiso\u010dletja. Tak\u0161ni smo po naravi, zato je Janez Krstnik ob Jordanu sre\u010deval podobne ljudi. K njemu so prihajali ljudje, ki so bili na zunaj brezhibni, pa vendar notranje nezadovoljni. Janez je bil do njih odkrit; ni jim prikrival njihovega notranjega stanja, hkrati pa se je tudi sam zavedal, da ni ni\u010d druga\u010den od tistih, ki so stali v vrsti, da je nepopoln, da ni odre\u0161enik. Ko bo pri\u0161el odre\u0161enik, nas bo vodil k notranjemu spreobrnjenju in \u017eivljenju iz Duha.<br \/>\nVe\u010dkrat smo \u017ee sli\u0161ali stavek: \u00bbDuh je tisti, ki daje \u017eivljenje!\u00ab Verjetno pa si ne znamo predstavljati, kaj to pomeni. Na\u0161e \u017eivljenje je sestavljeno iz treh prvin: iz materije ali telesa, du\u0161e in duha. Navadno je tako, da telesu posve\u010damo vso pozornost, o du\u0161i govorimo kot o ne\u010dem, kar je edinstveno in enkratno pri vsakem \u010dloveku, na duha pa najve\u010dkrat pozabimo. Pa ravno duh napravi iz nas \u010dlove\u0161ko bitje. Duh nas naredi odprte za milost, odgovornost in kon\u010dno izpolnitev v Bogu. Na\u0161 duh je nosilec na\u0161ega razumskega mi\u0161ljenja in hotenja. Duh nas naredi odprte do vsega, kar obstaja in odprte do samega sebe. Zato smo sposobni presegati samega sebe, razmi\u0161ljati o sebi in s seboj ravnati druga\u010de, kot to delajo \u017eivali. Kljub svoji telesnosti vemo za neskon\u010dno, ki ga nosimo v sebi in po \u010demer hrepenimo.<br \/>\nVsi bi radi \u017eiveli v polnosti, zato povsod i\u0161\u010demo sre\u010do in zadovoljstvo, a najve\u010dkrat brez pravega uspeha. Pogostokrat je za na\u0161e neuspehe kriv nepravilen pristop: ho\u010demo biti sre\u010dni in zadovoljni, ne da bi poznali samega sebe, ne da bi odkrili, kje so na\u0161e prednosti in kje so meje. Na\u0161i cilji so zato najve\u010dkrat bolj iluzorne predstave o \u017eivljenju, brez prave podlage. Natan\u010dnega \u017eivljenjskega cilja pa si ni mogo\u010de postaviti brez dobrega poznanja samega sebe in brez dovolj jasnega uvida, kaj smo sposobni dose\u010di.<br \/>\nV anti\u010dnih Delfih je bil napis: \u00bbSpoznaj samega sebe!\u00ab To v razlagi pomeni: vzemi si \u010das zase, poglobi se vase in pred teboj se bo pojavila osebnost, ki jo bo mogo\u010de uresni\u010diti.<br \/>\nKot neko\u010d, tudi danes velja, da pomembne zgodovinske mejnike postavljajo tisti, ki so se na svoje poslanstvo dolgo pripravljali, ki so posve\u010dali veliko pozornost oblikovanju svoje osebnosti in so se dali voditi Bo\u017ejemu duhu. Samo vsestransko zgrajene osebnosti imajo pred seboj vizijo, zato nas lahko zanesljivo vodijo.<br \/>\n\u00bbNa kogar bo\u0161 videl prihajati Duha, tisti je!\u00ab je Janezu Krstniku govoril notranji glas. Tako je lahko v Kristusu prepoznal napovedanega in dolgo pri\u010dakovanega odre\u0161enika. Sam je \u010dutil, da je njegov \u010das minil, da se mora sedaj umakniti in dati prednost tistemu, ki je ve\u010dji od njega. Tudi to je velika \u017eivljenjska modrost: uvideti, kdaj je pri\u0161el \u010das za umik, kdaj je treba prenesti dedi\u0161\u010dino na mlaj\u0161e in jim zaupati, da so sposobni stvari pravilno peljati naprej.<br \/>\nDanes sicer trdimo, da je \u017eivljenje veliko bolj komplicirano, kot je bilo pred dva tiso\u010d leti, v \u010dasu Janeza Krstnika. Ve\u010dkrat smo prisiljeni iskati kvalificirane svetovalce in voditelje, ki bi nam zanesljivo pomagali pri doseganju zastavljenih ciljev. Ko opazujem obna\u0161anje ljudi, se ve\u010dkrat \u010dudim, s kak\u0161no lahkoto izbirajo razli\u010dne zvezdnike za svoje idole in \u017eivljenjske ideale. Le redki se zavedajo, da so danes mnogi voditelji zelo plehki in notranje prazni. Zunanji bli\u0161\u010d navadno zakriva notranjo bedo in podrtijo, ki je ni mogo\u010de ve\u010d sestaviti skupaj. Ne smemo se zato \u010duditi, da je zelo veliko ljudi \u010dustveno labilnih in zato i\u0161\u010dejo vzore pri osebah, ki ni\u010d ne zahtevajo od njih in jih pustijo pri miru. Prav tak\u0161ne labilne osebnosti so tar\u010da novodobnih sekt in \u00bbduhovnih\u00ab gibanj.<br \/>\nKo je sveti Pahomij sre\u010deval ljudi, ki so bili zbegani in brez pravega \u017eivljenjskega cilja, si je zadal nalogo, da bo spoznal smisel \u017eivljenja in sku\u0161al tem ljudem pomagati. Vsako jutro je premi\u0161ljeval svete besede modrecev, da bi odkril to skrivnost. Neke no\u010di ga je Gospod usli\u0161al in mu poslal sanje.<br \/>\nPahomij je videl, kako je svet podoben ogromni temni votlini. V njej so se ljudje tipaje premikali, se udarjali in jezili, v\u010dasih so se ob padcu ranili, vedno bolj pa so bili nezaupljivi in razo\u010darani, ker niso mogli najti izhoda.<br \/>\nNaenkrat pa je nekdo pri\u017egal lu\u010d. Bila je drobna lu\u010dka. Ni je tako globoke teme, ki je ne bi razsvetlila \u017ee prav majhna lu\u010dka. Z lu\u010djo se lahko vedno najde pot re\u0161itve, zato so se vsi postavili za osebo, ki je v rokah dr\u017eala lu\u010dko.<br \/>\nPrej so se stiskali in drug drugega ovirali, zdaj pa so se postavili v vrsto drug za drugim. Bilo jih je ogromno, tema globoka, lu\u010d pa drobna. Na koncu so na\u0161li re\u0161itev: prijeli so se za roke in \u0161li za \u010dlovekom, ki je imel lu\u010d.<br \/>\nJanez Krstnik je pokazal na osebo, ki je pri\u0161la na svet kot lu\u010d. Jezus je hotel biti lu\u010d in \u017eelel je biti med nami, da bi vsakdo, ki bi \u0161el za njim, na\u0161el pravo pot. Njegovo \u017eivljenje je bilo tako prosojno in jasno, da se nanj lahko zanesemo. Na koga se lahko zanese\u0161 bolj kot na tistega, ki je zaradi tebe pripravljen iti v smrti. Jezus je na\u0161 zanesljivi vodnik, ker se je pustil voditi Duhu in se zato ni oziral na to, koliko ga bo kak\u0161na stvar stala. \u0160el je do konca in je za nas \u0161e danes konkreten zgled za posnemanje in lu\u010d ob poti, da ne bi zgre\u0161ili.<br \/>\n\u017eupnik Branko Bala\u017eic, SDB<span class=\"slv-content-keywords\"> A \u010cas med letom <\/span><\/p>","protected":false},"excerpt":{"rendered":"<p>Kako ve\u010dina odkriva osebe, ki v \u017eivljenju nekaj pomenijo? Navadno pogledajo, s kak\u0161nim avtom se pripeljejo, kako so oble\u010deni, kje \u017eivijo, s kom se dru\u017eijo. Zunanje obna\u0161anje precej razodeva \u010dloveka in nam naredi dolo\u010deno osebo pozitivno in privla\u010dno, kak\u0161no drugo osebo pa negativno in odbijajo\u010do, da se ji raje izognemo. Za sodobnika je videz zelo<a href=\"https:\/\/www.salve.si\/en\/cas-med-letom\/2-nedelja-med-letom-a-na-koga-bos-videl-prihajati-duha-tisti-je-branko-balazic\/\">&#8230;<\/a><\/p>","protected":false},"author":1,"featured_media":0,"comment_status":"closed","ping_status":"open","sticky":false,"template":"","format":"standard","meta":{"_acf_changed":false,"footnotes":""},"categories":[654],"tags":[649],"class_list":["post-3499","post","type-post","status-publish","format-standard","hentry","category-cas-med-letom","tag-leto-a"],"acf":[],"yoast_head":"<!-- This site is optimized with the Yoast SEO plugin v23.8 - https:\/\/yoast.com\/wordpress\/plugins\/seo\/ -->\n<title>2. nedelja med letom \u2013 Na koga bo\u0161 videl prihajati Duha, tisti je - Branko Bala\u017eic - Salve<\/title>\n<meta name=\"robots\" content=\"noindex, follow\" \/>\n<meta property=\"og:locale\" content=\"en_US\" \/>\n<meta property=\"og:type\" content=\"article\" \/>\n<meta property=\"og:title\" content=\"2. nedelja med letom \u2013 Na koga bo\u0161 videl prihajati Duha, tisti je - Branko Bala\u017eic - Salve\" \/>\n<meta property=\"og:description\" content=\"Kako ve\u010dina odkriva osebe, ki v \u017eivljenju nekaj pomenijo? Navadno pogledajo, s kak\u0161nim avtom se pripeljejo, kako so oble\u010deni, kje \u017eivijo, s kom se dru\u017eijo. Zunanje obna\u0161anje precej razodeva \u010dloveka in nam naredi dolo\u010deno osebo pozitivno in privla\u010dno, kak\u0161no drugo osebo pa negativno in odbijajo\u010do, da se ji raje izognemo. Za sodobnika je videz zelo...\" \/>\n<meta property=\"og:url\" content=\"https:\/\/www.salve.si\/en\/cas-med-letom\/2-nedelja-med-letom-a-na-koga-bos-videl-prihajati-duha-tisti-je-branko-balazic\/\" \/>\n<meta property=\"og:site_name\" content=\"Salve\" \/>\n<meta property=\"article:publisher\" content=\"https:\/\/www.facebook.com\/salve.si\" \/>\n<meta property=\"article:published_time\" content=\"2011-01-16T09:00:43+00:00\" \/>\n<meta property=\"article:modified_time\" content=\"2018-05-31T14:49:55+00:00\" \/>\n<meta property=\"og:image\" content=\"https:\/\/www.salve.si\/wp-content\/uploads\/2026\/01\/salve-og1.jpg\" \/>\n\t<meta property=\"og:image:width\" content=\"1200\" \/>\n\t<meta property=\"og:image:height\" content=\"630\" \/>\n\t<meta property=\"og:image:type\" content=\"image\/jpeg\" \/>\n<meta name=\"author\" content=\"Simon \u0160enk\" \/>\n<meta name=\"twitter:card\" content=\"summary_large_image\" \/>\n<meta name=\"twitter:label1\" content=\"Written by\" \/>\n\t<meta name=\"twitter:data1\" content=\"Simon \u0160enk\" \/>\n\t<meta name=\"twitter:label2\" content=\"Est. reading time\" \/>\n\t<meta name=\"twitter:data2\" content=\"7 minutes\" \/>\n<script type=\"application\/ld+json\" class=\"yoast-schema-graph\">{\"@context\":\"https:\/\/schema.org\",\"@graph\":[{\"@type\":\"Article\",\"@id\":\"https:\/\/www.salve.si\/cas-med-letom\/2-nedelja-med-letom-a-na-koga-bos-videl-prihajati-duha-tisti-je-branko-balazic\/#article\",\"isPartOf\":{\"@id\":\"https:\/\/www.salve.si\/cas-med-letom\/2-nedelja-med-letom-a-na-koga-bos-videl-prihajati-duha-tisti-je-branko-balazic\/\"},\"author\":{\"name\":\"Simon \u0160enk\",\"@id\":\"https:\/\/www.salve.si\/#\/schema\/person\/781d5e8ed05f7e8c2b923e887b2a1170\"},\"headline\":\"2. nedelja med letom \u2013 Na koga bo\u0161 videl prihajati Duha, tisti je &#8211; Branko Bala\u017eic\",\"datePublished\":\"2011-01-16T09:00:43+00:00\",\"dateModified\":\"2018-05-31T14:49:55+00:00\",\"mainEntityOfPage\":{\"@id\":\"https:\/\/www.salve.si\/cas-med-letom\/2-nedelja-med-letom-a-na-koga-bos-videl-prihajati-duha-tisti-je-branko-balazic\/\"},\"wordCount\":1346,\"publisher\":{\"@id\":\"https:\/\/www.salve.si\/#organization\"},\"keywords\":[\"A\"],\"articleSection\":[\"\u010cas med letom\"],\"inLanguage\":\"en-US\"},{\"@type\":\"WebPage\",\"@id\":\"https:\/\/www.salve.si\/cas-med-letom\/2-nedelja-med-letom-a-na-koga-bos-videl-prihajati-duha-tisti-je-branko-balazic\/\",\"url\":\"https:\/\/www.salve.si\/cas-med-letom\/2-nedelja-med-letom-a-na-koga-bos-videl-prihajati-duha-tisti-je-branko-balazic\/\",\"name\":\"2. nedelja med letom \u2013 Na koga bo\u0161 videl prihajati Duha, tisti je - Branko Bala\u017eic - Salve\",\"isPartOf\":{\"@id\":\"https:\/\/www.salve.si\/#website\"},\"datePublished\":\"2011-01-16T09:00:43+00:00\",\"dateModified\":\"2018-05-31T14:49:55+00:00\",\"breadcrumb\":{\"@id\":\"https:\/\/www.salve.si\/cas-med-letom\/2-nedelja-med-letom-a-na-koga-bos-videl-prihajati-duha-tisti-je-branko-balazic\/#breadcrumb\"},\"inLanguage\":\"en-US\",\"potentialAction\":[{\"@type\":\"ReadAction\",\"target\":[\"https:\/\/www.salve.si\/cas-med-letom\/2-nedelja-med-letom-a-na-koga-bos-videl-prihajati-duha-tisti-je-branko-balazic\/\"]}]},{\"@type\":\"BreadcrumbList\",\"@id\":\"https:\/\/www.salve.si\/cas-med-letom\/2-nedelja-med-letom-a-na-koga-bos-videl-prihajati-duha-tisti-je-branko-balazic\/#breadcrumb\",\"itemListElement\":[{\"@type\":\"ListItem\",\"position\":1,\"name\":\"Home\",\"item\":\"https:\/\/www.salve.si\/\"},{\"@type\":\"ListItem\",\"position\":2,\"name\":\"2. nedelja med letom \u2013 Na koga bo\u0161 videl prihajati Duha, tisti je &#8211; Branko Bala\u017eic\"}]},{\"@type\":\"WebSite\",\"@id\":\"https:\/\/www.salve.si\/#website\",\"url\":\"https:\/\/www.salve.si\/\",\"name\":\"Salve\",\"description\":\"Salezijanska zalo\u017eba\",\"publisher\":{\"@id\":\"https:\/\/www.salve.si\/#organization\"},\"potentialAction\":[{\"@type\":\"SearchAction\",\"target\":{\"@type\":\"EntryPoint\",\"urlTemplate\":\"https:\/\/www.salve.si\/?s={search_term_string}\"},\"query-input\":{\"@type\":\"PropertyValueSpecification\",\"valueRequired\":true,\"valueName\":\"search_term_string\"}}],\"inLanguage\":\"en-US\"},{\"@type\":\"Organization\",\"@id\":\"https:\/\/www.salve.si\/#organization\",\"name\":\"Salve d.o.o.\",\"url\":\"https:\/\/www.salve.si\/\",\"logo\":{\"@type\":\"ImageObject\",\"inLanguage\":\"en-US\",\"@id\":\"https:\/\/www.salve.si\/#\/schema\/logo\/image\/\",\"url\":\"https:\/\/www.salve.si\/wp-content\/uploads\/2021\/01\/Salve_logo_modri_nov_web.png\",\"contentUrl\":\"https:\/\/www.salve.si\/wp-content\/uploads\/2021\/01\/Salve_logo_modri_nov_web.png\",\"width\":279,\"height\":90,\"caption\":\"Salve d.o.o.\"},\"image\":{\"@id\":\"https:\/\/www.salve.si\/#\/schema\/logo\/image\/\"},\"sameAs\":[\"https:\/\/www.facebook.com\/salve.si\",\"https:\/\/www.instagram.com\/zalozbasalve\/\",\"https:\/\/www.linkedin.com\/company\/zalozba-salve\/\"]},{\"@type\":\"Person\",\"@id\":\"https:\/\/www.salve.si\/#\/schema\/person\/781d5e8ed05f7e8c2b923e887b2a1170\",\"name\":\"Simon \u0160enk\"}]}<\/script>\n<!-- \/ Yoast SEO plugin. -->","yoast_head_json":{"title":"2. nedelja med letom \u2013 Na koga bo\u0161 videl prihajati Duha, tisti je - Branko Bala\u017eic - Salve","robots":{"index":"noindex","follow":"follow"},"og_locale":"en_US","og_type":"article","og_title":"2. nedelja med letom \u2013 Na koga bo\u0161 videl prihajati Duha, tisti je - Branko Bala\u017eic - Salve","og_description":"Kako ve\u010dina odkriva osebe, ki v \u017eivljenju nekaj pomenijo? Navadno pogledajo, s kak\u0161nim avtom se pripeljejo, kako so oble\u010deni, kje \u017eivijo, s kom se dru\u017eijo. Zunanje obna\u0161anje precej razodeva \u010dloveka in nam naredi dolo\u010deno osebo pozitivno in privla\u010dno, kak\u0161no drugo osebo pa negativno in odbijajo\u010do, da se ji raje izognemo. Za sodobnika je videz zelo...","og_url":"https:\/\/www.salve.si\/en\/cas-med-letom\/2-nedelja-med-letom-a-na-koga-bos-videl-prihajati-duha-tisti-je-branko-balazic\/","og_site_name":"Salve","article_publisher":"https:\/\/www.facebook.com\/salve.si","article_published_time":"2011-01-16T09:00:43+00:00","article_modified_time":"2018-05-31T14:49:55+00:00","og_image":[{"width":1200,"height":630,"url":"https:\/\/www.salve.si\/wp-content\/uploads\/2026\/01\/salve-og1.jpg","type":"image\/jpeg"}],"author":"Simon \u0160enk","twitter_card":"summary_large_image","twitter_misc":{"Written by":"Simon \u0160enk","Est. reading time":"7 minutes"},"schema":{"@context":"https:\/\/schema.org","@graph":[{"@type":"Article","@id":"https:\/\/www.salve.si\/cas-med-letom\/2-nedelja-med-letom-a-na-koga-bos-videl-prihajati-duha-tisti-je-branko-balazic\/#article","isPartOf":{"@id":"https:\/\/www.salve.si\/cas-med-letom\/2-nedelja-med-letom-a-na-koga-bos-videl-prihajati-duha-tisti-je-branko-balazic\/"},"author":{"name":"Simon \u0160enk","@id":"https:\/\/www.salve.si\/#\/schema\/person\/781d5e8ed05f7e8c2b923e887b2a1170"},"headline":"2. nedelja med letom \u2013 Na koga bo\u0161 videl prihajati Duha, tisti je &#8211; Branko Bala\u017eic","datePublished":"2011-01-16T09:00:43+00:00","dateModified":"2018-05-31T14:49:55+00:00","mainEntityOfPage":{"@id":"https:\/\/www.salve.si\/cas-med-letom\/2-nedelja-med-letom-a-na-koga-bos-videl-prihajati-duha-tisti-je-branko-balazic\/"},"wordCount":1346,"publisher":{"@id":"https:\/\/www.salve.si\/#organization"},"keywords":["A"],"articleSection":["\u010cas med letom"],"inLanguage":"en-US"},{"@type":"WebPage","@id":"https:\/\/www.salve.si\/cas-med-letom\/2-nedelja-med-letom-a-na-koga-bos-videl-prihajati-duha-tisti-je-branko-balazic\/","url":"https:\/\/www.salve.si\/cas-med-letom\/2-nedelja-med-letom-a-na-koga-bos-videl-prihajati-duha-tisti-je-branko-balazic\/","name":"2. nedelja med letom \u2013 Na koga bo\u0161 videl prihajati Duha, tisti je - Branko Bala\u017eic - Salve","isPartOf":{"@id":"https:\/\/www.salve.si\/#website"},"datePublished":"2011-01-16T09:00:43+00:00","dateModified":"2018-05-31T14:49:55+00:00","breadcrumb":{"@id":"https:\/\/www.salve.si\/cas-med-letom\/2-nedelja-med-letom-a-na-koga-bos-videl-prihajati-duha-tisti-je-branko-balazic\/#breadcrumb"},"inLanguage":"en-US","potentialAction":[{"@type":"ReadAction","target":["https:\/\/www.salve.si\/cas-med-letom\/2-nedelja-med-letom-a-na-koga-bos-videl-prihajati-duha-tisti-je-branko-balazic\/"]}]},{"@type":"BreadcrumbList","@id":"https:\/\/www.salve.si\/cas-med-letom\/2-nedelja-med-letom-a-na-koga-bos-videl-prihajati-duha-tisti-je-branko-balazic\/#breadcrumb","itemListElement":[{"@type":"ListItem","position":1,"name":"Home","item":"https:\/\/www.salve.si\/"},{"@type":"ListItem","position":2,"name":"2. nedelja med letom \u2013 Na koga bo\u0161 videl prihajati Duha, tisti je &#8211; Branko Bala\u017eic"}]},{"@type":"WebSite","@id":"https:\/\/www.salve.si\/#website","url":"https:\/\/www.salve.si\/","name":"Salve","description":"Salezijanska zalo\u017eba","publisher":{"@id":"https:\/\/www.salve.si\/#organization"},"potentialAction":[{"@type":"SearchAction","target":{"@type":"EntryPoint","urlTemplate":"https:\/\/www.salve.si\/?s={search_term_string}"},"query-input":{"@type":"PropertyValueSpecification","valueRequired":true,"valueName":"search_term_string"}}],"inLanguage":"en-US"},{"@type":"Organization","@id":"https:\/\/www.salve.si\/#organization","name":"Salve d.o.o.","url":"https:\/\/www.salve.si\/","logo":{"@type":"ImageObject","inLanguage":"en-US","@id":"https:\/\/www.salve.si\/#\/schema\/logo\/image\/","url":"https:\/\/www.salve.si\/wp-content\/uploads\/2021\/01\/Salve_logo_modri_nov_web.png","contentUrl":"https:\/\/www.salve.si\/wp-content\/uploads\/2021\/01\/Salve_logo_modri_nov_web.png","width":279,"height":90,"caption":"Salve d.o.o."},"image":{"@id":"https:\/\/www.salve.si\/#\/schema\/logo\/image\/"},"sameAs":["https:\/\/www.facebook.com\/salve.si","https:\/\/www.instagram.com\/zalozbasalve\/","https:\/\/www.linkedin.com\/company\/zalozba-salve\/"]},{"@type":"Person","@id":"https:\/\/www.salve.si\/#\/schema\/person\/781d5e8ed05f7e8c2b923e887b2a1170","name":"Simon \u0160enk"}]}},"_links":{"self":[{"href":"https:\/\/www.salve.si\/en\/wp-json\/wp\/v2\/posts\/3499","targetHints":{"allow":["GET"]}}],"collection":[{"href":"https:\/\/www.salve.si\/en\/wp-json\/wp\/v2\/posts"}],"about":[{"href":"https:\/\/www.salve.si\/en\/wp-json\/wp\/v2\/types\/post"}],"author":[{"embeddable":true,"href":"https:\/\/www.salve.si\/en\/wp-json\/wp\/v2\/users\/1"}],"replies":[{"embeddable":true,"href":"https:\/\/www.salve.si\/en\/wp-json\/wp\/v2\/comments?post=3499"}],"version-history":[{"count":0,"href":"https:\/\/www.salve.si\/en\/wp-json\/wp\/v2\/posts\/3499\/revisions"}],"wp:attachment":[{"href":"https:\/\/www.salve.si\/en\/wp-json\/wp\/v2\/media?parent=3499"}],"wp:term":[{"taxonomy":"category","embeddable":true,"href":"https:\/\/www.salve.si\/en\/wp-json\/wp\/v2\/categories?post=3499"},{"taxonomy":"post_tag","embeddable":true,"href":"https:\/\/www.salve.si\/en\/wp-json\/wp\/v2\/tags?post=3499"}],"curies":[{"name":"wp","href":"https:\/\/api.w.org\/{rel}","templated":true}]}}