{"id":3495,"date":"2011-01-30T10:00:05","date_gmt":"2011-01-30T09:00:05","guid":{"rendered":"http:\/\/2018.salve.si\/?p=3495"},"modified":"2018-05-31T16:49:34","modified_gmt":"2018-05-31T14:49:34","slug":"4-nedelja-med-tednom-a-in-zacel-jih-je-uciti-blagor-ubogim-v-duhu-branko-balazic","status":"publish","type":"post","link":"https:\/\/www.salve.si\/en\/cas-med-letom\/4-nedelja-med-tednom-a-in-zacel-jih-je-uciti-blagor-ubogim-v-duhu-branko-balazic\/","title":{"rendered":"4. nedelja med tednom \u2013 In za\u010del jih je u\u010diti: \u00bbBlagor ubogim v duhu \u2026\u00ab &#8211; Branko Bala\u017eic"},"content":{"rendered":"<p>Blagre velikokrat poslu\u0161amo, kak\u0161en verz smo se morda nau\u010dili na pamet, vendar jih velikokrat ne znamo spraviti v pravo \u0161katljico v na\u0161i zavest. Kar nekam tuji se nam zdijo in ne vemo, kaj bi z njimi po\u010deli. Zgodilo se ravno to, kar morda ne bi pri\u010dakovali: na\u0161a zavest jih odklanja, ker so do neke mere skregani s \u010dlove\u0161ko logiko. Zato je prav, da tem preprostim verzom, ki jih je verjetno Jezus povedal ob razli\u010dnih prilo\u017enostih, danes posvetimo svoj \u010das.<br \/>\nBlagor ubogim v duhu<br \/>\nA ni to \u010dudno? Mi navadno re\u010demo: blagor bogatim! Bogati so bili blagrovani neko\u010d in so vredni zavidanja tudi danes.<br \/>\nKdo je ubog v duhu? \u010clovek, ki je po\u0161ten, pobo\u017een, pravi\u010den in se ne ukloni pred pritiski mogo\u010dne\u017eev, vplivne\u017eev in sodobnih diktatorjev. Nepravi\u010dnost in kompromisi niso zdru\u017eljivi z obna\u0161anjem pred Bogom. Zato Jezus izpostavlja ubo\u0161tvo v duhu. Rev\u0161\u010dino v socialnem pomenu besede Jezus ne blagruje, kajti rev\u0161\u010dina, ko nima\u0161 najpotrebnej\u0161ega za pre\u017eivetje, je slabost in zlo, proti kateremu se moramo boriti. Jezus blagruje tisto ubo\u0161tvo, ki je povezano s preprostim srcem in \u010dlovekovim notranjim prepri\u010danjem, da potrebuje Boga kot svojega odre\u0161enika in tistega, ki nam naklanja notranjo enovitost in odprtost do drugih ljudi.<br \/>\nBlagor krotkim<br \/>\nNa koga je Jezus mislil pod izrazom \u00bbkrotki\u00ab? Navadno mislimo na ljudi, ki so poni\u017eni, ubogi, potrebni pomo\u010di, majhni, ki brez sramu sprejemajo svoje \u017eivljenjsko stanje in \u017eivijo v upanju, da bodo neko\u010d tudi zanje pri\u0161li bolj\u0161i \u010dasi. Vendar ti, \u00bbbolj\u0161i \u010dasi\u00ab niso mi\u0161ljeni na drugem svetu. Jezus sam je s svojim \u017eivljenjem pokazal, da imamo sedaj pravico do bolj\u0161ega \u017eivljenja, zato se je boril proti boleznim, lakoti, trpljenju in je \u0161el pogumno naproti vstajenju.<br \/>\nBlagor \u017ealostnim<br \/>\n\u017dalost premagamo s tola\u017ebo. Tola\u017eba pa je vrednota, ki je povezana z odre\u0161enjem. Samo Jezus je bil sposoben sprejeti nase vse gorje \u010dlove\u0161tva in nam dati pravo tola\u017ebo. Bog nam daje pravo tola\u017ebo glede smrti, glede trpljenja, glede premagovanja hudobnega duhova in tudi glede greha. Blagor \u017ealostnim razumemo \u0161ele z Jezusovo zmago nad grehom, nad trpljenjem in nad smrtjo. Po svojem vstajenju nam je zato Jezus poslal Duha tola\u017enika.<br \/>\nBlagor la\u010dnim in \u017eejnim pravice<br \/>\nS tem blagrom ni mi\u0161ljena materialna lakota in \u017eeja. Lakota in \u017eeja v Svetem pismu pomenita \u010dlovekovo hrepenenje po Bogu, hrepenenje po pravi\u010dnosti, ki jo naklanja Bog vsem tistim, ki do\u017eivljajo razli\u010dne oblike krivice. Hrepenenje po pravi\u010dnosti je vedno navzo\u010de in na\u0161e upanje, da bo do pravi\u010dnosti zares pri\u0161lo, se je za\u010delo uresni\u010devati z Jezusovim u\u010dlove\u010denjem, kajti zanj je re\u010deno, da ga lahko imenujemo \u00bbBog, na\u0161a pravi\u010dnost\u00ab.<br \/>\nBlagor usmiljenim<br \/>\nFarizeji bi ta blagor definirali takole: \u00bbBlagor pravi\u010dnim, ker bodo pri Bogu dosegli usmiljenje!\u00ab Sveto pismo pa razmi\u0161lja druga\u010de: pred Bogom ni nih\u010de opravi\u010den zaradi sebe in svojih zaslug. To so vedeli \u017ee Judje v Jezusovem \u010dasu, ko so zapisali: \u00bb\u010ce kdo ni usmiljen, naj ne pri\u010dakuje, da bo Bog do njega usmiljen!\u00ab Nebe\u0161ki O\u010de nas u\u010di, da moramo odpu\u0161\u010dati, ker nam je bilo odpu\u0161\u010deno. Usmiljeni bodo nagrajeni, ker ravnajo enako, kot je ravnal Jezus: ljubil je ljudi, do njih je bil usmiljen, odpu\u0161\u010dal jim je, sku\u0161al jih je razumeti in jim pomagati.<br \/>\nBlagor \u010distim v srcu<br \/>\nSmisel tega blagra najlep\u0161e izra\u017ea 4. Vrstica 24. Psalma: \u00bbTisti, ki je nedol\u017enih rok in \u010distega srca, ki svoje du\u0161e ne vzdiguje k praznim re\u010dem in ne prisega na prevaro.\u00ab Zato je apostol Jakob dal nasvet, kako naj prihajamo k oltarju: \u00bbPribli\u017eajte se Bogu in se vam bo pribli\u017eal. Umijte si roke, gre\u0161niki, in o\u010distite si srca vi, ki ste v du\u0161i razdvojeni\u00ab (Jak 4,8). Najve\u010dkrat pomislimo, da je ta blagor povezan z ne\u010distovanjem, gre pa za veliko ve\u010d, za pravo, smiselno, Bogu v\u0161e\u010dno \u017eivljenje.<br \/>\nBlagor miroljubnim<br \/>\nKdor se trudi za mir, je podoben Bogu, kajti na\u0161 Bog je Bog miru, je tisti, ki vzdr\u017euje mir in soglasje med ljudmi. Prizadevanje za mir pa je vedno povezano z osebnim spreobra\u010danjem.<br \/>\nBlagor preganjanim zaradi pravice<br \/>\nTa blagor je odmev na prvi blagor in govori o splo\u0161nem prepri\u010danju, da mora pravi\u010dni trpeti zaradi nepravi\u010dnosti, kajti to, kar se je zgodilo z na\u0161im U\u010diteljem, se bo zgodilo tudi z njegovimi u\u010denci. Za vero je treba kaj \u017ertvovati, v skrajnem slu\u010daju tudi \u017eivljenje, \u010de je to potrebno. Vsekakor pa moramo \u017ertvovati svoje lagodnosti in razli\u010dne komodnosti, kajti, kdor se ne trudi in ni sposoben kaj \u017ertvovati, da bi bilo njegovo \u017eivljenje bolj smiselno in spodbudno za druge, ne more in ne sme ra\u010dunati, da bo v \u017eivljenju uspe\u0161en. Tak, ki se mu ni\u010d ne da, ki \u017eivi iz dneva v dan, je velik nezadovoljne\u017e, ki se ga vsi izogibajo.<br \/>\n\u017dupnik Branko Bala\u017eic, SDB<span class=\"slv-content-keywords\"> A \u010cas med letom <\/span><\/p>","protected":false},"excerpt":{"rendered":"<p>Blagre velikokrat poslu\u0161amo, kak\u0161en verz smo se morda nau\u010dili na pamet, vendar jih velikokrat ne znamo spraviti v pravo \u0161katljico v na\u0161i zavest. Kar nekam tuji se nam zdijo in ne vemo, kaj bi z njimi po\u010deli. Zgodilo se ravno to, kar morda ne bi pri\u010dakovali: na\u0161a zavest jih odklanja, ker so do neke mere<a href=\"https:\/\/www.salve.si\/en\/cas-med-letom\/4-nedelja-med-tednom-a-in-zacel-jih-je-uciti-blagor-ubogim-v-duhu-branko-balazic\/\">&#8230;<\/a><\/p>","protected":false},"author":1,"featured_media":0,"comment_status":"closed","ping_status":"open","sticky":false,"template":"","format":"standard","meta":{"_acf_changed":false,"footnotes":""},"categories":[654],"tags":[649],"class_list":["post-3495","post","type-post","status-publish","format-standard","hentry","category-cas-med-letom","tag-leto-a"],"acf":[],"yoast_head":"<!-- This site is optimized with the Yoast SEO plugin v23.8 - https:\/\/yoast.com\/wordpress\/plugins\/seo\/ -->\n<title>4. nedelja med tednom \u2013 In za\u010del jih je u\u010diti: \u00bbBlagor ubogim v duhu \u2026\u00ab - Branko Bala\u017eic - Salve<\/title>\n<meta name=\"robots\" content=\"noindex, follow\" \/>\n<meta property=\"og:locale\" content=\"en_US\" \/>\n<meta property=\"og:type\" content=\"article\" \/>\n<meta property=\"og:title\" content=\"4. nedelja med tednom \u2013 In za\u010del jih je u\u010diti: \u00bbBlagor ubogim v duhu \u2026\u00ab - Branko Bala\u017eic - Salve\" \/>\n<meta property=\"og:description\" content=\"Blagre velikokrat poslu\u0161amo, kak\u0161en verz smo se morda nau\u010dili na pamet, vendar jih velikokrat ne znamo spraviti v pravo \u0161katljico v na\u0161i zavest. Kar nekam tuji se nam zdijo in ne vemo, kaj bi z njimi po\u010deli. Zgodilo se ravno to, kar morda ne bi pri\u010dakovali: na\u0161a zavest jih odklanja, ker so do neke mere...\" \/>\n<meta property=\"og:url\" content=\"https:\/\/www.salve.si\/en\/cas-med-letom\/4-nedelja-med-tednom-a-in-zacel-jih-je-uciti-blagor-ubogim-v-duhu-branko-balazic\/\" \/>\n<meta property=\"og:site_name\" content=\"Salve\" \/>\n<meta property=\"article:publisher\" content=\"https:\/\/www.facebook.com\/salve.si\" \/>\n<meta property=\"article:published_time\" content=\"2011-01-30T09:00:05+00:00\" \/>\n<meta property=\"article:modified_time\" content=\"2018-05-31T14:49:34+00:00\" \/>\n<meta property=\"og:image\" content=\"https:\/\/www.salve.si\/wp-content\/uploads\/2026\/01\/salve-og1.jpg\" \/>\n\t<meta property=\"og:image:width\" content=\"1200\" \/>\n\t<meta property=\"og:image:height\" content=\"630\" \/>\n\t<meta property=\"og:image:type\" content=\"image\/jpeg\" \/>\n<meta name=\"author\" content=\"Simon \u0160enk\" \/>\n<meta name=\"twitter:card\" content=\"summary_large_image\" \/>\n<meta name=\"twitter:label1\" content=\"Written by\" \/>\n\t<meta name=\"twitter:data1\" content=\"Simon \u0160enk\" \/>\n\t<meta name=\"twitter:label2\" content=\"Est. reading time\" \/>\n\t<meta name=\"twitter:data2\" content=\"4 minutes\" \/>\n<script type=\"application\/ld+json\" class=\"yoast-schema-graph\">{\"@context\":\"https:\/\/schema.org\",\"@graph\":[{\"@type\":\"Article\",\"@id\":\"https:\/\/www.salve.si\/cas-med-letom\/4-nedelja-med-tednom-a-in-zacel-jih-je-uciti-blagor-ubogim-v-duhu-branko-balazic\/#article\",\"isPartOf\":{\"@id\":\"https:\/\/www.salve.si\/cas-med-letom\/4-nedelja-med-tednom-a-in-zacel-jih-je-uciti-blagor-ubogim-v-duhu-branko-balazic\/\"},\"author\":{\"name\":\"Simon \u0160enk\",\"@id\":\"https:\/\/www.salve.si\/#\/schema\/person\/781d5e8ed05f7e8c2b923e887b2a1170\"},\"headline\":\"4. nedelja med tednom \u2013 In za\u010del jih je u\u010diti: \u00bbBlagor ubogim v duhu \u2026\u00ab &#8211; Branko Bala\u017eic\",\"datePublished\":\"2011-01-30T09:00:05+00:00\",\"dateModified\":\"2018-05-31T14:49:34+00:00\",\"mainEntityOfPage\":{\"@id\":\"https:\/\/www.salve.si\/cas-med-letom\/4-nedelja-med-tednom-a-in-zacel-jih-je-uciti-blagor-ubogim-v-duhu-branko-balazic\/\"},\"wordCount\":873,\"publisher\":{\"@id\":\"https:\/\/www.salve.si\/#organization\"},\"keywords\":[\"A\"],\"articleSection\":[\"\u010cas med letom\"],\"inLanguage\":\"en-US\"},{\"@type\":\"WebPage\",\"@id\":\"https:\/\/www.salve.si\/cas-med-letom\/4-nedelja-med-tednom-a-in-zacel-jih-je-uciti-blagor-ubogim-v-duhu-branko-balazic\/\",\"url\":\"https:\/\/www.salve.si\/cas-med-letom\/4-nedelja-med-tednom-a-in-zacel-jih-je-uciti-blagor-ubogim-v-duhu-branko-balazic\/\",\"name\":\"4. nedelja med tednom \u2013 In za\u010del jih je u\u010diti: \u00bbBlagor ubogim v duhu \u2026\u00ab - Branko Bala\u017eic - Salve\",\"isPartOf\":{\"@id\":\"https:\/\/www.salve.si\/#website\"},\"datePublished\":\"2011-01-30T09:00:05+00:00\",\"dateModified\":\"2018-05-31T14:49:34+00:00\",\"breadcrumb\":{\"@id\":\"https:\/\/www.salve.si\/cas-med-letom\/4-nedelja-med-tednom-a-in-zacel-jih-je-uciti-blagor-ubogim-v-duhu-branko-balazic\/#breadcrumb\"},\"inLanguage\":\"en-US\",\"potentialAction\":[{\"@type\":\"ReadAction\",\"target\":[\"https:\/\/www.salve.si\/cas-med-letom\/4-nedelja-med-tednom-a-in-zacel-jih-je-uciti-blagor-ubogim-v-duhu-branko-balazic\/\"]}]},{\"@type\":\"BreadcrumbList\",\"@id\":\"https:\/\/www.salve.si\/cas-med-letom\/4-nedelja-med-tednom-a-in-zacel-jih-je-uciti-blagor-ubogim-v-duhu-branko-balazic\/#breadcrumb\",\"itemListElement\":[{\"@type\":\"ListItem\",\"position\":1,\"name\":\"Home\",\"item\":\"https:\/\/www.salve.si\/\"},{\"@type\":\"ListItem\",\"position\":2,\"name\":\"4. nedelja med tednom \u2013 In za\u010del jih je u\u010diti: \u00bbBlagor ubogim v duhu \u2026\u00ab &#8211; Branko Bala\u017eic\"}]},{\"@type\":\"WebSite\",\"@id\":\"https:\/\/www.salve.si\/#website\",\"url\":\"https:\/\/www.salve.si\/\",\"name\":\"Salve\",\"description\":\"Salezijanska zalo\u017eba\",\"publisher\":{\"@id\":\"https:\/\/www.salve.si\/#organization\"},\"potentialAction\":[{\"@type\":\"SearchAction\",\"target\":{\"@type\":\"EntryPoint\",\"urlTemplate\":\"https:\/\/www.salve.si\/?s={search_term_string}\"},\"query-input\":{\"@type\":\"PropertyValueSpecification\",\"valueRequired\":true,\"valueName\":\"search_term_string\"}}],\"inLanguage\":\"en-US\"},{\"@type\":\"Organization\",\"@id\":\"https:\/\/www.salve.si\/#organization\",\"name\":\"Salve d.o.o.\",\"url\":\"https:\/\/www.salve.si\/\",\"logo\":{\"@type\":\"ImageObject\",\"inLanguage\":\"en-US\",\"@id\":\"https:\/\/www.salve.si\/#\/schema\/logo\/image\/\",\"url\":\"https:\/\/www.salve.si\/wp-content\/uploads\/2021\/01\/Salve_logo_modri_nov_web.png\",\"contentUrl\":\"https:\/\/www.salve.si\/wp-content\/uploads\/2021\/01\/Salve_logo_modri_nov_web.png\",\"width\":279,\"height\":90,\"caption\":\"Salve d.o.o.\"},\"image\":{\"@id\":\"https:\/\/www.salve.si\/#\/schema\/logo\/image\/\"},\"sameAs\":[\"https:\/\/www.facebook.com\/salve.si\",\"https:\/\/www.instagram.com\/zalozbasalve\/\",\"https:\/\/www.linkedin.com\/company\/zalozba-salve\/\"]},{\"@type\":\"Person\",\"@id\":\"https:\/\/www.salve.si\/#\/schema\/person\/781d5e8ed05f7e8c2b923e887b2a1170\",\"name\":\"Simon \u0160enk\"}]}<\/script>\n<!-- \/ Yoast SEO plugin. -->","yoast_head_json":{"title":"4. nedelja med tednom \u2013 In za\u010del jih je u\u010diti: \u00bbBlagor ubogim v duhu \u2026\u00ab - Branko Bala\u017eic - Salve","robots":{"index":"noindex","follow":"follow"},"og_locale":"en_US","og_type":"article","og_title":"4. nedelja med tednom \u2013 In za\u010del jih je u\u010diti: \u00bbBlagor ubogim v duhu \u2026\u00ab - Branko Bala\u017eic - Salve","og_description":"Blagre velikokrat poslu\u0161amo, kak\u0161en verz smo se morda nau\u010dili na pamet, vendar jih velikokrat ne znamo spraviti v pravo \u0161katljico v na\u0161i zavest. Kar nekam tuji se nam zdijo in ne vemo, kaj bi z njimi po\u010deli. Zgodilo se ravno to, kar morda ne bi pri\u010dakovali: na\u0161a zavest jih odklanja, ker so do neke mere...","og_url":"https:\/\/www.salve.si\/en\/cas-med-letom\/4-nedelja-med-tednom-a-in-zacel-jih-je-uciti-blagor-ubogim-v-duhu-branko-balazic\/","og_site_name":"Salve","article_publisher":"https:\/\/www.facebook.com\/salve.si","article_published_time":"2011-01-30T09:00:05+00:00","article_modified_time":"2018-05-31T14:49:34+00:00","og_image":[{"width":1200,"height":630,"url":"https:\/\/www.salve.si\/wp-content\/uploads\/2026\/01\/salve-og1.jpg","type":"image\/jpeg"}],"author":"Simon \u0160enk","twitter_card":"summary_large_image","twitter_misc":{"Written by":"Simon \u0160enk","Est. reading time":"4 minutes"},"schema":{"@context":"https:\/\/schema.org","@graph":[{"@type":"Article","@id":"https:\/\/www.salve.si\/cas-med-letom\/4-nedelja-med-tednom-a-in-zacel-jih-je-uciti-blagor-ubogim-v-duhu-branko-balazic\/#article","isPartOf":{"@id":"https:\/\/www.salve.si\/cas-med-letom\/4-nedelja-med-tednom-a-in-zacel-jih-je-uciti-blagor-ubogim-v-duhu-branko-balazic\/"},"author":{"name":"Simon \u0160enk","@id":"https:\/\/www.salve.si\/#\/schema\/person\/781d5e8ed05f7e8c2b923e887b2a1170"},"headline":"4. nedelja med tednom \u2013 In za\u010del jih je u\u010diti: \u00bbBlagor ubogim v duhu \u2026\u00ab &#8211; Branko Bala\u017eic","datePublished":"2011-01-30T09:00:05+00:00","dateModified":"2018-05-31T14:49:34+00:00","mainEntityOfPage":{"@id":"https:\/\/www.salve.si\/cas-med-letom\/4-nedelja-med-tednom-a-in-zacel-jih-je-uciti-blagor-ubogim-v-duhu-branko-balazic\/"},"wordCount":873,"publisher":{"@id":"https:\/\/www.salve.si\/#organization"},"keywords":["A"],"articleSection":["\u010cas med letom"],"inLanguage":"en-US"},{"@type":"WebPage","@id":"https:\/\/www.salve.si\/cas-med-letom\/4-nedelja-med-tednom-a-in-zacel-jih-je-uciti-blagor-ubogim-v-duhu-branko-balazic\/","url":"https:\/\/www.salve.si\/cas-med-letom\/4-nedelja-med-tednom-a-in-zacel-jih-je-uciti-blagor-ubogim-v-duhu-branko-balazic\/","name":"4. nedelja med tednom \u2013 In za\u010del jih je u\u010diti: \u00bbBlagor ubogim v duhu \u2026\u00ab - Branko Bala\u017eic - Salve","isPartOf":{"@id":"https:\/\/www.salve.si\/#website"},"datePublished":"2011-01-30T09:00:05+00:00","dateModified":"2018-05-31T14:49:34+00:00","breadcrumb":{"@id":"https:\/\/www.salve.si\/cas-med-letom\/4-nedelja-med-tednom-a-in-zacel-jih-je-uciti-blagor-ubogim-v-duhu-branko-balazic\/#breadcrumb"},"inLanguage":"en-US","potentialAction":[{"@type":"ReadAction","target":["https:\/\/www.salve.si\/cas-med-letom\/4-nedelja-med-tednom-a-in-zacel-jih-je-uciti-blagor-ubogim-v-duhu-branko-balazic\/"]}]},{"@type":"BreadcrumbList","@id":"https:\/\/www.salve.si\/cas-med-letom\/4-nedelja-med-tednom-a-in-zacel-jih-je-uciti-blagor-ubogim-v-duhu-branko-balazic\/#breadcrumb","itemListElement":[{"@type":"ListItem","position":1,"name":"Home","item":"https:\/\/www.salve.si\/"},{"@type":"ListItem","position":2,"name":"4. nedelja med tednom \u2013 In za\u010del jih je u\u010diti: \u00bbBlagor ubogim v duhu \u2026\u00ab &#8211; Branko Bala\u017eic"}]},{"@type":"WebSite","@id":"https:\/\/www.salve.si\/#website","url":"https:\/\/www.salve.si\/","name":"Salve","description":"Salezijanska zalo\u017eba","publisher":{"@id":"https:\/\/www.salve.si\/#organization"},"potentialAction":[{"@type":"SearchAction","target":{"@type":"EntryPoint","urlTemplate":"https:\/\/www.salve.si\/?s={search_term_string}"},"query-input":{"@type":"PropertyValueSpecification","valueRequired":true,"valueName":"search_term_string"}}],"inLanguage":"en-US"},{"@type":"Organization","@id":"https:\/\/www.salve.si\/#organization","name":"Salve d.o.o.","url":"https:\/\/www.salve.si\/","logo":{"@type":"ImageObject","inLanguage":"en-US","@id":"https:\/\/www.salve.si\/#\/schema\/logo\/image\/","url":"https:\/\/www.salve.si\/wp-content\/uploads\/2021\/01\/Salve_logo_modri_nov_web.png","contentUrl":"https:\/\/www.salve.si\/wp-content\/uploads\/2021\/01\/Salve_logo_modri_nov_web.png","width":279,"height":90,"caption":"Salve d.o.o."},"image":{"@id":"https:\/\/www.salve.si\/#\/schema\/logo\/image\/"},"sameAs":["https:\/\/www.facebook.com\/salve.si","https:\/\/www.instagram.com\/zalozbasalve\/","https:\/\/www.linkedin.com\/company\/zalozba-salve\/"]},{"@type":"Person","@id":"https:\/\/www.salve.si\/#\/schema\/person\/781d5e8ed05f7e8c2b923e887b2a1170","name":"Simon \u0160enk"}]}},"_links":{"self":[{"href":"https:\/\/www.salve.si\/en\/wp-json\/wp\/v2\/posts\/3495","targetHints":{"allow":["GET"]}}],"collection":[{"href":"https:\/\/www.salve.si\/en\/wp-json\/wp\/v2\/posts"}],"about":[{"href":"https:\/\/www.salve.si\/en\/wp-json\/wp\/v2\/types\/post"}],"author":[{"embeddable":true,"href":"https:\/\/www.salve.si\/en\/wp-json\/wp\/v2\/users\/1"}],"replies":[{"embeddable":true,"href":"https:\/\/www.salve.si\/en\/wp-json\/wp\/v2\/comments?post=3495"}],"version-history":[{"count":0,"href":"https:\/\/www.salve.si\/en\/wp-json\/wp\/v2\/posts\/3495\/revisions"}],"wp:attachment":[{"href":"https:\/\/www.salve.si\/en\/wp-json\/wp\/v2\/media?parent=3495"}],"wp:term":[{"taxonomy":"category","embeddable":true,"href":"https:\/\/www.salve.si\/en\/wp-json\/wp\/v2\/categories?post=3495"},{"taxonomy":"post_tag","embeddable":true,"href":"https:\/\/www.salve.si\/en\/wp-json\/wp\/v2\/tags?post=3495"}],"curies":[{"name":"wp","href":"https:\/\/api.w.org\/{rel}","templated":true}]}}