{"id":3461,"date":"2011-05-15T10:00:14","date_gmt":"2011-05-15T08:00:14","guid":{"rendered":"http:\/\/2018.salve.si\/?p=3461"},"modified":"2018-05-31T16:45:24","modified_gmt":"2018-05-31T14:45:24","slug":"4-velikonocna-nedelja-naj-nikoli-ne-ugasne-tisocero-odtenkov-dobrega-pastirja-joze-zadravec","status":"publish","type":"post","link":"https:\/\/www.salve.si\/en\/velikonocni-cas\/4-velikonocna-nedelja-naj-nikoli-ne-ugasne-tisocero-odtenkov-dobrega-pastirja-joze-zadravec\/","title":{"rendered":"4. velikono\u010dna nedelja &#8211; Naj nikoli ne ugasne tiso\u010dero odtenkov Dobrega pastirja! &#8211; Jo\u017ee Zadravec"},"content":{"rendered":"<p>Ve\u010d kot deset let je od tega, ko mi je na Op\u010dinah pri Trstu, mogo\u010de leto pred svojo smrtjo, pripovedoval zgodbo svojega \u017eivljenja emigrant belokranjski pesnik Vinko Beli\u010di\u010d. Danes, ob svetovnem dnevu dru\u017ein in nedelji Dobrega pastirja ali duhovnih poklicev, bi rad o\u017eivel vsaj nekaj be\u017enih trenutkov iz njegove pripovedi; takrat se je iz trenutka v trenutek spreminjala v pravo molitev. V njem sem takrat za\u010dutil velikega, dobrohotnega duhovnika, vnetega du\u0161nega pastirja,\u00a0 plemenitega, globoko duhovnega \u010dloveka, v liku njegove matere, ki jo je vpletal v pripoved, pa sem zaznal odsev Bo\u017eje matere Marije.<br \/>\n\u010crnomelj, Rodine, Otovec, farna cerkev, podru\u017eni\u010dne cerkvice, belokranjske breze, ve\u010derna zvonjenja, nedeljska in prazni\u010dna pe\u0161pota \u2013 joj spomini kot biseri dragoceni, kot da prihajajo iz samega Bo\u017ejega hrama! Spomini na mamo, ko me je za zape\u010dkom prvi\u010d u\u010dila moliti o\u010dena\u0161 in \u010de\u0161\u010dena si, Marija. Hvale\u017een sem ji za tiste blagoslovljene ve\u010derne trenutke. Ko sem kasneje \u0161el naprej v \u0161ole, je mama doma kravo prodala, bilo je na\u0161e edino bogastvo, da mi je lahko oskrbela prvo bolj\u0161o obleko.<br \/>\nV\u010dasih z zadr\u017eanostjo bo\u017ejepotnika stopiva z \u017eeno k materinemu grobu, pri\u017egeva sve\u010do ter zmoliva o\u010dena\u0161ek ali dva za pokoj njene du\u0161e. V moji du\u0161i \u017eivi kraj mojega otro\u0161tva, tista moja de\u017eela, \u010dudoviti kraj, ki ga pogosto sanjam \u2013 v \u017eivih podobah, v barvah, glasovih, v \u017eare\u010di ve\u010derni zarji, v jutranjem pti\u010djem in petelinjem petju, pasjem laje\u017eu, sanjam ga zdaj v more\u010dih, divjih, zdaj v prijetnih, dobrotnih odtenkih. Jaz jo sanjam, \u010dude\u017eno de\u017eelo, sedanjost pa je tam povsem druga\u010dna \u2026<br \/>\nV mojih pesmih, zbranih v ve\u010d zbirkah, nisem grebel po poslednjih re\u010deh, nisem iskal Boga, nisem se spra\u0161eval o resnici posmrtnega \u017eivljenja. Saj ni bilo treba. Kar sta me mati in Cerkev u\u010dila, je bilo zame sveto. Vera je zame svetinja, ki nikoli ni izgubila svojega leska. Moje pesmi so polne ne\u017enosti in ljubezni do mojih ljubih belokranjskih ljudi, \u017eenic, otrok, mater, o\u010detov \u2013 izgaranih, izpitih, sestradanih, a vsemu navkljub vedrih, duhovitih, odprtih in dobrih. Moje pesmi so bile vselej polne \u010dlove\u0161ke topline do narave. Skopo nam je dajala kruha, pravlji\u010dno pa se nam je podarjala s svojo lepoto spomladi, poleti, jeseni in pozimi. Porajale so se mi zro\u010d pokrajino \u2013\u00a0 stvarnico Bo\u017ejo.<br \/>\nUstvarjati duhovno obnebje, iz katerega \u010dlovek spo\u0161tuje naravo, \u010duti\u00a0 ljudi kot bo\u017eje otroke, iz\u017eareva ljubezen do \u017eivljenja, ohranja vero in upanje, pomeni oznanjati blagovest odre\u0161evanja \u2013 vse drugo je zgolj hladna administracija.<br \/>\nVpra\u0161al sem mojega sogovornika ob drugi priliki: Ko bi moral na samotni otok, kaj bi vzel s seboj? Moti\u0161 se, \u010de misli\u0161, da Sveto pismo. Sploh ne. Sveto pismo \u017eivi v meni, osvajal sem si ga od otro\u0161kih let. V meni \u017eivijo staro- in novozavezne knjige, evangeliji, Apostolska dela. Vse to me je prekvasilo. Ali bi vzel s seboj svojo poezijo? Tudi ne. Karkoli sem izpovedal v pesmih, \u017eivi v meni, v mojem srcu, v mojem spominu. Ali bi vzel s seboj Dantejevo Bo\u017eansko komedijo, Shakespearjevega Hamleta, Romea in Julijo, Macbetha, Homerjeva epa Iliado in Odisejo? Vse mi je znano, vse sem celo po ve\u010dkrat prebral. Ali bi vzel s seboj Toma\u017ea Kemp\u010dana Imitatio Christi \/ Hoja za Kristusom, molitvenik Kruh \u017eivljenja ali Ve\u010dnega mladeni\u010da? Tudi to \u017eivi v meni od mladih let. Kot dijak in \u0161tudent sem se pogosto udele\u017eeval duhovnih vaj. V meni se nikoli niso porajali verski dvomi. Bog bodi vekomaj zahvaljen za to. Zame je Sveto pismo in nauk Cerkve vselej bila resni\u010dnost, kakor tudi vera v posmrtno \u017eivljenje in vstajenje.<br \/>\n\u017div, pokon\u010den, nepreklicen, evangelijsko izdelan lik dobrega pastirja. Veliko podobnih\u00a0 sem jih sre\u010dal v \u017eivljenju, \u0161e ve\u010d zasledil v slovenskem zgodovinskem spominu. Taka je podoba velikega jezikoslovca duhovnika Antona Breznika. Kot vzgojitelj in profesor je vzgojil pisatelje in pesnike, kiparje in slikarje, glasbenike, zdravnike in arhitekte, vojake in politike. Vzgojil je cele rodove slovenskih razumnikov in duhovnikov, predvsem pa nam je zapustil najdragocenej\u0161o dedi\u0161\u010dino: ljubezen do slovenskega jezika. Brezmejno je ljubil doma\u010do besedo, brezmejno je ljubil svojo rojstno vas, nadvse pa je cenil svojo mater, preprosto \u017eenico: imela je sijajen spomin, bila je \u017eiva kronika doma\u010dega kraja. Nau\u010dila ga je neprisiljene pobo\u017enosti, zbranosti, kramljanja po doma\u010de, v doma\u010di govorici okrog Ihana, nau\u010dila ga je plemenitosti in sr\u010dne dobrote. Ljubil je naravo, rad je hodil po stezicah med doma\u010dimi njivami, molil brevir, ali pa samo prislu\u0161koval valujo\u010dem \u017eitu, o\u017earjenem od poletnega sonca in vse tajno \u017eivljenje v njem. To je bil lik duhovnega poklica, dobrotnega in plemenitega, razgledanega in preprostega du\u0161nega pastirja, po Jezusu Kristusu oblikovanega dobrega Pastirja. Kar je plemenitega bilo v njem, vse je prejel od matere. Zato pravim: ne tuja sveti\u0161\u010da, temve\u010d sveti\u0161\u010de slovenskim kr\u0161\u010danskim materam bi morali zgraditi na slovenskih tleh! Dovolj razlogov imamo za to.<br \/>\nLjubljana Rakovnik, Jo\u017ee Zadravec, nedelja Dobrega pastirja, 15. maj 2011<span class=\"slv-content-keywords\"> A Velikono\u010dni \u010das <\/span><\/p>","protected":false},"excerpt":{"rendered":"<p>Ve\u010d kot deset let je od tega, ko mi je na Op\u010dinah pri Trstu, mogo\u010de leto pred svojo smrtjo, pripovedoval zgodbo svojega \u017eivljenja emigrant belokranjski pesnik Vinko Beli\u010di\u010d. Danes, ob svetovnem dnevu dru\u017ein in nedelji Dobrega pastirja ali duhovnih poklicev, bi rad o\u017eivel vsaj nekaj be\u017enih trenutkov iz njegove pripovedi; takrat se je iz trenutka<a href=\"https:\/\/www.salve.si\/en\/velikonocni-cas\/4-velikonocna-nedelja-naj-nikoli-ne-ugasne-tisocero-odtenkov-dobrega-pastirja-joze-zadravec\/\">&#8230;<\/a><\/p>","protected":false},"author":1,"featured_media":0,"comment_status":"closed","ping_status":"open","sticky":false,"template":"","format":"standard","meta":{"_acf_changed":false,"footnotes":""},"categories":[652],"tags":[649],"class_list":["post-3461","post","type-post","status-publish","format-standard","hentry","category-velikonocni-cas","tag-leto-a"],"acf":[],"yoast_head":"<!-- This site is optimized with the Yoast SEO plugin v23.8 - https:\/\/yoast.com\/wordpress\/plugins\/seo\/ -->\n<title>4. velikono\u010dna nedelja - Naj nikoli ne ugasne tiso\u010dero odtenkov Dobrega pastirja! - Jo\u017ee Zadravec - Salve<\/title>\n<meta name=\"robots\" content=\"noindex, follow\" \/>\n<meta property=\"og:locale\" content=\"en_US\" \/>\n<meta property=\"og:type\" content=\"article\" \/>\n<meta property=\"og:title\" content=\"4. velikono\u010dna nedelja - Naj nikoli ne ugasne tiso\u010dero odtenkov Dobrega pastirja! - Jo\u017ee Zadravec - Salve\" \/>\n<meta property=\"og:description\" content=\"Ve\u010d kot deset let je od tega, ko mi je na Op\u010dinah pri Trstu, mogo\u010de leto pred svojo smrtjo, pripovedoval zgodbo svojega \u017eivljenja emigrant belokranjski pesnik Vinko Beli\u010di\u010d. Danes, ob svetovnem dnevu dru\u017ein in nedelji Dobrega pastirja ali duhovnih poklicev, bi rad o\u017eivel vsaj nekaj be\u017enih trenutkov iz njegove pripovedi; takrat se je iz trenutka...\" \/>\n<meta property=\"og:url\" content=\"https:\/\/www.salve.si\/en\/velikonocni-cas\/4-velikonocna-nedelja-naj-nikoli-ne-ugasne-tisocero-odtenkov-dobrega-pastirja-joze-zadravec\/\" \/>\n<meta property=\"og:site_name\" content=\"Salve\" \/>\n<meta property=\"article:publisher\" content=\"https:\/\/www.facebook.com\/salve.si\" \/>\n<meta property=\"article:published_time\" content=\"2011-05-15T08:00:14+00:00\" \/>\n<meta property=\"article:modified_time\" content=\"2018-05-31T14:45:24+00:00\" \/>\n<meta property=\"og:image\" content=\"https:\/\/www.salve.si\/wp-content\/uploads\/2026\/01\/salve-og1.jpg\" \/>\n\t<meta property=\"og:image:width\" content=\"1200\" \/>\n\t<meta property=\"og:image:height\" content=\"630\" \/>\n\t<meta property=\"og:image:type\" content=\"image\/jpeg\" \/>\n<meta name=\"author\" content=\"Simon \u0160enk\" \/>\n<meta name=\"twitter:card\" content=\"summary_large_image\" \/>\n<meta name=\"twitter:label1\" content=\"Written by\" \/>\n\t<meta name=\"twitter:data1\" content=\"Simon \u0160enk\" \/>\n\t<meta name=\"twitter:label2\" content=\"Est. reading time\" \/>\n\t<meta name=\"twitter:data2\" content=\"4 minutes\" \/>\n<script type=\"application\/ld+json\" class=\"yoast-schema-graph\">{\"@context\":\"https:\/\/schema.org\",\"@graph\":[{\"@type\":\"Article\",\"@id\":\"https:\/\/www.salve.si\/velikonocni-cas\/4-velikonocna-nedelja-naj-nikoli-ne-ugasne-tisocero-odtenkov-dobrega-pastirja-joze-zadravec\/#article\",\"isPartOf\":{\"@id\":\"https:\/\/www.salve.si\/velikonocni-cas\/4-velikonocna-nedelja-naj-nikoli-ne-ugasne-tisocero-odtenkov-dobrega-pastirja-joze-zadravec\/\"},\"author\":{\"name\":\"Simon \u0160enk\",\"@id\":\"https:\/\/www.salve.si\/#\/schema\/person\/781d5e8ed05f7e8c2b923e887b2a1170\"},\"headline\":\"4. velikono\u010dna nedelja &#8211; Naj nikoli ne ugasne tiso\u010dero odtenkov Dobrega pastirja! &#8211; Jo\u017ee Zadravec\",\"datePublished\":\"2011-05-15T08:00:14+00:00\",\"dateModified\":\"2018-05-31T14:45:24+00:00\",\"mainEntityOfPage\":{\"@id\":\"https:\/\/www.salve.si\/velikonocni-cas\/4-velikonocna-nedelja-naj-nikoli-ne-ugasne-tisocero-odtenkov-dobrega-pastirja-joze-zadravec\/\"},\"wordCount\":875,\"publisher\":{\"@id\":\"https:\/\/www.salve.si\/#organization\"},\"keywords\":[\"A\"],\"articleSection\":[\"Velikono\u010dni \u010das\"],\"inLanguage\":\"en-US\"},{\"@type\":\"WebPage\",\"@id\":\"https:\/\/www.salve.si\/velikonocni-cas\/4-velikonocna-nedelja-naj-nikoli-ne-ugasne-tisocero-odtenkov-dobrega-pastirja-joze-zadravec\/\",\"url\":\"https:\/\/www.salve.si\/velikonocni-cas\/4-velikonocna-nedelja-naj-nikoli-ne-ugasne-tisocero-odtenkov-dobrega-pastirja-joze-zadravec\/\",\"name\":\"4. velikono\u010dna nedelja - Naj nikoli ne ugasne tiso\u010dero odtenkov Dobrega pastirja! - Jo\u017ee Zadravec - Salve\",\"isPartOf\":{\"@id\":\"https:\/\/www.salve.si\/#website\"},\"datePublished\":\"2011-05-15T08:00:14+00:00\",\"dateModified\":\"2018-05-31T14:45:24+00:00\",\"breadcrumb\":{\"@id\":\"https:\/\/www.salve.si\/velikonocni-cas\/4-velikonocna-nedelja-naj-nikoli-ne-ugasne-tisocero-odtenkov-dobrega-pastirja-joze-zadravec\/#breadcrumb\"},\"inLanguage\":\"en-US\",\"potentialAction\":[{\"@type\":\"ReadAction\",\"target\":[\"https:\/\/www.salve.si\/velikonocni-cas\/4-velikonocna-nedelja-naj-nikoli-ne-ugasne-tisocero-odtenkov-dobrega-pastirja-joze-zadravec\/\"]}]},{\"@type\":\"BreadcrumbList\",\"@id\":\"https:\/\/www.salve.si\/velikonocni-cas\/4-velikonocna-nedelja-naj-nikoli-ne-ugasne-tisocero-odtenkov-dobrega-pastirja-joze-zadravec\/#breadcrumb\",\"itemListElement\":[{\"@type\":\"ListItem\",\"position\":1,\"name\":\"Home\",\"item\":\"https:\/\/www.salve.si\/\"},{\"@type\":\"ListItem\",\"position\":2,\"name\":\"4. velikono\u010dna nedelja &#8211; Naj nikoli ne ugasne tiso\u010dero odtenkov Dobrega pastirja! &#8211; Jo\u017ee Zadravec\"}]},{\"@type\":\"WebSite\",\"@id\":\"https:\/\/www.salve.si\/#website\",\"url\":\"https:\/\/www.salve.si\/\",\"name\":\"Salve\",\"description\":\"Salezijanska zalo\u017eba\",\"publisher\":{\"@id\":\"https:\/\/www.salve.si\/#organization\"},\"potentialAction\":[{\"@type\":\"SearchAction\",\"target\":{\"@type\":\"EntryPoint\",\"urlTemplate\":\"https:\/\/www.salve.si\/?s={search_term_string}\"},\"query-input\":{\"@type\":\"PropertyValueSpecification\",\"valueRequired\":true,\"valueName\":\"search_term_string\"}}],\"inLanguage\":\"en-US\"},{\"@type\":\"Organization\",\"@id\":\"https:\/\/www.salve.si\/#organization\",\"name\":\"Salve d.o.o.\",\"url\":\"https:\/\/www.salve.si\/\",\"logo\":{\"@type\":\"ImageObject\",\"inLanguage\":\"en-US\",\"@id\":\"https:\/\/www.salve.si\/#\/schema\/logo\/image\/\",\"url\":\"https:\/\/www.salve.si\/wp-content\/uploads\/2021\/01\/Salve_logo_modri_nov_web.png\",\"contentUrl\":\"https:\/\/www.salve.si\/wp-content\/uploads\/2021\/01\/Salve_logo_modri_nov_web.png\",\"width\":279,\"height\":90,\"caption\":\"Salve d.o.o.\"},\"image\":{\"@id\":\"https:\/\/www.salve.si\/#\/schema\/logo\/image\/\"},\"sameAs\":[\"https:\/\/www.facebook.com\/salve.si\",\"https:\/\/www.instagram.com\/zalozbasalve\/\",\"https:\/\/www.linkedin.com\/company\/zalozba-salve\/\"]},{\"@type\":\"Person\",\"@id\":\"https:\/\/www.salve.si\/#\/schema\/person\/781d5e8ed05f7e8c2b923e887b2a1170\",\"name\":\"Simon \u0160enk\"}]}<\/script>\n<!-- \/ Yoast SEO plugin. -->","yoast_head_json":{"title":"4. velikono\u010dna nedelja - Naj nikoli ne ugasne tiso\u010dero odtenkov Dobrega pastirja! - Jo\u017ee Zadravec - Salve","robots":{"index":"noindex","follow":"follow"},"og_locale":"en_US","og_type":"article","og_title":"4. velikono\u010dna nedelja - Naj nikoli ne ugasne tiso\u010dero odtenkov Dobrega pastirja! - Jo\u017ee Zadravec - Salve","og_description":"Ve\u010d kot deset let je od tega, ko mi je na Op\u010dinah pri Trstu, mogo\u010de leto pred svojo smrtjo, pripovedoval zgodbo svojega \u017eivljenja emigrant belokranjski pesnik Vinko Beli\u010di\u010d. Danes, ob svetovnem dnevu dru\u017ein in nedelji Dobrega pastirja ali duhovnih poklicev, bi rad o\u017eivel vsaj nekaj be\u017enih trenutkov iz njegove pripovedi; takrat se je iz trenutka...","og_url":"https:\/\/www.salve.si\/en\/velikonocni-cas\/4-velikonocna-nedelja-naj-nikoli-ne-ugasne-tisocero-odtenkov-dobrega-pastirja-joze-zadravec\/","og_site_name":"Salve","article_publisher":"https:\/\/www.facebook.com\/salve.si","article_published_time":"2011-05-15T08:00:14+00:00","article_modified_time":"2018-05-31T14:45:24+00:00","og_image":[{"width":1200,"height":630,"url":"https:\/\/www.salve.si\/wp-content\/uploads\/2026\/01\/salve-og1.jpg","type":"image\/jpeg"}],"author":"Simon \u0160enk","twitter_card":"summary_large_image","twitter_misc":{"Written by":"Simon \u0160enk","Est. reading time":"4 minutes"},"schema":{"@context":"https:\/\/schema.org","@graph":[{"@type":"Article","@id":"https:\/\/www.salve.si\/velikonocni-cas\/4-velikonocna-nedelja-naj-nikoli-ne-ugasne-tisocero-odtenkov-dobrega-pastirja-joze-zadravec\/#article","isPartOf":{"@id":"https:\/\/www.salve.si\/velikonocni-cas\/4-velikonocna-nedelja-naj-nikoli-ne-ugasne-tisocero-odtenkov-dobrega-pastirja-joze-zadravec\/"},"author":{"name":"Simon \u0160enk","@id":"https:\/\/www.salve.si\/#\/schema\/person\/781d5e8ed05f7e8c2b923e887b2a1170"},"headline":"4. velikono\u010dna nedelja &#8211; Naj nikoli ne ugasne tiso\u010dero odtenkov Dobrega pastirja! &#8211; Jo\u017ee Zadravec","datePublished":"2011-05-15T08:00:14+00:00","dateModified":"2018-05-31T14:45:24+00:00","mainEntityOfPage":{"@id":"https:\/\/www.salve.si\/velikonocni-cas\/4-velikonocna-nedelja-naj-nikoli-ne-ugasne-tisocero-odtenkov-dobrega-pastirja-joze-zadravec\/"},"wordCount":875,"publisher":{"@id":"https:\/\/www.salve.si\/#organization"},"keywords":["A"],"articleSection":["Velikono\u010dni \u010das"],"inLanguage":"en-US"},{"@type":"WebPage","@id":"https:\/\/www.salve.si\/velikonocni-cas\/4-velikonocna-nedelja-naj-nikoli-ne-ugasne-tisocero-odtenkov-dobrega-pastirja-joze-zadravec\/","url":"https:\/\/www.salve.si\/velikonocni-cas\/4-velikonocna-nedelja-naj-nikoli-ne-ugasne-tisocero-odtenkov-dobrega-pastirja-joze-zadravec\/","name":"4. velikono\u010dna nedelja - Naj nikoli ne ugasne tiso\u010dero odtenkov Dobrega pastirja! - Jo\u017ee Zadravec - Salve","isPartOf":{"@id":"https:\/\/www.salve.si\/#website"},"datePublished":"2011-05-15T08:00:14+00:00","dateModified":"2018-05-31T14:45:24+00:00","breadcrumb":{"@id":"https:\/\/www.salve.si\/velikonocni-cas\/4-velikonocna-nedelja-naj-nikoli-ne-ugasne-tisocero-odtenkov-dobrega-pastirja-joze-zadravec\/#breadcrumb"},"inLanguage":"en-US","potentialAction":[{"@type":"ReadAction","target":["https:\/\/www.salve.si\/velikonocni-cas\/4-velikonocna-nedelja-naj-nikoli-ne-ugasne-tisocero-odtenkov-dobrega-pastirja-joze-zadravec\/"]}]},{"@type":"BreadcrumbList","@id":"https:\/\/www.salve.si\/velikonocni-cas\/4-velikonocna-nedelja-naj-nikoli-ne-ugasne-tisocero-odtenkov-dobrega-pastirja-joze-zadravec\/#breadcrumb","itemListElement":[{"@type":"ListItem","position":1,"name":"Home","item":"https:\/\/www.salve.si\/"},{"@type":"ListItem","position":2,"name":"4. velikono\u010dna nedelja &#8211; Naj nikoli ne ugasne tiso\u010dero odtenkov Dobrega pastirja! &#8211; Jo\u017ee Zadravec"}]},{"@type":"WebSite","@id":"https:\/\/www.salve.si\/#website","url":"https:\/\/www.salve.si\/","name":"Salve","description":"Salezijanska zalo\u017eba","publisher":{"@id":"https:\/\/www.salve.si\/#organization"},"potentialAction":[{"@type":"SearchAction","target":{"@type":"EntryPoint","urlTemplate":"https:\/\/www.salve.si\/?s={search_term_string}"},"query-input":{"@type":"PropertyValueSpecification","valueRequired":true,"valueName":"search_term_string"}}],"inLanguage":"en-US"},{"@type":"Organization","@id":"https:\/\/www.salve.si\/#organization","name":"Salve d.o.o.","url":"https:\/\/www.salve.si\/","logo":{"@type":"ImageObject","inLanguage":"en-US","@id":"https:\/\/www.salve.si\/#\/schema\/logo\/image\/","url":"https:\/\/www.salve.si\/wp-content\/uploads\/2021\/01\/Salve_logo_modri_nov_web.png","contentUrl":"https:\/\/www.salve.si\/wp-content\/uploads\/2021\/01\/Salve_logo_modri_nov_web.png","width":279,"height":90,"caption":"Salve d.o.o."},"image":{"@id":"https:\/\/www.salve.si\/#\/schema\/logo\/image\/"},"sameAs":["https:\/\/www.facebook.com\/salve.si","https:\/\/www.instagram.com\/zalozbasalve\/","https:\/\/www.linkedin.com\/company\/zalozba-salve\/"]},{"@type":"Person","@id":"https:\/\/www.salve.si\/#\/schema\/person\/781d5e8ed05f7e8c2b923e887b2a1170","name":"Simon \u0160enk"}]}},"_links":{"self":[{"href":"https:\/\/www.salve.si\/en\/wp-json\/wp\/v2\/posts\/3461","targetHints":{"allow":["GET"]}}],"collection":[{"href":"https:\/\/www.salve.si\/en\/wp-json\/wp\/v2\/posts"}],"about":[{"href":"https:\/\/www.salve.si\/en\/wp-json\/wp\/v2\/types\/post"}],"author":[{"embeddable":true,"href":"https:\/\/www.salve.si\/en\/wp-json\/wp\/v2\/users\/1"}],"replies":[{"embeddable":true,"href":"https:\/\/www.salve.si\/en\/wp-json\/wp\/v2\/comments?post=3461"}],"version-history":[{"count":0,"href":"https:\/\/www.salve.si\/en\/wp-json\/wp\/v2\/posts\/3461\/revisions"}],"wp:attachment":[{"href":"https:\/\/www.salve.si\/en\/wp-json\/wp\/v2\/media?parent=3461"}],"wp:term":[{"taxonomy":"category","embeddable":true,"href":"https:\/\/www.salve.si\/en\/wp-json\/wp\/v2\/categories?post=3461"},{"taxonomy":"post_tag","embeddable":true,"href":"https:\/\/www.salve.si\/en\/wp-json\/wp\/v2\/tags?post=3461"}],"curies":[{"name":"wp","href":"https:\/\/api.w.org\/{rel}","templated":true}]}}