{"id":3459,"date":"2011-05-22T10:00:24","date_gmt":"2011-05-22T08:00:24","guid":{"rendered":"http:\/\/2018.salve.si\/?p=3459"},"modified":"2018-05-31T16:45:12","modified_gmt":"2018-05-31T14:45:12","slug":"5-velikonocna-nedelja-a-ni-prav-da-zanemarjamo-bozjo-besedo-ker-strezemo-pri-mizi-branko-balazic","status":"publish","type":"post","link":"https:\/\/www.salve.si\/en\/velikonocni-cas\/5-velikonocna-nedelja-a-ni-prav-da-zanemarjamo-bozjo-besedo-ker-strezemo-pri-mizi-branko-balazic\/","title":{"rendered":"5. velikono\u010dna nedelja \u2013 Ni prav, da zanemarjamo bo\u017ejo besedo, ker stre\u017eemo pri mizi &#8211; Branko Bala\u017eic"},"content":{"rendered":"<p>\u010clovekovo \u017eivljenje je ve\u010dplastno, kar se ka\u017ee tudi v razli\u010dnih poklicih. Eni se bolj usmerjajo v poklice, ki so povezani s \u010dlovekovim telesnim zdravjem, drugi so raje v poklicih, ki jim dajejo mo\u017enost odkrivati skrivnosti \u017eivljenja na zemlji, potem imamo poklice, ki so povezani s \u010dlovekovim duhovnim \u017eivljenjem, pre\u017eivljanjem prostega \u010dasa in s kulturo. Vsak poklic zahteva posebne talente in obvladovanje dolo\u010denih ve\u0161\u010din, zato smo vedno bolj prepri\u010dani, da nih\u010de ni sposoben za vse. Vsakdo sicer prejme splo\u0161ne darove za vsakdanje \u017eivljenje in predvsem kak\u0161en specifi\u010den dar, s katerim bo lahko bogatil \u0161ir\u0161o skupnost.<br \/>\nNa za\u010detku \u0161irjenja evangelija so bili apostoli pred odlo\u010ditvijo, kaj naj naredijo, ker so jih Judje kritizirali, da se preve\u010d posve\u010dajo oznanjevanju, zanemarjajo pa solidarnost do tistih, ki so ostali sami. To so bile vdove, katerih mo\u017eje so v glavnem padli v razli\u010dnih bitkah. Ko so apostoli razmi\u0161ljali o tem vpra\u0161anju, so pri\u0161li do jasnega sklepa, da ni dovolj le oznanjati evangelij, ampak je potrebna tudi pomo\u010d vsem, ki so v tak\u0161ni ali druga\u010dni stiski. Ker so bili sami popolnoma predani oznanjevanju, so sklenili ustanoviti novo ekipo, ki se bo ukvarjala s prakti\u010dnimi vpra\u0161anji ljubezni do bli\u017enjega in s solidarnostjo. Tako vidimo \u017ee v prvih kr\u0161\u010danskih skupnostih zametke organizirane karitativne dejavnosti.<br \/>\nOznanjevanje evangelija in solidarnost sta dva stebra, na katerih stoji na\u0161a vera. Glede vere nam morajo biti stvari jasne, zato sta pou\u010devanje in verouk tako pomembna. Hkrati pa ne smemo misliti, da je vera podobna filozofiji ali jasnim aksiomom, ki naredijo na\u0161e \u017eivljenje smiselno. Kaj bi bil nauk brez ljubezni? \u00bbZvene\u010de cimbale\u00ab, bi dejal apostol Pavel. Na\u0161a vera mora biti konkretna, zasidrana v na\u0161i solidarnosti in pristni pomo\u010di bli\u017enjim. \u0160ele konkretna dela nam odkrivajo pravo vsebino in resni\u010dno vrednost dolo\u010denega \u010dloveka.<br \/>\nBrat, sestra, geslo pastoralnega leta je: \u00bbDrug drugemu bremena nosite.\u00ab Morda nisva med premo\u017enimi, zato bo pomo\u010d v denarju bolj slaba. Sicer pa denar ni vse. Ljudje nosimo razli\u010dna bremena, ve\u010dkrat pademo in takrat je te\u017eko. V tak\u0161nih trenutkih bi rabili ob sebi nekoga, ki bi nas bodril s prijazno besedo, ali pa bi nam podal roko, da bi la\u017eje vstali. Breme je te\u017eko, ko ga nosim sam, ko pa imam ob sebi nekoga, ki me razume, se breme porazdeli.<br \/>\n\u017eupnik Branko Bala\u017eic, SDB<span class=\"slv-content-keywords\"> A Velikono\u010dni \u010das <\/span><\/p>","protected":false},"excerpt":{"rendered":"<p>\u010clovekovo \u017eivljenje je ve\u010dplastno, kar se ka\u017ee tudi v razli\u010dnih poklicih. Eni se bolj usmerjajo v poklice, ki so povezani s \u010dlovekovim telesnim zdravjem, drugi so raje v poklicih, ki jim dajejo mo\u017enost odkrivati skrivnosti \u017eivljenja na zemlji, potem imamo poklice, ki so povezani s \u010dlovekovim duhovnim \u017eivljenjem, pre\u017eivljanjem prostega \u010dasa in s kulturo. Vsak<a href=\"https:\/\/www.salve.si\/en\/velikonocni-cas\/5-velikonocna-nedelja-a-ni-prav-da-zanemarjamo-bozjo-besedo-ker-strezemo-pri-mizi-branko-balazic\/\">&#8230;<\/a><\/p>","protected":false},"author":1,"featured_media":0,"comment_status":"closed","ping_status":"open","sticky":false,"template":"","format":"standard","meta":{"_acf_changed":false,"footnotes":""},"categories":[652],"tags":[649],"class_list":["post-3459","post","type-post","status-publish","format-standard","hentry","category-velikonocni-cas","tag-leto-a"],"acf":[],"yoast_head":"<!-- This site is optimized with the Yoast SEO plugin v23.8 - https:\/\/yoast.com\/wordpress\/plugins\/seo\/ -->\n<title>5. velikono\u010dna nedelja \u2013 Ni prav, da zanemarjamo bo\u017ejo besedo, ker stre\u017eemo pri mizi - Branko Bala\u017eic - Salve<\/title>\n<meta name=\"robots\" content=\"noindex, follow\" \/>\n<meta property=\"og:locale\" content=\"en_US\" \/>\n<meta property=\"og:type\" content=\"article\" \/>\n<meta property=\"og:title\" content=\"5. velikono\u010dna nedelja \u2013 Ni prav, da zanemarjamo bo\u017ejo besedo, ker stre\u017eemo pri mizi - Branko Bala\u017eic - Salve\" \/>\n<meta property=\"og:description\" content=\"\u010clovekovo \u017eivljenje je ve\u010dplastno, kar se ka\u017ee tudi v razli\u010dnih poklicih. Eni se bolj usmerjajo v poklice, ki so povezani s \u010dlovekovim telesnim zdravjem, drugi so raje v poklicih, ki jim dajejo mo\u017enost odkrivati skrivnosti \u017eivljenja na zemlji, potem imamo poklice, ki so povezani s \u010dlovekovim duhovnim \u017eivljenjem, pre\u017eivljanjem prostega \u010dasa in s kulturo. Vsak...\" \/>\n<meta property=\"og:url\" content=\"https:\/\/www.salve.si\/en\/velikonocni-cas\/5-velikonocna-nedelja-a-ni-prav-da-zanemarjamo-bozjo-besedo-ker-strezemo-pri-mizi-branko-balazic\/\" \/>\n<meta property=\"og:site_name\" content=\"Salve\" \/>\n<meta property=\"article:publisher\" content=\"https:\/\/www.facebook.com\/salve.si\" \/>\n<meta property=\"article:published_time\" content=\"2011-05-22T08:00:24+00:00\" \/>\n<meta property=\"article:modified_time\" content=\"2018-05-31T14:45:12+00:00\" \/>\n<meta property=\"og:image\" content=\"https:\/\/www.salve.si\/wp-content\/uploads\/2026\/01\/salve-og1.jpg\" \/>\n\t<meta property=\"og:image:width\" content=\"1200\" \/>\n\t<meta property=\"og:image:height\" content=\"630\" \/>\n\t<meta property=\"og:image:type\" content=\"image\/jpeg\" \/>\n<meta name=\"author\" content=\"Simon \u0160enk\" \/>\n<meta name=\"twitter:card\" content=\"summary_large_image\" \/>\n<meta name=\"twitter:label1\" content=\"Written by\" \/>\n\t<meta name=\"twitter:data1\" content=\"Simon \u0160enk\" \/>\n\t<meta name=\"twitter:label2\" content=\"Est. reading time\" \/>\n\t<meta name=\"twitter:data2\" content=\"2 minutes\" \/>\n<script type=\"application\/ld+json\" class=\"yoast-schema-graph\">{\"@context\":\"https:\/\/schema.org\",\"@graph\":[{\"@type\":\"Article\",\"@id\":\"https:\/\/www.salve.si\/velikonocni-cas\/5-velikonocna-nedelja-a-ni-prav-da-zanemarjamo-bozjo-besedo-ker-strezemo-pri-mizi-branko-balazic\/#article\",\"isPartOf\":{\"@id\":\"https:\/\/www.salve.si\/velikonocni-cas\/5-velikonocna-nedelja-a-ni-prav-da-zanemarjamo-bozjo-besedo-ker-strezemo-pri-mizi-branko-balazic\/\"},\"author\":{\"name\":\"Simon \u0160enk\",\"@id\":\"https:\/\/www.salve.si\/#\/schema\/person\/781d5e8ed05f7e8c2b923e887b2a1170\"},\"headline\":\"5. velikono\u010dna nedelja \u2013 Ni prav, da zanemarjamo bo\u017ejo besedo, ker stre\u017eemo pri mizi &#8211; Branko Bala\u017eic\",\"datePublished\":\"2011-05-22T08:00:24+00:00\",\"dateModified\":\"2018-05-31T14:45:12+00:00\",\"mainEntityOfPage\":{\"@id\":\"https:\/\/www.salve.si\/velikonocni-cas\/5-velikonocna-nedelja-a-ni-prav-da-zanemarjamo-bozjo-besedo-ker-strezemo-pri-mizi-branko-balazic\/\"},\"wordCount\":438,\"publisher\":{\"@id\":\"https:\/\/www.salve.si\/#organization\"},\"keywords\":[\"A\"],\"articleSection\":[\"Velikono\u010dni \u010das\"],\"inLanguage\":\"en-US\"},{\"@type\":\"WebPage\",\"@id\":\"https:\/\/www.salve.si\/velikonocni-cas\/5-velikonocna-nedelja-a-ni-prav-da-zanemarjamo-bozjo-besedo-ker-strezemo-pri-mizi-branko-balazic\/\",\"url\":\"https:\/\/www.salve.si\/velikonocni-cas\/5-velikonocna-nedelja-a-ni-prav-da-zanemarjamo-bozjo-besedo-ker-strezemo-pri-mizi-branko-balazic\/\",\"name\":\"5. velikono\u010dna nedelja \u2013 Ni prav, da zanemarjamo bo\u017ejo besedo, ker stre\u017eemo pri mizi - Branko Bala\u017eic - Salve\",\"isPartOf\":{\"@id\":\"https:\/\/www.salve.si\/#website\"},\"datePublished\":\"2011-05-22T08:00:24+00:00\",\"dateModified\":\"2018-05-31T14:45:12+00:00\",\"breadcrumb\":{\"@id\":\"https:\/\/www.salve.si\/velikonocni-cas\/5-velikonocna-nedelja-a-ni-prav-da-zanemarjamo-bozjo-besedo-ker-strezemo-pri-mizi-branko-balazic\/#breadcrumb\"},\"inLanguage\":\"en-US\",\"potentialAction\":[{\"@type\":\"ReadAction\",\"target\":[\"https:\/\/www.salve.si\/velikonocni-cas\/5-velikonocna-nedelja-a-ni-prav-da-zanemarjamo-bozjo-besedo-ker-strezemo-pri-mizi-branko-balazic\/\"]}]},{\"@type\":\"BreadcrumbList\",\"@id\":\"https:\/\/www.salve.si\/velikonocni-cas\/5-velikonocna-nedelja-a-ni-prav-da-zanemarjamo-bozjo-besedo-ker-strezemo-pri-mizi-branko-balazic\/#breadcrumb\",\"itemListElement\":[{\"@type\":\"ListItem\",\"position\":1,\"name\":\"Home\",\"item\":\"https:\/\/www.salve.si\/\"},{\"@type\":\"ListItem\",\"position\":2,\"name\":\"5. velikono\u010dna nedelja \u2013 Ni prav, da zanemarjamo bo\u017ejo besedo, ker stre\u017eemo pri mizi &#8211; Branko Bala\u017eic\"}]},{\"@type\":\"WebSite\",\"@id\":\"https:\/\/www.salve.si\/#website\",\"url\":\"https:\/\/www.salve.si\/\",\"name\":\"Salve\",\"description\":\"Salezijanska zalo\u017eba\",\"publisher\":{\"@id\":\"https:\/\/www.salve.si\/#organization\"},\"potentialAction\":[{\"@type\":\"SearchAction\",\"target\":{\"@type\":\"EntryPoint\",\"urlTemplate\":\"https:\/\/www.salve.si\/?s={search_term_string}\"},\"query-input\":{\"@type\":\"PropertyValueSpecification\",\"valueRequired\":true,\"valueName\":\"search_term_string\"}}],\"inLanguage\":\"en-US\"},{\"@type\":\"Organization\",\"@id\":\"https:\/\/www.salve.si\/#organization\",\"name\":\"Salve d.o.o.\",\"url\":\"https:\/\/www.salve.si\/\",\"logo\":{\"@type\":\"ImageObject\",\"inLanguage\":\"en-US\",\"@id\":\"https:\/\/www.salve.si\/#\/schema\/logo\/image\/\",\"url\":\"https:\/\/www.salve.si\/wp-content\/uploads\/2021\/01\/Salve_logo_modri_nov_web.png\",\"contentUrl\":\"https:\/\/www.salve.si\/wp-content\/uploads\/2021\/01\/Salve_logo_modri_nov_web.png\",\"width\":279,\"height\":90,\"caption\":\"Salve d.o.o.\"},\"image\":{\"@id\":\"https:\/\/www.salve.si\/#\/schema\/logo\/image\/\"},\"sameAs\":[\"https:\/\/www.facebook.com\/salve.si\",\"https:\/\/www.instagram.com\/zalozbasalve\/\",\"https:\/\/www.linkedin.com\/company\/zalozba-salve\/\"]},{\"@type\":\"Person\",\"@id\":\"https:\/\/www.salve.si\/#\/schema\/person\/781d5e8ed05f7e8c2b923e887b2a1170\",\"name\":\"Simon \u0160enk\"}]}<\/script>\n<!-- \/ Yoast SEO plugin. -->","yoast_head_json":{"title":"5. velikono\u010dna nedelja \u2013 Ni prav, da zanemarjamo bo\u017ejo besedo, ker stre\u017eemo pri mizi - Branko Bala\u017eic - Salve","robots":{"index":"noindex","follow":"follow"},"og_locale":"en_US","og_type":"article","og_title":"5. velikono\u010dna nedelja \u2013 Ni prav, da zanemarjamo bo\u017ejo besedo, ker stre\u017eemo pri mizi - Branko Bala\u017eic - Salve","og_description":"\u010clovekovo \u017eivljenje je ve\u010dplastno, kar se ka\u017ee tudi v razli\u010dnih poklicih. Eni se bolj usmerjajo v poklice, ki so povezani s \u010dlovekovim telesnim zdravjem, drugi so raje v poklicih, ki jim dajejo mo\u017enost odkrivati skrivnosti \u017eivljenja na zemlji, potem imamo poklice, ki so povezani s \u010dlovekovim duhovnim \u017eivljenjem, pre\u017eivljanjem prostega \u010dasa in s kulturo. Vsak...","og_url":"https:\/\/www.salve.si\/en\/velikonocni-cas\/5-velikonocna-nedelja-a-ni-prav-da-zanemarjamo-bozjo-besedo-ker-strezemo-pri-mizi-branko-balazic\/","og_site_name":"Salve","article_publisher":"https:\/\/www.facebook.com\/salve.si","article_published_time":"2011-05-22T08:00:24+00:00","article_modified_time":"2018-05-31T14:45:12+00:00","og_image":[{"width":1200,"height":630,"url":"https:\/\/www.salve.si\/wp-content\/uploads\/2026\/01\/salve-og1.jpg","type":"image\/jpeg"}],"author":"Simon \u0160enk","twitter_card":"summary_large_image","twitter_misc":{"Written by":"Simon \u0160enk","Est. reading time":"2 minutes"},"schema":{"@context":"https:\/\/schema.org","@graph":[{"@type":"Article","@id":"https:\/\/www.salve.si\/velikonocni-cas\/5-velikonocna-nedelja-a-ni-prav-da-zanemarjamo-bozjo-besedo-ker-strezemo-pri-mizi-branko-balazic\/#article","isPartOf":{"@id":"https:\/\/www.salve.si\/velikonocni-cas\/5-velikonocna-nedelja-a-ni-prav-da-zanemarjamo-bozjo-besedo-ker-strezemo-pri-mizi-branko-balazic\/"},"author":{"name":"Simon \u0160enk","@id":"https:\/\/www.salve.si\/#\/schema\/person\/781d5e8ed05f7e8c2b923e887b2a1170"},"headline":"5. velikono\u010dna nedelja \u2013 Ni prav, da zanemarjamo bo\u017ejo besedo, ker stre\u017eemo pri mizi &#8211; Branko Bala\u017eic","datePublished":"2011-05-22T08:00:24+00:00","dateModified":"2018-05-31T14:45:12+00:00","mainEntityOfPage":{"@id":"https:\/\/www.salve.si\/velikonocni-cas\/5-velikonocna-nedelja-a-ni-prav-da-zanemarjamo-bozjo-besedo-ker-strezemo-pri-mizi-branko-balazic\/"},"wordCount":438,"publisher":{"@id":"https:\/\/www.salve.si\/#organization"},"keywords":["A"],"articleSection":["Velikono\u010dni \u010das"],"inLanguage":"en-US"},{"@type":"WebPage","@id":"https:\/\/www.salve.si\/velikonocni-cas\/5-velikonocna-nedelja-a-ni-prav-da-zanemarjamo-bozjo-besedo-ker-strezemo-pri-mizi-branko-balazic\/","url":"https:\/\/www.salve.si\/velikonocni-cas\/5-velikonocna-nedelja-a-ni-prav-da-zanemarjamo-bozjo-besedo-ker-strezemo-pri-mizi-branko-balazic\/","name":"5. velikono\u010dna nedelja \u2013 Ni prav, da zanemarjamo bo\u017ejo besedo, ker stre\u017eemo pri mizi - Branko Bala\u017eic - Salve","isPartOf":{"@id":"https:\/\/www.salve.si\/#website"},"datePublished":"2011-05-22T08:00:24+00:00","dateModified":"2018-05-31T14:45:12+00:00","breadcrumb":{"@id":"https:\/\/www.salve.si\/velikonocni-cas\/5-velikonocna-nedelja-a-ni-prav-da-zanemarjamo-bozjo-besedo-ker-strezemo-pri-mizi-branko-balazic\/#breadcrumb"},"inLanguage":"en-US","potentialAction":[{"@type":"ReadAction","target":["https:\/\/www.salve.si\/velikonocni-cas\/5-velikonocna-nedelja-a-ni-prav-da-zanemarjamo-bozjo-besedo-ker-strezemo-pri-mizi-branko-balazic\/"]}]},{"@type":"BreadcrumbList","@id":"https:\/\/www.salve.si\/velikonocni-cas\/5-velikonocna-nedelja-a-ni-prav-da-zanemarjamo-bozjo-besedo-ker-strezemo-pri-mizi-branko-balazic\/#breadcrumb","itemListElement":[{"@type":"ListItem","position":1,"name":"Home","item":"https:\/\/www.salve.si\/"},{"@type":"ListItem","position":2,"name":"5. velikono\u010dna nedelja \u2013 Ni prav, da zanemarjamo bo\u017ejo besedo, ker stre\u017eemo pri mizi &#8211; Branko Bala\u017eic"}]},{"@type":"WebSite","@id":"https:\/\/www.salve.si\/#website","url":"https:\/\/www.salve.si\/","name":"Salve","description":"Salezijanska zalo\u017eba","publisher":{"@id":"https:\/\/www.salve.si\/#organization"},"potentialAction":[{"@type":"SearchAction","target":{"@type":"EntryPoint","urlTemplate":"https:\/\/www.salve.si\/?s={search_term_string}"},"query-input":{"@type":"PropertyValueSpecification","valueRequired":true,"valueName":"search_term_string"}}],"inLanguage":"en-US"},{"@type":"Organization","@id":"https:\/\/www.salve.si\/#organization","name":"Salve d.o.o.","url":"https:\/\/www.salve.si\/","logo":{"@type":"ImageObject","inLanguage":"en-US","@id":"https:\/\/www.salve.si\/#\/schema\/logo\/image\/","url":"https:\/\/www.salve.si\/wp-content\/uploads\/2021\/01\/Salve_logo_modri_nov_web.png","contentUrl":"https:\/\/www.salve.si\/wp-content\/uploads\/2021\/01\/Salve_logo_modri_nov_web.png","width":279,"height":90,"caption":"Salve d.o.o."},"image":{"@id":"https:\/\/www.salve.si\/#\/schema\/logo\/image\/"},"sameAs":["https:\/\/www.facebook.com\/salve.si","https:\/\/www.instagram.com\/zalozbasalve\/","https:\/\/www.linkedin.com\/company\/zalozba-salve\/"]},{"@type":"Person","@id":"https:\/\/www.salve.si\/#\/schema\/person\/781d5e8ed05f7e8c2b923e887b2a1170","name":"Simon \u0160enk"}]}},"_links":{"self":[{"href":"https:\/\/www.salve.si\/en\/wp-json\/wp\/v2\/posts\/3459","targetHints":{"allow":["GET"]}}],"collection":[{"href":"https:\/\/www.salve.si\/en\/wp-json\/wp\/v2\/posts"}],"about":[{"href":"https:\/\/www.salve.si\/en\/wp-json\/wp\/v2\/types\/post"}],"author":[{"embeddable":true,"href":"https:\/\/www.salve.si\/en\/wp-json\/wp\/v2\/users\/1"}],"replies":[{"embeddable":true,"href":"https:\/\/www.salve.si\/en\/wp-json\/wp\/v2\/comments?post=3459"}],"version-history":[{"count":0,"href":"https:\/\/www.salve.si\/en\/wp-json\/wp\/v2\/posts\/3459\/revisions"}],"wp:attachment":[{"href":"https:\/\/www.salve.si\/en\/wp-json\/wp\/v2\/media?parent=3459"}],"wp:term":[{"taxonomy":"category","embeddable":true,"href":"https:\/\/www.salve.si\/en\/wp-json\/wp\/v2\/categories?post=3459"},{"taxonomy":"post_tag","embeddable":true,"href":"https:\/\/www.salve.si\/en\/wp-json\/wp\/v2\/tags?post=3459"}],"curies":[{"name":"wp","href":"https:\/\/api.w.org\/{rel}","templated":true}]}}