{"id":3453,"date":"2011-06-05T10:00:08","date_gmt":"2011-06-05T08:00:08","guid":{"rendered":"http:\/\/2018.salve.si\/?p=3453"},"modified":"2018-05-31T16:43:58","modified_gmt":"2018-05-31T14:43:58","slug":"7-velikonocna-nedelja-a-vecno-zivljenje-je-v-tem-da-spoznajo-tebe-edinega-pravega-boga-branko-balazic","status":"publish","type":"post","link":"https:\/\/www.salve.si\/en\/velikonocni-cas\/7-velikonocna-nedelja-a-vecno-zivljenje-je-v-tem-da-spoznajo-tebe-edinega-pravega-boga-branko-balazic\/","title":{"rendered":"7. velikono\u010dna nedelja \u2013 Ve\u010dno \u017eivljenje je v tem, da spoznajo tebe, edinega pravega Boga &#8211; Branko Bala\u017eic"},"content":{"rendered":"<p>Filozofi, psihologi, pedagogi in drugi znanstveniki, ki so si za izhodi\u0161\u010de svojega raziskovanja postavili \u010dloveka, se na vso mo\u010d trudijo, da bi dobili zadnji odgovor na vpra\u0161anje: Kaj ali kdo je \u010dlovek? Gre za temeljno vpra\u0161anje, ki opredeljuje \u010dlovekovo \u017eivljenje in mu daje smisel. \u017de najstnik zadene ob vpra\u0161anje: Kdo sem pravzaprav jaz in \u010demu sem na svetu? V dobi odra\u0161\u010danja se namre\u010d vsakdo zaveda, da prihaja \u010das, ko se bo odlepil od svoje dru\u017eine, postajal bo vedno bolj samostojen in bo prisiljen dobro premisliti o sistemu vrednot, ki ga je prejel, da bodo njegove \u017eelje in pri\u010dakovanja usklajena z metodami in sredstvi, s katerimi bo zastavljene cilje sku\u0161al dose\u010di. Kdor ne dose\u017ee te uskladitve, ostane notranje razdvojen in nezadovoljen s svojim \u017eivljenjem.<br \/>\nVemo, da je najstnikov izbor odgovorov na pomembna \u017eivljenjska vpra\u0161anja zelo omejen, ker je sebe postavil za sredi\u0161\u010de dogajanje in ker ima premalo izku\u0161enj. Ko bo imel za seboj dvajset in ve\u010d let dela v nekem poklicu, bo razmi\u0161ljal \u010disto druga\u010de in bo imel bolj stvaren odgovor na vpra\u0161anje: Kaj ali kdo je \u010dlovek?<br \/>\nOb koncu zemeljskega \u017eivljenja si je tudi Jezus ponovno zastavil vpra\u0161anje ob temi, ki je bila stalno na dnevnem redu: kaj je ve\u010dno \u017eivljenje? O bo\u017ejem kraljestvu je vedno govoril, vendar ni postavil kak\u0161ne jasne definicije. Govoril je s primerami, ki so bile ljudem blizu: nebe\u0161ko kraljestvo je podobno gor\u010di\u010dnemu zrnu, dragocenemu biseru, zakladu, skritemu na njivi \u2026 Tokrat pa je bil bolj natan\u010den: \u00bbVe\u010dno \u017eivljenje je v tem, da spoznajo tebe, edinega pravega Boga in njega, ki si ga poslal, Jezusa Kristusa.\u00ab<br \/>\nVsak \u010dlovek nosi v sebi neko pra\u017eeljo po tak\u0161nem \u017eivljenju, ki se s smrtjo ne bi zaklju\u010dilo. To hrepenenje je zapisano v na\u0161i du\u0161i, zato se vse \u017eivljenje trudimo, da bi odkrili, kaj je ta ve\u010dnost in kako jo je mogo\u010de dose\u010di.<br \/>\nJe ve\u010dnost v spoznanju Boga? Mislim, da izraz \u00bbspoznati\u00ab pomeni pri semitih veliko ve\u010d kot zgolj preprosto poznanje zunanje podobe. Spoznati koga pomeni zdru\u017eiti se z njim, postati eno z njim. Ve\u010dno \u017eivljenje je v tem, da smo eno z Bogom, da pripadamo skupnosti, kjer je Bog vse v vsem. Biti v Bogu, biti eno z njim je \u010dlovekov zadnji cilj in najve\u010dje hrepenenje.<br \/>\nKako bomo dosegli ve\u010dno \u017eivljenje? Dosegamo ga \u017ee sedaj, ker bo kasneje, po definitivnem zemeljskem koncu na\u0161ega \u017eivljenja vse prepozno. Sedaj je pravi \u010das, da naredimo nekaj dobrega zase, sedaj je prilo\u017enost, da poka\u017eemo, ali imamo Jezusa radi in zato ho\u010demo biti z njim tam, kjer nas \u010das in kraj ve\u010d ne lo\u010dujeta.<br \/>\n\u017eupnik Branko Bala\u017eic, SDB<span class=\"slv-content-keywords\"> A Velikono\u010dni \u010das <\/span><\/p>","protected":false},"excerpt":{"rendered":"<p>Filozofi, psihologi, pedagogi in drugi znanstveniki, ki so si za izhodi\u0161\u010de svojega raziskovanja postavili \u010dloveka, se na vso mo\u010d trudijo, da bi dobili zadnji odgovor na vpra\u0161anje: Kaj ali kdo je \u010dlovek? Gre za temeljno vpra\u0161anje, ki opredeljuje \u010dlovekovo \u017eivljenje in mu daje smisel. \u017de najstnik zadene ob vpra\u0161anje: Kdo sem pravzaprav jaz in \u010demu<a href=\"https:\/\/www.salve.si\/en\/velikonocni-cas\/7-velikonocna-nedelja-a-vecno-zivljenje-je-v-tem-da-spoznajo-tebe-edinega-pravega-boga-branko-balazic\/\">&#8230;<\/a><\/p>","protected":false},"author":1,"featured_media":0,"comment_status":"closed","ping_status":"open","sticky":false,"template":"","format":"standard","meta":{"_acf_changed":false,"footnotes":""},"categories":[652],"tags":[649],"class_list":["post-3453","post","type-post","status-publish","format-standard","hentry","category-velikonocni-cas","tag-leto-a"],"acf":[],"yoast_head":"<!-- This site is optimized with the Yoast SEO plugin v23.8 - https:\/\/yoast.com\/wordpress\/plugins\/seo\/ -->\n<title>7. velikono\u010dna nedelja \u2013 Ve\u010dno \u017eivljenje je v tem, da spoznajo tebe, edinega pravega Boga - Branko Bala\u017eic - Salve<\/title>\n<meta name=\"robots\" content=\"noindex, follow\" \/>\n<meta property=\"og:locale\" content=\"en_US\" \/>\n<meta property=\"og:type\" content=\"article\" \/>\n<meta property=\"og:title\" content=\"7. velikono\u010dna nedelja \u2013 Ve\u010dno \u017eivljenje je v tem, da spoznajo tebe, edinega pravega Boga - Branko Bala\u017eic - Salve\" \/>\n<meta property=\"og:description\" content=\"Filozofi, psihologi, pedagogi in drugi znanstveniki, ki so si za izhodi\u0161\u010de svojega raziskovanja postavili \u010dloveka, se na vso mo\u010d trudijo, da bi dobili zadnji odgovor na vpra\u0161anje: Kaj ali kdo je \u010dlovek? Gre za temeljno vpra\u0161anje, ki opredeljuje \u010dlovekovo \u017eivljenje in mu daje smisel. \u017de najstnik zadene ob vpra\u0161anje: Kdo sem pravzaprav jaz in \u010demu...\" \/>\n<meta property=\"og:url\" content=\"https:\/\/www.salve.si\/en\/velikonocni-cas\/7-velikonocna-nedelja-a-vecno-zivljenje-je-v-tem-da-spoznajo-tebe-edinega-pravega-boga-branko-balazic\/\" \/>\n<meta property=\"og:site_name\" content=\"Salve\" \/>\n<meta property=\"article:publisher\" content=\"https:\/\/www.facebook.com\/salve.si\" \/>\n<meta property=\"article:published_time\" content=\"2011-06-05T08:00:08+00:00\" \/>\n<meta property=\"article:modified_time\" content=\"2018-05-31T14:43:58+00:00\" \/>\n<meta property=\"og:image\" content=\"https:\/\/www.salve.si\/wp-content\/uploads\/2026\/01\/salve-og1.jpg\" \/>\n\t<meta property=\"og:image:width\" content=\"1200\" \/>\n\t<meta property=\"og:image:height\" content=\"630\" \/>\n\t<meta property=\"og:image:type\" content=\"image\/jpeg\" \/>\n<meta name=\"author\" content=\"Simon \u0160enk\" \/>\n<meta name=\"twitter:card\" content=\"summary_large_image\" \/>\n<meta name=\"twitter:label1\" content=\"Written by\" \/>\n\t<meta name=\"twitter:data1\" content=\"Simon \u0160enk\" \/>\n\t<meta name=\"twitter:label2\" content=\"Est. reading time\" \/>\n\t<meta name=\"twitter:data2\" content=\"2 minutes\" \/>\n<script type=\"application\/ld+json\" class=\"yoast-schema-graph\">{\"@context\":\"https:\/\/schema.org\",\"@graph\":[{\"@type\":\"Article\",\"@id\":\"https:\/\/www.salve.si\/velikonocni-cas\/7-velikonocna-nedelja-a-vecno-zivljenje-je-v-tem-da-spoznajo-tebe-edinega-pravega-boga-branko-balazic\/#article\",\"isPartOf\":{\"@id\":\"https:\/\/www.salve.si\/velikonocni-cas\/7-velikonocna-nedelja-a-vecno-zivljenje-je-v-tem-da-spoznajo-tebe-edinega-pravega-boga-branko-balazic\/\"},\"author\":{\"name\":\"Simon \u0160enk\",\"@id\":\"https:\/\/www.salve.si\/#\/schema\/person\/781d5e8ed05f7e8c2b923e887b2a1170\"},\"headline\":\"7. velikono\u010dna nedelja \u2013 Ve\u010dno \u017eivljenje je v tem, da spoznajo tebe, edinega pravega Boga &#8211; Branko Bala\u017eic\",\"datePublished\":\"2011-06-05T08:00:08+00:00\",\"dateModified\":\"2018-05-31T14:43:58+00:00\",\"mainEntityOfPage\":{\"@id\":\"https:\/\/www.salve.si\/velikonocni-cas\/7-velikonocna-nedelja-a-vecno-zivljenje-je-v-tem-da-spoznajo-tebe-edinega-pravega-boga-branko-balazic\/\"},\"wordCount\":489,\"publisher\":{\"@id\":\"https:\/\/www.salve.si\/#organization\"},\"keywords\":[\"A\"],\"articleSection\":[\"Velikono\u010dni \u010das\"],\"inLanguage\":\"en-US\"},{\"@type\":\"WebPage\",\"@id\":\"https:\/\/www.salve.si\/velikonocni-cas\/7-velikonocna-nedelja-a-vecno-zivljenje-je-v-tem-da-spoznajo-tebe-edinega-pravega-boga-branko-balazic\/\",\"url\":\"https:\/\/www.salve.si\/velikonocni-cas\/7-velikonocna-nedelja-a-vecno-zivljenje-je-v-tem-da-spoznajo-tebe-edinega-pravega-boga-branko-balazic\/\",\"name\":\"7. velikono\u010dna nedelja \u2013 Ve\u010dno \u017eivljenje je v tem, da spoznajo tebe, edinega pravega Boga - Branko Bala\u017eic - Salve\",\"isPartOf\":{\"@id\":\"https:\/\/www.salve.si\/#website\"},\"datePublished\":\"2011-06-05T08:00:08+00:00\",\"dateModified\":\"2018-05-31T14:43:58+00:00\",\"breadcrumb\":{\"@id\":\"https:\/\/www.salve.si\/velikonocni-cas\/7-velikonocna-nedelja-a-vecno-zivljenje-je-v-tem-da-spoznajo-tebe-edinega-pravega-boga-branko-balazic\/#breadcrumb\"},\"inLanguage\":\"en-US\",\"potentialAction\":[{\"@type\":\"ReadAction\",\"target\":[\"https:\/\/www.salve.si\/velikonocni-cas\/7-velikonocna-nedelja-a-vecno-zivljenje-je-v-tem-da-spoznajo-tebe-edinega-pravega-boga-branko-balazic\/\"]}]},{\"@type\":\"BreadcrumbList\",\"@id\":\"https:\/\/www.salve.si\/velikonocni-cas\/7-velikonocna-nedelja-a-vecno-zivljenje-je-v-tem-da-spoznajo-tebe-edinega-pravega-boga-branko-balazic\/#breadcrumb\",\"itemListElement\":[{\"@type\":\"ListItem\",\"position\":1,\"name\":\"Home\",\"item\":\"https:\/\/www.salve.si\/\"},{\"@type\":\"ListItem\",\"position\":2,\"name\":\"7. velikono\u010dna nedelja \u2013 Ve\u010dno \u017eivljenje je v tem, da spoznajo tebe, edinega pravega Boga &#8211; Branko Bala\u017eic\"}]},{\"@type\":\"WebSite\",\"@id\":\"https:\/\/www.salve.si\/#website\",\"url\":\"https:\/\/www.salve.si\/\",\"name\":\"Salve\",\"description\":\"Salezijanska zalo\u017eba\",\"publisher\":{\"@id\":\"https:\/\/www.salve.si\/#organization\"},\"potentialAction\":[{\"@type\":\"SearchAction\",\"target\":{\"@type\":\"EntryPoint\",\"urlTemplate\":\"https:\/\/www.salve.si\/?s={search_term_string}\"},\"query-input\":{\"@type\":\"PropertyValueSpecification\",\"valueRequired\":true,\"valueName\":\"search_term_string\"}}],\"inLanguage\":\"en-US\"},{\"@type\":\"Organization\",\"@id\":\"https:\/\/www.salve.si\/#organization\",\"name\":\"Salve d.o.o.\",\"url\":\"https:\/\/www.salve.si\/\",\"logo\":{\"@type\":\"ImageObject\",\"inLanguage\":\"en-US\",\"@id\":\"https:\/\/www.salve.si\/#\/schema\/logo\/image\/\",\"url\":\"https:\/\/www.salve.si\/wp-content\/uploads\/2021\/01\/Salve_logo_modri_nov_web.png\",\"contentUrl\":\"https:\/\/www.salve.si\/wp-content\/uploads\/2021\/01\/Salve_logo_modri_nov_web.png\",\"width\":279,\"height\":90,\"caption\":\"Salve d.o.o.\"},\"image\":{\"@id\":\"https:\/\/www.salve.si\/#\/schema\/logo\/image\/\"},\"sameAs\":[\"https:\/\/www.facebook.com\/salve.si\",\"https:\/\/www.instagram.com\/zalozbasalve\/\",\"https:\/\/www.linkedin.com\/company\/zalozba-salve\/\"]},{\"@type\":\"Person\",\"@id\":\"https:\/\/www.salve.si\/#\/schema\/person\/781d5e8ed05f7e8c2b923e887b2a1170\",\"name\":\"Simon \u0160enk\"}]}<\/script>\n<!-- \/ Yoast SEO plugin. -->","yoast_head_json":{"title":"7. velikono\u010dna nedelja \u2013 Ve\u010dno \u017eivljenje je v tem, da spoznajo tebe, edinega pravega Boga - Branko Bala\u017eic - Salve","robots":{"index":"noindex","follow":"follow"},"og_locale":"en_US","og_type":"article","og_title":"7. velikono\u010dna nedelja \u2013 Ve\u010dno \u017eivljenje je v tem, da spoznajo tebe, edinega pravega Boga - Branko Bala\u017eic - Salve","og_description":"Filozofi, psihologi, pedagogi in drugi znanstveniki, ki so si za izhodi\u0161\u010de svojega raziskovanja postavili \u010dloveka, se na vso mo\u010d trudijo, da bi dobili zadnji odgovor na vpra\u0161anje: Kaj ali kdo je \u010dlovek? Gre za temeljno vpra\u0161anje, ki opredeljuje \u010dlovekovo \u017eivljenje in mu daje smisel. \u017de najstnik zadene ob vpra\u0161anje: Kdo sem pravzaprav jaz in \u010demu...","og_url":"https:\/\/www.salve.si\/en\/velikonocni-cas\/7-velikonocna-nedelja-a-vecno-zivljenje-je-v-tem-da-spoznajo-tebe-edinega-pravega-boga-branko-balazic\/","og_site_name":"Salve","article_publisher":"https:\/\/www.facebook.com\/salve.si","article_published_time":"2011-06-05T08:00:08+00:00","article_modified_time":"2018-05-31T14:43:58+00:00","og_image":[{"width":1200,"height":630,"url":"https:\/\/www.salve.si\/wp-content\/uploads\/2026\/01\/salve-og1.jpg","type":"image\/jpeg"}],"author":"Simon \u0160enk","twitter_card":"summary_large_image","twitter_misc":{"Written by":"Simon \u0160enk","Est. reading time":"2 minutes"},"schema":{"@context":"https:\/\/schema.org","@graph":[{"@type":"Article","@id":"https:\/\/www.salve.si\/velikonocni-cas\/7-velikonocna-nedelja-a-vecno-zivljenje-je-v-tem-da-spoznajo-tebe-edinega-pravega-boga-branko-balazic\/#article","isPartOf":{"@id":"https:\/\/www.salve.si\/velikonocni-cas\/7-velikonocna-nedelja-a-vecno-zivljenje-je-v-tem-da-spoznajo-tebe-edinega-pravega-boga-branko-balazic\/"},"author":{"name":"Simon \u0160enk","@id":"https:\/\/www.salve.si\/#\/schema\/person\/781d5e8ed05f7e8c2b923e887b2a1170"},"headline":"7. velikono\u010dna nedelja \u2013 Ve\u010dno \u017eivljenje je v tem, da spoznajo tebe, edinega pravega Boga &#8211; Branko Bala\u017eic","datePublished":"2011-06-05T08:00:08+00:00","dateModified":"2018-05-31T14:43:58+00:00","mainEntityOfPage":{"@id":"https:\/\/www.salve.si\/velikonocni-cas\/7-velikonocna-nedelja-a-vecno-zivljenje-je-v-tem-da-spoznajo-tebe-edinega-pravega-boga-branko-balazic\/"},"wordCount":489,"publisher":{"@id":"https:\/\/www.salve.si\/#organization"},"keywords":["A"],"articleSection":["Velikono\u010dni \u010das"],"inLanguage":"en-US"},{"@type":"WebPage","@id":"https:\/\/www.salve.si\/velikonocni-cas\/7-velikonocna-nedelja-a-vecno-zivljenje-je-v-tem-da-spoznajo-tebe-edinega-pravega-boga-branko-balazic\/","url":"https:\/\/www.salve.si\/velikonocni-cas\/7-velikonocna-nedelja-a-vecno-zivljenje-je-v-tem-da-spoznajo-tebe-edinega-pravega-boga-branko-balazic\/","name":"7. velikono\u010dna nedelja \u2013 Ve\u010dno \u017eivljenje je v tem, da spoznajo tebe, edinega pravega Boga - Branko Bala\u017eic - Salve","isPartOf":{"@id":"https:\/\/www.salve.si\/#website"},"datePublished":"2011-06-05T08:00:08+00:00","dateModified":"2018-05-31T14:43:58+00:00","breadcrumb":{"@id":"https:\/\/www.salve.si\/velikonocni-cas\/7-velikonocna-nedelja-a-vecno-zivljenje-je-v-tem-da-spoznajo-tebe-edinega-pravega-boga-branko-balazic\/#breadcrumb"},"inLanguage":"en-US","potentialAction":[{"@type":"ReadAction","target":["https:\/\/www.salve.si\/velikonocni-cas\/7-velikonocna-nedelja-a-vecno-zivljenje-je-v-tem-da-spoznajo-tebe-edinega-pravega-boga-branko-balazic\/"]}]},{"@type":"BreadcrumbList","@id":"https:\/\/www.salve.si\/velikonocni-cas\/7-velikonocna-nedelja-a-vecno-zivljenje-je-v-tem-da-spoznajo-tebe-edinega-pravega-boga-branko-balazic\/#breadcrumb","itemListElement":[{"@type":"ListItem","position":1,"name":"Home","item":"https:\/\/www.salve.si\/"},{"@type":"ListItem","position":2,"name":"7. velikono\u010dna nedelja \u2013 Ve\u010dno \u017eivljenje je v tem, da spoznajo tebe, edinega pravega Boga &#8211; Branko Bala\u017eic"}]},{"@type":"WebSite","@id":"https:\/\/www.salve.si\/#website","url":"https:\/\/www.salve.si\/","name":"Salve","description":"Salezijanska zalo\u017eba","publisher":{"@id":"https:\/\/www.salve.si\/#organization"},"potentialAction":[{"@type":"SearchAction","target":{"@type":"EntryPoint","urlTemplate":"https:\/\/www.salve.si\/?s={search_term_string}"},"query-input":{"@type":"PropertyValueSpecification","valueRequired":true,"valueName":"search_term_string"}}],"inLanguage":"en-US"},{"@type":"Organization","@id":"https:\/\/www.salve.si\/#organization","name":"Salve d.o.o.","url":"https:\/\/www.salve.si\/","logo":{"@type":"ImageObject","inLanguage":"en-US","@id":"https:\/\/www.salve.si\/#\/schema\/logo\/image\/","url":"https:\/\/www.salve.si\/wp-content\/uploads\/2021\/01\/Salve_logo_modri_nov_web.png","contentUrl":"https:\/\/www.salve.si\/wp-content\/uploads\/2021\/01\/Salve_logo_modri_nov_web.png","width":279,"height":90,"caption":"Salve d.o.o."},"image":{"@id":"https:\/\/www.salve.si\/#\/schema\/logo\/image\/"},"sameAs":["https:\/\/www.facebook.com\/salve.si","https:\/\/www.instagram.com\/zalozbasalve\/","https:\/\/www.linkedin.com\/company\/zalozba-salve\/"]},{"@type":"Person","@id":"https:\/\/www.salve.si\/#\/schema\/person\/781d5e8ed05f7e8c2b923e887b2a1170","name":"Simon \u0160enk"}]}},"_links":{"self":[{"href":"https:\/\/www.salve.si\/en\/wp-json\/wp\/v2\/posts\/3453","targetHints":{"allow":["GET"]}}],"collection":[{"href":"https:\/\/www.salve.si\/en\/wp-json\/wp\/v2\/posts"}],"about":[{"href":"https:\/\/www.salve.si\/en\/wp-json\/wp\/v2\/types\/post"}],"author":[{"embeddable":true,"href":"https:\/\/www.salve.si\/en\/wp-json\/wp\/v2\/users\/1"}],"replies":[{"embeddable":true,"href":"https:\/\/www.salve.si\/en\/wp-json\/wp\/v2\/comments?post=3453"}],"version-history":[{"count":0,"href":"https:\/\/www.salve.si\/en\/wp-json\/wp\/v2\/posts\/3453\/revisions"}],"wp:attachment":[{"href":"https:\/\/www.salve.si\/en\/wp-json\/wp\/v2\/media?parent=3453"}],"wp:term":[{"taxonomy":"category","embeddable":true,"href":"https:\/\/www.salve.si\/en\/wp-json\/wp\/v2\/categories?post=3453"},{"taxonomy":"post_tag","embeddable":true,"href":"https:\/\/www.salve.si\/en\/wp-json\/wp\/v2\/tags?post=3453"}],"curies":[{"name":"wp","href":"https:\/\/api.w.org\/{rel}","templated":true}]}}