{"id":3451,"date":"2011-06-12T10:00:53","date_gmt":"2011-06-12T08:00:53","guid":{"rendered":"http:\/\/2018.salve.si\/?p=3451"},"modified":"2018-05-31T16:44:04","modified_gmt":"2018-05-31T14:44:04","slug":"binkosti-a-prikazali-so-se-jim-jeziki-podobni-plamenom-branko-balazic","status":"publish","type":"post","link":"https:\/\/www.salve.si\/en\/velikonocni-cas\/binkosti-a-prikazali-so-se-jim-jeziki-podobni-plamenom-branko-balazic\/","title":{"rendered":"BINKO\u0160TI \u2013 Prikazali so se jim jeziki, podobni plamenom &#8211; Branko Bala\u017eic"},"content":{"rendered":"<p>V prvem berilu nam je danes Luka govoril o prvih binko\u0161tih, prvem prihodu\u00a0 ali prvi podelitvi Svetega Duha. Dogodek je bil nekaj izjemnega tudi na zunaj, zato je vsa zbrana mno\u017eica takoj razumela, da gre za izjemen dogodek, ki ga ni mogo\u010de primerjati s kak\u0161nim drugim. Kako je zapisal Luka? \u00bbPrikazali so se jim jeziki, podobni plamenom, ki so se razdelili, in nad vsakim je obstal eden. Vsi so bili napolnjeni s Svetim Duhom in za\u010deli so govoriti v tujih jezikih, kakor jim je Duh dajal izgovarjati.\u00ab<br \/>\n\u00bbPrikazali so se jim jeziki, podobni plamen.\u00ab To je bila prva posledica nekajdnevne molitve, ko so bili v dvorani zadnje ve\u010derje skupaj z Marijo in drugimi \u017eenami. Povezovala jih je molitev oziroma dru\u017eili so jih dogodki zadnjega tedna in vstali Gospod, ki se jim je prikazal in zato so vedeli, da \u017eivi. To jih je tako povezovalo med seboj, da so bili kot eden, na isti valovni dol\u017eini, z istimi mislimi in pri\u010dakovanji, kot ena du\u0161a. Ta medsebojna edinost je botrovala, da se je Bog sklonil k njim na poseben na\u010din, saj jih je obdaril s posebnimi milostmi.<br \/>\nKaj so bili ognjeni jeziki nad njihovimi glavami? Ogenj vedno pomeni nekaj \u017eivega, neko novo dogajanje, v simboli\u010dnem smislu pa predstavlja navdu\u0161enje in zagretost za neko idejo, neko dogajanje. Vsekakor so ognjeni plamen\u010dki nad apostoli, nad Marijo in nad drugimi \u017eenami predstavljali neke vrste \u010dude\u017e, da so ljudje osupnili od presene\u010denja. O\u010ditno je Bog hotel, da so bile prve binko\u0161ti izjemen dogodek, kot primer, kaj se v duhovnem smislu dogaja z ljudmi, ko prejmejo darove Svetega Duha. Postali so druga\u010dni ljudje, navdu\u0161eni in brez neke bojazni o tem, kaj jih \u010daka v prihodnosti. Predvsem so nosili v sebi tako mo\u010dno ljubezen, ki je bila sposobna vase zaprte osebnosti popolnoma spremeniti, da so se pome\u0161ali med mno\u017eico in za\u010deli oznanjati v jezikih, ki so jih vsi razumeli. Ljubezen ima to prednost, da je sposobna govoriti v razli\u010dnih jezikih. Tukaj ne gre toliko za razli\u010dne tuje jezike, ki se jih mora\u0161 nau\u010diti, \u010de jih ho\u010de\u0161 aktivno uporabljati v pogovoru z drugimi, ampak veliko bolj za to, kar govori celotna na\u0161a osebnost, na primer, kako smo pozorni do drugega, kako ga poslu\u0161amo, kako se v\u017eivimo v njegovo situacijo, kako se trudimo, da bi dojeli, kaj nam sporo\u010da njegovo telo, mimika njegovega obraza, njegove roke in noge. \u010ce ho\u010de\u0161 danes \u010dloveka razumeti v vsej njegovi ve\u010dplastnosti, se moramo potruditi, da razumemo govorico \u010dlovekovega telesa. Svoje besede smo sposobni zelo kontrolirati, zato smo najbolj pristni s svojo telesno govorico. Kdor jo razume, dojame pravi pomen besed, ki velikokrat zavajajo in sku\u0161ajo \u010dloveka spraviti na stranski tir. Ko so apostoli za\u010deli govoriti o dogodkih zadnjih dni, je mno\u017eica takoj dojela smisel vsega dogajanja. Naenkrat jim je bilo jasno, kaj se je v resnici zgodilo in zelo hitro so se prepoznali kot sokrivci, kot tisti, ki nosijo del krivde pri Jezusovem sodnem procesu, njegovem kri\u017eevem potu in njegovi smrti.<span class=\"slv-content-keywords\"> A Velikono\u010dni \u010das <\/span><\/p>","protected":false},"excerpt":{"rendered":"<p>V prvem berilu nam je danes Luka govoril o prvih binko\u0161tih, prvem prihodu\u00a0 ali prvi podelitvi Svetega Duha. Dogodek je bil nekaj izjemnega tudi na zunaj, zato je vsa zbrana mno\u017eica takoj razumela, da gre za izjemen dogodek, ki ga ni mogo\u010de primerjati s kak\u0161nim drugim. Kako je zapisal Luka? \u00bbPrikazali so se jim jeziki,<a href=\"https:\/\/www.salve.si\/en\/velikonocni-cas\/binkosti-a-prikazali-so-se-jim-jeziki-podobni-plamenom-branko-balazic\/\">&#8230;<\/a><\/p>","protected":false},"author":1,"featured_media":0,"comment_status":"closed","ping_status":"open","sticky":false,"template":"","format":"standard","meta":{"_acf_changed":false,"footnotes":""},"categories":[652],"tags":[649],"class_list":["post-3451","post","type-post","status-publish","format-standard","hentry","category-velikonocni-cas","tag-leto-a"],"acf":[],"yoast_head":"<!-- This site is optimized with the Yoast SEO plugin v23.8 - https:\/\/yoast.com\/wordpress\/plugins\/seo\/ -->\n<title>BINKO\u0160TI \u2013 Prikazali so se jim jeziki, podobni plamenom - Branko Bala\u017eic - Salve<\/title>\n<meta name=\"robots\" content=\"noindex, follow\" \/>\n<meta property=\"og:locale\" content=\"en_US\" \/>\n<meta property=\"og:type\" content=\"article\" \/>\n<meta property=\"og:title\" content=\"BINKO\u0160TI \u2013 Prikazali so se jim jeziki, podobni plamenom - Branko Bala\u017eic - Salve\" \/>\n<meta property=\"og:description\" content=\"V prvem berilu nam je danes Luka govoril o prvih binko\u0161tih, prvem prihodu\u00a0 ali prvi podelitvi Svetega Duha. Dogodek je bil nekaj izjemnega tudi na zunaj, zato je vsa zbrana mno\u017eica takoj razumela, da gre za izjemen dogodek, ki ga ni mogo\u010de primerjati s kak\u0161nim drugim. Kako je zapisal Luka? \u00bbPrikazali so se jim jeziki,...\" \/>\n<meta property=\"og:url\" content=\"https:\/\/www.salve.si\/en\/velikonocni-cas\/binkosti-a-prikazali-so-se-jim-jeziki-podobni-plamenom-branko-balazic\/\" \/>\n<meta property=\"og:site_name\" content=\"Salve\" \/>\n<meta property=\"article:publisher\" content=\"https:\/\/www.facebook.com\/salve.si\" \/>\n<meta property=\"article:published_time\" content=\"2011-06-12T08:00:53+00:00\" \/>\n<meta property=\"article:modified_time\" content=\"2018-05-31T14:44:04+00:00\" \/>\n<meta property=\"og:image\" content=\"https:\/\/www.salve.si\/wp-content\/uploads\/2026\/01\/salve-og1.jpg\" \/>\n\t<meta property=\"og:image:width\" content=\"1200\" \/>\n\t<meta property=\"og:image:height\" content=\"630\" \/>\n\t<meta property=\"og:image:type\" content=\"image\/jpeg\" \/>\n<meta name=\"author\" content=\"Simon \u0160enk\" \/>\n<meta name=\"twitter:card\" content=\"summary_large_image\" \/>\n<meta name=\"twitter:label1\" content=\"Written by\" \/>\n\t<meta name=\"twitter:data1\" content=\"Simon \u0160enk\" \/>\n\t<meta name=\"twitter:label2\" content=\"Est. reading time\" \/>\n\t<meta name=\"twitter:data2\" content=\"3 minutes\" \/>\n<script type=\"application\/ld+json\" class=\"yoast-schema-graph\">{\"@context\":\"https:\/\/schema.org\",\"@graph\":[{\"@type\":\"Article\",\"@id\":\"https:\/\/www.salve.si\/velikonocni-cas\/binkosti-a-prikazali-so-se-jim-jeziki-podobni-plamenom-branko-balazic\/#article\",\"isPartOf\":{\"@id\":\"https:\/\/www.salve.si\/velikonocni-cas\/binkosti-a-prikazali-so-se-jim-jeziki-podobni-plamenom-branko-balazic\/\"},\"author\":{\"name\":\"Simon \u0160enk\",\"@id\":\"https:\/\/www.salve.si\/#\/schema\/person\/781d5e8ed05f7e8c2b923e887b2a1170\"},\"headline\":\"BINKO\u0160TI \u2013 Prikazali so se jim jeziki, podobni plamenom &#8211; Branko Bala\u017eic\",\"datePublished\":\"2011-06-12T08:00:53+00:00\",\"dateModified\":\"2018-05-31T14:44:04+00:00\",\"mainEntityOfPage\":{\"@id\":\"https:\/\/www.salve.si\/velikonocni-cas\/binkosti-a-prikazali-so-se-jim-jeziki-podobni-plamenom-branko-balazic\/\"},\"wordCount\":541,\"publisher\":{\"@id\":\"https:\/\/www.salve.si\/#organization\"},\"keywords\":[\"A\"],\"articleSection\":[\"Velikono\u010dni \u010das\"],\"inLanguage\":\"en-US\"},{\"@type\":\"WebPage\",\"@id\":\"https:\/\/www.salve.si\/velikonocni-cas\/binkosti-a-prikazali-so-se-jim-jeziki-podobni-plamenom-branko-balazic\/\",\"url\":\"https:\/\/www.salve.si\/velikonocni-cas\/binkosti-a-prikazali-so-se-jim-jeziki-podobni-plamenom-branko-balazic\/\",\"name\":\"BINKO\u0160TI \u2013 Prikazali so se jim jeziki, podobni plamenom - Branko Bala\u017eic - Salve\",\"isPartOf\":{\"@id\":\"https:\/\/www.salve.si\/#website\"},\"datePublished\":\"2011-06-12T08:00:53+00:00\",\"dateModified\":\"2018-05-31T14:44:04+00:00\",\"breadcrumb\":{\"@id\":\"https:\/\/www.salve.si\/velikonocni-cas\/binkosti-a-prikazali-so-se-jim-jeziki-podobni-plamenom-branko-balazic\/#breadcrumb\"},\"inLanguage\":\"en-US\",\"potentialAction\":[{\"@type\":\"ReadAction\",\"target\":[\"https:\/\/www.salve.si\/velikonocni-cas\/binkosti-a-prikazali-so-se-jim-jeziki-podobni-plamenom-branko-balazic\/\"]}]},{\"@type\":\"BreadcrumbList\",\"@id\":\"https:\/\/www.salve.si\/velikonocni-cas\/binkosti-a-prikazali-so-se-jim-jeziki-podobni-plamenom-branko-balazic\/#breadcrumb\",\"itemListElement\":[{\"@type\":\"ListItem\",\"position\":1,\"name\":\"Home\",\"item\":\"https:\/\/www.salve.si\/\"},{\"@type\":\"ListItem\",\"position\":2,\"name\":\"BINKO\u0160TI \u2013 Prikazali so se jim jeziki, podobni plamenom &#8211; Branko Bala\u017eic\"}]},{\"@type\":\"WebSite\",\"@id\":\"https:\/\/www.salve.si\/#website\",\"url\":\"https:\/\/www.salve.si\/\",\"name\":\"Salve\",\"description\":\"Salezijanska zalo\u017eba\",\"publisher\":{\"@id\":\"https:\/\/www.salve.si\/#organization\"},\"potentialAction\":[{\"@type\":\"SearchAction\",\"target\":{\"@type\":\"EntryPoint\",\"urlTemplate\":\"https:\/\/www.salve.si\/?s={search_term_string}\"},\"query-input\":{\"@type\":\"PropertyValueSpecification\",\"valueRequired\":true,\"valueName\":\"search_term_string\"}}],\"inLanguage\":\"en-US\"},{\"@type\":\"Organization\",\"@id\":\"https:\/\/www.salve.si\/#organization\",\"name\":\"Salve d.o.o.\",\"url\":\"https:\/\/www.salve.si\/\",\"logo\":{\"@type\":\"ImageObject\",\"inLanguage\":\"en-US\",\"@id\":\"https:\/\/www.salve.si\/#\/schema\/logo\/image\/\",\"url\":\"https:\/\/www.salve.si\/wp-content\/uploads\/2021\/01\/Salve_logo_modri_nov_web.png\",\"contentUrl\":\"https:\/\/www.salve.si\/wp-content\/uploads\/2021\/01\/Salve_logo_modri_nov_web.png\",\"width\":279,\"height\":90,\"caption\":\"Salve d.o.o.\"},\"image\":{\"@id\":\"https:\/\/www.salve.si\/#\/schema\/logo\/image\/\"},\"sameAs\":[\"https:\/\/www.facebook.com\/salve.si\",\"https:\/\/www.instagram.com\/zalozbasalve\/\",\"https:\/\/www.linkedin.com\/company\/zalozba-salve\/\"]},{\"@type\":\"Person\",\"@id\":\"https:\/\/www.salve.si\/#\/schema\/person\/781d5e8ed05f7e8c2b923e887b2a1170\",\"name\":\"Simon \u0160enk\"}]}<\/script>\n<!-- \/ Yoast SEO plugin. -->","yoast_head_json":{"title":"BINKO\u0160TI \u2013 Prikazali so se jim jeziki, podobni plamenom - Branko Bala\u017eic - Salve","robots":{"index":"noindex","follow":"follow"},"og_locale":"en_US","og_type":"article","og_title":"BINKO\u0160TI \u2013 Prikazali so se jim jeziki, podobni plamenom - Branko Bala\u017eic - Salve","og_description":"V prvem berilu nam je danes Luka govoril o prvih binko\u0161tih, prvem prihodu\u00a0 ali prvi podelitvi Svetega Duha. Dogodek je bil nekaj izjemnega tudi na zunaj, zato je vsa zbrana mno\u017eica takoj razumela, da gre za izjemen dogodek, ki ga ni mogo\u010de primerjati s kak\u0161nim drugim. Kako je zapisal Luka? \u00bbPrikazali so se jim jeziki,...","og_url":"https:\/\/www.salve.si\/en\/velikonocni-cas\/binkosti-a-prikazali-so-se-jim-jeziki-podobni-plamenom-branko-balazic\/","og_site_name":"Salve","article_publisher":"https:\/\/www.facebook.com\/salve.si","article_published_time":"2011-06-12T08:00:53+00:00","article_modified_time":"2018-05-31T14:44:04+00:00","og_image":[{"width":1200,"height":630,"url":"https:\/\/www.salve.si\/wp-content\/uploads\/2026\/01\/salve-og1.jpg","type":"image\/jpeg"}],"author":"Simon \u0160enk","twitter_card":"summary_large_image","twitter_misc":{"Written by":"Simon \u0160enk","Est. reading time":"3 minutes"},"schema":{"@context":"https:\/\/schema.org","@graph":[{"@type":"Article","@id":"https:\/\/www.salve.si\/velikonocni-cas\/binkosti-a-prikazali-so-se-jim-jeziki-podobni-plamenom-branko-balazic\/#article","isPartOf":{"@id":"https:\/\/www.salve.si\/velikonocni-cas\/binkosti-a-prikazali-so-se-jim-jeziki-podobni-plamenom-branko-balazic\/"},"author":{"name":"Simon \u0160enk","@id":"https:\/\/www.salve.si\/#\/schema\/person\/781d5e8ed05f7e8c2b923e887b2a1170"},"headline":"BINKO\u0160TI \u2013 Prikazali so se jim jeziki, podobni plamenom &#8211; Branko Bala\u017eic","datePublished":"2011-06-12T08:00:53+00:00","dateModified":"2018-05-31T14:44:04+00:00","mainEntityOfPage":{"@id":"https:\/\/www.salve.si\/velikonocni-cas\/binkosti-a-prikazali-so-se-jim-jeziki-podobni-plamenom-branko-balazic\/"},"wordCount":541,"publisher":{"@id":"https:\/\/www.salve.si\/#organization"},"keywords":["A"],"articleSection":["Velikono\u010dni \u010das"],"inLanguage":"en-US"},{"@type":"WebPage","@id":"https:\/\/www.salve.si\/velikonocni-cas\/binkosti-a-prikazali-so-se-jim-jeziki-podobni-plamenom-branko-balazic\/","url":"https:\/\/www.salve.si\/velikonocni-cas\/binkosti-a-prikazali-so-se-jim-jeziki-podobni-plamenom-branko-balazic\/","name":"BINKO\u0160TI \u2013 Prikazali so se jim jeziki, podobni plamenom - Branko Bala\u017eic - Salve","isPartOf":{"@id":"https:\/\/www.salve.si\/#website"},"datePublished":"2011-06-12T08:00:53+00:00","dateModified":"2018-05-31T14:44:04+00:00","breadcrumb":{"@id":"https:\/\/www.salve.si\/velikonocni-cas\/binkosti-a-prikazali-so-se-jim-jeziki-podobni-plamenom-branko-balazic\/#breadcrumb"},"inLanguage":"en-US","potentialAction":[{"@type":"ReadAction","target":["https:\/\/www.salve.si\/velikonocni-cas\/binkosti-a-prikazali-so-se-jim-jeziki-podobni-plamenom-branko-balazic\/"]}]},{"@type":"BreadcrumbList","@id":"https:\/\/www.salve.si\/velikonocni-cas\/binkosti-a-prikazali-so-se-jim-jeziki-podobni-plamenom-branko-balazic\/#breadcrumb","itemListElement":[{"@type":"ListItem","position":1,"name":"Home","item":"https:\/\/www.salve.si\/"},{"@type":"ListItem","position":2,"name":"BINKO\u0160TI \u2013 Prikazali so se jim jeziki, podobni plamenom &#8211; Branko Bala\u017eic"}]},{"@type":"WebSite","@id":"https:\/\/www.salve.si\/#website","url":"https:\/\/www.salve.si\/","name":"Salve","description":"Salezijanska zalo\u017eba","publisher":{"@id":"https:\/\/www.salve.si\/#organization"},"potentialAction":[{"@type":"SearchAction","target":{"@type":"EntryPoint","urlTemplate":"https:\/\/www.salve.si\/?s={search_term_string}"},"query-input":{"@type":"PropertyValueSpecification","valueRequired":true,"valueName":"search_term_string"}}],"inLanguage":"en-US"},{"@type":"Organization","@id":"https:\/\/www.salve.si\/#organization","name":"Salve d.o.o.","url":"https:\/\/www.salve.si\/","logo":{"@type":"ImageObject","inLanguage":"en-US","@id":"https:\/\/www.salve.si\/#\/schema\/logo\/image\/","url":"https:\/\/www.salve.si\/wp-content\/uploads\/2021\/01\/Salve_logo_modri_nov_web.png","contentUrl":"https:\/\/www.salve.si\/wp-content\/uploads\/2021\/01\/Salve_logo_modri_nov_web.png","width":279,"height":90,"caption":"Salve d.o.o."},"image":{"@id":"https:\/\/www.salve.si\/#\/schema\/logo\/image\/"},"sameAs":["https:\/\/www.facebook.com\/salve.si","https:\/\/www.instagram.com\/zalozbasalve\/","https:\/\/www.linkedin.com\/company\/zalozba-salve\/"]},{"@type":"Person","@id":"https:\/\/www.salve.si\/#\/schema\/person\/781d5e8ed05f7e8c2b923e887b2a1170","name":"Simon \u0160enk"}]}},"_links":{"self":[{"href":"https:\/\/www.salve.si\/en\/wp-json\/wp\/v2\/posts\/3451","targetHints":{"allow":["GET"]}}],"collection":[{"href":"https:\/\/www.salve.si\/en\/wp-json\/wp\/v2\/posts"}],"about":[{"href":"https:\/\/www.salve.si\/en\/wp-json\/wp\/v2\/types\/post"}],"author":[{"embeddable":true,"href":"https:\/\/www.salve.si\/en\/wp-json\/wp\/v2\/users\/1"}],"replies":[{"embeddable":true,"href":"https:\/\/www.salve.si\/en\/wp-json\/wp\/v2\/comments?post=3451"}],"version-history":[{"count":0,"href":"https:\/\/www.salve.si\/en\/wp-json\/wp\/v2\/posts\/3451\/revisions"}],"wp:attachment":[{"href":"https:\/\/www.salve.si\/en\/wp-json\/wp\/v2\/media?parent=3451"}],"wp:term":[{"taxonomy":"category","embeddable":true,"href":"https:\/\/www.salve.si\/en\/wp-json\/wp\/v2\/categories?post=3451"},{"taxonomy":"post_tag","embeddable":true,"href":"https:\/\/www.salve.si\/en\/wp-json\/wp\/v2\/tags?post=3451"}],"curies":[{"name":"wp","href":"https:\/\/api.w.org\/{rel}","templated":true}]}}