{"id":3424,"date":"2011-09-08T10:00:27","date_gmt":"2011-09-08T08:00:27","guid":{"rendered":"http:\/\/2018.salve.si\/?p=3424"},"modified":"2018-05-31T16:41:53","modified_gmt":"2018-05-31T14:41:53","slug":"mali-smaren-a-kjer-je-mati-je-ljubezen-je-rojstvo-je-otrok-je-beseda-je-zivljenje-joze-zadravec","status":"publish","type":"post","link":"https:\/\/www.salve.si\/en\/cas-med-letom\/mali-smaren-a-kjer-je-mati-je-ljubezen-je-rojstvo-je-otrok-je-beseda-je-zivljenje-joze-zadravec\/","title":{"rendered":"Mali \u0160maren &#8211; Kjer je mati, je ljubezen, je rojstvo, je otrok, je beseda, je \u017eivljenje! &#8211; Jo\u017ee Zadravec"},"content":{"rendered":"<p>Ni na svetu dragocenej\u0161e, \u017elahtnej\u0161e vezenine od te, ki jo spletajo besede: mati, materinstvo, rojstvo, otrok, otro\u0161tvo. Pomenijo namre\u010d \u017eivljenje, ta pre\u010dude\u017eni dar matere, zemlje in vesolja. Kjer je mati, je ljubezen, je rojstvo, je otrok, je beseda vseh besed. Mati vseh mater je Bo\u017eja mati, mati Kristusova in mati vseh nas. Od tod psalmistu navdih za hvalnico vsemu stvarstvu v njegovem nenehnem presnavljanju, prerajanju, vedno novem rojstvu. Od tod tudi toliko Marijinih praznikov v cerkvenem letu \u2013 ker je mati. Od tod toliko lepih Marijinih pesmi \u2013 ker je mati. Od tod imajo v srcu slednjega kristjana posebno mesto Marijine pesmi \u2013 ker je mati. Od tod slovensko razpoznavno znamenje, ko se ob njenih paznikih zgrinjajo mno\u017eice k Marijinim cerkvam, da je milostna Marijina podoba na Brezjah z naslovom \u00bbMarija Pomagaj\u00ab postala tako zna\u010dilno slovenska, kakor je \u010denstohovska Marija za Poljake, Gospa sveta za na\u0161e koro\u0161ke rojake, Marija v Fatimi in Lurdu za vso Evropo. Od tod prastara in \u010dastitljiva navada na\u0161ih davno davnih prednikov, od petega stoletja naprej, da so posebej obhajali Marijin praznik \u2013 veliki in mali \u0161maren \u2013 zato ker je mati. Od tod \u017ee v dvanajstem stoletju najstarej\u0161a upodobitev Marije \u2013 ker je Bo\u017eja in na\u0161a mati. Od tod ne\u0161tete mno\u017eice romarjev k Mariji \u2013 ker je Pieta \/ So\u010dutna. Trpe\u010dim je bila vselej podoba upanja, k Mariji so se zatekali v trpljenju, da bi ga prestajali in do\u017eiveli preobrazbo svojega trpljenja in \u017ealosti.<br \/>\nPieta ponazarja trpljenje v \u017eivljenju vsake \u017eenske, vsake matere, ki je izgubila otroka, trpljenje vsake \u017eenske, ki se je morala odpovedati ne\u010demu, kar ji je bilo ljubo in dragoceno.<br \/>\n\u00bb\u010clovek je imenoval svojo \u017eeno Eva, ker je postala mati vseh \u017eivih,\u00ab je zapisano v prvi Mojzesovi knjigi. Eva je mati \u017eivljenja, poraja ga, varuje, goji ga, neguje, vsa je v slu\u017ebi \u017eivljenja. Mati mnogih potomcev je postala Hag\u00e1ra \u2013 Abrahamu je rodila veliko otrok. Angel ji je napovedal: \u00bbSilno bom namno\u017eil tvoje potomstvo, da ga ne bo mogo\u010de pre\u0161teti. Glej, spo\u010dela si in rodila sina, daj mu ime Izmael (kar pomeni \u00bbBog sli\u0161i\u00ab), kajti Bog te je sli\u0161al v tvoji stiski.\u00ab Hagara je spoznala, da jo Bog vidi v dostojanstvu \u017eene in matere, \u010desar ji nih\u010de ne more odvzeti. V sebi nosi nekaj bo\u017ejega, nad \u010dimer nih\u010de na svetu nima mo\u010di, \u010desar ji nih\u010de na svetu ne more odvzeti.<br \/>\nV starih kulturah so \u017eenske upodabljali s simboli: s posodo ali loncem. Lonec ponazarja tisto, kar se ohranja, a v loncu se tudi kuha, tako se tisto, kar se kuha spreminja v hrano.<br \/>\nSvetopisemska Ana, Marijina mati, velja za modro \u017eensko, pomeni \u00bbblagoslovljena od Boga\u00ab, Bog jo je obdaril z darom prero\u0161tva in modrosti, zato je njeno \u017eivljenje sre\u010dno, njena modrost ji pomaga najti notranji mir. O svetopisemski \u017eeni Juditi je zapisano, da je \u00bbbila \u010dedne postave in zelo lepega obraza\u00ab, nih\u010de o njej ni mogel re\u010di ni\u010d slabega, bila je bogaboje\u010da, njeno zunanje bogastvo je podoba zaklada, ki ga je nosila v sebi. \u017divela je iz Boga kot svojega najglobljega temelja. \u00bbTi si poveli\u010danje Jeruzalema, ti velika slava Izraela, ti ponos na\u0161ega ljudstva,\u00ab pi\u0161e o njej Sveto pismo. Evangelist Luka govori o Lidiji, sposobni trgovki, a\u00a0 bogaboje\u010di \u017eenski, dala se je krstiti ona in\u00a0 vsi, ki so v njeni hi\u0161i bivali, hi\u0161o spremenila v kraj molitve in misijonsko postojanko za apostola Pavla. V zgodnji cerkvi je bilo mnogo \u017eena, ki so svoje hi\u0161e ponudile za ob\u010dasne bogoslu\u017ene obrede, pomagale so ljudem v stiski, skrbele za misijonarje, smele so tudi kr\u0161\u010devati, bile so \u00bbvaruhinje svetega ognja\u00ab. \u017dena pomeni biti sve\u010denica, varuhinja miru in ljubezni, dru\u017einske topline, otrokom pribli\u017ea vero, skrbi, da vera postane del na\u0161ega dru\u017einskega \u017eivljenja, pomaga ljudem, da najdejo pot k sebi in Bogu.<br \/>\nMarijo, Jezusovo mater, so najve\u010dji umetniki v obdobju gotike, upodabljali kot izredno lepo \u017eensko, tudi kot samozavestno mater, kot zavetnico, ki pod svojim \u0161irokim pla\u0161\u010dem varuje ljudi, upodabljali so jo kot kraljico z \u017eezlom v roki, s krono na glavi, stoje\u010do na mesecu. Njeno glavo o\u017earjajo zvezde, s \u010dimer sta simboli\u010dno izra\u017eena njeno dostojanstvo in njena povezanost z vesoljem. Umetniki so ustvarjali mogo\u010dne podobe Marije, zavedali so se namre\u010d, da je ona \u010dlovek, a so v njej prepoznavali skrivnost \u017eenske, ki preobra\u017ea. Bog se po njej razodeva kot tisti, ki preobra\u017ea. Po njem se svet spreminja v en sam veli\u010dastni praznik. Dobro je to ubesedil pesnik \u0160alamun: \u00bbJaz nisem nobena po\u0161ast s kompetencami, ampak prijazen \u010dlovek, ki \u017eivi in verjame v veli\u010dastno, mo\u010dno in ne\u017eno transformacijo \u010dlove\u0161tva in vesolja v praznik!\u00ab<br \/>\nVe\u010d kot pol stoletja spleta slovenskemu \u010dloveku venec poezije \u2013 Tone Pav\u010dek, pesnik, ki se mu \u017eivljenjski lok nagloma spu\u0161\u010da. V ve\u010d kot trideset pesni\u0161kih zbirk so najlep\u0161e pesmi tiste, ki govorijo o materah in otrocih. V njih blagruje \u017eene, matere, ki svetu podarjajo nova \u017eivljenja. \u00bbBog daj sre\u010de,\u00ab pozdravlja rojstvo otroka zdaj v poeti\u010dni zdaj v prozni obliki. \u00bbNaj pride zmagovat in ljubit na ta svet, naj ga po\u0161ljejo med nas, da bo spet eno sonce na zemlji ve\u010d. Da bo ne le eden svetlej\u0161i od te svetlobe, da bodo ne le eni sre\u010dni od te prihajajo\u010de sre\u010de! Tedaj, v takih trenutkih sem od prihodnje sre\u010de sre\u010den \u0161e sam. In ko blagrujem \u017eivljenje, ta najve\u010dji dar, ki nam je bil dan in ki se nenehno deli iz nekih neskon\u010dno bogatih rok med nas, reve\u017ee in romarje, radosti te resnice potrebne. Takrat ne vem za seme sence, a za sama sonca.\u00ab<br \/>\nLjubljana Rakovnik, Jo\u017ee Zadravec, praznik Marijinega rojstva \u2013 mali \u0161maren, 8. sept. 2011<span class=\"slv-content-keywords\"> A \u010cas med letom <\/span><\/p>","protected":false},"excerpt":{"rendered":"<p>Ni na svetu dragocenej\u0161e, \u017elahtnej\u0161e vezenine od te, ki jo spletajo besede: mati, materinstvo, rojstvo, otrok, otro\u0161tvo. Pomenijo namre\u010d \u017eivljenje, ta pre\u010dude\u017eni dar matere, zemlje in vesolja. Kjer je mati, je ljubezen, je rojstvo, je otrok, je beseda vseh besed. Mati vseh mater je Bo\u017eja mati, mati Kristusova in mati vseh nas. Od tod psalmistu<a href=\"https:\/\/www.salve.si\/en\/cas-med-letom\/mali-smaren-a-kjer-je-mati-je-ljubezen-je-rojstvo-je-otrok-je-beseda-je-zivljenje-joze-zadravec\/\">&#8230;<\/a><\/p>","protected":false},"author":1,"featured_media":0,"comment_status":"closed","ping_status":"open","sticky":false,"template":"","format":"standard","meta":{"_acf_changed":false,"footnotes":""},"categories":[654],"tags":[649],"class_list":["post-3424","post","type-post","status-publish","format-standard","hentry","category-cas-med-letom","tag-leto-a"],"acf":[],"yoast_head":"<!-- This site is optimized with the Yoast SEO plugin v23.8 - https:\/\/yoast.com\/wordpress\/plugins\/seo\/ -->\n<title>Mali \u0160maren - Kjer je mati, je ljubezen, je rojstvo, je otrok, je beseda, je \u017eivljenje! - Jo\u017ee Zadravec - Salve<\/title>\n<meta name=\"robots\" content=\"noindex, follow\" \/>\n<meta property=\"og:locale\" content=\"en_US\" \/>\n<meta property=\"og:type\" content=\"article\" \/>\n<meta property=\"og:title\" content=\"Mali \u0160maren - Kjer je mati, je ljubezen, je rojstvo, je otrok, je beseda, je \u017eivljenje! - Jo\u017ee Zadravec - Salve\" \/>\n<meta property=\"og:description\" content=\"Ni na svetu dragocenej\u0161e, \u017elahtnej\u0161e vezenine od te, ki jo spletajo besede: mati, materinstvo, rojstvo, otrok, otro\u0161tvo. Pomenijo namre\u010d \u017eivljenje, ta pre\u010dude\u017eni dar matere, zemlje in vesolja. Kjer je mati, je ljubezen, je rojstvo, je otrok, je beseda vseh besed. Mati vseh mater je Bo\u017eja mati, mati Kristusova in mati vseh nas. Od tod psalmistu...\" \/>\n<meta property=\"og:url\" content=\"https:\/\/www.salve.si\/en\/cas-med-letom\/mali-smaren-a-kjer-je-mati-je-ljubezen-je-rojstvo-je-otrok-je-beseda-je-zivljenje-joze-zadravec\/\" \/>\n<meta property=\"og:site_name\" content=\"Salve\" \/>\n<meta property=\"article:publisher\" content=\"https:\/\/www.facebook.com\/salve.si\" \/>\n<meta property=\"article:published_time\" content=\"2011-09-08T08:00:27+00:00\" \/>\n<meta property=\"article:modified_time\" content=\"2018-05-31T14:41:53+00:00\" \/>\n<meta property=\"og:image\" content=\"https:\/\/www.salve.si\/wp-content\/uploads\/2026\/01\/salve-og1.jpg\" \/>\n\t<meta property=\"og:image:width\" content=\"1200\" \/>\n\t<meta property=\"og:image:height\" content=\"630\" \/>\n\t<meta property=\"og:image:type\" content=\"image\/jpeg\" \/>\n<meta name=\"author\" content=\"Simon \u0160enk\" \/>\n<meta name=\"twitter:card\" content=\"summary_large_image\" \/>\n<meta name=\"twitter:label1\" content=\"Written by\" \/>\n\t<meta name=\"twitter:data1\" content=\"Simon \u0160enk\" \/>\n\t<meta name=\"twitter:label2\" content=\"Est. reading time\" \/>\n\t<meta name=\"twitter:data2\" content=\"5 minutes\" \/>\n<script type=\"application\/ld+json\" class=\"yoast-schema-graph\">{\"@context\":\"https:\/\/schema.org\",\"@graph\":[{\"@type\":\"Article\",\"@id\":\"https:\/\/www.salve.si\/cas-med-letom\/mali-smaren-a-kjer-je-mati-je-ljubezen-je-rojstvo-je-otrok-je-beseda-je-zivljenje-joze-zadravec\/#article\",\"isPartOf\":{\"@id\":\"https:\/\/www.salve.si\/cas-med-letom\/mali-smaren-a-kjer-je-mati-je-ljubezen-je-rojstvo-je-otrok-je-beseda-je-zivljenje-joze-zadravec\/\"},\"author\":{\"name\":\"Simon \u0160enk\",\"@id\":\"https:\/\/www.salve.si\/#\/schema\/person\/781d5e8ed05f7e8c2b923e887b2a1170\"},\"headline\":\"Mali \u0160maren &#8211; Kjer je mati, je ljubezen, je rojstvo, je otrok, je beseda, je \u017eivljenje! &#8211; Jo\u017ee Zadravec\",\"datePublished\":\"2011-09-08T08:00:27+00:00\",\"dateModified\":\"2018-05-31T14:41:53+00:00\",\"mainEntityOfPage\":{\"@id\":\"https:\/\/www.salve.si\/cas-med-letom\/mali-smaren-a-kjer-je-mati-je-ljubezen-je-rojstvo-je-otrok-je-beseda-je-zivljenje-joze-zadravec\/\"},\"wordCount\":1005,\"publisher\":{\"@id\":\"https:\/\/www.salve.si\/#organization\"},\"keywords\":[\"A\"],\"articleSection\":[\"\u010cas med letom\"],\"inLanguage\":\"en-US\"},{\"@type\":\"WebPage\",\"@id\":\"https:\/\/www.salve.si\/cas-med-letom\/mali-smaren-a-kjer-je-mati-je-ljubezen-je-rojstvo-je-otrok-je-beseda-je-zivljenje-joze-zadravec\/\",\"url\":\"https:\/\/www.salve.si\/cas-med-letom\/mali-smaren-a-kjer-je-mati-je-ljubezen-je-rojstvo-je-otrok-je-beseda-je-zivljenje-joze-zadravec\/\",\"name\":\"Mali \u0160maren - Kjer je mati, je ljubezen, je rojstvo, je otrok, je beseda, je \u017eivljenje! - Jo\u017ee Zadravec - Salve\",\"isPartOf\":{\"@id\":\"https:\/\/www.salve.si\/#website\"},\"datePublished\":\"2011-09-08T08:00:27+00:00\",\"dateModified\":\"2018-05-31T14:41:53+00:00\",\"breadcrumb\":{\"@id\":\"https:\/\/www.salve.si\/cas-med-letom\/mali-smaren-a-kjer-je-mati-je-ljubezen-je-rojstvo-je-otrok-je-beseda-je-zivljenje-joze-zadravec\/#breadcrumb\"},\"inLanguage\":\"en-US\",\"potentialAction\":[{\"@type\":\"ReadAction\",\"target\":[\"https:\/\/www.salve.si\/cas-med-letom\/mali-smaren-a-kjer-je-mati-je-ljubezen-je-rojstvo-je-otrok-je-beseda-je-zivljenje-joze-zadravec\/\"]}]},{\"@type\":\"BreadcrumbList\",\"@id\":\"https:\/\/www.salve.si\/cas-med-letom\/mali-smaren-a-kjer-je-mati-je-ljubezen-je-rojstvo-je-otrok-je-beseda-je-zivljenje-joze-zadravec\/#breadcrumb\",\"itemListElement\":[{\"@type\":\"ListItem\",\"position\":1,\"name\":\"Home\",\"item\":\"https:\/\/www.salve.si\/\"},{\"@type\":\"ListItem\",\"position\":2,\"name\":\"Mali \u0160maren &#8211; Kjer je mati, je ljubezen, je rojstvo, je otrok, je beseda, je \u017eivljenje! &#8211; Jo\u017ee Zadravec\"}]},{\"@type\":\"WebSite\",\"@id\":\"https:\/\/www.salve.si\/#website\",\"url\":\"https:\/\/www.salve.si\/\",\"name\":\"Salve\",\"description\":\"Salezijanska zalo\u017eba\",\"publisher\":{\"@id\":\"https:\/\/www.salve.si\/#organization\"},\"potentialAction\":[{\"@type\":\"SearchAction\",\"target\":{\"@type\":\"EntryPoint\",\"urlTemplate\":\"https:\/\/www.salve.si\/?s={search_term_string}\"},\"query-input\":{\"@type\":\"PropertyValueSpecification\",\"valueRequired\":true,\"valueName\":\"search_term_string\"}}],\"inLanguage\":\"en-US\"},{\"@type\":\"Organization\",\"@id\":\"https:\/\/www.salve.si\/#organization\",\"name\":\"Salve d.o.o.\",\"url\":\"https:\/\/www.salve.si\/\",\"logo\":{\"@type\":\"ImageObject\",\"inLanguage\":\"en-US\",\"@id\":\"https:\/\/www.salve.si\/#\/schema\/logo\/image\/\",\"url\":\"https:\/\/www.salve.si\/wp-content\/uploads\/2021\/01\/Salve_logo_modri_nov_web.png\",\"contentUrl\":\"https:\/\/www.salve.si\/wp-content\/uploads\/2021\/01\/Salve_logo_modri_nov_web.png\",\"width\":279,\"height\":90,\"caption\":\"Salve d.o.o.\"},\"image\":{\"@id\":\"https:\/\/www.salve.si\/#\/schema\/logo\/image\/\"},\"sameAs\":[\"https:\/\/www.facebook.com\/salve.si\",\"https:\/\/www.instagram.com\/zalozbasalve\/\",\"https:\/\/www.linkedin.com\/company\/zalozba-salve\/\"]},{\"@type\":\"Person\",\"@id\":\"https:\/\/www.salve.si\/#\/schema\/person\/781d5e8ed05f7e8c2b923e887b2a1170\",\"name\":\"Simon \u0160enk\"}]}<\/script>\n<!-- \/ Yoast SEO plugin. -->","yoast_head_json":{"title":"Mali \u0160maren - Kjer je mati, je ljubezen, je rojstvo, je otrok, je beseda, je \u017eivljenje! - Jo\u017ee Zadravec - Salve","robots":{"index":"noindex","follow":"follow"},"og_locale":"en_US","og_type":"article","og_title":"Mali \u0160maren - Kjer je mati, je ljubezen, je rojstvo, je otrok, je beseda, je \u017eivljenje! - Jo\u017ee Zadravec - Salve","og_description":"Ni na svetu dragocenej\u0161e, \u017elahtnej\u0161e vezenine od te, ki jo spletajo besede: mati, materinstvo, rojstvo, otrok, otro\u0161tvo. Pomenijo namre\u010d \u017eivljenje, ta pre\u010dude\u017eni dar matere, zemlje in vesolja. Kjer je mati, je ljubezen, je rojstvo, je otrok, je beseda vseh besed. Mati vseh mater je Bo\u017eja mati, mati Kristusova in mati vseh nas. Od tod psalmistu...","og_url":"https:\/\/www.salve.si\/en\/cas-med-letom\/mali-smaren-a-kjer-je-mati-je-ljubezen-je-rojstvo-je-otrok-je-beseda-je-zivljenje-joze-zadravec\/","og_site_name":"Salve","article_publisher":"https:\/\/www.facebook.com\/salve.si","article_published_time":"2011-09-08T08:00:27+00:00","article_modified_time":"2018-05-31T14:41:53+00:00","og_image":[{"width":1200,"height":630,"url":"https:\/\/www.salve.si\/wp-content\/uploads\/2026\/01\/salve-og1.jpg","type":"image\/jpeg"}],"author":"Simon \u0160enk","twitter_card":"summary_large_image","twitter_misc":{"Written by":"Simon \u0160enk","Est. reading time":"5 minutes"},"schema":{"@context":"https:\/\/schema.org","@graph":[{"@type":"Article","@id":"https:\/\/www.salve.si\/cas-med-letom\/mali-smaren-a-kjer-je-mati-je-ljubezen-je-rojstvo-je-otrok-je-beseda-je-zivljenje-joze-zadravec\/#article","isPartOf":{"@id":"https:\/\/www.salve.si\/cas-med-letom\/mali-smaren-a-kjer-je-mati-je-ljubezen-je-rojstvo-je-otrok-je-beseda-je-zivljenje-joze-zadravec\/"},"author":{"name":"Simon \u0160enk","@id":"https:\/\/www.salve.si\/#\/schema\/person\/781d5e8ed05f7e8c2b923e887b2a1170"},"headline":"Mali \u0160maren &#8211; Kjer je mati, je ljubezen, je rojstvo, je otrok, je beseda, je \u017eivljenje! &#8211; Jo\u017ee Zadravec","datePublished":"2011-09-08T08:00:27+00:00","dateModified":"2018-05-31T14:41:53+00:00","mainEntityOfPage":{"@id":"https:\/\/www.salve.si\/cas-med-letom\/mali-smaren-a-kjer-je-mati-je-ljubezen-je-rojstvo-je-otrok-je-beseda-je-zivljenje-joze-zadravec\/"},"wordCount":1005,"publisher":{"@id":"https:\/\/www.salve.si\/#organization"},"keywords":["A"],"articleSection":["\u010cas med letom"],"inLanguage":"en-US"},{"@type":"WebPage","@id":"https:\/\/www.salve.si\/cas-med-letom\/mali-smaren-a-kjer-je-mati-je-ljubezen-je-rojstvo-je-otrok-je-beseda-je-zivljenje-joze-zadravec\/","url":"https:\/\/www.salve.si\/cas-med-letom\/mali-smaren-a-kjer-je-mati-je-ljubezen-je-rojstvo-je-otrok-je-beseda-je-zivljenje-joze-zadravec\/","name":"Mali \u0160maren - Kjer je mati, je ljubezen, je rojstvo, je otrok, je beseda, je \u017eivljenje! - Jo\u017ee Zadravec - Salve","isPartOf":{"@id":"https:\/\/www.salve.si\/#website"},"datePublished":"2011-09-08T08:00:27+00:00","dateModified":"2018-05-31T14:41:53+00:00","breadcrumb":{"@id":"https:\/\/www.salve.si\/cas-med-letom\/mali-smaren-a-kjer-je-mati-je-ljubezen-je-rojstvo-je-otrok-je-beseda-je-zivljenje-joze-zadravec\/#breadcrumb"},"inLanguage":"en-US","potentialAction":[{"@type":"ReadAction","target":["https:\/\/www.salve.si\/cas-med-letom\/mali-smaren-a-kjer-je-mati-je-ljubezen-je-rojstvo-je-otrok-je-beseda-je-zivljenje-joze-zadravec\/"]}]},{"@type":"BreadcrumbList","@id":"https:\/\/www.salve.si\/cas-med-letom\/mali-smaren-a-kjer-je-mati-je-ljubezen-je-rojstvo-je-otrok-je-beseda-je-zivljenje-joze-zadravec\/#breadcrumb","itemListElement":[{"@type":"ListItem","position":1,"name":"Home","item":"https:\/\/www.salve.si\/"},{"@type":"ListItem","position":2,"name":"Mali \u0160maren &#8211; Kjer je mati, je ljubezen, je rojstvo, je otrok, je beseda, je \u017eivljenje! &#8211; Jo\u017ee Zadravec"}]},{"@type":"WebSite","@id":"https:\/\/www.salve.si\/#website","url":"https:\/\/www.salve.si\/","name":"Salve","description":"Salezijanska zalo\u017eba","publisher":{"@id":"https:\/\/www.salve.si\/#organization"},"potentialAction":[{"@type":"SearchAction","target":{"@type":"EntryPoint","urlTemplate":"https:\/\/www.salve.si\/?s={search_term_string}"},"query-input":{"@type":"PropertyValueSpecification","valueRequired":true,"valueName":"search_term_string"}}],"inLanguage":"en-US"},{"@type":"Organization","@id":"https:\/\/www.salve.si\/#organization","name":"Salve d.o.o.","url":"https:\/\/www.salve.si\/","logo":{"@type":"ImageObject","inLanguage":"en-US","@id":"https:\/\/www.salve.si\/#\/schema\/logo\/image\/","url":"https:\/\/www.salve.si\/wp-content\/uploads\/2021\/01\/Salve_logo_modri_nov_web.png","contentUrl":"https:\/\/www.salve.si\/wp-content\/uploads\/2021\/01\/Salve_logo_modri_nov_web.png","width":279,"height":90,"caption":"Salve d.o.o."},"image":{"@id":"https:\/\/www.salve.si\/#\/schema\/logo\/image\/"},"sameAs":["https:\/\/www.facebook.com\/salve.si","https:\/\/www.instagram.com\/zalozbasalve\/","https:\/\/www.linkedin.com\/company\/zalozba-salve\/"]},{"@type":"Person","@id":"https:\/\/www.salve.si\/#\/schema\/person\/781d5e8ed05f7e8c2b923e887b2a1170","name":"Simon \u0160enk"}]}},"_links":{"self":[{"href":"https:\/\/www.salve.si\/en\/wp-json\/wp\/v2\/posts\/3424","targetHints":{"allow":["GET"]}}],"collection":[{"href":"https:\/\/www.salve.si\/en\/wp-json\/wp\/v2\/posts"}],"about":[{"href":"https:\/\/www.salve.si\/en\/wp-json\/wp\/v2\/types\/post"}],"author":[{"embeddable":true,"href":"https:\/\/www.salve.si\/en\/wp-json\/wp\/v2\/users\/1"}],"replies":[{"embeddable":true,"href":"https:\/\/www.salve.si\/en\/wp-json\/wp\/v2\/comments?post=3424"}],"version-history":[{"count":0,"href":"https:\/\/www.salve.si\/en\/wp-json\/wp\/v2\/posts\/3424\/revisions"}],"wp:attachment":[{"href":"https:\/\/www.salve.si\/en\/wp-json\/wp\/v2\/media?parent=3424"}],"wp:term":[{"taxonomy":"category","embeddable":true,"href":"https:\/\/www.salve.si\/en\/wp-json\/wp\/v2\/categories?post=3424"},{"taxonomy":"post_tag","embeddable":true,"href":"https:\/\/www.salve.si\/en\/wp-json\/wp\/v2\/tags?post=3424"}],"curies":[{"name":"wp","href":"https:\/\/api.w.org\/{rel}","templated":true}]}}