{"id":21370,"date":"2026-04-24T07:58:04","date_gmt":"2026-04-24T05:58:04","guid":{"rendered":"https:\/\/www.salve.si\/?p=21370"},"modified":"2026-03-12T08:04:12","modified_gmt":"2026-03-12T07:04:12","slug":"4-velikonocna-nedelja-a-2026","status":"publish","type":"post","link":"https:\/\/www.salve.si\/en\/velikonocni-cas\/4-velikonocna-nedelja-a-2026\/","title":{"rendered":"4. velikono\u010dna nedelja \u2013 A 2026"},"content":{"rendered":"<p><strong>Zaupam ti, ker se ob tebi dobro po\u010dutim.<\/strong><\/p>\n<p>Kako smo se po\u010dutili v \u010dasu kovida? Jaz sem imel ve\u010dkrat ob\u010dutek, da smo postali \u010dreda, ki ne razmi\u0161lja, temve\u010d slepo sledi voditelju. Po\u010dutiti se kot \u010dreda, se je marsikomu zdela edina prava re\u0161itev. In tako smo si iz dneva v dan vedno bolj prisvajali identiteto \u010drede, ki ne misli, ker drugi mislijo namesto nje.<\/p>\n<p>Ko razmi\u0161ljamo bolj trezno, nam je identiteta \u010drede tuja, nekaj, \u010desar se mora\u0161 znebiti, ker ni v skladu s tvojo naravo. Vsi ho\u010demo biti avtonomni, neodvisni, samozadostni. Tako je razmi\u0161ljal \u017ee Nietzsche, ki je zapisal: \u00bbOpazuj \u010dredo, ki se pase pred teboj: ni\u010d ne ve, kaj je bilo v\u010deraj in kaj bo danes; ska\u010de okoli, je, prebavlja in ponovno ska\u010de. Tako se dogaja od jutra do ve\u010dera, dan za dnevom, ko v kratkih trenutkih ob\u010duti svoje ugodje in neugodje, ko je osredoto\u010dena na kratek trenutek in zato ni ne \u017ealostna ne zdolgo\u010dasena ne sre\u010dna.\u00ab<\/p>\n<p>In vendar je podoba o \u010dredi zelo pogosta v evangeljskih odlomkih. \u010cim bolj odkrivamo to podobo, toliko bolj \u010dutimo, kaj je Jezus \u010dutil, ko je opazoval mno\u017eico, ki mu je sledila in ga poslu\u0161ala: \u00bbKo se je Jezus izkrcal, je zagledal veliko mno\u017eico. Zasmilili so se mu, ker so bili kakor ovce, ki nimajo pastirja, in jih je za\u010del u\u010diti mnogo stvari.\u00ab<\/p>\n<p>Kaj je \u010dreda brez pastirja? Kaj smo mi brez Jezusa, ki nas nagovarja?<\/p>\n<p>Evangelist Janez nam je danes govoril o \u010dredi ovac, ki je v ov\u010dji staji. Govoril je o skupnosti, ki se \u010duti varna znotraj svoje ograje. Toda ta ograja ne predstavlja stoodstotne za\u0161\u010dite, ker jo je mogo\u010de na razli\u010dne na\u010dine prekora\u010diti: ne vstopa\u0161 le skozi glavna vrata, ampak je mogo\u010de ograjo preplezati in vstopiti tam, kjer te nih\u010de ne pri\u010dakuje. Kdor vstopa skozi vrata, ni\u010d ne skriva, kdor pa prihaja na dvori\u0161\u010de na druga\u010den na\u010din, nekaj skriva in ni po\u0161ten.<\/p>\n<p>Kaj se nam dogaja v vsakdanjem \u017eivljenju: nekateri se nam predstavijo tak\u0161ni kot so, ni\u010d ne skrivajo, ne gledajo, \u010de so slu\u010dajno postavljene kamere, zato njihovi obrazi niso zakriti. Sre\u010damo pa tudi osebe, ki bi nas rade izkoristile, zato ne prosijo za dovoljenje, \u010de lahko vstopijo. Ko jih vidimo se za\u010dnemo tresti od strahu. Ni\u010d druga\u010de ni v na\u0161i skupnosti, ki ji pravimo Cerkev: nekateri se nam predstavijo kot pastirji, pa \u010deprav nimajo pojma, kako je treba \u010dredo voditi. V ozadju je skrita \u017eelja, kako bi nas izkoristili in nas spravili na pa\u0161nike, kjer ni sve\u017ee, so\u010dne trave, ampak samo trnje in osat.<\/p>\n<p>Jezus se nam je predstavi kot po\u0161ten pastir, ki vstopa skozi glavna vrata. Predstavi se nam in prosi, \u010de lahko vstopi v na\u0161e \u017eivljenje. Preden nas povabi za seboj, pri\u010dakuje, da ga bomo vzljubili, da ga bomo poslu\u0161ali, da se bomo navadili na njegov glas do te mere, da ga bomo sposobni lo\u010diti od vseh drugih glasov. \u0160ele, ko ga bomo dobro spoznali, ko se bomo \u010dustveno navezali nanj, mu lahko sledimo in zapustimo varno stajo. Ko dobro poznamo Jezusov glas, lahko hodimo brez strahu med prevaranti in smo se sposobni odpovedati zapeljivim ponudbam potro\u0161ni\u0161ke dru\u017ebe.<\/p>\n<p>Kako lahko vstopimo v varno stajo, \u010de smo se umazali od tega sveta, ko smo hodili po te\u017ekih stranpoteh, vedno v strahu pred tatovi in volkovi? Vedeti moramo, da Jezus ni le pastir, ki nas vodi na so\u010dne pa\u0161nike, ampak predstavlja tudi vrata, skozi katera vstopamo v varno stajo. Tudi mi lahko na razli\u010dne na\u010dine vstopamo v cerkveno skupnost, vendar je pravi na\u010din samo eden: vstopiti moramo po Jezusu, po evangeliju, z logiko odpu\u0161\u010danja, poni\u017enosti in slu\u017eenja. \u010ce ho\u010demo biti zares sre\u010dni, imamo samo en na\u010din, kako to postanemo: z \u017eivljenjem po evangeliju. Kdor \u017eivi po evangeliju je zares varen, ker sledi pravemu pastirju, Jezusu. Samo tisti, ki evangelij spremeni v na\u010din \u017eivljenja, se po\u010duti v Cerkvi varen in hkrati tudi aktiven \u010dlan skupnosti. Kdor sledi Jezusu tudi sam postane pastir, ki se ne boji vstopiti skozi glavna vrata v stajo.<\/p>\n<p><strong>\u017dupnik Branko Bala\u017eic SDB<\/strong><span class=\"slv-content-keywords\"> Leto A Nedeljska meditacija Velikono\u010dni \u010das <\/span><\/p>","protected":false},"excerpt":{"rendered":"<p>Zaupam ti, ker se ob tebi dobro po\u010dutim. Kako smo se po\u010dutili v \u010dasu kovida? Jaz sem imel ve\u010dkrat ob\u010dutek, da smo postali \u010dreda, ki ne razmi\u0161lja, temve\u010d slepo sledi voditelju. Po\u010dutiti se kot \u010dreda, se je marsikomu zdela edina prava re\u0161itev. In tako smo si iz dneva v dan vedno bolj prisvajali identiteto \u010drede,<a href=\"https:\/\/www.salve.si\/en\/velikonocni-cas\/4-velikonocna-nedelja-a-2026\/\">&#8230;<\/a><\/p>","protected":false},"author":5143,"featured_media":0,"comment_status":"open","ping_status":"open","sticky":false,"template":"","format":"standard","meta":{"_acf_changed":false,"footnotes":""},"categories":[1177,925,652],"tags":[649,927,1065],"class_list":["post-21370","post","type-post","status-publish","format-standard","hentry","category-leto-a","category-nedeljska-meditacija","category-velikonocni-cas","tag-leto-a","tag-nedeljska-meditacija","tag-velikonocni-cas"],"acf":[],"yoast_head":"<!-- This site is optimized with the Yoast SEO plugin v23.8 - https:\/\/yoast.com\/wordpress\/plugins\/seo\/ -->\n<title>4. velikono\u010dna nedelja \u2013 A 2026 - Salve<\/title>\n<meta name=\"robots\" content=\"noindex, follow\" \/>\n<meta property=\"og:locale\" content=\"en_US\" \/>\n<meta property=\"og:type\" content=\"article\" \/>\n<meta property=\"og:title\" content=\"4. velikono\u010dna nedelja \u2013 A 2026 - Salve\" \/>\n<meta property=\"og:description\" content=\"Zaupam ti, ker se ob tebi dobro po\u010dutim. Kako smo se po\u010dutili v \u010dasu kovida? Jaz sem imel ve\u010dkrat ob\u010dutek, da smo postali \u010dreda, ki ne razmi\u0161lja, temve\u010d slepo sledi voditelju. Po\u010dutiti se kot \u010dreda, se je marsikomu zdela edina prava re\u0161itev. In tako smo si iz dneva v dan vedno bolj prisvajali identiteto \u010drede,...\" \/>\n<meta property=\"og:url\" content=\"https:\/\/www.salve.si\/en\/velikonocni-cas\/4-velikonocna-nedelja-a-2026\/\" \/>\n<meta property=\"og:site_name\" content=\"Salve\" \/>\n<meta property=\"article:publisher\" content=\"https:\/\/www.facebook.com\/salve.si\" \/>\n<meta property=\"article:published_time\" content=\"2026-04-24T05:58:04+00:00\" \/>\n<meta property=\"article:modified_time\" content=\"2026-03-12T07:04:12+00:00\" \/>\n<meta property=\"og:image\" content=\"https:\/\/www.salve.si\/wp-content\/uploads\/2026\/01\/salve-og1.jpg\" \/>\n\t<meta property=\"og:image:width\" content=\"1200\" \/>\n\t<meta property=\"og:image:height\" content=\"630\" \/>\n\t<meta property=\"og:image:type\" content=\"image\/jpeg\" \/>\n<meta name=\"author\" content=\"Matev\u017e Kozinc\" \/>\n<meta name=\"twitter:card\" content=\"summary_large_image\" \/>\n<meta name=\"twitter:label1\" content=\"Written by\" \/>\n\t<meta name=\"twitter:data1\" content=\"Matev\u017e Kozinc\" \/>\n\t<meta name=\"twitter:label2\" content=\"Est. reading time\" \/>\n\t<meta name=\"twitter:data2\" content=\"4 minutes\" \/>\n<script type=\"application\/ld+json\" class=\"yoast-schema-graph\">{\"@context\":\"https:\/\/schema.org\",\"@graph\":[{\"@type\":\"Article\",\"@id\":\"https:\/\/www.salve.si\/velikonocni-cas\/4-velikonocna-nedelja-a-2026\/#article\",\"isPartOf\":{\"@id\":\"https:\/\/www.salve.si\/velikonocni-cas\/4-velikonocna-nedelja-a-2026\/\"},\"author\":{\"name\":\"Matev\u017e Kozinc\",\"@id\":\"https:\/\/www.salve.si\/#\/schema\/person\/732afa2bb4cf5d282e9e1e9f59c96183\"},\"headline\":\"4. velikono\u010dna nedelja \u2013 A 2026\",\"datePublished\":\"2026-04-24T05:58:04+00:00\",\"dateModified\":\"2026-03-12T07:04:12+00:00\",\"mainEntityOfPage\":{\"@id\":\"https:\/\/www.salve.si\/velikonocni-cas\/4-velikonocna-nedelja-a-2026\/\"},\"wordCount\":734,\"commentCount\":0,\"publisher\":{\"@id\":\"https:\/\/www.salve.si\/#organization\"},\"keywords\":[\"A\",\"nedeljska meditacija\",\"velikono\u010dni \u010das\"],\"articleSection\":[\"Leto A\",\"Nedeljska meditacija\",\"Velikono\u010dni \u010das\"],\"inLanguage\":\"en-US\",\"potentialAction\":[{\"@type\":\"CommentAction\",\"name\":\"Comment\",\"target\":[\"https:\/\/www.salve.si\/velikonocni-cas\/4-velikonocna-nedelja-a-2026\/#respond\"]}]},{\"@type\":\"WebPage\",\"@id\":\"https:\/\/www.salve.si\/velikonocni-cas\/4-velikonocna-nedelja-a-2026\/\",\"url\":\"https:\/\/www.salve.si\/velikonocni-cas\/4-velikonocna-nedelja-a-2026\/\",\"name\":\"4. velikono\u010dna nedelja \u2013 A 2026 - Salve\",\"isPartOf\":{\"@id\":\"https:\/\/www.salve.si\/#website\"},\"datePublished\":\"2026-04-24T05:58:04+00:00\",\"dateModified\":\"2026-03-12T07:04:12+00:00\",\"breadcrumb\":{\"@id\":\"https:\/\/www.salve.si\/velikonocni-cas\/4-velikonocna-nedelja-a-2026\/#breadcrumb\"},\"inLanguage\":\"en-US\",\"potentialAction\":[{\"@type\":\"ReadAction\",\"target\":[\"https:\/\/www.salve.si\/velikonocni-cas\/4-velikonocna-nedelja-a-2026\/\"]}]},{\"@type\":\"BreadcrumbList\",\"@id\":\"https:\/\/www.salve.si\/velikonocni-cas\/4-velikonocna-nedelja-a-2026\/#breadcrumb\",\"itemListElement\":[{\"@type\":\"ListItem\",\"position\":1,\"name\":\"Home\",\"item\":\"https:\/\/www.salve.si\/\"},{\"@type\":\"ListItem\",\"position\":2,\"name\":\"4. velikono\u010dna nedelja \u2013 A 2026\"}]},{\"@type\":\"WebSite\",\"@id\":\"https:\/\/www.salve.si\/#website\",\"url\":\"https:\/\/www.salve.si\/\",\"name\":\"Salve\",\"description\":\"Salezijanska zalo\u017eba\",\"publisher\":{\"@id\":\"https:\/\/www.salve.si\/#organization\"},\"potentialAction\":[{\"@type\":\"SearchAction\",\"target\":{\"@type\":\"EntryPoint\",\"urlTemplate\":\"https:\/\/www.salve.si\/?s={search_term_string}\"},\"query-input\":{\"@type\":\"PropertyValueSpecification\",\"valueRequired\":true,\"valueName\":\"search_term_string\"}}],\"inLanguage\":\"en-US\"},{\"@type\":\"Organization\",\"@id\":\"https:\/\/www.salve.si\/#organization\",\"name\":\"Salve d.o.o.\",\"url\":\"https:\/\/www.salve.si\/\",\"logo\":{\"@type\":\"ImageObject\",\"inLanguage\":\"en-US\",\"@id\":\"https:\/\/www.salve.si\/#\/schema\/logo\/image\/\",\"url\":\"https:\/\/www.salve.si\/wp-content\/uploads\/2021\/01\/Salve_logo_modri_nov_web.png\",\"contentUrl\":\"https:\/\/www.salve.si\/wp-content\/uploads\/2021\/01\/Salve_logo_modri_nov_web.png\",\"width\":279,\"height\":90,\"caption\":\"Salve d.o.o.\"},\"image\":{\"@id\":\"https:\/\/www.salve.si\/#\/schema\/logo\/image\/\"},\"sameAs\":[\"https:\/\/www.facebook.com\/salve.si\",\"https:\/\/www.instagram.com\/zalozbasalve\/\",\"https:\/\/www.linkedin.com\/company\/zalozba-salve\/\"]},{\"@type\":\"Person\",\"@id\":\"https:\/\/www.salve.si\/#\/schema\/person\/732afa2bb4cf5d282e9e1e9f59c96183\",\"name\":\"Matev\u017e Kozinc\"}]}<\/script>\n<!-- \/ Yoast SEO plugin. -->","yoast_head_json":{"title":"4. velikono\u010dna nedelja \u2013 A 2026 - Salve","robots":{"index":"noindex","follow":"follow"},"og_locale":"en_US","og_type":"article","og_title":"4. velikono\u010dna nedelja \u2013 A 2026 - Salve","og_description":"Zaupam ti, ker se ob tebi dobro po\u010dutim. Kako smo se po\u010dutili v \u010dasu kovida? Jaz sem imel ve\u010dkrat ob\u010dutek, da smo postali \u010dreda, ki ne razmi\u0161lja, temve\u010d slepo sledi voditelju. Po\u010dutiti se kot \u010dreda, se je marsikomu zdela edina prava re\u0161itev. In tako smo si iz dneva v dan vedno bolj prisvajali identiteto \u010drede,...","og_url":"https:\/\/www.salve.si\/en\/velikonocni-cas\/4-velikonocna-nedelja-a-2026\/","og_site_name":"Salve","article_publisher":"https:\/\/www.facebook.com\/salve.si","article_published_time":"2026-04-24T05:58:04+00:00","article_modified_time":"2026-03-12T07:04:12+00:00","og_image":[{"width":1200,"height":630,"url":"https:\/\/www.salve.si\/wp-content\/uploads\/2026\/01\/salve-og1.jpg","type":"image\/jpeg"}],"author":"Matev\u017e Kozinc","twitter_card":"summary_large_image","twitter_misc":{"Written by":"Matev\u017e Kozinc","Est. reading time":"4 minutes"},"schema":{"@context":"https:\/\/schema.org","@graph":[{"@type":"Article","@id":"https:\/\/www.salve.si\/velikonocni-cas\/4-velikonocna-nedelja-a-2026\/#article","isPartOf":{"@id":"https:\/\/www.salve.si\/velikonocni-cas\/4-velikonocna-nedelja-a-2026\/"},"author":{"name":"Matev\u017e Kozinc","@id":"https:\/\/www.salve.si\/#\/schema\/person\/732afa2bb4cf5d282e9e1e9f59c96183"},"headline":"4. velikono\u010dna nedelja \u2013 A 2026","datePublished":"2026-04-24T05:58:04+00:00","dateModified":"2026-03-12T07:04:12+00:00","mainEntityOfPage":{"@id":"https:\/\/www.salve.si\/velikonocni-cas\/4-velikonocna-nedelja-a-2026\/"},"wordCount":734,"commentCount":0,"publisher":{"@id":"https:\/\/www.salve.si\/#organization"},"keywords":["A","nedeljska meditacija","velikono\u010dni \u010das"],"articleSection":["Leto A","Nedeljska meditacija","Velikono\u010dni \u010das"],"inLanguage":"en-US","potentialAction":[{"@type":"CommentAction","name":"Comment","target":["https:\/\/www.salve.si\/velikonocni-cas\/4-velikonocna-nedelja-a-2026\/#respond"]}]},{"@type":"WebPage","@id":"https:\/\/www.salve.si\/velikonocni-cas\/4-velikonocna-nedelja-a-2026\/","url":"https:\/\/www.salve.si\/velikonocni-cas\/4-velikonocna-nedelja-a-2026\/","name":"4. velikono\u010dna nedelja \u2013 A 2026 - Salve","isPartOf":{"@id":"https:\/\/www.salve.si\/#website"},"datePublished":"2026-04-24T05:58:04+00:00","dateModified":"2026-03-12T07:04:12+00:00","breadcrumb":{"@id":"https:\/\/www.salve.si\/velikonocni-cas\/4-velikonocna-nedelja-a-2026\/#breadcrumb"},"inLanguage":"en-US","potentialAction":[{"@type":"ReadAction","target":["https:\/\/www.salve.si\/velikonocni-cas\/4-velikonocna-nedelja-a-2026\/"]}]},{"@type":"BreadcrumbList","@id":"https:\/\/www.salve.si\/velikonocni-cas\/4-velikonocna-nedelja-a-2026\/#breadcrumb","itemListElement":[{"@type":"ListItem","position":1,"name":"Home","item":"https:\/\/www.salve.si\/"},{"@type":"ListItem","position":2,"name":"4. velikono\u010dna nedelja \u2013 A 2026"}]},{"@type":"WebSite","@id":"https:\/\/www.salve.si\/#website","url":"https:\/\/www.salve.si\/","name":"Salve","description":"Salezijanska zalo\u017eba","publisher":{"@id":"https:\/\/www.salve.si\/#organization"},"potentialAction":[{"@type":"SearchAction","target":{"@type":"EntryPoint","urlTemplate":"https:\/\/www.salve.si\/?s={search_term_string}"},"query-input":{"@type":"PropertyValueSpecification","valueRequired":true,"valueName":"search_term_string"}}],"inLanguage":"en-US"},{"@type":"Organization","@id":"https:\/\/www.salve.si\/#organization","name":"Salve d.o.o.","url":"https:\/\/www.salve.si\/","logo":{"@type":"ImageObject","inLanguage":"en-US","@id":"https:\/\/www.salve.si\/#\/schema\/logo\/image\/","url":"https:\/\/www.salve.si\/wp-content\/uploads\/2021\/01\/Salve_logo_modri_nov_web.png","contentUrl":"https:\/\/www.salve.si\/wp-content\/uploads\/2021\/01\/Salve_logo_modri_nov_web.png","width":279,"height":90,"caption":"Salve d.o.o."},"image":{"@id":"https:\/\/www.salve.si\/#\/schema\/logo\/image\/"},"sameAs":["https:\/\/www.facebook.com\/salve.si","https:\/\/www.instagram.com\/zalozbasalve\/","https:\/\/www.linkedin.com\/company\/zalozba-salve\/"]},{"@type":"Person","@id":"https:\/\/www.salve.si\/#\/schema\/person\/732afa2bb4cf5d282e9e1e9f59c96183","name":"Matev\u017e Kozinc"}]}},"_links":{"self":[{"href":"https:\/\/www.salve.si\/en\/wp-json\/wp\/v2\/posts\/21370","targetHints":{"allow":["GET"]}}],"collection":[{"href":"https:\/\/www.salve.si\/en\/wp-json\/wp\/v2\/posts"}],"about":[{"href":"https:\/\/www.salve.si\/en\/wp-json\/wp\/v2\/types\/post"}],"author":[{"embeddable":true,"href":"https:\/\/www.salve.si\/en\/wp-json\/wp\/v2\/users\/5143"}],"replies":[{"embeddable":true,"href":"https:\/\/www.salve.si\/en\/wp-json\/wp\/v2\/comments?post=21370"}],"version-history":[{"count":2,"href":"https:\/\/www.salve.si\/en\/wp-json\/wp\/v2\/posts\/21370\/revisions"}],"predecessor-version":[{"id":21372,"href":"https:\/\/www.salve.si\/en\/wp-json\/wp\/v2\/posts\/21370\/revisions\/21372"}],"wp:attachment":[{"href":"https:\/\/www.salve.si\/en\/wp-json\/wp\/v2\/media?parent=21370"}],"wp:term":[{"taxonomy":"category","embeddable":true,"href":"https:\/\/www.salve.si\/en\/wp-json\/wp\/v2\/categories?post=21370"},{"taxonomy":"post_tag","embeddable":true,"href":"https:\/\/www.salve.si\/en\/wp-json\/wp\/v2\/tags?post=21370"}],"curies":[{"name":"wp","href":"https:\/\/api.w.org\/{rel}","templated":true}]}}