{"id":19668,"date":"2025-03-21T08:32:21","date_gmt":"2025-03-21T07:32:21","guid":{"rendered":"https:\/\/www.salve.si\/?p=19668"},"modified":"2025-03-10T08:34:35","modified_gmt":"2025-03-10T07:34:35","slug":"3-postna-nedelja-c-25","status":"publish","type":"post","link":"https:\/\/www.salve.si\/en\/postni-cas\/3-postna-nedelja-c-25\/","title":{"rendered":"3. postna nedelja \u2013 C 25"},"content":{"rendered":"<p><strong>Potrpi, prej ali slej bo obrodila!<\/strong><\/p><p>Nebe\u0161ki O\u010de nam zagotavlja, da noben na\u0161 klic ne bo prezrt, vsi bodo usli\u0161ani! To je te\u017eko sprejeti, ko smo neupravi\u010deno prizadeti, ko nas \u017eivljenje stisne ob steno, ko smo \u017ertve zlobnih ljudi, ko gledamo trpljenje nedol\u017enih, kajti takrat smo polni jezi in ma\u0161\u010devanja. Vpra\u0161anja se kar vrstijo, odgovor pa ni od nikoder: Kdo povzro\u010da to zlobo in trpljenje? Zakaj se to dogaja ravno meni? Sem res jaz najslab\u0161i \u010dlovek?<\/p><p>Ko so se Izraelci v Egiptu soo\u010dali s temi vpra\u0161anji so vpili in hkrati niso vedeli na koga naj zvrnejo vso svojo jezo in gnev. In vendar je to njihovo vpitje doseglo nekoga, kajti to ljudstvo pripada Bogu, ker sleherno \u017eivljenje prihaja od njega. In tako je pri\u0161el dan, ko je vpitje preseglo mejo in se je neznani Bog odlo\u010dil: \u00bbRe\u0161il jih bom!\u00ab Gospod je poklical Mojzesa iz gore\u010dega grma in mu dejal: \u00bbDobro sem videl stisko svojega ljudstva, ki je v Egiptu, in sli\u0161al, kako vpijejo zaradi priganja\u010dev. Da, poznam njegovo bole\u010dino! Zato sem stopil dol, da ga re\u0161im.\u00ab Tako kot o\u010de ne more biti indiferenten ob prito\u017eevanju svojega sina, tako Bogu ne more biti vseeno ob vpitju njegovega ljudstva. Bog sestopi z neba, da ga bo re\u0161il. Vendar se to ne zgodi magi\u010dno, z udarcem \u010dude\u017ene palice, ampak to stori po \u010dloveku, ki si ga izbere kot re\u0161itelja, kot svojega sodelavca.<\/p><p>Kako se je Bog predstavil Mojzesu, ki se je izgovarjal, da ne ve, kako naj stopi pred izvoljeni narod, ker ljudstvo ne ve, kako je Bog ume? \u00bbTako reci Izraelovim sinovom: &#8216;Gospod, Bog va\u0161ih o\u010detov, Bog Abrahamov, Bog Izakov in Bog Jakobov, me je poslal k vam.&#8217; To je moje ime na veke!\u00ab Ta Bog spremlja vse generacije \u010dlove\u0161ke zgodovine. To ni Bog, kot nam ga predstavljajo filozofi in razumniki, ki so trdno prepri\u010dan, da mora biti nekdo, ki je ve\u010dji od \u010dloveka, da je lahko ustvaril vse to, kar obstaja. Kaj se je zgodilo po stvarjenju, nam ne nekdanji ne sodobni razumniki ne znajo povedati. Bog se je predstavil Mojzesu s stavkom: \u00bbJaz sem, ki sem.\u00ab To lahko prevedemo takole: \u00bbJaz sem. Navzo\u010d sem v vsakem bitju. Jaz sem s teboj, zato bo\u0161 lahko re\u0161il moje ljudstvo!\u00ab<\/p><p>Obstaja pa \u0161e veliko huj\u0161e zlo od tistega, ki zadene od zunaj, kot je bilo nasilje egiptovskih priganja\u010dev: to zlo prihaja od znotraj, zato je zakrito in je povezano z izgubo smisla \u017eivljenja, usmerjeno je proti \u017eivljenju samemu, kar se vidi v obna\u0161anju ljudi, ki so indiferentni, nobena stvar jih ve\u010d ne prizadene in zato \u017eivijo v tem svetu kot tujci, kot osebe brez pravega doma. Temu zlu, ki se je ugnezdilo v na\u0161i notranjosti, nismo sposobni dati pravega imena.<\/p><p>V evangeliju smo sli\u0161ali, da je nekaj ljudi spra\u0161evalo Jezusa: ali so bili Galilejci krivi, da jih je Pilat pobil in njihovo kri pome\u0161al z njihovimi \u017ertvami? In kdo je bil kriv za naravno katastrofo, ko se je podrl stolp v Siloi in pokopal pod seboj osemnajst ljudi. Jezusov odgovor je bil: \u00bb\u010ce se ne spreobrnete, boste vsi tako pokon\u010dani!\u00ab Huj\u0161e od vseh zunanjih neprilik je zlo, ki pride iz \u010dlovekove notranjosti: zavist, sovra\u0161tvo, preklinjanje vsega, kar je, nesposobnost odpustiti in podati roko sprave. Greh predstavlja huj\u0161o smrt, ker nas oddaljuje od pravega, \u010dloveka vrednega \u017eivljenja. Proti tej smrti se moramo boriti, kajti ta smrt je kriva, da smo v \u017eivljenju vedno bolj sterilni, da nas stiska so\u010dloveka ne prizadene, da ne najdemo pravega so\u010dutja z ljudmi, ki jih je \u017eivljenje prizadelo.<\/p><p>Odgovor nam daje zaklju\u010dek dana\u0161njega evangelija, ki govori o vinogradu, v katerem je bila zasajena smokva, ki ni dajala sadov. Vinograd je v Svetem pismu podoba izraelskega naroda in predstavlja \u017eivljenje, ki smo ga prejeli kot dar. Smokva simboli\u010dno predstavlja vse, kar nam je Bog dal kot nezaslu\u017een dar. Smokva predstavlja na\u0161e \u017eivljenje. Gre za Bo\u017ejo besedo, ki je vsejana v na\u0161e srce in zato Bog pri\u010dakuje, da bo videl sadove posameznikovega \u017eivljenja. Gospodar je tri leta hodil iskat sadove s smokve, ki jo je posadil in je bil vedno znova razo\u010daran. Jezus je tri leta u\u010dil, ozdravljal, delal razli\u010dna znamenja in izvoljeni narod je bil slep za vse to, kar so sli\u0161ali, videli in do\u017eiveli in zato niso obrodili sadov, ravno nasprotno, Jezusa so pribili na kri\u017e. In vendar po treh letih vinogradnik \u0161e ne izgubi upanja: \u00bbGospod, pusti jo \u0161e leto, da jo okopljem in ji pognojim. Morda bo naposled obrodila sad!\u00ab Jezus ne obupa, \u0161e vedno nas krepi s svojimi zakramenti, spremlja nas na vsakem koraku in nam vedno znova daje prilo\u017enost, da se vrnemo k njemu, da na\u0161e \u017eivljenje obrodi v vsej polnosti. Bog nam daje nove prilo\u017enosti, on no\u010de na\u0161ega pogubljenja, ampak \u017eeli, da za\u017eivimo v vsej polnosti \u017ee sedaj in tako dose\u017eemo ve\u010dno \u017eivljenje pri njem v nebesih.<\/p><p><strong>\u017dupnik Branko Bala\u017eic SDB<\/strong><\/p><span class=\"slv-content-keywords\"> Leto C Nedeljska meditacija Postni \u010das <\/span>","protected":false},"excerpt":{"rendered":"<p>Potrpi, prej ali slej bo obrodila! Nebe\u0161ki O\u010de nam zagotavlja, da noben na\u0161 klic ne bo prezrt, vsi bodo usli\u0161ani! To je te\u017eko sprejeti, ko smo neupravi\u010deno prizadeti, ko nas \u017eivljenje stisne ob steno, ko smo \u017ertve zlobnih ljudi, ko gledamo trpljenje nedol\u017enih, kajti takrat smo polni jezi in ma\u0161\u010devanja. Vpra\u0161anja se kar vrstijo, odgovor<a href=\"https:\/\/www.salve.si\/en\/postni-cas\/3-postna-nedelja-c-25\/\">&#8230;<\/a><\/p>","protected":false},"author":5143,"featured_media":0,"comment_status":"open","ping_status":"open","sticky":false,"template":"","format":"standard","meta":{"_acf_changed":false,"footnotes":""},"categories":[1095,925,653],"tags":[651,927,1058],"class_list":["post-19668","post","type-post","status-publish","format-standard","hentry","category-leto-c","category-nedeljska-meditacija","category-postni-cas","tag-leto-c","tag-nedeljska-meditacija","tag-postni-cas"],"acf":[],"yoast_head":"<!-- This site is optimized with the Yoast SEO plugin v23.8 - https:\/\/yoast.com\/wordpress\/plugins\/seo\/ -->\n<title>3. postna nedelja \u2013 C 25 - Salve<\/title>\n<meta name=\"robots\" content=\"noindex, follow\" \/>\n<meta property=\"og:locale\" content=\"en_US\" \/>\n<meta property=\"og:type\" content=\"article\" \/>\n<meta property=\"og:title\" content=\"3. postna nedelja \u2013 C 25 - Salve\" \/>\n<meta property=\"og:description\" content=\"Potrpi, prej ali slej bo obrodila! Nebe\u0161ki O\u010de nam zagotavlja, da noben na\u0161 klic ne bo prezrt, vsi bodo usli\u0161ani! To je te\u017eko sprejeti, ko smo neupravi\u010deno prizadeti, ko nas \u017eivljenje stisne ob steno, ko smo \u017ertve zlobnih ljudi, ko gledamo trpljenje nedol\u017enih, kajti takrat smo polni jezi in ma\u0161\u010devanja. Vpra\u0161anja se kar vrstijo, odgovor...\" \/>\n<meta property=\"og:url\" content=\"https:\/\/www.salve.si\/en\/postni-cas\/3-postna-nedelja-c-25\/\" \/>\n<meta property=\"og:site_name\" content=\"Salve\" \/>\n<meta property=\"article:publisher\" content=\"https:\/\/www.facebook.com\/salve.si\" \/>\n<meta property=\"article:published_time\" content=\"2025-03-21T07:32:21+00:00\" \/>\n<meta property=\"article:modified_time\" content=\"2025-03-10T07:34:35+00:00\" \/>\n<meta property=\"og:image\" content=\"https:\/\/www.salve.si\/wp-content\/uploads\/2026\/01\/salve-og1.jpg\" \/>\n\t<meta property=\"og:image:width\" content=\"1200\" \/>\n\t<meta property=\"og:image:height\" content=\"630\" \/>\n\t<meta property=\"og:image:type\" content=\"image\/jpeg\" \/>\n<meta name=\"author\" content=\"Matev\u017e Kozinc\" \/>\n<meta name=\"twitter:card\" content=\"summary_large_image\" \/>\n<meta name=\"twitter:label1\" content=\"Written by\" \/>\n\t<meta name=\"twitter:data1\" content=\"Matev\u017e Kozinc\" \/>\n\t<meta name=\"twitter:label2\" content=\"Est. reading time\" \/>\n\t<meta name=\"twitter:data2\" content=\"5 minutes\" \/>\n<script type=\"application\/ld+json\" class=\"yoast-schema-graph\">{\"@context\":\"https:\/\/schema.org\",\"@graph\":[{\"@type\":\"Article\",\"@id\":\"https:\/\/www.salve.si\/postni-cas\/3-postna-nedelja-c-25\/#article\",\"isPartOf\":{\"@id\":\"https:\/\/www.salve.si\/postni-cas\/3-postna-nedelja-c-25\/\"},\"author\":{\"name\":\"Matev\u017e Kozinc\",\"@id\":\"https:\/\/www.salve.si\/#\/schema\/person\/732afa2bb4cf5d282e9e1e9f59c96183\"},\"headline\":\"3. postna nedelja \u2013 C 25\",\"datePublished\":\"2025-03-21T07:32:21+00:00\",\"dateModified\":\"2025-03-10T07:34:35+00:00\",\"mainEntityOfPage\":{\"@id\":\"https:\/\/www.salve.si\/postni-cas\/3-postna-nedelja-c-25\/\"},\"wordCount\":874,\"commentCount\":0,\"publisher\":{\"@id\":\"https:\/\/www.salve.si\/#organization\"},\"keywords\":[\"C\",\"nedeljska meditacija\",\"postni \u010das\"],\"articleSection\":[\"Leto C\",\"Nedeljska meditacija\",\"Postni \u010das\"],\"inLanguage\":\"en-US\",\"potentialAction\":[{\"@type\":\"CommentAction\",\"name\":\"Comment\",\"target\":[\"https:\/\/www.salve.si\/postni-cas\/3-postna-nedelja-c-25\/#respond\"]}]},{\"@type\":\"WebPage\",\"@id\":\"https:\/\/www.salve.si\/postni-cas\/3-postna-nedelja-c-25\/\",\"url\":\"https:\/\/www.salve.si\/postni-cas\/3-postna-nedelja-c-25\/\",\"name\":\"3. postna nedelja \u2013 C 25 - Salve\",\"isPartOf\":{\"@id\":\"https:\/\/www.salve.si\/#website\"},\"datePublished\":\"2025-03-21T07:32:21+00:00\",\"dateModified\":\"2025-03-10T07:34:35+00:00\",\"breadcrumb\":{\"@id\":\"https:\/\/www.salve.si\/postni-cas\/3-postna-nedelja-c-25\/#breadcrumb\"},\"inLanguage\":\"en-US\",\"potentialAction\":[{\"@type\":\"ReadAction\",\"target\":[\"https:\/\/www.salve.si\/postni-cas\/3-postna-nedelja-c-25\/\"]}]},{\"@type\":\"BreadcrumbList\",\"@id\":\"https:\/\/www.salve.si\/postni-cas\/3-postna-nedelja-c-25\/#breadcrumb\",\"itemListElement\":[{\"@type\":\"ListItem\",\"position\":1,\"name\":\"Home\",\"item\":\"https:\/\/www.salve.si\/\"},{\"@type\":\"ListItem\",\"position\":2,\"name\":\"3. postna nedelja \u2013 C 25\"}]},{\"@type\":\"WebSite\",\"@id\":\"https:\/\/www.salve.si\/#website\",\"url\":\"https:\/\/www.salve.si\/\",\"name\":\"Salve\",\"description\":\"Salezijanska zalo\u017eba\",\"publisher\":{\"@id\":\"https:\/\/www.salve.si\/#organization\"},\"potentialAction\":[{\"@type\":\"SearchAction\",\"target\":{\"@type\":\"EntryPoint\",\"urlTemplate\":\"https:\/\/www.salve.si\/?s={search_term_string}\"},\"query-input\":{\"@type\":\"PropertyValueSpecification\",\"valueRequired\":true,\"valueName\":\"search_term_string\"}}],\"inLanguage\":\"en-US\"},{\"@type\":\"Organization\",\"@id\":\"https:\/\/www.salve.si\/#organization\",\"name\":\"Salve d.o.o.\",\"url\":\"https:\/\/www.salve.si\/\",\"logo\":{\"@type\":\"ImageObject\",\"inLanguage\":\"en-US\",\"@id\":\"https:\/\/www.salve.si\/#\/schema\/logo\/image\/\",\"url\":\"https:\/\/www.salve.si\/wp-content\/uploads\/2021\/01\/Salve_logo_modri_nov_web.png\",\"contentUrl\":\"https:\/\/www.salve.si\/wp-content\/uploads\/2021\/01\/Salve_logo_modri_nov_web.png\",\"width\":279,\"height\":90,\"caption\":\"Salve d.o.o.\"},\"image\":{\"@id\":\"https:\/\/www.salve.si\/#\/schema\/logo\/image\/\"},\"sameAs\":[\"https:\/\/www.facebook.com\/salve.si\",\"https:\/\/www.instagram.com\/zalozbasalve\/\",\"https:\/\/www.linkedin.com\/company\/zalozba-salve\/\"]},{\"@type\":\"Person\",\"@id\":\"https:\/\/www.salve.si\/#\/schema\/person\/732afa2bb4cf5d282e9e1e9f59c96183\",\"name\":\"Matev\u017e Kozinc\"}]}<\/script>\n<!-- \/ Yoast SEO plugin. -->","yoast_head_json":{"title":"3. postna nedelja \u2013 C 25 - Salve","robots":{"index":"noindex","follow":"follow"},"og_locale":"en_US","og_type":"article","og_title":"3. postna nedelja \u2013 C 25 - Salve","og_description":"Potrpi, prej ali slej bo obrodila! Nebe\u0161ki O\u010de nam zagotavlja, da noben na\u0161 klic ne bo prezrt, vsi bodo usli\u0161ani! To je te\u017eko sprejeti, ko smo neupravi\u010deno prizadeti, ko nas \u017eivljenje stisne ob steno, ko smo \u017ertve zlobnih ljudi, ko gledamo trpljenje nedol\u017enih, kajti takrat smo polni jezi in ma\u0161\u010devanja. Vpra\u0161anja se kar vrstijo, odgovor...","og_url":"https:\/\/www.salve.si\/en\/postni-cas\/3-postna-nedelja-c-25\/","og_site_name":"Salve","article_publisher":"https:\/\/www.facebook.com\/salve.si","article_published_time":"2025-03-21T07:32:21+00:00","article_modified_time":"2025-03-10T07:34:35+00:00","og_image":[{"width":1200,"height":630,"url":"https:\/\/www.salve.si\/wp-content\/uploads\/2026\/01\/salve-og1.jpg","type":"image\/jpeg"}],"author":"Matev\u017e Kozinc","twitter_card":"summary_large_image","twitter_misc":{"Written by":"Matev\u017e Kozinc","Est. reading time":"5 minutes"},"schema":{"@context":"https:\/\/schema.org","@graph":[{"@type":"Article","@id":"https:\/\/www.salve.si\/postni-cas\/3-postna-nedelja-c-25\/#article","isPartOf":{"@id":"https:\/\/www.salve.si\/postni-cas\/3-postna-nedelja-c-25\/"},"author":{"name":"Matev\u017e Kozinc","@id":"https:\/\/www.salve.si\/#\/schema\/person\/732afa2bb4cf5d282e9e1e9f59c96183"},"headline":"3. postna nedelja \u2013 C 25","datePublished":"2025-03-21T07:32:21+00:00","dateModified":"2025-03-10T07:34:35+00:00","mainEntityOfPage":{"@id":"https:\/\/www.salve.si\/postni-cas\/3-postna-nedelja-c-25\/"},"wordCount":874,"commentCount":0,"publisher":{"@id":"https:\/\/www.salve.si\/#organization"},"keywords":["C","nedeljska meditacija","postni \u010das"],"articleSection":["Leto C","Nedeljska meditacija","Postni \u010das"],"inLanguage":"en-US","potentialAction":[{"@type":"CommentAction","name":"Comment","target":["https:\/\/www.salve.si\/postni-cas\/3-postna-nedelja-c-25\/#respond"]}]},{"@type":"WebPage","@id":"https:\/\/www.salve.si\/postni-cas\/3-postna-nedelja-c-25\/","url":"https:\/\/www.salve.si\/postni-cas\/3-postna-nedelja-c-25\/","name":"3. postna nedelja \u2013 C 25 - Salve","isPartOf":{"@id":"https:\/\/www.salve.si\/#website"},"datePublished":"2025-03-21T07:32:21+00:00","dateModified":"2025-03-10T07:34:35+00:00","breadcrumb":{"@id":"https:\/\/www.salve.si\/postni-cas\/3-postna-nedelja-c-25\/#breadcrumb"},"inLanguage":"en-US","potentialAction":[{"@type":"ReadAction","target":["https:\/\/www.salve.si\/postni-cas\/3-postna-nedelja-c-25\/"]}]},{"@type":"BreadcrumbList","@id":"https:\/\/www.salve.si\/postni-cas\/3-postna-nedelja-c-25\/#breadcrumb","itemListElement":[{"@type":"ListItem","position":1,"name":"Home","item":"https:\/\/www.salve.si\/"},{"@type":"ListItem","position":2,"name":"3. postna nedelja \u2013 C 25"}]},{"@type":"WebSite","@id":"https:\/\/www.salve.si\/#website","url":"https:\/\/www.salve.si\/","name":"Salve","description":"Salezijanska zalo\u017eba","publisher":{"@id":"https:\/\/www.salve.si\/#organization"},"potentialAction":[{"@type":"SearchAction","target":{"@type":"EntryPoint","urlTemplate":"https:\/\/www.salve.si\/?s={search_term_string}"},"query-input":{"@type":"PropertyValueSpecification","valueRequired":true,"valueName":"search_term_string"}}],"inLanguage":"en-US"},{"@type":"Organization","@id":"https:\/\/www.salve.si\/#organization","name":"Salve d.o.o.","url":"https:\/\/www.salve.si\/","logo":{"@type":"ImageObject","inLanguage":"en-US","@id":"https:\/\/www.salve.si\/#\/schema\/logo\/image\/","url":"https:\/\/www.salve.si\/wp-content\/uploads\/2021\/01\/Salve_logo_modri_nov_web.png","contentUrl":"https:\/\/www.salve.si\/wp-content\/uploads\/2021\/01\/Salve_logo_modri_nov_web.png","width":279,"height":90,"caption":"Salve d.o.o."},"image":{"@id":"https:\/\/www.salve.si\/#\/schema\/logo\/image\/"},"sameAs":["https:\/\/www.facebook.com\/salve.si","https:\/\/www.instagram.com\/zalozbasalve\/","https:\/\/www.linkedin.com\/company\/zalozba-salve\/"]},{"@type":"Person","@id":"https:\/\/www.salve.si\/#\/schema\/person\/732afa2bb4cf5d282e9e1e9f59c96183","name":"Matev\u017e Kozinc"}]}},"_links":{"self":[{"href":"https:\/\/www.salve.si\/en\/wp-json\/wp\/v2\/posts\/19668","targetHints":{"allow":["GET"]}}],"collection":[{"href":"https:\/\/www.salve.si\/en\/wp-json\/wp\/v2\/posts"}],"about":[{"href":"https:\/\/www.salve.si\/en\/wp-json\/wp\/v2\/types\/post"}],"author":[{"embeddable":true,"href":"https:\/\/www.salve.si\/en\/wp-json\/wp\/v2\/users\/5143"}],"replies":[{"embeddable":true,"href":"https:\/\/www.salve.si\/en\/wp-json\/wp\/v2\/comments?post=19668"}],"version-history":[{"count":2,"href":"https:\/\/www.salve.si\/en\/wp-json\/wp\/v2\/posts\/19668\/revisions"}],"predecessor-version":[{"id":19670,"href":"https:\/\/www.salve.si\/en\/wp-json\/wp\/v2\/posts\/19668\/revisions\/19670"}],"wp:attachment":[{"href":"https:\/\/www.salve.si\/en\/wp-json\/wp\/v2\/media?parent=19668"}],"wp:term":[{"taxonomy":"category","embeddable":true,"href":"https:\/\/www.salve.si\/en\/wp-json\/wp\/v2\/categories?post=19668"},{"taxonomy":"post_tag","embeddable":true,"href":"https:\/\/www.salve.si\/en\/wp-json\/wp\/v2\/tags?post=19668"}],"curies":[{"name":"wp","href":"https:\/\/api.w.org\/{rel}","templated":true}]}}