{"id":19662,"date":"2025-03-07T08:29:48","date_gmt":"2025-03-07T07:29:48","guid":{"rendered":"https:\/\/www.salve.si\/?p=19662"},"modified":"2025-03-10T08:31:15","modified_gmt":"2025-03-10T07:31:15","slug":"1-postna-nedelja-c-2025","status":"publish","type":"post","link":"https:\/\/www.salve.si\/en\/postni-cas\/1-postna-nedelja-c-2025\/","title":{"rendered":"1. postna nedelja \u2013 C 2025"},"content":{"rendered":"<p><strong>Povej mi, kako si se odlo\u010dil in povem ti, kak\u0161en si!<\/strong><\/p>\n<p>\u017divljenje nas vedno postavlja pred razli\u010dne mo\u017enosti in to, kar smo danes, je sad odlo\u010ditev, ki smo jih sprejeli. Ko imamo pred seboj ve\u010d mo\u017enosti smo neodlo\u010dni, ker se zavedamo, da je na\u0161a prihodnost odvisna od odlo\u010ditve, ki jo bomo sprejeli. Hkrati se zavedamo, da odlo\u010ditev ne moremo prelagati na nekoga drugega: Jaz se moram odlo\u010diti! Identiteta, ki smo si jo ustvarili, je sad na\u0161ih odlo\u010ditev. Te so ve\u010dkrat zelo te\u017eke, ker imamo pred seboj ve\u010d mo\u017enosti, ki se nam zdijo dobre, a nekatere med njimi so samo navidezno dobro, so samo lepe za o\u010di, zato se bojimo, da bomo naredili zgre\u0161eno potezo in pristali na slepem tiru.<\/p>\n<p>Evangelist Luka nam je danes govoril o Jezusu, ki je bil v pu\u0161\u010davi. Ta pu\u0161\u010dava simboli\u010dno predstavlja pot izvoljenega ljudstva iz Egipta v obljubljeno de\u017eelo. To potovanje je trajalo 40 let in Jezus je bil 40 dni v pu\u0161\u010davi. \u0160tevilka 40 predstavlja ravno dovolj dolgo obdobje da narod ali posameznik pride do dovolj dobre \u017eivljenjske odlo\u010ditve. \u010ce nas na tej poti po pu\u0161\u010davi vodi Bo\u017eji duh, je ravno tako tudi res, da nas hkrati spremlja tudi duh teme, ki nas ho\u010de oddaljiti od prave sre\u010de, po kateri hrepenimo.<\/p>\n<p>Kdaj je Jezusa Duh vodil v pu\u0161\u010davo? Takoj po njegovem krstu, torej pred za\u010detkom njegovega javnega delovanja. Jezus je moral sprejeti osebno odlo\u010ditev, kak\u0161en odre\u0161enik \u017eeli biti. Pred njim je bila pomembna odlo\u010ditev, da naredi program svojega delovanja. V njegovem \u010dasu je bilo namre\u010d veliko razli\u010dnih pri\u010dakovanj, kak\u0161en naj bi bil odre\u0161enik. V veliki meri so bila ta pri\u010dakovanja nerealna, dvomljiva, preve\u010d vezana na samostojnost naroda, ko se bo re\u0161il rimskega imperija. Tudi mi smo ve\u010dkrat pod velikim pritiskom dru\u017ebe v kateri \u017eivimo, zato se je treba oddaljiti, si vzeti \u010das za razmislek in sprejeti odlo\u010ditev, katerim stvarem bomo v \u017eivljenju dali prednost in kaj bo v drugem planu. Na\u0161a pri\u010dakovanja je treba povezati z vrednotami, ki nas bodo vodile.<\/p>\n<p>Osebne odlo\u010ditve so vedno povezane z odlo\u010ditvami, ki jih sprejema tudi \u0161ir\u0161a skupnost, na\u0161 slovenski narod. Jezusove sku\u0161njave v pu\u0161\u010davi predstavljajo sku\u0161njave izvoljenega naroda na poti v obljubljeno de\u017eelo. Za izvoljeni narod je bilo potovanje po pu\u0161\u010davi po eni strani izku\u0161nja, kako nas zapostavljanje Boga in oddaljevanje od njega dela nesre\u010dne in hkrati tudi izku\u0161nja, da je tudi v takih trenutkih zapu\u0161\u010denosti in dvomov Bog \u0161e vedno z nami in ne zapusti ne naroda in ne posameznika. Ko smo pred te\u017ekimi odlo\u010ditvami tudi mi do\u017eivljamo odsotnost Boga na eni strani in hkrati \u010dutimo, da se Bog kljub na\u0161i zmedi ni oddaljil od nas. To pomeni, da so sku\u0161njave vedno del \u017eivljenja, da se vse dogaja znotraj na\u0161ega vsakdana.<\/p>\n<p>Sku\u0161njave so najbolj navzo\u010de, ko se odlo\u010damo za slu\u017eenje. \u017de modri Sirah je zapisal: \u00bbOtrok, \u010de se pribli\u017euje\u0161, da bi slu\u017eil Gospodu, pripravi svojo du\u0161o na preizku\u0161njo!\u00ab (Sir 2,1). O tem govori Jezusova prva sku\u0161njava. Ta je povezana z lakoto, ki je na\u0161a vsakodnevna izku\u0161nja. Tudi Adamova sku\u0161njava je bila povezana s hrano, s prepovedanim jabolkom. To pomeni, da so na\u0161e sku\u0161njave povezane z zgre\u0161eno uporabo vsega, kar nam svet ponuja. Jesti pomeni, stopiti v odnos z vsem, kar je zunaj \u010dloveka, hraniti se z vsem, kar vidijo na\u0161e telesne o\u010di. Stvari, ki so pred nami lahko jemljemo z nekim nasiljem, po\u017ere\u0161no. V medsebojnih odnosih to pomeni, da druge jemljemo kot sredstvo za pote\u0161itev svojih potreb. Na\u010din, kako se hranimo, pove veliko o na\u0161ih medsebojnih odnosih: nekateri pri u\u017eivanju hrane mislijo samo nase, nekateri \u017erejo hrano in se ne znajo kontrolirati. Danes pa tudi ni malo takih, ki odklanjajo hrano. Na\u0161a hranjenje govori o na\u0161em odnosu do sveta, ki nas obdaja.<\/p>\n<p>Hudobni duh je Jezusa izzival, da bi izkoristil svoje privilegije: Jezus je la\u010den in on je sposoben kamne spremeniti v kruh. To ne bi bilo ni\u010d slabega, saj v pu\u0161\u010davi ne bi nih\u010de opazil, da je prekinil s svojim postom. Vendar Jezus odkloni to svojo sposobnost uporabiti za svoj namen in zavrne pri\u0161epetavanje naj izkoristi svoj privilegij in poka\u017ee svojo mo\u010d. S tem jasno pove, kak\u0161en odre\u0161enik \u017eeli biti: no\u010de, da bi mu mi slu\u017eili, temve\u010d \u017eeli sam slu\u017eiti.<\/p>\n<p>Kako se nam ka\u017eejo sku\u0161njave? Kot nekaj dobrega, saj nas premami prepri\u010danje, da tudi s slabimi stvarmi lahko dose\u017ee\u0161 nekaj dobrega. Tako razmi\u0161lja sodobna dru\u017eba in \u0161tevilni posamezniki, ki so prepri\u010dani, da bodo slabe stvari, ki jih delajo \u010dez \u010das prinesle pozitivne rezultate.<\/p>\n<p>Nekatere sku\u0161njave se nas lotijo, ko \u010dutimo notranjo praznino, ko smo zmedeni in menimo, da nam niti Bog ne more pomagati. Obna\u0161amo se kot muhasti in svojeglavi otroci, ki od svojih star\u0161ev stalno zahtevajo konkretne izraze ljubezni. Hudobni duh je Jezusa izzival naj se obna\u0161a kot svojeglavi otrok: \u00bb\u010ce si Bo\u017eji Sin, se vrzi od tukaj dol; kajti pisano je: Svojim angelom bo zate zapovedoval, da te obvarujejo!\u00ab Re\u010deno bolj po doma\u010de: \u00bbIzkoristi svoj privilegij in prisili o\u010deta, da te ujame!\u00ab Tak\u0161na sku\u0161njava se pojavi, ko dvomimo o ljubezni svojih star\u0161ev. Velikokrat se nam namre\u010d zgodi, da smo usmerjeni samo nase in pozabljamo, da na\u0161e odlo\u010ditve niso samo na\u0161a osebna zadeva, temve\u010d imajo pozitivni ali negativni odmev v dru\u017ebi, v kateri \u017eivimo.<\/p>\n<p>Ker se sku\u0161njave zgodijo sredi na\u0161ega vsakdana, so te najmo\u010dnej\u0161e ko smo najbolj ranljivi. To se je z Jezusom ponovno dogajalo na Oljski gori, ko je bil sam v molitvi, apostoli so spali in Juda I\u0161karjot je pri\u0161el z vojaki, da Jezusa izda in ga odvedejo pred sodi\u0161\u010de. To je bil \u010das Jezusove popolne osamljenosti. Tudi ta trenutek je moral sprejeti osebno odlo\u010ditev, kajti ko je bil na kri\u017eu so mu navzo\u010di govorili: \u00bb\u010ce si Bog, re\u0161i samega sebe!\u00ab Tudi tokrat Jezus ni hotel sebe postaviti na prvo mesto in misliti najprej na svojo re\u0161itev.<\/p>\n<p>Danes nas Jezus vabi, da tudi mi nehamo razmi\u0161ljati z logiko tega sveta, ki postavlja v ospredje svoje interese in kjer posameznik obo\u017euje samega sebe, ampak z logiko kri\u017ea in slu\u017eenja. Ko se razdaja\u0161 za druge, se ti bo vse vrnilo blagoslovljeno in oplemeniteno.<\/p>\n<p><strong>\u017dupnik Branko Bala\u017eic SDB<\/strong><\/p><p><\/p><span class=\"slv-content-keywords\"> Leto C Nedeljska meditacija Postni \u010das <\/span>","protected":false},"excerpt":{"rendered":"<p>Povej mi, kako si se odlo\u010dil in povem ti, kak\u0161en si! \u017divljenje nas vedno postavlja pred razli\u010dne mo\u017enosti in to, kar smo danes, je sad odlo\u010ditev, ki smo jih sprejeli. Ko imamo pred seboj ve\u010d mo\u017enosti smo neodlo\u010dni, ker se zavedamo, da je na\u0161a prihodnost odvisna od odlo\u010ditve, ki jo bomo sprejeli. Hkrati se zavedamo,<a href=\"https:\/\/www.salve.si\/en\/postni-cas\/1-postna-nedelja-c-2025\/\">&#8230;<\/a><\/p>","protected":false},"author":5143,"featured_media":0,"comment_status":"open","ping_status":"open","sticky":false,"template":"","format":"standard","meta":{"_acf_changed":false,"footnotes":""},"categories":[1095,925,653],"tags":[651,927,1058],"class_list":["post-19662","post","type-post","status-publish","format-standard","hentry","category-leto-c","category-nedeljska-meditacija","category-postni-cas","tag-leto-c","tag-nedeljska-meditacija","tag-postni-cas"],"acf":[],"yoast_head":"<!-- This site is optimized with the Yoast SEO plugin v23.8 - https:\/\/yoast.com\/wordpress\/plugins\/seo\/ -->\n<title>1. postna nedelja \u2013 C 2025 - Salve<\/title>\n<meta name=\"robots\" content=\"noindex, follow\" \/>\n<meta property=\"og:locale\" content=\"en_US\" \/>\n<meta property=\"og:type\" content=\"article\" \/>\n<meta property=\"og:title\" content=\"1. postna nedelja \u2013 C 2025 - Salve\" \/>\n<meta property=\"og:description\" content=\"Povej mi, kako si se odlo\u010dil in povem ti, kak\u0161en si! \u017divljenje nas vedno postavlja pred razli\u010dne mo\u017enosti in to, kar smo danes, je sad odlo\u010ditev, ki smo jih sprejeli. Ko imamo pred seboj ve\u010d mo\u017enosti smo neodlo\u010dni, ker se zavedamo, da je na\u0161a prihodnost odvisna od odlo\u010ditve, ki jo bomo sprejeli. Hkrati se zavedamo,...\" \/>\n<meta property=\"og:url\" content=\"https:\/\/www.salve.si\/en\/postni-cas\/1-postna-nedelja-c-2025\/\" \/>\n<meta property=\"og:site_name\" content=\"Salve\" \/>\n<meta property=\"article:publisher\" content=\"https:\/\/www.facebook.com\/salve.si\" \/>\n<meta property=\"article:published_time\" content=\"2025-03-07T07:29:48+00:00\" \/>\n<meta property=\"article:modified_time\" content=\"2025-03-10T07:31:15+00:00\" \/>\n<meta property=\"og:image\" content=\"https:\/\/www.salve.si\/wp-content\/uploads\/2026\/01\/salve-og1.jpg\" \/>\n\t<meta property=\"og:image:width\" content=\"1200\" \/>\n\t<meta property=\"og:image:height\" content=\"630\" \/>\n\t<meta property=\"og:image:type\" content=\"image\/jpeg\" \/>\n<meta name=\"author\" content=\"Matev\u017e Kozinc\" \/>\n<meta name=\"twitter:card\" content=\"summary_large_image\" \/>\n<meta name=\"twitter:label1\" content=\"Written by\" \/>\n\t<meta name=\"twitter:data1\" content=\"Matev\u017e Kozinc\" \/>\n\t<meta name=\"twitter:label2\" content=\"Est. reading time\" \/>\n\t<meta name=\"twitter:data2\" content=\"6 minutes\" \/>\n<script type=\"application\/ld+json\" class=\"yoast-schema-graph\">{\"@context\":\"https:\/\/schema.org\",\"@graph\":[{\"@type\":\"Article\",\"@id\":\"https:\/\/www.salve.si\/postni-cas\/1-postna-nedelja-c-2025\/#article\",\"isPartOf\":{\"@id\":\"https:\/\/www.salve.si\/postni-cas\/1-postna-nedelja-c-2025\/\"},\"author\":{\"name\":\"Matev\u017e Kozinc\",\"@id\":\"https:\/\/www.salve.si\/#\/schema\/person\/732afa2bb4cf5d282e9e1e9f59c96183\"},\"headline\":\"1. postna nedelja \u2013 C 2025\",\"datePublished\":\"2025-03-07T07:29:48+00:00\",\"dateModified\":\"2025-03-10T07:31:15+00:00\",\"mainEntityOfPage\":{\"@id\":\"https:\/\/www.salve.si\/postni-cas\/1-postna-nedelja-c-2025\/\"},\"wordCount\":1135,\"commentCount\":0,\"publisher\":{\"@id\":\"https:\/\/www.salve.si\/#organization\"},\"keywords\":[\"C\",\"nedeljska meditacija\",\"postni \u010das\"],\"articleSection\":[\"Leto C\",\"Nedeljska meditacija\",\"Postni \u010das\"],\"inLanguage\":\"en-US\",\"potentialAction\":[{\"@type\":\"CommentAction\",\"name\":\"Comment\",\"target\":[\"https:\/\/www.salve.si\/postni-cas\/1-postna-nedelja-c-2025\/#respond\"]}]},{\"@type\":\"WebPage\",\"@id\":\"https:\/\/www.salve.si\/postni-cas\/1-postna-nedelja-c-2025\/\",\"url\":\"https:\/\/www.salve.si\/postni-cas\/1-postna-nedelja-c-2025\/\",\"name\":\"1. postna nedelja \u2013 C 2025 - Salve\",\"isPartOf\":{\"@id\":\"https:\/\/www.salve.si\/#website\"},\"datePublished\":\"2025-03-07T07:29:48+00:00\",\"dateModified\":\"2025-03-10T07:31:15+00:00\",\"breadcrumb\":{\"@id\":\"https:\/\/www.salve.si\/postni-cas\/1-postna-nedelja-c-2025\/#breadcrumb\"},\"inLanguage\":\"en-US\",\"potentialAction\":[{\"@type\":\"ReadAction\",\"target\":[\"https:\/\/www.salve.si\/postni-cas\/1-postna-nedelja-c-2025\/\"]}]},{\"@type\":\"BreadcrumbList\",\"@id\":\"https:\/\/www.salve.si\/postni-cas\/1-postna-nedelja-c-2025\/#breadcrumb\",\"itemListElement\":[{\"@type\":\"ListItem\",\"position\":1,\"name\":\"Home\",\"item\":\"https:\/\/www.salve.si\/\"},{\"@type\":\"ListItem\",\"position\":2,\"name\":\"1. postna nedelja \u2013 C 2025\"}]},{\"@type\":\"WebSite\",\"@id\":\"https:\/\/www.salve.si\/#website\",\"url\":\"https:\/\/www.salve.si\/\",\"name\":\"Salve\",\"description\":\"Salezijanska zalo\u017eba\",\"publisher\":{\"@id\":\"https:\/\/www.salve.si\/#organization\"},\"potentialAction\":[{\"@type\":\"SearchAction\",\"target\":{\"@type\":\"EntryPoint\",\"urlTemplate\":\"https:\/\/www.salve.si\/?s={search_term_string}\"},\"query-input\":{\"@type\":\"PropertyValueSpecification\",\"valueRequired\":true,\"valueName\":\"search_term_string\"}}],\"inLanguage\":\"en-US\"},{\"@type\":\"Organization\",\"@id\":\"https:\/\/www.salve.si\/#organization\",\"name\":\"Salve d.o.o.\",\"url\":\"https:\/\/www.salve.si\/\",\"logo\":{\"@type\":\"ImageObject\",\"inLanguage\":\"en-US\",\"@id\":\"https:\/\/www.salve.si\/#\/schema\/logo\/image\/\",\"url\":\"https:\/\/www.salve.si\/wp-content\/uploads\/2021\/01\/Salve_logo_modri_nov_web.png\",\"contentUrl\":\"https:\/\/www.salve.si\/wp-content\/uploads\/2021\/01\/Salve_logo_modri_nov_web.png\",\"width\":279,\"height\":90,\"caption\":\"Salve d.o.o.\"},\"image\":{\"@id\":\"https:\/\/www.salve.si\/#\/schema\/logo\/image\/\"},\"sameAs\":[\"https:\/\/www.facebook.com\/salve.si\",\"https:\/\/www.instagram.com\/zalozbasalve\/\",\"https:\/\/www.linkedin.com\/company\/zalozba-salve\/\"]},{\"@type\":\"Person\",\"@id\":\"https:\/\/www.salve.si\/#\/schema\/person\/732afa2bb4cf5d282e9e1e9f59c96183\",\"name\":\"Matev\u017e Kozinc\"}]}<\/script>\n<!-- \/ Yoast SEO plugin. -->","yoast_head_json":{"title":"1. postna nedelja \u2013 C 2025 - Salve","robots":{"index":"noindex","follow":"follow"},"og_locale":"en_US","og_type":"article","og_title":"1. postna nedelja \u2013 C 2025 - Salve","og_description":"Povej mi, kako si se odlo\u010dil in povem ti, kak\u0161en si! \u017divljenje nas vedno postavlja pred razli\u010dne mo\u017enosti in to, kar smo danes, je sad odlo\u010ditev, ki smo jih sprejeli. Ko imamo pred seboj ve\u010d mo\u017enosti smo neodlo\u010dni, ker se zavedamo, da je na\u0161a prihodnost odvisna od odlo\u010ditve, ki jo bomo sprejeli. Hkrati se zavedamo,...","og_url":"https:\/\/www.salve.si\/en\/postni-cas\/1-postna-nedelja-c-2025\/","og_site_name":"Salve","article_publisher":"https:\/\/www.facebook.com\/salve.si","article_published_time":"2025-03-07T07:29:48+00:00","article_modified_time":"2025-03-10T07:31:15+00:00","og_image":[{"width":1200,"height":630,"url":"https:\/\/www.salve.si\/wp-content\/uploads\/2026\/01\/salve-og1.jpg","type":"image\/jpeg"}],"author":"Matev\u017e Kozinc","twitter_card":"summary_large_image","twitter_misc":{"Written by":"Matev\u017e Kozinc","Est. reading time":"6 minutes"},"schema":{"@context":"https:\/\/schema.org","@graph":[{"@type":"Article","@id":"https:\/\/www.salve.si\/postni-cas\/1-postna-nedelja-c-2025\/#article","isPartOf":{"@id":"https:\/\/www.salve.si\/postni-cas\/1-postna-nedelja-c-2025\/"},"author":{"name":"Matev\u017e Kozinc","@id":"https:\/\/www.salve.si\/#\/schema\/person\/732afa2bb4cf5d282e9e1e9f59c96183"},"headline":"1. postna nedelja \u2013 C 2025","datePublished":"2025-03-07T07:29:48+00:00","dateModified":"2025-03-10T07:31:15+00:00","mainEntityOfPage":{"@id":"https:\/\/www.salve.si\/postni-cas\/1-postna-nedelja-c-2025\/"},"wordCount":1135,"commentCount":0,"publisher":{"@id":"https:\/\/www.salve.si\/#organization"},"keywords":["C","nedeljska meditacija","postni \u010das"],"articleSection":["Leto C","Nedeljska meditacija","Postni \u010das"],"inLanguage":"en-US","potentialAction":[{"@type":"CommentAction","name":"Comment","target":["https:\/\/www.salve.si\/postni-cas\/1-postna-nedelja-c-2025\/#respond"]}]},{"@type":"WebPage","@id":"https:\/\/www.salve.si\/postni-cas\/1-postna-nedelja-c-2025\/","url":"https:\/\/www.salve.si\/postni-cas\/1-postna-nedelja-c-2025\/","name":"1. postna nedelja \u2013 C 2025 - Salve","isPartOf":{"@id":"https:\/\/www.salve.si\/#website"},"datePublished":"2025-03-07T07:29:48+00:00","dateModified":"2025-03-10T07:31:15+00:00","breadcrumb":{"@id":"https:\/\/www.salve.si\/postni-cas\/1-postna-nedelja-c-2025\/#breadcrumb"},"inLanguage":"en-US","potentialAction":[{"@type":"ReadAction","target":["https:\/\/www.salve.si\/postni-cas\/1-postna-nedelja-c-2025\/"]}]},{"@type":"BreadcrumbList","@id":"https:\/\/www.salve.si\/postni-cas\/1-postna-nedelja-c-2025\/#breadcrumb","itemListElement":[{"@type":"ListItem","position":1,"name":"Home","item":"https:\/\/www.salve.si\/"},{"@type":"ListItem","position":2,"name":"1. postna nedelja \u2013 C 2025"}]},{"@type":"WebSite","@id":"https:\/\/www.salve.si\/#website","url":"https:\/\/www.salve.si\/","name":"Salve","description":"Salezijanska zalo\u017eba","publisher":{"@id":"https:\/\/www.salve.si\/#organization"},"potentialAction":[{"@type":"SearchAction","target":{"@type":"EntryPoint","urlTemplate":"https:\/\/www.salve.si\/?s={search_term_string}"},"query-input":{"@type":"PropertyValueSpecification","valueRequired":true,"valueName":"search_term_string"}}],"inLanguage":"en-US"},{"@type":"Organization","@id":"https:\/\/www.salve.si\/#organization","name":"Salve d.o.o.","url":"https:\/\/www.salve.si\/","logo":{"@type":"ImageObject","inLanguage":"en-US","@id":"https:\/\/www.salve.si\/#\/schema\/logo\/image\/","url":"https:\/\/www.salve.si\/wp-content\/uploads\/2021\/01\/Salve_logo_modri_nov_web.png","contentUrl":"https:\/\/www.salve.si\/wp-content\/uploads\/2021\/01\/Salve_logo_modri_nov_web.png","width":279,"height":90,"caption":"Salve d.o.o."},"image":{"@id":"https:\/\/www.salve.si\/#\/schema\/logo\/image\/"},"sameAs":["https:\/\/www.facebook.com\/salve.si","https:\/\/www.instagram.com\/zalozbasalve\/","https:\/\/www.linkedin.com\/company\/zalozba-salve\/"]},{"@type":"Person","@id":"https:\/\/www.salve.si\/#\/schema\/person\/732afa2bb4cf5d282e9e1e9f59c96183","name":"Matev\u017e Kozinc"}]}},"_links":{"self":[{"href":"https:\/\/www.salve.si\/en\/wp-json\/wp\/v2\/posts\/19662","targetHints":{"allow":["GET"]}}],"collection":[{"href":"https:\/\/www.salve.si\/en\/wp-json\/wp\/v2\/posts"}],"about":[{"href":"https:\/\/www.salve.si\/en\/wp-json\/wp\/v2\/types\/post"}],"author":[{"embeddable":true,"href":"https:\/\/www.salve.si\/en\/wp-json\/wp\/v2\/users\/5143"}],"replies":[{"embeddable":true,"href":"https:\/\/www.salve.si\/en\/wp-json\/wp\/v2\/comments?post=19662"}],"version-history":[{"count":2,"href":"https:\/\/www.salve.si\/en\/wp-json\/wp\/v2\/posts\/19662\/revisions"}],"predecessor-version":[{"id":19664,"href":"https:\/\/www.salve.si\/en\/wp-json\/wp\/v2\/posts\/19662\/revisions\/19664"}],"wp:attachment":[{"href":"https:\/\/www.salve.si\/en\/wp-json\/wp\/v2\/media?parent=19662"}],"wp:term":[{"taxonomy":"category","embeddable":true,"href":"https:\/\/www.salve.si\/en\/wp-json\/wp\/v2\/categories?post=19662"},{"taxonomy":"post_tag","embeddable":true,"href":"https:\/\/www.salve.si\/en\/wp-json\/wp\/v2\/tags?post=19662"}],"curies":[{"name":"wp","href":"https:\/\/api.w.org\/{rel}","templated":true}]}}