{"id":19479,"date":"2025-02-14T07:25:22","date_gmt":"2025-02-14T06:25:22","guid":{"rendered":"https:\/\/www.salve.si\/?p=19479"},"modified":"2025-01-03T07:26:27","modified_gmt":"2025-01-03T06:26:27","slug":"6-nedelja-med-letom-c-2025","status":"publish","type":"post","link":"https:\/\/www.salve.si\/en\/leto-c\/6-nedelja-med-letom-c-2025\/","title":{"rendered":"6. nedelja med letom \u2013 C 2025"},"content":{"rendered":"<p><strong>Predstavljal sem si sre\u010do, a bile so samo sanje!<\/strong><\/p>\n<p>\u010clovekova najve\u010dja \u017eelja je, da bi bil sre\u010den in zadovoljen. \u017de od nekdaj je sre\u010da \u010dlovekov najvi\u0161ji cilj. Vsakdo bi rad v tem svetu, ki se naglo spreminja, imel del\u010dek prostora samo zase. Nekateri vlo\u017eijo v uresni\u010ditev te \u017eelje ogromno kapitala, kak\u0161en je celo pripravljen ubijati, samo da bi si prisvojil del\u010dek prostora, ki bi bil nekaj posebnega, da bi ga drugi lahko ob\u010dudovali. Nekateri vidijo sre\u010do v doseganju dolo\u010dene mo\u010di in se vrtijo v spiralnem gibanju do to\u010dke, ko so sposobni uni\u010diti celo samega sebe. Prerok Jeremija je o takem \u010dloveku zapisal: \u00bbTak \u010dlovek je kakor suh grm v pustinji: ko pride kaj dobrega, tega ne vidi. Prebiva v izsu\u0161eni pu\u0161\u010davi, v solnati, neobljudeni de\u017eeli.\u00ab<\/p>\n<p>Evangeliji nam razkrivajo, da je prvi Jezusov govor mno\u017eici bil povezan z iskanjem sre\u010de in zato smemo re\u010di, da je sre\u010da \u017ee od nekdaj bila glavni cilj smiselnega \u017eivljenja. Aristotel in drugi anti\u010dni filozofi so za smisel \u017eivljenja imeli posedovanju dolo\u010denih dobrin, ki jih mora\u0161 na vsak na\u010din dose\u010di. Jezus pa vidi sre\u010do v na\u010dinu \u017eivljenja, ki te pripelje do za\u017eelenega cilja. Ko ima\u0161 sre\u010do kot cilj, zbere\u0161 vse mo\u010di, ki jih premore\u0161 in se trudi\u0161, dokler cilja ne dose\u017ee\u0161. Zato ima bogata\u0161 za cilj pridobiti si \u010dim ve\u010d bogastva. Jezusov govor je to na\u0161o logiko obrnil na glavo, kajti vse, o \u010demer nam je danes govoril, je povezano z dolo\u010denim pomanjkanjem: \u00bbBlagor vam ubogi \u2026 blagor vam, ki ste zdaj la\u010dni \u2026 blagor vam, ki zdaj jokate \u2026 blagor vam, kadar vas bodo ljudje sovra\u017eili \u2026 razveselite se tisti dan in vriskajte od sre\u010de.\u00ab Vse je obrnjeno na glavo. Kako naj razumemo Jezusovo razmi\u0161ljanje.<\/p>\n<p>Spomnimo se, kako je prerok Jeremija v prvem berilu dejal: \u00bbPreklet mo\u017e, ki zaupa v \u010dloveka in se opira na bitje iz mesa, njegovo srce pa se odmika od Gospoda!\u00ab Ubogi v Jezusovem smislu so torej vsi tisti, ki zaupajo samo v Boga. Sre\u010dni smo torej takrat, ko nimamo ni\u010d, ko jokamo, ko nas sovra\u017eijo in nas preganjajo, kajti takrat je Jezus na\u0161e bogastvo, na\u0161a tola\u017eba, na\u0161a obramba. Sre\u010da torej ni nek oddaljen cilj, kot je to bilo za Aristotela, ampak je tukaj in sedaj, ker nas Bog sedaj sprejema tak\u0161ne kot smo in nam daje mo\u010d, tola\u017ebo in zato\u010di\u0161\u010de.<\/p>\n<p>To la\u017eje razumemo iz drugega dela dana\u0161njega odlomka, ki ga ima samo evangelist Luka: \u00bbGorje vam, bogata\u0161i, kajti svojo tola\u017ebo \u017ee imate. Gorje vam, ki ste zdaj siti, kajti la\u010dni boste, Gorje vam, ki se zdaj smejete, kajti \u017ealovali in jokali boste. Gorje vam, kadar bodo vsi ljudje lepo govorili o vas, kajti prav tako so njihovi o\u010detje delali z la\u017enimi preroki!\u00ab<\/p>\n<p>Vsi ti, o katerih Jezus pravi \u00bbGorje vam!\u00ab mislijo samo nase, so samozadostni, njihov vzvi\u0161eni jaz pokriva vse njihovo \u017eivljenje. Vsi ti so nesre\u010dni, ker so Boga popolnoma izklju\u010dili iz svojega \u017eivljenja. Prerok Jeremija o njih pravi, da \u00bbprebivajo v izsu\u0161eni pu\u0161\u010davi, v solnati, neobljudeni de\u017eeli\u00ab.<\/p>\n<p>Mnogi svetniki, \u0161e prav posebej Ignacij Lojolski, so v bogastvu gledali \u010dloveka, ki je stopil na prvo stopnico na poti v svoje pogubljenje. Drugi dve stopnici sta zanj ne\u010dimrna slava in prevzetnost. Zanj Ignacija bogastvo ni mi\u0161ljeno v posedovanju stvari, temve\u010d gre za polnost samega sebe in domi\u0161ljavost, da Boga ne potrebuje\u0161. To najbolj vidimo pri ljudeh, ki imajo dolo\u010deno mo\u010d, avtoriteto in so na vidnih polo\u017eajih, kjer jim ljudje morajo ploskati. To jim daje nami\u0161ljeni ob\u010dutek, da nekaj veljajo, a pred Bogom so ni\u010dvredni.<\/p>\n<p>\u0160e en podatek je zelo pomemben: Matej zapi\u0161e, da \u00bbse je Jezus povzpel na goro\u00ab, ko jim je govoril o blagrih, Luka pa zapi\u0161e, da \u00bbje \u0161el z dvanajsterimi dol in se ustavil na ravnem kraju\u00ab. Ko je spregovoril ljudem, je moral dvigniti o\u010di in pogledati kvi\u0161ku. Jezus jih ni gledal od zgoraj navzdol, ampak od spodaj navzgor. Svoje o\u010di je povzdignil v nebo, kar pomeni, da Jezus takrat, ko gleda na na\u0161o stisko, \u017ealost in nelagodje, moli za nas in nas blagoslavlja.<\/p>\n<p><strong>\u017dupnik Branko Bala\u017eic SDB<\/strong><\/p><p><\/p><span class=\"slv-content-keywords\"> Leto C Nedelja med letom Nedeljska meditacija <\/span>","protected":false},"excerpt":{"rendered":"<p>Predstavljal sem si sre\u010do, a bile so samo sanje! \u010clovekova najve\u010dja \u017eelja je, da bi bil sre\u010den in zadovoljen. \u017de od nekdaj je sre\u010da \u010dlovekov najvi\u0161ji cilj. Vsakdo bi rad v tem svetu, ki se naglo spreminja, imel del\u010dek prostora samo zase. Nekateri vlo\u017eijo v uresni\u010ditev te \u017eelje ogromno kapitala, kak\u0161en je celo pripravljen ubijati,<a href=\"https:\/\/www.salve.si\/en\/leto-c\/6-nedelja-med-letom-c-2025\/\">&#8230;<\/a><\/p>","protected":false},"author":5143,"featured_media":0,"comment_status":"open","ping_status":"open","sticky":false,"template":"","format":"standard","meta":{"_acf_changed":false,"footnotes":""},"categories":[1095,1056,925],"tags":[651,1055,1057,927],"class_list":["post-19479","post","type-post","status-publish","format-standard","hentry","category-leto-c","category-nedelja-med-letom","category-nedeljska-meditacija","tag-leto-c","tag-cas-med-letom","tag-nedeljam-med-letom","tag-nedeljska-meditacija"],"acf":[],"yoast_head":"<!-- This site is optimized with the Yoast SEO plugin v23.8 - https:\/\/yoast.com\/wordpress\/plugins\/seo\/ -->\n<title>6. nedelja med letom \u2013 C 2025 - Salve<\/title>\n<meta name=\"robots\" content=\"noindex, follow\" \/>\n<meta property=\"og:locale\" content=\"en_US\" \/>\n<meta property=\"og:type\" content=\"article\" \/>\n<meta property=\"og:title\" content=\"6. nedelja med letom \u2013 C 2025 - Salve\" \/>\n<meta property=\"og:description\" content=\"Predstavljal sem si sre\u010do, a bile so samo sanje! \u010clovekova najve\u010dja \u017eelja je, da bi bil sre\u010den in zadovoljen. \u017de od nekdaj je sre\u010da \u010dlovekov najvi\u0161ji cilj. Vsakdo bi rad v tem svetu, ki se naglo spreminja, imel del\u010dek prostora samo zase. Nekateri vlo\u017eijo v uresni\u010ditev te \u017eelje ogromno kapitala, kak\u0161en je celo pripravljen ubijati,...\" \/>\n<meta property=\"og:url\" content=\"https:\/\/www.salve.si\/en\/leto-c\/6-nedelja-med-letom-c-2025\/\" \/>\n<meta property=\"og:site_name\" content=\"Salve\" \/>\n<meta property=\"article:publisher\" content=\"https:\/\/www.facebook.com\/salve.si\" \/>\n<meta property=\"article:published_time\" content=\"2025-02-14T06:25:22+00:00\" \/>\n<meta property=\"article:modified_time\" content=\"2025-01-03T06:26:27+00:00\" \/>\n<meta property=\"og:image\" content=\"https:\/\/www.salve.si\/wp-content\/uploads\/2026\/01\/salve-og1.jpg\" \/>\n\t<meta property=\"og:image:width\" content=\"1200\" \/>\n\t<meta property=\"og:image:height\" content=\"630\" \/>\n\t<meta property=\"og:image:type\" content=\"image\/jpeg\" \/>\n<meta name=\"author\" content=\"Matev\u017e Kozinc\" \/>\n<meta name=\"twitter:card\" content=\"summary_large_image\" \/>\n<meta name=\"twitter:label1\" content=\"Written by\" \/>\n\t<meta name=\"twitter:data1\" content=\"Matev\u017e Kozinc\" \/>\n\t<meta name=\"twitter:label2\" content=\"Est. reading time\" \/>\n\t<meta name=\"twitter:data2\" content=\"4 minutes\" \/>\n<script type=\"application\/ld+json\" class=\"yoast-schema-graph\">{\"@context\":\"https:\/\/schema.org\",\"@graph\":[{\"@type\":\"Article\",\"@id\":\"https:\/\/www.salve.si\/leto-c\/6-nedelja-med-letom-c-2025\/#article\",\"isPartOf\":{\"@id\":\"https:\/\/www.salve.si\/leto-c\/6-nedelja-med-letom-c-2025\/\"},\"author\":{\"name\":\"Matev\u017e Kozinc\",\"@id\":\"https:\/\/www.salve.si\/#\/schema\/person\/732afa2bb4cf5d282e9e1e9f59c96183\"},\"headline\":\"6. nedelja med letom \u2013 C 2025\",\"datePublished\":\"2025-02-14T06:25:22+00:00\",\"dateModified\":\"2025-01-03T06:26:27+00:00\",\"mainEntityOfPage\":{\"@id\":\"https:\/\/www.salve.si\/leto-c\/6-nedelja-med-letom-c-2025\/\"},\"wordCount\":745,\"commentCount\":0,\"publisher\":{\"@id\":\"https:\/\/www.salve.si\/#organization\"},\"keywords\":[\"C\",\"\u010cas med letom\",\"nedeljam med letom\",\"nedeljska meditacija\"],\"articleSection\":[\"Leto C\",\"Nedelja med letom\",\"Nedeljska meditacija\"],\"inLanguage\":\"en-US\",\"potentialAction\":[{\"@type\":\"CommentAction\",\"name\":\"Comment\",\"target\":[\"https:\/\/www.salve.si\/leto-c\/6-nedelja-med-letom-c-2025\/#respond\"]}]},{\"@type\":\"WebPage\",\"@id\":\"https:\/\/www.salve.si\/leto-c\/6-nedelja-med-letom-c-2025\/\",\"url\":\"https:\/\/www.salve.si\/leto-c\/6-nedelja-med-letom-c-2025\/\",\"name\":\"6. nedelja med letom \u2013 C 2025 - Salve\",\"isPartOf\":{\"@id\":\"https:\/\/www.salve.si\/#website\"},\"datePublished\":\"2025-02-14T06:25:22+00:00\",\"dateModified\":\"2025-01-03T06:26:27+00:00\",\"breadcrumb\":{\"@id\":\"https:\/\/www.salve.si\/leto-c\/6-nedelja-med-letom-c-2025\/#breadcrumb\"},\"inLanguage\":\"en-US\",\"potentialAction\":[{\"@type\":\"ReadAction\",\"target\":[\"https:\/\/www.salve.si\/leto-c\/6-nedelja-med-letom-c-2025\/\"]}]},{\"@type\":\"BreadcrumbList\",\"@id\":\"https:\/\/www.salve.si\/leto-c\/6-nedelja-med-letom-c-2025\/#breadcrumb\",\"itemListElement\":[{\"@type\":\"ListItem\",\"position\":1,\"name\":\"Home\",\"item\":\"https:\/\/www.salve.si\/\"},{\"@type\":\"ListItem\",\"position\":2,\"name\":\"6. nedelja med letom \u2013 C 2025\"}]},{\"@type\":\"WebSite\",\"@id\":\"https:\/\/www.salve.si\/#website\",\"url\":\"https:\/\/www.salve.si\/\",\"name\":\"Salve\",\"description\":\"Salezijanska zalo\u017eba\",\"publisher\":{\"@id\":\"https:\/\/www.salve.si\/#organization\"},\"potentialAction\":[{\"@type\":\"SearchAction\",\"target\":{\"@type\":\"EntryPoint\",\"urlTemplate\":\"https:\/\/www.salve.si\/?s={search_term_string}\"},\"query-input\":{\"@type\":\"PropertyValueSpecification\",\"valueRequired\":true,\"valueName\":\"search_term_string\"}}],\"inLanguage\":\"en-US\"},{\"@type\":\"Organization\",\"@id\":\"https:\/\/www.salve.si\/#organization\",\"name\":\"Salve d.o.o.\",\"url\":\"https:\/\/www.salve.si\/\",\"logo\":{\"@type\":\"ImageObject\",\"inLanguage\":\"en-US\",\"@id\":\"https:\/\/www.salve.si\/#\/schema\/logo\/image\/\",\"url\":\"https:\/\/www.salve.si\/wp-content\/uploads\/2021\/01\/Salve_logo_modri_nov_web.png\",\"contentUrl\":\"https:\/\/www.salve.si\/wp-content\/uploads\/2021\/01\/Salve_logo_modri_nov_web.png\",\"width\":279,\"height\":90,\"caption\":\"Salve d.o.o.\"},\"image\":{\"@id\":\"https:\/\/www.salve.si\/#\/schema\/logo\/image\/\"},\"sameAs\":[\"https:\/\/www.facebook.com\/salve.si\",\"https:\/\/www.instagram.com\/zalozbasalve\/\",\"https:\/\/www.linkedin.com\/company\/zalozba-salve\/\"]},{\"@type\":\"Person\",\"@id\":\"https:\/\/www.salve.si\/#\/schema\/person\/732afa2bb4cf5d282e9e1e9f59c96183\",\"name\":\"Matev\u017e Kozinc\"}]}<\/script>\n<!-- \/ Yoast SEO plugin. -->","yoast_head_json":{"title":"6. nedelja med letom \u2013 C 2025 - Salve","robots":{"index":"noindex","follow":"follow"},"og_locale":"en_US","og_type":"article","og_title":"6. nedelja med letom \u2013 C 2025 - Salve","og_description":"Predstavljal sem si sre\u010do, a bile so samo sanje! \u010clovekova najve\u010dja \u017eelja je, da bi bil sre\u010den in zadovoljen. \u017de od nekdaj je sre\u010da \u010dlovekov najvi\u0161ji cilj. Vsakdo bi rad v tem svetu, ki se naglo spreminja, imel del\u010dek prostora samo zase. Nekateri vlo\u017eijo v uresni\u010ditev te \u017eelje ogromno kapitala, kak\u0161en je celo pripravljen ubijati,...","og_url":"https:\/\/www.salve.si\/en\/leto-c\/6-nedelja-med-letom-c-2025\/","og_site_name":"Salve","article_publisher":"https:\/\/www.facebook.com\/salve.si","article_published_time":"2025-02-14T06:25:22+00:00","article_modified_time":"2025-01-03T06:26:27+00:00","og_image":[{"width":1200,"height":630,"url":"https:\/\/www.salve.si\/wp-content\/uploads\/2026\/01\/salve-og1.jpg","type":"image\/jpeg"}],"author":"Matev\u017e Kozinc","twitter_card":"summary_large_image","twitter_misc":{"Written by":"Matev\u017e Kozinc","Est. reading time":"4 minutes"},"schema":{"@context":"https:\/\/schema.org","@graph":[{"@type":"Article","@id":"https:\/\/www.salve.si\/leto-c\/6-nedelja-med-letom-c-2025\/#article","isPartOf":{"@id":"https:\/\/www.salve.si\/leto-c\/6-nedelja-med-letom-c-2025\/"},"author":{"name":"Matev\u017e Kozinc","@id":"https:\/\/www.salve.si\/#\/schema\/person\/732afa2bb4cf5d282e9e1e9f59c96183"},"headline":"6. nedelja med letom \u2013 C 2025","datePublished":"2025-02-14T06:25:22+00:00","dateModified":"2025-01-03T06:26:27+00:00","mainEntityOfPage":{"@id":"https:\/\/www.salve.si\/leto-c\/6-nedelja-med-letom-c-2025\/"},"wordCount":745,"commentCount":0,"publisher":{"@id":"https:\/\/www.salve.si\/#organization"},"keywords":["C","\u010cas med letom","nedeljam med letom","nedeljska meditacija"],"articleSection":["Leto C","Nedelja med letom","Nedeljska meditacija"],"inLanguage":"en-US","potentialAction":[{"@type":"CommentAction","name":"Comment","target":["https:\/\/www.salve.si\/leto-c\/6-nedelja-med-letom-c-2025\/#respond"]}]},{"@type":"WebPage","@id":"https:\/\/www.salve.si\/leto-c\/6-nedelja-med-letom-c-2025\/","url":"https:\/\/www.salve.si\/leto-c\/6-nedelja-med-letom-c-2025\/","name":"6. nedelja med letom \u2013 C 2025 - Salve","isPartOf":{"@id":"https:\/\/www.salve.si\/#website"},"datePublished":"2025-02-14T06:25:22+00:00","dateModified":"2025-01-03T06:26:27+00:00","breadcrumb":{"@id":"https:\/\/www.salve.si\/leto-c\/6-nedelja-med-letom-c-2025\/#breadcrumb"},"inLanguage":"en-US","potentialAction":[{"@type":"ReadAction","target":["https:\/\/www.salve.si\/leto-c\/6-nedelja-med-letom-c-2025\/"]}]},{"@type":"BreadcrumbList","@id":"https:\/\/www.salve.si\/leto-c\/6-nedelja-med-letom-c-2025\/#breadcrumb","itemListElement":[{"@type":"ListItem","position":1,"name":"Home","item":"https:\/\/www.salve.si\/"},{"@type":"ListItem","position":2,"name":"6. nedelja med letom \u2013 C 2025"}]},{"@type":"WebSite","@id":"https:\/\/www.salve.si\/#website","url":"https:\/\/www.salve.si\/","name":"Salve","description":"Salezijanska zalo\u017eba","publisher":{"@id":"https:\/\/www.salve.si\/#organization"},"potentialAction":[{"@type":"SearchAction","target":{"@type":"EntryPoint","urlTemplate":"https:\/\/www.salve.si\/?s={search_term_string}"},"query-input":{"@type":"PropertyValueSpecification","valueRequired":true,"valueName":"search_term_string"}}],"inLanguage":"en-US"},{"@type":"Organization","@id":"https:\/\/www.salve.si\/#organization","name":"Salve d.o.o.","url":"https:\/\/www.salve.si\/","logo":{"@type":"ImageObject","inLanguage":"en-US","@id":"https:\/\/www.salve.si\/#\/schema\/logo\/image\/","url":"https:\/\/www.salve.si\/wp-content\/uploads\/2021\/01\/Salve_logo_modri_nov_web.png","contentUrl":"https:\/\/www.salve.si\/wp-content\/uploads\/2021\/01\/Salve_logo_modri_nov_web.png","width":279,"height":90,"caption":"Salve d.o.o."},"image":{"@id":"https:\/\/www.salve.si\/#\/schema\/logo\/image\/"},"sameAs":["https:\/\/www.facebook.com\/salve.si","https:\/\/www.instagram.com\/zalozbasalve\/","https:\/\/www.linkedin.com\/company\/zalozba-salve\/"]},{"@type":"Person","@id":"https:\/\/www.salve.si\/#\/schema\/person\/732afa2bb4cf5d282e9e1e9f59c96183","name":"Matev\u017e Kozinc"}]}},"_links":{"self":[{"href":"https:\/\/www.salve.si\/en\/wp-json\/wp\/v2\/posts\/19479","targetHints":{"allow":["GET"]}}],"collection":[{"href":"https:\/\/www.salve.si\/en\/wp-json\/wp\/v2\/posts"}],"about":[{"href":"https:\/\/www.salve.si\/en\/wp-json\/wp\/v2\/types\/post"}],"author":[{"embeddable":true,"href":"https:\/\/www.salve.si\/en\/wp-json\/wp\/v2\/users\/5143"}],"replies":[{"embeddable":true,"href":"https:\/\/www.salve.si\/en\/wp-json\/wp\/v2\/comments?post=19479"}],"version-history":[{"count":2,"href":"https:\/\/www.salve.si\/en\/wp-json\/wp\/v2\/posts\/19479\/revisions"}],"predecessor-version":[{"id":19481,"href":"https:\/\/www.salve.si\/en\/wp-json\/wp\/v2\/posts\/19479\/revisions\/19481"}],"wp:attachment":[{"href":"https:\/\/www.salve.si\/en\/wp-json\/wp\/v2\/media?parent=19479"}],"wp:term":[{"taxonomy":"category","embeddable":true,"href":"https:\/\/www.salve.si\/en\/wp-json\/wp\/v2\/categories?post=19479"},{"taxonomy":"post_tag","embeddable":true,"href":"https:\/\/www.salve.si\/en\/wp-json\/wp\/v2\/tags?post=19479"}],"curies":[{"name":"wp","href":"https:\/\/api.w.org\/{rel}","templated":true}]}}