{"id":19476,"date":"2025-02-07T07:24:07","date_gmt":"2025-02-07T06:24:07","guid":{"rendered":"https:\/\/www.salve.si\/?p=19476"},"modified":"2025-01-03T07:25:15","modified_gmt":"2025-01-03T06:25:15","slug":"5-nedelja-med-letom-c-2025","status":"publish","type":"post","link":"https:\/\/www.salve.si\/en\/leto-c\/5-nedelja-med-letom-c-2025\/","title":{"rendered":"5. nedelja med letom \u2013 C 2025"},"content":{"rendered":"<p><strong>Odrini na globoko<\/strong><\/p>\n<p>Nih\u010de ni popoln, vsakdo naredi od \u010dasa do \u010dasa kak\u0161no napako, ki je v\u010dasih dobro zakrita, drugi\u010d pa je preve\u010d o\u010ditna in jo ve\u010dina opazi. V\u010dasih so napake zelo dobrodo\u0161le, da za\u010dnemo na svoje \u017eivljenje gledati bolj natan\u010dno, z ve\u010d realizma in poni\u017enosti. Pridejo pa trenutki, ko ne najdemo dovolj poguma, da bi pametno odreagirali in se nismo sposobni sami pobrati. Zato je dana\u0161nji evangeljski odlomek primerna u\u010dna ura, ki nam poka\u017ee, kako lahko Jezus vstopi v na\u0161e \u017eivljenje, ko smo na tleh in potrebujemo pomo\u010d. Bogu ni vseeno, kaj se z nami dogaja, zato vstopa v na\u0161e \u017eivljenje preden zavpijemo in kli\u010demo na pomo\u010d.<\/p>\n<p>Na jezeru sta bila dva \u010dolna in Jezus ni vstopil naklju\u010dno v enega od njih, ampak je hotel vstopiti v Simonov \u010doln. To ne pomeni, da je bilo z drugim \u010dolnom kaj narobe, ampak je Jezus na\u010drtno izbral Simonovega, ker je bilo tisti trenutek to pomembno. V njegov \u010doln je vstopil, ko je bil Simon \u010disto na tleh, ker pono\u010di niso ujeli nobene ribe. Simon je zjutraj pospravlja mre\u017ee, bil je \u017ealosten in razo\u010daran, kajti preteklo no\u010d je kot profesionalni ribi\u010d popolnoma zatajil. Sedaj je bil pravi trenutek, da se Jezus odlo\u010di in vstopi v Simonovo \u017eivljenje.<\/p>\n<p>Jezus Simona prosi, naj s \u010dolnom odrine malo od obale, da bo la\u017eje nagovoril mno\u017eico, ki se je zbrala na obali. Ta opazka se zdi banalna in Simon ni imel pravega razloga, da ne bi Jezusu ustregel, v resnici pa je bil to pravi razlog, da je Jezus stopil v Simonov \u010doln. Na koncu pridige Jezus preseneti Simona s stavkom: \u00bbOdrini na globoko in vrzite mre\u017ee za lov!\u00ab Ta izziv je bil namenjen Simonu in tudi ostalim ribi\u010dem, ki so pono\u010di skupaj z njim lovili. Odriniti na globoko pomeni, oddaljiti se od obale in vre\u010di mre\u017ee v globini, kar lahko pomeni, da se je treba poglobiti v svojo notranjost in tam ugotoviti, kak\u0161ne so na\u0161e najgloblje \u017eelje, kaj bi radi v \u017eivljenju dosegli. Odriniti na globoko pomeni tudi, soo\u010diti se s svojimi neuspehi, napakami, slabostmi, s svojimi ranami. Pretekla no\u010d je bila za Simona zelo huda, ker je zatajil na podro\u010dju, ki ga je najbolje obvladal. Jezus ga je zato povabil, da se poglobi vase in naredi prostor zanj, da bo lahko vstopil in mu pomagal dati \u017eivljenju pravo vrednost.<\/p>\n<p>Simon se Jezusu ni uprl, pa \u010deprav je vedel, da ta tesarjev sin nima pojma o profesionalnem ribi\u0161tvu. Simon je \u017ee do\u017eivel, da je Jezus ozdravil njegovo ta\u0161\u010do, videl je \u0161e kak\u0161en drug \u010dude\u017e, verjetno je tudi poslu\u0161al, kaj je Jezus to jutro govoril mno\u017eici in mu je kak\u0161en stavek segel v srce, zato je dejal: \u00bbU\u010denik, vso no\u010d smo se trudili, pa nismo ni\u010d ujeli, a na tvojo besedo bom vrgel mre\u017ee!\u00ab Za Simona ta odlo\u010ditev ni bila preprosta, kajti ribarit ne gre\u0161 sredi dneva, \u0161e prav posebej ne po no\u010di, ki je bila katastrofalna. Zato je bil Jezusov stavek res pravi izziv za Simona in tudi za vse nas, ki se imamo za profesionalce na dolo\u010denem podro\u010dju.<\/p>\n<p>\u00bbIn ko so vrgli mre\u017ee so ujeli veliko mno\u017eino rib, tako da so se jim mre\u017ee za\u010dele trgati!\u00ab je zapisal evangelist Luka. Simona ni osupnila le mno\u017eina rib, ampak predvsem dejstvo, da je Jezus vstopil v njegovo \u017eivljenje. Zato se je zbal, kaj se bo z njim zgodilo. Padel je pred Jezusove noge in rekel: \u00bbPojdi od mene, Gospod, ker sem gre\u0161en \u010dlovek!\u00ab Pred Jezusom, ki se mu je razodel kot prijatelj, se je Simon po\u010dutil kot gre\u0161nik. Prvi korak na poti za Gospodom je namre\u010d ta, da za\u010dutimo Bo\u017ejo ljubezen in se prepoznamo kot gre\u0161niki.<\/p>\n<p>Jezus potola\u017ei Simona z besedami: \u00bbNe boj se! Odslej bo\u0161 lovil ljudi!\u00ab Simon vsekakor ta trenutek ni dojel, kaj mu je Jezus hotel povedati. Toda ta stavek je kljub temu povezan z njegovo \u017eivljenjsko zgodbo in hkrati napoveduje nekaj novega: Simon je ribi\u010d in to bo tudi ostal. Jezus nima namena spremeniti njegovo identiteto. Jezus odobrava to, kar delamo, ne \u017eeli nam re\u010di, da moramo zamenjati svoj poklic in se posvetiti kak\u0161ni drugi stvari. Jezus re\u010de Simonu, da bo \u0161e naprej ribi\u010d, a tokrat bo lovil ljudi. Njegov poklic bo dobil novo vrednost, kar je vsekakor potrebno, \u010de ho\u010demo biti delavci v Bo\u017ejem kraljestvu. Simonov poklic ribi\u010da bo tako dobil polno vrednost znotraj Bo\u017ejega na\u010drta.<\/p>\n<p>S tem se ni nekaj spremenilo samo v Simonovem \u017eivljenju, ampak v \u017eivljenju vseh njegovih poklicnih kolegov, ki so postali Jezusovi u\u010denci. Tudi vsi mi smo povabljeni, da se oddaljimo od obale, od okolja, kjer se najbolje po\u010dutimo in odrinemo na globoko. V svoji notranjosti moramo prepoznati, kaj nas te\u017ei, kateri so na\u0161i neuspehi, na katerem podro\u010dju smo pogostokrat pora\u017eeni. Jezus ho\u010de vstopiti v na\u0161e \u017eivljenje, ko smo neuspe\u0161ni, ko ga najbolj potrebujemo.<\/p>\n<p><strong>\u017dupnik Branko Bala\u017eic SDB<\/strong><span class=\"slv-content-keywords\"> Leto C Nedelja med letom Nedeljska meditacija <\/span><\/p>","protected":false},"excerpt":{"rendered":"<p>Odrini na globoko Nih\u010de ni popoln, vsakdo naredi od \u010dasa do \u010dasa kak\u0161no napako, ki je v\u010dasih dobro zakrita, drugi\u010d pa je preve\u010d o\u010ditna in jo ve\u010dina opazi. V\u010dasih so napake zelo dobrodo\u0161le, da za\u010dnemo na svoje \u017eivljenje gledati bolj natan\u010dno, z ve\u010d realizma in poni\u017enosti. Pridejo pa trenutki, ko ne najdemo dovolj poguma, da<a href=\"https:\/\/www.salve.si\/en\/leto-c\/5-nedelja-med-letom-c-2025\/\">&#8230;<\/a><\/p>","protected":false},"author":5143,"featured_media":0,"comment_status":"open","ping_status":"open","sticky":false,"template":"","format":"standard","meta":{"_acf_changed":false,"footnotes":""},"categories":[1095,1056,925],"tags":[651,1055,1057,927],"class_list":["post-19476","post","type-post","status-publish","format-standard","hentry","category-leto-c","category-nedelja-med-letom","category-nedeljska-meditacija","tag-leto-c","tag-cas-med-letom","tag-nedeljam-med-letom","tag-nedeljska-meditacija"],"acf":[],"yoast_head":"<!-- This site is optimized with the Yoast SEO plugin v23.8 - https:\/\/yoast.com\/wordpress\/plugins\/seo\/ -->\n<title>5. nedelja med letom \u2013 C 2025 - Salve<\/title>\n<meta name=\"robots\" content=\"noindex, follow\" \/>\n<meta property=\"og:locale\" content=\"en_US\" \/>\n<meta property=\"og:type\" content=\"article\" \/>\n<meta property=\"og:title\" content=\"5. nedelja med letom \u2013 C 2025 - Salve\" \/>\n<meta property=\"og:description\" content=\"Odrini na globoko Nih\u010de ni popoln, vsakdo naredi od \u010dasa do \u010dasa kak\u0161no napako, ki je v\u010dasih dobro zakrita, drugi\u010d pa je preve\u010d o\u010ditna in jo ve\u010dina opazi. V\u010dasih so napake zelo dobrodo\u0161le, da za\u010dnemo na svoje \u017eivljenje gledati bolj natan\u010dno, z ve\u010d realizma in poni\u017enosti. Pridejo pa trenutki, ko ne najdemo dovolj poguma, da...\" \/>\n<meta property=\"og:url\" content=\"https:\/\/www.salve.si\/en\/leto-c\/5-nedelja-med-letom-c-2025\/\" \/>\n<meta property=\"og:site_name\" content=\"Salve\" \/>\n<meta property=\"article:publisher\" content=\"https:\/\/www.facebook.com\/salve.si\" \/>\n<meta property=\"article:published_time\" content=\"2025-02-07T06:24:07+00:00\" \/>\n<meta property=\"article:modified_time\" content=\"2025-01-03T06:25:15+00:00\" \/>\n<meta property=\"og:image\" content=\"https:\/\/www.salve.si\/wp-content\/uploads\/2026\/01\/salve-og1.jpg\" \/>\n\t<meta property=\"og:image:width\" content=\"1200\" \/>\n\t<meta property=\"og:image:height\" content=\"630\" \/>\n\t<meta property=\"og:image:type\" content=\"image\/jpeg\" \/>\n<meta name=\"author\" content=\"Matev\u017e Kozinc\" \/>\n<meta name=\"twitter:card\" content=\"summary_large_image\" \/>\n<meta name=\"twitter:label1\" content=\"Written by\" \/>\n\t<meta name=\"twitter:data1\" content=\"Matev\u017e Kozinc\" \/>\n\t<meta name=\"twitter:label2\" content=\"Est. reading time\" \/>\n\t<meta name=\"twitter:data2\" content=\"5 minutes\" \/>\n<script type=\"application\/ld+json\" class=\"yoast-schema-graph\">{\"@context\":\"https:\/\/schema.org\",\"@graph\":[{\"@type\":\"Article\",\"@id\":\"https:\/\/www.salve.si\/leto-c\/5-nedelja-med-letom-c-2025\/#article\",\"isPartOf\":{\"@id\":\"https:\/\/www.salve.si\/leto-c\/5-nedelja-med-letom-c-2025\/\"},\"author\":{\"name\":\"Matev\u017e Kozinc\",\"@id\":\"https:\/\/www.salve.si\/#\/schema\/person\/732afa2bb4cf5d282e9e1e9f59c96183\"},\"headline\":\"5. nedelja med letom \u2013 C 2025\",\"datePublished\":\"2025-02-07T06:24:07+00:00\",\"dateModified\":\"2025-01-03T06:25:15+00:00\",\"mainEntityOfPage\":{\"@id\":\"https:\/\/www.salve.si\/leto-c\/5-nedelja-med-letom-c-2025\/\"},\"wordCount\":879,\"commentCount\":0,\"publisher\":{\"@id\":\"https:\/\/www.salve.si\/#organization\"},\"keywords\":[\"C\",\"\u010cas med letom\",\"nedeljam med letom\",\"nedeljska meditacija\"],\"articleSection\":[\"Leto C\",\"Nedelja med letom\",\"Nedeljska meditacija\"],\"inLanguage\":\"en-US\",\"potentialAction\":[{\"@type\":\"CommentAction\",\"name\":\"Comment\",\"target\":[\"https:\/\/www.salve.si\/leto-c\/5-nedelja-med-letom-c-2025\/#respond\"]}]},{\"@type\":\"WebPage\",\"@id\":\"https:\/\/www.salve.si\/leto-c\/5-nedelja-med-letom-c-2025\/\",\"url\":\"https:\/\/www.salve.si\/leto-c\/5-nedelja-med-letom-c-2025\/\",\"name\":\"5. nedelja med letom \u2013 C 2025 - Salve\",\"isPartOf\":{\"@id\":\"https:\/\/www.salve.si\/#website\"},\"datePublished\":\"2025-02-07T06:24:07+00:00\",\"dateModified\":\"2025-01-03T06:25:15+00:00\",\"breadcrumb\":{\"@id\":\"https:\/\/www.salve.si\/leto-c\/5-nedelja-med-letom-c-2025\/#breadcrumb\"},\"inLanguage\":\"en-US\",\"potentialAction\":[{\"@type\":\"ReadAction\",\"target\":[\"https:\/\/www.salve.si\/leto-c\/5-nedelja-med-letom-c-2025\/\"]}]},{\"@type\":\"BreadcrumbList\",\"@id\":\"https:\/\/www.salve.si\/leto-c\/5-nedelja-med-letom-c-2025\/#breadcrumb\",\"itemListElement\":[{\"@type\":\"ListItem\",\"position\":1,\"name\":\"Home\",\"item\":\"https:\/\/www.salve.si\/\"},{\"@type\":\"ListItem\",\"position\":2,\"name\":\"5. nedelja med letom \u2013 C 2025\"}]},{\"@type\":\"WebSite\",\"@id\":\"https:\/\/www.salve.si\/#website\",\"url\":\"https:\/\/www.salve.si\/\",\"name\":\"Salve\",\"description\":\"Salezijanska zalo\u017eba\",\"publisher\":{\"@id\":\"https:\/\/www.salve.si\/#organization\"},\"potentialAction\":[{\"@type\":\"SearchAction\",\"target\":{\"@type\":\"EntryPoint\",\"urlTemplate\":\"https:\/\/www.salve.si\/?s={search_term_string}\"},\"query-input\":{\"@type\":\"PropertyValueSpecification\",\"valueRequired\":true,\"valueName\":\"search_term_string\"}}],\"inLanguage\":\"en-US\"},{\"@type\":\"Organization\",\"@id\":\"https:\/\/www.salve.si\/#organization\",\"name\":\"Salve d.o.o.\",\"url\":\"https:\/\/www.salve.si\/\",\"logo\":{\"@type\":\"ImageObject\",\"inLanguage\":\"en-US\",\"@id\":\"https:\/\/www.salve.si\/#\/schema\/logo\/image\/\",\"url\":\"https:\/\/www.salve.si\/wp-content\/uploads\/2021\/01\/Salve_logo_modri_nov_web.png\",\"contentUrl\":\"https:\/\/www.salve.si\/wp-content\/uploads\/2021\/01\/Salve_logo_modri_nov_web.png\",\"width\":279,\"height\":90,\"caption\":\"Salve d.o.o.\"},\"image\":{\"@id\":\"https:\/\/www.salve.si\/#\/schema\/logo\/image\/\"},\"sameAs\":[\"https:\/\/www.facebook.com\/salve.si\",\"https:\/\/www.instagram.com\/zalozbasalve\/\",\"https:\/\/www.linkedin.com\/company\/zalozba-salve\/\"]},{\"@type\":\"Person\",\"@id\":\"https:\/\/www.salve.si\/#\/schema\/person\/732afa2bb4cf5d282e9e1e9f59c96183\",\"name\":\"Matev\u017e Kozinc\"}]}<\/script>\n<!-- \/ Yoast SEO plugin. -->","yoast_head_json":{"title":"5. nedelja med letom \u2013 C 2025 - Salve","robots":{"index":"noindex","follow":"follow"},"og_locale":"en_US","og_type":"article","og_title":"5. nedelja med letom \u2013 C 2025 - Salve","og_description":"Odrini na globoko Nih\u010de ni popoln, vsakdo naredi od \u010dasa do \u010dasa kak\u0161no napako, ki je v\u010dasih dobro zakrita, drugi\u010d pa je preve\u010d o\u010ditna in jo ve\u010dina opazi. V\u010dasih so napake zelo dobrodo\u0161le, da za\u010dnemo na svoje \u017eivljenje gledati bolj natan\u010dno, z ve\u010d realizma in poni\u017enosti. Pridejo pa trenutki, ko ne najdemo dovolj poguma, da...","og_url":"https:\/\/www.salve.si\/en\/leto-c\/5-nedelja-med-letom-c-2025\/","og_site_name":"Salve","article_publisher":"https:\/\/www.facebook.com\/salve.si","article_published_time":"2025-02-07T06:24:07+00:00","article_modified_time":"2025-01-03T06:25:15+00:00","og_image":[{"width":1200,"height":630,"url":"https:\/\/www.salve.si\/wp-content\/uploads\/2026\/01\/salve-og1.jpg","type":"image\/jpeg"}],"author":"Matev\u017e Kozinc","twitter_card":"summary_large_image","twitter_misc":{"Written by":"Matev\u017e Kozinc","Est. reading time":"5 minutes"},"schema":{"@context":"https:\/\/schema.org","@graph":[{"@type":"Article","@id":"https:\/\/www.salve.si\/leto-c\/5-nedelja-med-letom-c-2025\/#article","isPartOf":{"@id":"https:\/\/www.salve.si\/leto-c\/5-nedelja-med-letom-c-2025\/"},"author":{"name":"Matev\u017e Kozinc","@id":"https:\/\/www.salve.si\/#\/schema\/person\/732afa2bb4cf5d282e9e1e9f59c96183"},"headline":"5. nedelja med letom \u2013 C 2025","datePublished":"2025-02-07T06:24:07+00:00","dateModified":"2025-01-03T06:25:15+00:00","mainEntityOfPage":{"@id":"https:\/\/www.salve.si\/leto-c\/5-nedelja-med-letom-c-2025\/"},"wordCount":879,"commentCount":0,"publisher":{"@id":"https:\/\/www.salve.si\/#organization"},"keywords":["C","\u010cas med letom","nedeljam med letom","nedeljska meditacija"],"articleSection":["Leto C","Nedelja med letom","Nedeljska meditacija"],"inLanguage":"en-US","potentialAction":[{"@type":"CommentAction","name":"Comment","target":["https:\/\/www.salve.si\/leto-c\/5-nedelja-med-letom-c-2025\/#respond"]}]},{"@type":"WebPage","@id":"https:\/\/www.salve.si\/leto-c\/5-nedelja-med-letom-c-2025\/","url":"https:\/\/www.salve.si\/leto-c\/5-nedelja-med-letom-c-2025\/","name":"5. nedelja med letom \u2013 C 2025 - Salve","isPartOf":{"@id":"https:\/\/www.salve.si\/#website"},"datePublished":"2025-02-07T06:24:07+00:00","dateModified":"2025-01-03T06:25:15+00:00","breadcrumb":{"@id":"https:\/\/www.salve.si\/leto-c\/5-nedelja-med-letom-c-2025\/#breadcrumb"},"inLanguage":"en-US","potentialAction":[{"@type":"ReadAction","target":["https:\/\/www.salve.si\/leto-c\/5-nedelja-med-letom-c-2025\/"]}]},{"@type":"BreadcrumbList","@id":"https:\/\/www.salve.si\/leto-c\/5-nedelja-med-letom-c-2025\/#breadcrumb","itemListElement":[{"@type":"ListItem","position":1,"name":"Home","item":"https:\/\/www.salve.si\/"},{"@type":"ListItem","position":2,"name":"5. nedelja med letom \u2013 C 2025"}]},{"@type":"WebSite","@id":"https:\/\/www.salve.si\/#website","url":"https:\/\/www.salve.si\/","name":"Salve","description":"Salezijanska zalo\u017eba","publisher":{"@id":"https:\/\/www.salve.si\/#organization"},"potentialAction":[{"@type":"SearchAction","target":{"@type":"EntryPoint","urlTemplate":"https:\/\/www.salve.si\/?s={search_term_string}"},"query-input":{"@type":"PropertyValueSpecification","valueRequired":true,"valueName":"search_term_string"}}],"inLanguage":"en-US"},{"@type":"Organization","@id":"https:\/\/www.salve.si\/#organization","name":"Salve d.o.o.","url":"https:\/\/www.salve.si\/","logo":{"@type":"ImageObject","inLanguage":"en-US","@id":"https:\/\/www.salve.si\/#\/schema\/logo\/image\/","url":"https:\/\/www.salve.si\/wp-content\/uploads\/2021\/01\/Salve_logo_modri_nov_web.png","contentUrl":"https:\/\/www.salve.si\/wp-content\/uploads\/2021\/01\/Salve_logo_modri_nov_web.png","width":279,"height":90,"caption":"Salve d.o.o."},"image":{"@id":"https:\/\/www.salve.si\/#\/schema\/logo\/image\/"},"sameAs":["https:\/\/www.facebook.com\/salve.si","https:\/\/www.instagram.com\/zalozbasalve\/","https:\/\/www.linkedin.com\/company\/zalozba-salve\/"]},{"@type":"Person","@id":"https:\/\/www.salve.si\/#\/schema\/person\/732afa2bb4cf5d282e9e1e9f59c96183","name":"Matev\u017e Kozinc"}]}},"_links":{"self":[{"href":"https:\/\/www.salve.si\/en\/wp-json\/wp\/v2\/posts\/19476","targetHints":{"allow":["GET"]}}],"collection":[{"href":"https:\/\/www.salve.si\/en\/wp-json\/wp\/v2\/posts"}],"about":[{"href":"https:\/\/www.salve.si\/en\/wp-json\/wp\/v2\/types\/post"}],"author":[{"embeddable":true,"href":"https:\/\/www.salve.si\/en\/wp-json\/wp\/v2\/users\/5143"}],"replies":[{"embeddable":true,"href":"https:\/\/www.salve.si\/en\/wp-json\/wp\/v2\/comments?post=19476"}],"version-history":[{"count":2,"href":"https:\/\/www.salve.si\/en\/wp-json\/wp\/v2\/posts\/19476\/revisions"}],"predecessor-version":[{"id":19478,"href":"https:\/\/www.salve.si\/en\/wp-json\/wp\/v2\/posts\/19476\/revisions\/19478"}],"wp:attachment":[{"href":"https:\/\/www.salve.si\/en\/wp-json\/wp\/v2\/media?parent=19476"}],"wp:term":[{"taxonomy":"category","embeddable":true,"href":"https:\/\/www.salve.si\/en\/wp-json\/wp\/v2\/categories?post=19476"},{"taxonomy":"post_tag","embeddable":true,"href":"https:\/\/www.salve.si\/en\/wp-json\/wp\/v2\/tags?post=19476"}],"curies":[{"name":"wp","href":"https:\/\/api.w.org\/{rel}","templated":true}]}}