{"id":19473,"date":"2025-01-31T07:22:06","date_gmt":"2025-01-31T06:22:06","guid":{"rendered":"https:\/\/www.salve.si\/?p=19473"},"modified":"2025-01-03T07:23:44","modified_gmt":"2025-01-03T06:23:44","slug":"4-nedelja-med-letom-c-2025","status":"publish","type":"post","link":"https:\/\/www.salve.si\/en\/leto-c\/4-nedelja-med-letom-c-2025\/","title":{"rendered":"4. nedelja med letom \u2013 C 2025"},"content":{"rendered":"<p><strong>Nobenega preroka ne sprejmejo v doma\u010dem kraju<\/strong><\/p>\n<p>Vsakdo se trudi za svojo prepoznavnost, da bi ga ljudje sprejeli tak\u0161nega kot je in ne bi izkori\u0161\u010dali njegovih slabosti in ran. Kot otroci smo upali, da se bo ta globoka \u017eelja uresni\u010dila, a zelo hitro smo bili razo\u010darani, kajti najhuje je, \u010de te ne razumejo o\u010de, mati, brat, sestra, tvoji najbli\u017eji. Med otroki hitro pride do tekmovanja za ljubezen in se za\u010dnejo sovra\u017eiti. Zelo zgodaj drug drugemu prilepimo etiketo, ki jo bo nosil vse \u017eivljenje. Zato se ne smemo \u010duditi, da otrok za\u010dne zelo hitro prikrivati resnico, bolje re\u010deno, ne upa povedati, kar misli in kar \u010duti, ker se boji, da bo resnica razkrila njegovo rano in pretrgala medsebojne vezi.<\/p>\n<p>V prvem berilu smo poslu\u0161ali preroka Jeremija, ki ga je Bog poklical, da stopi pred ljudstvo in jim pove, da Bog ni zadovoljen z njimi. Jeremija se je zavedal, da ga nih\u010de ne jemlje resno in zato ne more stopiti pred ljudi kot zgrajena, dobro prepoznavna osebnost, ki jo bodo poslu\u0161ali in upo\u0161tevali. Tako sem se po\u010dutil tudi sam, ko sem postal duhovnik in sem moral nagovoriti doma\u010de ljudi, ki so me poznali. Na svojo novoma\u0161no podobico sem zapisal: \u00bbGospod Bog, glej, ne znam govoriti, ker sem \u0161e de\u010dek!\u00ab Po\u010dutil sem se slabotnega, nesposobnega in svoje ranljivosti nisem znal nikoli dovolj skriti. Med ljudmi, od katerih pri\u010dakujemo, da nas bodo sprejeli tak\u0161nega kot smo, se pogosto zgodi, da smo zavrnjeni in napa\u010dno razumljeni. Zato imajo mnogi ob\u010dutek manj vrednosti, kar je najpogostej\u0161a oblika obrambe. \u00bbPoslu\u0161ajte kdo se je oglasil!\u00ab Ko sli\u0161imo ta stavek, povesimo glavo in utihnemo, ali pa se na hitro umaknemo.<\/p>\n<p>Enako se je po\u010dutil Jezus po svojem prvem nastopu v doma\u010di sinagogi \u2013 prvi del evangelija smo poslu\u0161ali preteklo nedeljo, danes pa smo sli\u0161ali, kako so se ljudje odzvali na njegovo razlago Bo\u017eje besede, ko je dejal: \u00bbDanes se je to Pismo izpolnilo tako, kakor ste sli\u0161ali.\u00ab \u00bbAli ni to Jo\u017eefov sin?\u00ab se je zasli\u0161alo \u0161epetanje med poslu\u0161alci. Jezus je bil pozoren na to, kako bodo doma\u010dini ocenili njegovo pridigo. Sli\u0161al je \u0161epetanje, zato je dejal: \u00bbSeveda mi boste povedali ta pregovor: &#8216;Zdravnik, ozdravi sebe.&#8217; Kar smo sli\u0161ali, da se je zgodilo v Kafarnaumu, stori tudi tukaj v doma\u010dem kraju.\u00ab Izzivali so ga. Sam pa se je jasno zavedal, da si v doma\u010dem kraju najbolj izpostavljen, da bodo tudi v tvoji najbolj izpiljeni razlagi na\u0161li nekaj, s \u010dimer te bodo sku\u0161ali uni\u010diti in ti vzeti dostojanstvo. Pred ljudmi, ki so se zaprli in no\u010dejo sli\u0161ati resnico, si nemo\u010den, \u0161e prav posebej, \u010de si doma\u010din. Jezus ni mogel narediti kak\u0161nega \u010dude\u017ea v doma\u010dem kraju, kajti ljudje, ki so bili njegovi bli\u017enji in bi ga morali najprej sprejeti, so se obrnili proti njemu.<\/p>\n<p>Tak\u0161no ravnanje ni ni\u010d novega, zato je Jezus svoje poslu\u0161alce spomnil, kaj se je zgodilo v Elijevih dneh, ko je bilo v Izraelu veliko vdov, a prerok ni bil poslan k nobeni izmed njih, razen k tujki, k vdovi v Sarepto. V \u010dasu preroka Elizeja je bilo v Izraelu zelo veliko gobavcev, pa prerok ni ozdravil nobenega, razen Naamana, ki je bil tujec, Sirec po rodu.<\/p>\n<p>Ali je danes kaj druga\u010de? V krajih, kjer je hodil Jezus se ne godijo \u010dude\u017ei, ampak divja vojna in je vsak dan ve\u010d nedol\u017enih \u017ertev. V teh krajih ne sli\u0161ijo Jezusa, ki vabi k miru, slogi in sodelovanju. Tako se lahko godi v na\u0161ih domovih: prepri\u010dani smo, da poznamo drug drugega do obisti, zato se obkladamo s tak\u0161nimi izrazi, ki ne prina\u0161ajo mir, ampak razdor in sovra\u0161tvo. Kjer je tako, je Jezus brez mo\u010di, tam ni pravega prostora zanj, njegov mir ne more po\u010divati na tak\u0161nih krajih.<\/p>\n<p>Kak\u0161na je na\u0161a domovina? Skregana, polna nezadovoljne\u017eev, ve\u010dina je jezna na vse, na vlado, na cerkvene voditelje, na socialne reve\u017ee, ki dobijo ve\u010d kot tisti, ki si z delom slu\u017eijo svoj kruh. Polni smo mr\u017enje in jeze in zato komaj \u010dakamo, na bi na koga to svoje nelagodje zvrnili. In prvi, ki nam je pri roki, je navadno oseba, ki se nam zoperstavlja in postavlja pod vpra\u0161aj na\u0161e stare navade in na\u010din \u017eivljenja.<\/p>\n<p>Kaj so naredili Nazare\u010dani z Jezusom? Vstali so, ga vrgli iz mesta in odvedli na previs hriba, na katerem je bilo sezidano njihovo mesto, da bi ga pahnili v prepad. On pa je \u0161el sredi med njimi in je hodil dalje. Kako je to zmogel? Bil je poln Svetega Duha, zato je iz pu\u0161\u010dave pri\u0161el mo\u010dan, jasno odlo\u010den, da se ljudem ne bo pustil, da bi ga pohodili, dokler ne bo nastopil njegov \u010das, njegova ura smrti in poveli\u010danja.<\/p>\n<p>Ta njegov miren odhod iz doma\u010dega kraja je izziv za vse nas: ko si jezen in poln mr\u017enje, ne more\u0161 narediti ni\u010d dobrega. Takrat se mora\u0161 umakniti in biti odprt za Boga, kajti od njega prejmemo mo\u010d in mir, da se jeza in mr\u017enja pole\u017eeta in smo sposobni trezno razmi\u0161ljati.<\/p>\n<p><strong>\u017dupnik Branko Bala\u017eic SDB<\/strong><\/p><p><\/p><span class=\"slv-content-keywords\"> Leto C Nedelja med letom Nedeljska meditacija <\/span>","protected":false},"excerpt":{"rendered":"<p>Nobenega preroka ne sprejmejo v doma\u010dem kraju Vsakdo se trudi za svojo prepoznavnost, da bi ga ljudje sprejeli tak\u0161nega kot je in ne bi izkori\u0161\u010dali njegovih slabosti in ran. Kot otroci smo upali, da se bo ta globoka \u017eelja uresni\u010dila, a zelo hitro smo bili razo\u010darani, kajti najhuje je, \u010de te ne razumejo o\u010de, mati,<a href=\"https:\/\/www.salve.si\/en\/leto-c\/4-nedelja-med-letom-c-2025\/\">&#8230;<\/a><\/p>","protected":false},"author":5143,"featured_media":0,"comment_status":"open","ping_status":"open","sticky":false,"template":"","format":"standard","meta":{"_acf_changed":false,"footnotes":""},"categories":[1095,1056,925],"tags":[651,1055,1057,927],"class_list":["post-19473","post","type-post","status-publish","format-standard","hentry","category-leto-c","category-nedelja-med-letom","category-nedeljska-meditacija","tag-leto-c","tag-cas-med-letom","tag-nedeljam-med-letom","tag-nedeljska-meditacija"],"acf":[],"yoast_head":"<!-- This site is optimized with the Yoast SEO plugin v23.8 - https:\/\/yoast.com\/wordpress\/plugins\/seo\/ -->\n<title>4. nedelja med letom \u2013 C 2025 - Salve<\/title>\n<meta name=\"robots\" content=\"noindex, follow\" \/>\n<meta property=\"og:locale\" content=\"en_US\" \/>\n<meta property=\"og:type\" content=\"article\" \/>\n<meta property=\"og:title\" content=\"4. nedelja med letom \u2013 C 2025 - Salve\" \/>\n<meta property=\"og:description\" content=\"Nobenega preroka ne sprejmejo v doma\u010dem kraju Vsakdo se trudi za svojo prepoznavnost, da bi ga ljudje sprejeli tak\u0161nega kot je in ne bi izkori\u0161\u010dali njegovih slabosti in ran. Kot otroci smo upali, da se bo ta globoka \u017eelja uresni\u010dila, a zelo hitro smo bili razo\u010darani, kajti najhuje je, \u010de te ne razumejo o\u010de, mati,...\" \/>\n<meta property=\"og:url\" content=\"https:\/\/www.salve.si\/en\/leto-c\/4-nedelja-med-letom-c-2025\/\" \/>\n<meta property=\"og:site_name\" content=\"Salve\" \/>\n<meta property=\"article:publisher\" content=\"https:\/\/www.facebook.com\/salve.si\" \/>\n<meta property=\"article:published_time\" content=\"2025-01-31T06:22:06+00:00\" \/>\n<meta property=\"article:modified_time\" content=\"2025-01-03T06:23:44+00:00\" \/>\n<meta property=\"og:image\" content=\"https:\/\/www.salve.si\/wp-content\/uploads\/2026\/01\/salve-og1.jpg\" \/>\n\t<meta property=\"og:image:width\" content=\"1200\" \/>\n\t<meta property=\"og:image:height\" content=\"630\" \/>\n\t<meta property=\"og:image:type\" content=\"image\/jpeg\" \/>\n<meta name=\"author\" content=\"Matev\u017e Kozinc\" \/>\n<meta name=\"twitter:card\" content=\"summary_large_image\" \/>\n<meta name=\"twitter:label1\" content=\"Written by\" \/>\n\t<meta name=\"twitter:data1\" content=\"Matev\u017e Kozinc\" \/>\n\t<meta name=\"twitter:label2\" content=\"Est. reading time\" \/>\n\t<meta name=\"twitter:data2\" content=\"5 minutes\" \/>\n<script type=\"application\/ld+json\" class=\"yoast-schema-graph\">{\"@context\":\"https:\/\/schema.org\",\"@graph\":[{\"@type\":\"Article\",\"@id\":\"https:\/\/www.salve.si\/leto-c\/4-nedelja-med-letom-c-2025\/#article\",\"isPartOf\":{\"@id\":\"https:\/\/www.salve.si\/leto-c\/4-nedelja-med-letom-c-2025\/\"},\"author\":{\"name\":\"Matev\u017e Kozinc\",\"@id\":\"https:\/\/www.salve.si\/#\/schema\/person\/732afa2bb4cf5d282e9e1e9f59c96183\"},\"headline\":\"4. nedelja med letom \u2013 C 2025\",\"datePublished\":\"2025-01-31T06:22:06+00:00\",\"dateModified\":\"2025-01-03T06:23:44+00:00\",\"mainEntityOfPage\":{\"@id\":\"https:\/\/www.salve.si\/leto-c\/4-nedelja-med-letom-c-2025\/\"},\"wordCount\":910,\"commentCount\":0,\"publisher\":{\"@id\":\"https:\/\/www.salve.si\/#organization\"},\"keywords\":[\"C\",\"\u010cas med letom\",\"nedeljam med letom\",\"nedeljska meditacija\"],\"articleSection\":[\"Leto C\",\"Nedelja med letom\",\"Nedeljska meditacija\"],\"inLanguage\":\"en-US\",\"potentialAction\":[{\"@type\":\"CommentAction\",\"name\":\"Comment\",\"target\":[\"https:\/\/www.salve.si\/leto-c\/4-nedelja-med-letom-c-2025\/#respond\"]}]},{\"@type\":\"WebPage\",\"@id\":\"https:\/\/www.salve.si\/leto-c\/4-nedelja-med-letom-c-2025\/\",\"url\":\"https:\/\/www.salve.si\/leto-c\/4-nedelja-med-letom-c-2025\/\",\"name\":\"4. nedelja med letom \u2013 C 2025 - Salve\",\"isPartOf\":{\"@id\":\"https:\/\/www.salve.si\/#website\"},\"datePublished\":\"2025-01-31T06:22:06+00:00\",\"dateModified\":\"2025-01-03T06:23:44+00:00\",\"breadcrumb\":{\"@id\":\"https:\/\/www.salve.si\/leto-c\/4-nedelja-med-letom-c-2025\/#breadcrumb\"},\"inLanguage\":\"en-US\",\"potentialAction\":[{\"@type\":\"ReadAction\",\"target\":[\"https:\/\/www.salve.si\/leto-c\/4-nedelja-med-letom-c-2025\/\"]}]},{\"@type\":\"BreadcrumbList\",\"@id\":\"https:\/\/www.salve.si\/leto-c\/4-nedelja-med-letom-c-2025\/#breadcrumb\",\"itemListElement\":[{\"@type\":\"ListItem\",\"position\":1,\"name\":\"Home\",\"item\":\"https:\/\/www.salve.si\/\"},{\"@type\":\"ListItem\",\"position\":2,\"name\":\"4. nedelja med letom \u2013 C 2025\"}]},{\"@type\":\"WebSite\",\"@id\":\"https:\/\/www.salve.si\/#website\",\"url\":\"https:\/\/www.salve.si\/\",\"name\":\"Salve\",\"description\":\"Salezijanska zalo\u017eba\",\"publisher\":{\"@id\":\"https:\/\/www.salve.si\/#organization\"},\"potentialAction\":[{\"@type\":\"SearchAction\",\"target\":{\"@type\":\"EntryPoint\",\"urlTemplate\":\"https:\/\/www.salve.si\/?s={search_term_string}\"},\"query-input\":{\"@type\":\"PropertyValueSpecification\",\"valueRequired\":true,\"valueName\":\"search_term_string\"}}],\"inLanguage\":\"en-US\"},{\"@type\":\"Organization\",\"@id\":\"https:\/\/www.salve.si\/#organization\",\"name\":\"Salve d.o.o.\",\"url\":\"https:\/\/www.salve.si\/\",\"logo\":{\"@type\":\"ImageObject\",\"inLanguage\":\"en-US\",\"@id\":\"https:\/\/www.salve.si\/#\/schema\/logo\/image\/\",\"url\":\"https:\/\/www.salve.si\/wp-content\/uploads\/2021\/01\/Salve_logo_modri_nov_web.png\",\"contentUrl\":\"https:\/\/www.salve.si\/wp-content\/uploads\/2021\/01\/Salve_logo_modri_nov_web.png\",\"width\":279,\"height\":90,\"caption\":\"Salve d.o.o.\"},\"image\":{\"@id\":\"https:\/\/www.salve.si\/#\/schema\/logo\/image\/\"},\"sameAs\":[\"https:\/\/www.facebook.com\/salve.si\",\"https:\/\/www.instagram.com\/zalozbasalve\/\",\"https:\/\/www.linkedin.com\/company\/zalozba-salve\/\"]},{\"@type\":\"Person\",\"@id\":\"https:\/\/www.salve.si\/#\/schema\/person\/732afa2bb4cf5d282e9e1e9f59c96183\",\"name\":\"Matev\u017e Kozinc\"}]}<\/script>\n<!-- \/ Yoast SEO plugin. -->","yoast_head_json":{"title":"4. nedelja med letom \u2013 C 2025 - Salve","robots":{"index":"noindex","follow":"follow"},"og_locale":"en_US","og_type":"article","og_title":"4. nedelja med letom \u2013 C 2025 - Salve","og_description":"Nobenega preroka ne sprejmejo v doma\u010dem kraju Vsakdo se trudi za svojo prepoznavnost, da bi ga ljudje sprejeli tak\u0161nega kot je in ne bi izkori\u0161\u010dali njegovih slabosti in ran. Kot otroci smo upali, da se bo ta globoka \u017eelja uresni\u010dila, a zelo hitro smo bili razo\u010darani, kajti najhuje je, \u010de te ne razumejo o\u010de, mati,...","og_url":"https:\/\/www.salve.si\/en\/leto-c\/4-nedelja-med-letom-c-2025\/","og_site_name":"Salve","article_publisher":"https:\/\/www.facebook.com\/salve.si","article_published_time":"2025-01-31T06:22:06+00:00","article_modified_time":"2025-01-03T06:23:44+00:00","og_image":[{"width":1200,"height":630,"url":"https:\/\/www.salve.si\/wp-content\/uploads\/2026\/01\/salve-og1.jpg","type":"image\/jpeg"}],"author":"Matev\u017e Kozinc","twitter_card":"summary_large_image","twitter_misc":{"Written by":"Matev\u017e Kozinc","Est. reading time":"5 minutes"},"schema":{"@context":"https:\/\/schema.org","@graph":[{"@type":"Article","@id":"https:\/\/www.salve.si\/leto-c\/4-nedelja-med-letom-c-2025\/#article","isPartOf":{"@id":"https:\/\/www.salve.si\/leto-c\/4-nedelja-med-letom-c-2025\/"},"author":{"name":"Matev\u017e Kozinc","@id":"https:\/\/www.salve.si\/#\/schema\/person\/732afa2bb4cf5d282e9e1e9f59c96183"},"headline":"4. nedelja med letom \u2013 C 2025","datePublished":"2025-01-31T06:22:06+00:00","dateModified":"2025-01-03T06:23:44+00:00","mainEntityOfPage":{"@id":"https:\/\/www.salve.si\/leto-c\/4-nedelja-med-letom-c-2025\/"},"wordCount":910,"commentCount":0,"publisher":{"@id":"https:\/\/www.salve.si\/#organization"},"keywords":["C","\u010cas med letom","nedeljam med letom","nedeljska meditacija"],"articleSection":["Leto C","Nedelja med letom","Nedeljska meditacija"],"inLanguage":"en-US","potentialAction":[{"@type":"CommentAction","name":"Comment","target":["https:\/\/www.salve.si\/leto-c\/4-nedelja-med-letom-c-2025\/#respond"]}]},{"@type":"WebPage","@id":"https:\/\/www.salve.si\/leto-c\/4-nedelja-med-letom-c-2025\/","url":"https:\/\/www.salve.si\/leto-c\/4-nedelja-med-letom-c-2025\/","name":"4. nedelja med letom \u2013 C 2025 - Salve","isPartOf":{"@id":"https:\/\/www.salve.si\/#website"},"datePublished":"2025-01-31T06:22:06+00:00","dateModified":"2025-01-03T06:23:44+00:00","breadcrumb":{"@id":"https:\/\/www.salve.si\/leto-c\/4-nedelja-med-letom-c-2025\/#breadcrumb"},"inLanguage":"en-US","potentialAction":[{"@type":"ReadAction","target":["https:\/\/www.salve.si\/leto-c\/4-nedelja-med-letom-c-2025\/"]}]},{"@type":"BreadcrumbList","@id":"https:\/\/www.salve.si\/leto-c\/4-nedelja-med-letom-c-2025\/#breadcrumb","itemListElement":[{"@type":"ListItem","position":1,"name":"Home","item":"https:\/\/www.salve.si\/"},{"@type":"ListItem","position":2,"name":"4. nedelja med letom \u2013 C 2025"}]},{"@type":"WebSite","@id":"https:\/\/www.salve.si\/#website","url":"https:\/\/www.salve.si\/","name":"Salve","description":"Salezijanska zalo\u017eba","publisher":{"@id":"https:\/\/www.salve.si\/#organization"},"potentialAction":[{"@type":"SearchAction","target":{"@type":"EntryPoint","urlTemplate":"https:\/\/www.salve.si\/?s={search_term_string}"},"query-input":{"@type":"PropertyValueSpecification","valueRequired":true,"valueName":"search_term_string"}}],"inLanguage":"en-US"},{"@type":"Organization","@id":"https:\/\/www.salve.si\/#organization","name":"Salve d.o.o.","url":"https:\/\/www.salve.si\/","logo":{"@type":"ImageObject","inLanguage":"en-US","@id":"https:\/\/www.salve.si\/#\/schema\/logo\/image\/","url":"https:\/\/www.salve.si\/wp-content\/uploads\/2021\/01\/Salve_logo_modri_nov_web.png","contentUrl":"https:\/\/www.salve.si\/wp-content\/uploads\/2021\/01\/Salve_logo_modri_nov_web.png","width":279,"height":90,"caption":"Salve d.o.o."},"image":{"@id":"https:\/\/www.salve.si\/#\/schema\/logo\/image\/"},"sameAs":["https:\/\/www.facebook.com\/salve.si","https:\/\/www.instagram.com\/zalozbasalve\/","https:\/\/www.linkedin.com\/company\/zalozba-salve\/"]},{"@type":"Person","@id":"https:\/\/www.salve.si\/#\/schema\/person\/732afa2bb4cf5d282e9e1e9f59c96183","name":"Matev\u017e Kozinc"}]}},"_links":{"self":[{"href":"https:\/\/www.salve.si\/en\/wp-json\/wp\/v2\/posts\/19473","targetHints":{"allow":["GET"]}}],"collection":[{"href":"https:\/\/www.salve.si\/en\/wp-json\/wp\/v2\/posts"}],"about":[{"href":"https:\/\/www.salve.si\/en\/wp-json\/wp\/v2\/types\/post"}],"author":[{"embeddable":true,"href":"https:\/\/www.salve.si\/en\/wp-json\/wp\/v2\/users\/5143"}],"replies":[{"embeddable":true,"href":"https:\/\/www.salve.si\/en\/wp-json\/wp\/v2\/comments?post=19473"}],"version-history":[{"count":2,"href":"https:\/\/www.salve.si\/en\/wp-json\/wp\/v2\/posts\/19473\/revisions"}],"predecessor-version":[{"id":19475,"href":"https:\/\/www.salve.si\/en\/wp-json\/wp\/v2\/posts\/19473\/revisions\/19475"}],"wp:attachment":[{"href":"https:\/\/www.salve.si\/en\/wp-json\/wp\/v2\/media?parent=19473"}],"wp:term":[{"taxonomy":"category","embeddable":true,"href":"https:\/\/www.salve.si\/en\/wp-json\/wp\/v2\/categories?post=19473"},{"taxonomy":"post_tag","embeddable":true,"href":"https:\/\/www.salve.si\/en\/wp-json\/wp\/v2\/tags?post=19473"}],"curies":[{"name":"wp","href":"https:\/\/api.w.org\/{rel}","templated":true}]}}