{"id":19470,"date":"2025-01-24T07:20:38","date_gmt":"2025-01-24T06:20:38","guid":{"rendered":"https:\/\/www.salve.si\/?p=19470"},"modified":"2025-01-03T07:21:58","modified_gmt":"2025-01-03T06:21:58","slug":"3-nedelja-med-letom-c-2025","status":"publish","type":"post","link":"https:\/\/www.salve.si\/en\/leto-c\/3-nedelja-med-letom-c-2025\/","title":{"rendered":"3. nedelja med letom \u2013 C 2025"},"content":{"rendered":"<p><strong>Brez identitete<\/strong><\/p>\n<p>Dunajski psihoterapevt Viktor Frankli, ki je drugo svetovno vojno pre\u017eivel v koncentracijskih tabori\u0161\u010dih, je napovedal, da bo najpogostej\u0161a bolezen sodobne dru\u017ebe pomanjkanje smisla. Sodobnik ne bo vedel, kaj bi rad dosegel, ker ne verjame ve\u010d v nobeno stvar. Zna\u010dilno obliko te bolezni predstavljajo ljudje, ki so brez identitete in zato ne najdejo odgovora na vpra\u0161anje: Kdo sem? Bo\u017eja beseda dana\u0161nje nedelje sku\u0161a dati odgovor na vpra\u0161anje: Kaj bi rad postal? Kaj bi rad bil?<\/p>\n<p>Nehemija nam je v prvem berilu govoril o duhovniku Ezru, ki se je s knjigo postave postavil pred mo\u017ee in \u017eene in vsi so mu prisluhnili z velikim pri\u010dakovanjem. Predstavljajmo si ljudstvo, ki se je po ve\u010d kot petdesetih letih \u017eivljenja v Babilonu vrnilo v Jeruzalem. To ljudstvo je v \u010dasu pregona iz rodne domovine izgubilo svojo identiteto. Pred njimi niso bile le razvaline doma\u010dega mesta, ampak so bili brez svoje zgodbe, kajti templja ni bilo ve\u010d in ni bilo niti in\u0161titucij, kar je pogoj, na katerem gradi\u0161 svojo zgodbo in dru\u017ebo, ki bo imela mo\u010dne korenine. Kako si bodo pridobili nazaj to, kar so izgubili? Tempelj bo treba ponovno zgraditi, kajti to je pogoj, da se vzpostavi stik z Bogom, ki jih je privedel nazaj v domovino. Naslednji korak bo ponovno sprejetje postave. Ko je duhovnik Ezra bral iz knjige postave, je vse ljudstvo jokalo. In naslednji korak bo povezan z obnovo mestnega obzidja, kajti \u0161ele v ograjenem mestu si varen in ve\u0161, kdo si.<\/p>\n<p>V evangeliju je Jezus osebno odgovoril na vpra\u0161anje: kdo je? Kak\u0161en odre\u0161enik bo za svoj narod? V soboto je Jezus stopil v shodnico in je vstal, da bi bral. Dali so mu zvitek preroka Izaija in izbral je odlomek, kjer je bilo zapisano: \u00bbDuh Gospodov je nad menoj, ker me je mazilil, da prinesem blagovest ubogim.\u00ab S prvim stavkom svojega nagovora ali pridige, je razodel samega sebe: \u00bbDanes se je to Pismo izpolnilo tako, kakor ste sli\u0161ali.\u00ab Njegov programski govor ni bila neka dobro premi\u0161ljena napoved njegovega delovanja, ampak je bil v skladu s tem, kar je \u017ee naredil: za sabo je imel \u017ee bivanje v pu\u0161\u010davi, ko ga je hudobni duh sku\u0161al in takrat se je odlo\u010dno zoperstavil trem sku\u0161njavam: iz kamnov ne bo delal kruh, pa \u010deprav je bil zelo la\u010den in je imel mo\u010d, da bi to lahko storil; ne bo poklekal pred hudi\u010dem, ki mu je obljubljal vsa kraljestva sveta in bo raje sprejel vlogo slu\u017eabnika, ki pomaga vsakemu, ki je v stiski; ne bo se vrgel s templja in preizku\u0161al svojega O\u010deta, kajti sam je dobro vedel, da ga ima O\u010de rad in za njegovo ljubezen ne potrebuje nobenih dodatnih dokazov.<\/p>\n<p>Jezusova pridiga v shodnici ni bilo lepo besedi\u010denje brez prave vsebine. Mi smo sicer navajeni, da na\u0161 na\u0161i politiki gostobesedno prepri\u010dujejo, a se vse kon\u010da z lepimi besedami. Na\u0161i pogovori so kot da bi ro\u017eice sadil, pogodbe pa se sklepajo s figo v \u017eepu, zato so ljudje nezaupljivi, nikomur ne verjamejo, ker \u0161e sami ne vejo, kaj bi radi dosegli. Kar pa Jezus govori, takoj tudi naredi. Vse se zgodi takoj.<\/p>\n<p>Kar smo danes poslu\u0161ali v evangeliju, se je dogajalo v Jezusovem doma\u010dem kraju, v Nazaretu. Tam so ga vsi poznali in je moral biti zelo koraj\u017een, ko je o sebi dejal, da je on tisti, o katerem je govoril prerok Izaija. Doma\u010dini so bili sovra\u017eno nastrojeni proti njemu, zato se je moral na koncu govora hitro umakniti iz mesta, da ga ne bi vrgli s previsa hriba, na katerem je bilo mesto zgrajeno.<\/p>\n<p>Vsi, ki se zbiramo v cerkvi, smo do neke mere Jezusovi doma\u010dini. Mar nismo tudi mi ve\u010dkrat enako razpolo\u017eeni: no\u010demo sli\u0161ati njegovih besed, ker nas vznemirjajo in motijo na\u0161e mirno spanje. Ve\u010dina je morda prepri\u010dana, da Jezusa dovolj dobro poznamo in zato ne dovolimo, da bi preme\u0161al karte in spreminjal na\u0161e odlo\u010ditve.<\/p>\n<p>In vendar: sem res dobro zgrajena osebnost? Imam lastno identiteto? Ali vem, kdo sem in kaj bi rad postal? Jezus je upal povedati, kdo je in kako bo popravljal to, kar je zastarelo in propada. Ko so moje odlo\u010ditve in dejanja v skladu z besedami, sem na pravi poti!<\/p>\n<p><strong>\u017dupnik Branko Bala\u017eic SDB<\/strong><span class=\"slv-content-keywords\"> Leto C Nedelja med letom Nedeljska meditacija <\/span><\/p>","protected":false},"excerpt":{"rendered":"<p>Brez identitete Dunajski psihoterapevt Viktor Frankli, ki je drugo svetovno vojno pre\u017eivel v koncentracijskih tabori\u0161\u010dih, je napovedal, da bo najpogostej\u0161a bolezen sodobne dru\u017ebe pomanjkanje smisla. Sodobnik ne bo vedel, kaj bi rad dosegel, ker ne verjame ve\u010d v nobeno stvar. Zna\u010dilno obliko te bolezni predstavljajo ljudje, ki so brez identitete in zato ne najdejo odgovora<a href=\"https:\/\/www.salve.si\/en\/leto-c\/3-nedelja-med-letom-c-2025\/\">&#8230;<\/a><\/p>","protected":false},"author":5143,"featured_media":0,"comment_status":"open","ping_status":"open","sticky":false,"template":"","format":"standard","meta":{"_acf_changed":false,"footnotes":""},"categories":[1095,1056,925],"tags":[651,1055,1057,927],"class_list":["post-19470","post","type-post","status-publish","format-standard","hentry","category-leto-c","category-nedelja-med-letom","category-nedeljska-meditacija","tag-leto-c","tag-cas-med-letom","tag-nedeljam-med-letom","tag-nedeljska-meditacija"],"acf":[],"yoast_head":"<!-- This site is optimized with the Yoast SEO plugin v23.8 - https:\/\/yoast.com\/wordpress\/plugins\/seo\/ -->\n<title>3. nedelja med letom \u2013 C 2025 - Salve<\/title>\n<meta name=\"robots\" content=\"noindex, follow\" \/>\n<meta property=\"og:locale\" content=\"en_US\" \/>\n<meta property=\"og:type\" content=\"article\" \/>\n<meta property=\"og:title\" content=\"3. nedelja med letom \u2013 C 2025 - Salve\" \/>\n<meta property=\"og:description\" content=\"Brez identitete Dunajski psihoterapevt Viktor Frankli, ki je drugo svetovno vojno pre\u017eivel v koncentracijskih tabori\u0161\u010dih, je napovedal, da bo najpogostej\u0161a bolezen sodobne dru\u017ebe pomanjkanje smisla. Sodobnik ne bo vedel, kaj bi rad dosegel, ker ne verjame ve\u010d v nobeno stvar. Zna\u010dilno obliko te bolezni predstavljajo ljudje, ki so brez identitete in zato ne najdejo odgovora...\" \/>\n<meta property=\"og:url\" content=\"https:\/\/www.salve.si\/en\/leto-c\/3-nedelja-med-letom-c-2025\/\" \/>\n<meta property=\"og:site_name\" content=\"Salve\" \/>\n<meta property=\"article:publisher\" content=\"https:\/\/www.facebook.com\/salve.si\" \/>\n<meta property=\"article:published_time\" content=\"2025-01-24T06:20:38+00:00\" \/>\n<meta property=\"article:modified_time\" content=\"2025-01-03T06:21:58+00:00\" \/>\n<meta property=\"og:image\" content=\"https:\/\/www.salve.si\/wp-content\/uploads\/2026\/01\/salve-og1.jpg\" \/>\n\t<meta property=\"og:image:width\" content=\"1200\" \/>\n\t<meta property=\"og:image:height\" content=\"630\" \/>\n\t<meta property=\"og:image:type\" content=\"image\/jpeg\" \/>\n<meta name=\"author\" content=\"Matev\u017e Kozinc\" \/>\n<meta name=\"twitter:card\" content=\"summary_large_image\" \/>\n<meta name=\"twitter:label1\" content=\"Written by\" \/>\n\t<meta name=\"twitter:data1\" content=\"Matev\u017e Kozinc\" \/>\n\t<meta name=\"twitter:label2\" content=\"Est. reading time\" \/>\n\t<meta name=\"twitter:data2\" content=\"4 minutes\" \/>\n<script type=\"application\/ld+json\" class=\"yoast-schema-graph\">{\"@context\":\"https:\/\/schema.org\",\"@graph\":[{\"@type\":\"Article\",\"@id\":\"https:\/\/www.salve.si\/leto-c\/3-nedelja-med-letom-c-2025\/#article\",\"isPartOf\":{\"@id\":\"https:\/\/www.salve.si\/leto-c\/3-nedelja-med-letom-c-2025\/\"},\"author\":{\"name\":\"Matev\u017e Kozinc\",\"@id\":\"https:\/\/www.salve.si\/#\/schema\/person\/732afa2bb4cf5d282e9e1e9f59c96183\"},\"headline\":\"3. nedelja med letom \u2013 C 2025\",\"datePublished\":\"2025-01-24T06:20:38+00:00\",\"dateModified\":\"2025-01-03T06:21:58+00:00\",\"mainEntityOfPage\":{\"@id\":\"https:\/\/www.salve.si\/leto-c\/3-nedelja-med-letom-c-2025\/\"},\"wordCount\":753,\"commentCount\":0,\"publisher\":{\"@id\":\"https:\/\/www.salve.si\/#organization\"},\"keywords\":[\"C\",\"\u010cas med letom\",\"nedeljam med letom\",\"nedeljska meditacija\"],\"articleSection\":[\"Leto C\",\"Nedelja med letom\",\"Nedeljska meditacija\"],\"inLanguage\":\"en-US\",\"potentialAction\":[{\"@type\":\"CommentAction\",\"name\":\"Comment\",\"target\":[\"https:\/\/www.salve.si\/leto-c\/3-nedelja-med-letom-c-2025\/#respond\"]}]},{\"@type\":\"WebPage\",\"@id\":\"https:\/\/www.salve.si\/leto-c\/3-nedelja-med-letom-c-2025\/\",\"url\":\"https:\/\/www.salve.si\/leto-c\/3-nedelja-med-letom-c-2025\/\",\"name\":\"3. nedelja med letom \u2013 C 2025 - Salve\",\"isPartOf\":{\"@id\":\"https:\/\/www.salve.si\/#website\"},\"datePublished\":\"2025-01-24T06:20:38+00:00\",\"dateModified\":\"2025-01-03T06:21:58+00:00\",\"breadcrumb\":{\"@id\":\"https:\/\/www.salve.si\/leto-c\/3-nedelja-med-letom-c-2025\/#breadcrumb\"},\"inLanguage\":\"en-US\",\"potentialAction\":[{\"@type\":\"ReadAction\",\"target\":[\"https:\/\/www.salve.si\/leto-c\/3-nedelja-med-letom-c-2025\/\"]}]},{\"@type\":\"BreadcrumbList\",\"@id\":\"https:\/\/www.salve.si\/leto-c\/3-nedelja-med-letom-c-2025\/#breadcrumb\",\"itemListElement\":[{\"@type\":\"ListItem\",\"position\":1,\"name\":\"Home\",\"item\":\"https:\/\/www.salve.si\/\"},{\"@type\":\"ListItem\",\"position\":2,\"name\":\"3. nedelja med letom \u2013 C 2025\"}]},{\"@type\":\"WebSite\",\"@id\":\"https:\/\/www.salve.si\/#website\",\"url\":\"https:\/\/www.salve.si\/\",\"name\":\"Salve\",\"description\":\"Salezijanska zalo\u017eba\",\"publisher\":{\"@id\":\"https:\/\/www.salve.si\/#organization\"},\"potentialAction\":[{\"@type\":\"SearchAction\",\"target\":{\"@type\":\"EntryPoint\",\"urlTemplate\":\"https:\/\/www.salve.si\/?s={search_term_string}\"},\"query-input\":{\"@type\":\"PropertyValueSpecification\",\"valueRequired\":true,\"valueName\":\"search_term_string\"}}],\"inLanguage\":\"en-US\"},{\"@type\":\"Organization\",\"@id\":\"https:\/\/www.salve.si\/#organization\",\"name\":\"Salve d.o.o.\",\"url\":\"https:\/\/www.salve.si\/\",\"logo\":{\"@type\":\"ImageObject\",\"inLanguage\":\"en-US\",\"@id\":\"https:\/\/www.salve.si\/#\/schema\/logo\/image\/\",\"url\":\"https:\/\/www.salve.si\/wp-content\/uploads\/2021\/01\/Salve_logo_modri_nov_web.png\",\"contentUrl\":\"https:\/\/www.salve.si\/wp-content\/uploads\/2021\/01\/Salve_logo_modri_nov_web.png\",\"width\":279,\"height\":90,\"caption\":\"Salve d.o.o.\"},\"image\":{\"@id\":\"https:\/\/www.salve.si\/#\/schema\/logo\/image\/\"},\"sameAs\":[\"https:\/\/www.facebook.com\/salve.si\",\"https:\/\/www.instagram.com\/zalozbasalve\/\",\"https:\/\/www.linkedin.com\/company\/zalozba-salve\/\"]},{\"@type\":\"Person\",\"@id\":\"https:\/\/www.salve.si\/#\/schema\/person\/732afa2bb4cf5d282e9e1e9f59c96183\",\"name\":\"Matev\u017e Kozinc\"}]}<\/script>\n<!-- \/ Yoast SEO plugin. -->","yoast_head_json":{"title":"3. nedelja med letom \u2013 C 2025 - Salve","robots":{"index":"noindex","follow":"follow"},"og_locale":"en_US","og_type":"article","og_title":"3. nedelja med letom \u2013 C 2025 - Salve","og_description":"Brez identitete Dunajski psihoterapevt Viktor Frankli, ki je drugo svetovno vojno pre\u017eivel v koncentracijskih tabori\u0161\u010dih, je napovedal, da bo najpogostej\u0161a bolezen sodobne dru\u017ebe pomanjkanje smisla. Sodobnik ne bo vedel, kaj bi rad dosegel, ker ne verjame ve\u010d v nobeno stvar. Zna\u010dilno obliko te bolezni predstavljajo ljudje, ki so brez identitete in zato ne najdejo odgovora...","og_url":"https:\/\/www.salve.si\/en\/leto-c\/3-nedelja-med-letom-c-2025\/","og_site_name":"Salve","article_publisher":"https:\/\/www.facebook.com\/salve.si","article_published_time":"2025-01-24T06:20:38+00:00","article_modified_time":"2025-01-03T06:21:58+00:00","og_image":[{"width":1200,"height":630,"url":"https:\/\/www.salve.si\/wp-content\/uploads\/2026\/01\/salve-og1.jpg","type":"image\/jpeg"}],"author":"Matev\u017e Kozinc","twitter_card":"summary_large_image","twitter_misc":{"Written by":"Matev\u017e Kozinc","Est. reading time":"4 minutes"},"schema":{"@context":"https:\/\/schema.org","@graph":[{"@type":"Article","@id":"https:\/\/www.salve.si\/leto-c\/3-nedelja-med-letom-c-2025\/#article","isPartOf":{"@id":"https:\/\/www.salve.si\/leto-c\/3-nedelja-med-letom-c-2025\/"},"author":{"name":"Matev\u017e Kozinc","@id":"https:\/\/www.salve.si\/#\/schema\/person\/732afa2bb4cf5d282e9e1e9f59c96183"},"headline":"3. nedelja med letom \u2013 C 2025","datePublished":"2025-01-24T06:20:38+00:00","dateModified":"2025-01-03T06:21:58+00:00","mainEntityOfPage":{"@id":"https:\/\/www.salve.si\/leto-c\/3-nedelja-med-letom-c-2025\/"},"wordCount":753,"commentCount":0,"publisher":{"@id":"https:\/\/www.salve.si\/#organization"},"keywords":["C","\u010cas med letom","nedeljam med letom","nedeljska meditacija"],"articleSection":["Leto C","Nedelja med letom","Nedeljska meditacija"],"inLanguage":"en-US","potentialAction":[{"@type":"CommentAction","name":"Comment","target":["https:\/\/www.salve.si\/leto-c\/3-nedelja-med-letom-c-2025\/#respond"]}]},{"@type":"WebPage","@id":"https:\/\/www.salve.si\/leto-c\/3-nedelja-med-letom-c-2025\/","url":"https:\/\/www.salve.si\/leto-c\/3-nedelja-med-letom-c-2025\/","name":"3. nedelja med letom \u2013 C 2025 - Salve","isPartOf":{"@id":"https:\/\/www.salve.si\/#website"},"datePublished":"2025-01-24T06:20:38+00:00","dateModified":"2025-01-03T06:21:58+00:00","breadcrumb":{"@id":"https:\/\/www.salve.si\/leto-c\/3-nedelja-med-letom-c-2025\/#breadcrumb"},"inLanguage":"en-US","potentialAction":[{"@type":"ReadAction","target":["https:\/\/www.salve.si\/leto-c\/3-nedelja-med-letom-c-2025\/"]}]},{"@type":"BreadcrumbList","@id":"https:\/\/www.salve.si\/leto-c\/3-nedelja-med-letom-c-2025\/#breadcrumb","itemListElement":[{"@type":"ListItem","position":1,"name":"Home","item":"https:\/\/www.salve.si\/"},{"@type":"ListItem","position":2,"name":"3. nedelja med letom \u2013 C 2025"}]},{"@type":"WebSite","@id":"https:\/\/www.salve.si\/#website","url":"https:\/\/www.salve.si\/","name":"Salve","description":"Salezijanska zalo\u017eba","publisher":{"@id":"https:\/\/www.salve.si\/#organization"},"potentialAction":[{"@type":"SearchAction","target":{"@type":"EntryPoint","urlTemplate":"https:\/\/www.salve.si\/?s={search_term_string}"},"query-input":{"@type":"PropertyValueSpecification","valueRequired":true,"valueName":"search_term_string"}}],"inLanguage":"en-US"},{"@type":"Organization","@id":"https:\/\/www.salve.si\/#organization","name":"Salve d.o.o.","url":"https:\/\/www.salve.si\/","logo":{"@type":"ImageObject","inLanguage":"en-US","@id":"https:\/\/www.salve.si\/#\/schema\/logo\/image\/","url":"https:\/\/www.salve.si\/wp-content\/uploads\/2021\/01\/Salve_logo_modri_nov_web.png","contentUrl":"https:\/\/www.salve.si\/wp-content\/uploads\/2021\/01\/Salve_logo_modri_nov_web.png","width":279,"height":90,"caption":"Salve d.o.o."},"image":{"@id":"https:\/\/www.salve.si\/#\/schema\/logo\/image\/"},"sameAs":["https:\/\/www.facebook.com\/salve.si","https:\/\/www.instagram.com\/zalozbasalve\/","https:\/\/www.linkedin.com\/company\/zalozba-salve\/"]},{"@type":"Person","@id":"https:\/\/www.salve.si\/#\/schema\/person\/732afa2bb4cf5d282e9e1e9f59c96183","name":"Matev\u017e Kozinc"}]}},"_links":{"self":[{"href":"https:\/\/www.salve.si\/en\/wp-json\/wp\/v2\/posts\/19470","targetHints":{"allow":["GET"]}}],"collection":[{"href":"https:\/\/www.salve.si\/en\/wp-json\/wp\/v2\/posts"}],"about":[{"href":"https:\/\/www.salve.si\/en\/wp-json\/wp\/v2\/types\/post"}],"author":[{"embeddable":true,"href":"https:\/\/www.salve.si\/en\/wp-json\/wp\/v2\/users\/5143"}],"replies":[{"embeddable":true,"href":"https:\/\/www.salve.si\/en\/wp-json\/wp\/v2\/comments?post=19470"}],"version-history":[{"count":2,"href":"https:\/\/www.salve.si\/en\/wp-json\/wp\/v2\/posts\/19470\/revisions"}],"predecessor-version":[{"id":19472,"href":"https:\/\/www.salve.si\/en\/wp-json\/wp\/v2\/posts\/19470\/revisions\/19472"}],"wp:attachment":[{"href":"https:\/\/www.salve.si\/en\/wp-json\/wp\/v2\/media?parent=19470"}],"wp:term":[{"taxonomy":"category","embeddable":true,"href":"https:\/\/www.salve.si\/en\/wp-json\/wp\/v2\/categories?post=19470"},{"taxonomy":"post_tag","embeddable":true,"href":"https:\/\/www.salve.si\/en\/wp-json\/wp\/v2\/tags?post=19470"}],"curies":[{"name":"wp","href":"https:\/\/api.w.org\/{rel}","templated":true}]}}