{"id":19467,"date":"2025-01-17T07:19:11","date_gmt":"2025-01-17T06:19:11","guid":{"rendered":"https:\/\/www.salve.si\/?p=19467"},"modified":"2025-01-03T07:20:23","modified_gmt":"2025-01-03T06:20:23","slug":"2-nedelja-med-letom-c-2025","status":"publish","type":"post","link":"https:\/\/www.salve.si\/en\/leto-c\/2-nedelja-med-letom-c-2025\/","title":{"rendered":"2. nedelja med letom \u2013 C 2025"},"content":{"rendered":"<p><strong>Vedno nam nekaj manjka \u2013 je to drama ali prilo\u017enost!<\/strong><\/p>\n<p>\u017divimo v \u010dasu, ko je poro\u010dna slovesnost prej izjema kot pa obi\u010dajni dogodek. Sociolog Sigmund Bauman je o tem obredu zapisal: \u00bbPoro\u010diti se pomeni bivati na splavu, ki je narejen iz strjenega sladkorja!\u00ab Ni si te\u017eko predstavljati, kaj se zgodi s tak\u0161nim splavom. Kdor se vkrca nanj mora biti zelo koraj\u017een, ker je pred njim veliko tveganje.<\/p>\n<p>Poro\u010diti se pomeni prepustiti svoje \u017eivljenje igri besed nekoga drugega, ki lahko mimo grede spremeni svojo obljubo, te izda, lahko umre ali se odlo\u010di, da te zapusti. To pomeni, da se odpove\u0161 svoji lastni identiteti in dovoli\u0161, da se drugi polasti tvojega \u017eivljenja.<\/p>\n<p>Poro\u010diti se pomeni, pozabiti nase in misliti na nekoga drugega, kajti drugi te nenehno spominja, da nisi sam, ampak da je ob tebi \u0161e nekdo drug. Ko sprejmemo, da je zakonska skupnost dar, razumemo, da Sveto pismo nenehno govori o Bogu kot \u017eeninu in Izraelu kot nevesti. Zato je v Svetem pismu zakonska skupnost metafora, ki opisuje zavezo med Bogom in njegovim ljudstvom.<\/p>\n<p>Kako je evangelist Janez za\u010del svojo pripoved? \u00bbTretji dan je bila svatba v galilejski Kani!\u00ab \u00bbTretji dan\u00ab pomeni znamenje \u00bbzaveze\u00ab. Prerok Ozej pravi takole: \u00bbV dveh dneh nas bo o\u017eivil, tretji dan nas bo vzdignil in bomo \u017eiveli pred njegovim obli\u010djem!\u00ab (Oz 6,2). Evangelist Janez je za\u010del Jezusovo javno delovanje z Janezom Krstnikom ob Jordanu nato pa pravi: \u00bbNaslednji dan je zagledal Jezusa \u2026\u00ab Ko opi\u0161e prvo sre\u010danje med Janezom in Jezusom, spet pravi: \u00bbNaslednji dan je Janez spet stal tam in \u0161e dva izmed njegovih u\u010dencev \u2026\u00ab Tako je pri\u0161lo do sre\u010danja med Jezusom in dvema od kasnej\u0161ih u\u010dencev. Po tem dogodku spet zapi\u0161e: \u00bbNaslednji dan je Jezus hotel oditi v Galilejo!\u00ab in sledilo je sre\u010danje z drugima dvema u\u010dencema, s Filipom in Natanaelom. Nato sledi dana\u0161nja pripoved. \u00bbTretji dan je bila svatba \u2026\u00ab Ko se\u0161tejemo dneve, ki so minili, smo pri \u0161tevilu 7, kar pomeni polnost, zaklju\u010dek tedna, dan, ko je Jezus vstal od mrtvih. Evangelist Janez nas o\u010ditno vabi, da bi z Jezusom postali pravi dru\u017einski \u010dlani, ki se dobro poznajo. Prav na zadnji dan, ko smo z njim potovali sedem dni, se nam Jezus predstavi kot \u017eenin.<\/p>\n<p>Kaj se je dogajalo na svatbi. Vina je zmanjkalo, a \u017eenin \u0161e ni opazil zagate. Neljubo situacijo je re\u0161evala Marija skupaj z Jezusom. Ko je stare\u0161ina pokusil vodo, ki je postala vino, je poklical \u017eenina in ga okaral: \u00bbVsakdo postre\u017ee najprej z dobrim vinom, in ko se ljudje napijejo, s slab\u0161im, ti pa si dobro vino prihranil do zdaj!\u00ab \u017denin je namre\u010d tista oseba, ki postre\u017ee z najbolj\u0161im vinom in bralec sedaj dobro ve, kdo je pripravil to novo vino: Jezus, ki je na tej svatbi naredil prvo od znamenj in razodel svoje veli\u010dastvo.<\/p>\n<p>Ob tak\u0161nih Jezusovih znamenjih, ki bodo \u0161e sledila, so se za\u010deli ljudje spra\u0161evati: \u00bbKdo je Jezus?\u00ab Tako bodo korak za korak odkrivali, da je Jezus zares Bog, kajti noben \u010dlovek ni sposoben narediti take stvari, kot jih je delal Jezus.<\/p>\n<p>Zaustavimo se \u0161e malo ob tej ohceti.<\/p>\n<p>V prvem poglavju je evangelist Janez govoril o u\u010dencih, ki so \u0161li za Jezusom in jih Jezus vpra\u0161a: \u00bbKaj i\u0161\u010deta?\u00ab Kmalu po svatbi se je Jezus sre\u010dal s Samarijanko, ki mu je priznala, da \u0161e ni okusila prave ljubezni. V dana\u0161njem odlomku pa zaro\u010dencema manjka nekaj, kar je nujno potrebno za praznovanje: vino. Vina ni ve\u010d. V \u017eivljenju \u017eenina in neveste je su\u0161a, ne vesta, kaj naj drug drugemu re\u010deta, niti ne vesta, koga naj prosita za pomo\u010d.<\/p>\n<p>Kako si lahko razlo\u017eimo to pomanjkanje vina? Morda sta bila zaro\u010denca revna in si nista mogla privo\u0161\u010diti ve\u010d vina; morda je vino zmanjkalo, ker sta povabila preve\u010d gostov; lahko pa je vino zmanjkalo, ker so si ga svatje preve\u010d privo\u0161\u010dili. Vse je bilo na razpolago in na koncu je vse zmanjkalo. In ta praznina, do katere je pri\u0161lo, je dovolj dober razlog, da pride \u0161e do ve\u010djega daru. Kdor vse zadr\u017euje zase, si ne zna predstavljati, da lahko prejme od Boga vino, ki je najbolj\u0161e kvalitete.<\/p>\n<p>Marija je dobro razumela nastalo situacijo. V Janezovem evangeliju se Marija pojavi samo dvakrat: na za\u010detku in na koncu, na svatbi in pod kri\u017eem. To pa ne pomeni, da ni stalno navzo\u010da, vedno pripravljena svojemu sinu prisko\u010diti na pomo\u010d. In Marija v celem Janezovem evangeliju izre\u010de samo en stavek: \u00bbKar koli vam re\u010de, storite!\u00ab Ta stavek je zelo pomemben: Kar Jezus re\u010de, je treba narediti.<\/p>\n<p>V \u017eivljenju nismo vedno pripravljeni narediti to, kar nam kdo naro\u010di. \u0160e najmanj sprejeti to, kar Bog zahteva od nas. Velikokrat je na\u0161e \u017eivljenje prazno, podobno praznim vr\u010dem, ki niso ve\u010d za nobeno rabo. Gostje, ki so pri\u0161li, so jih izpraznili, ko so si umili noge in se usedli za mize. Prazni vr\u010di niso ve\u010d za nobeno rabo. Tako so tudi na\u0161a srca pogostokrat suha.<\/p>\n<p>V vsakem zakonu pride kdaj do su\u0161nih dni, ko vse zmanjka in si nimata ni\u010d ve\u010d za povedati. V slehernem \u017eivljenju so dnevi navdu\u0161enja in dnevi stra\u0161ne ti\u0161ine, dnevi, ko smo sposobni vse deliti drug z drugim in dnevi nerazumevanja. In vedno je \u010das, ko Jezus lahko vstopi v na\u0161e \u017eivljenje in zapolni na\u0161o praznino. Tudi svatba v galilejski Kani predstavlja tak\u0161no \u017eivljenjsko zgodbo, ki sicer ni tista najslavnej\u0161a, do katere bo pri\u0161lo po Jezusovem kri\u017eanju in vstajenju, a je \u0161e vedno del zgodbe, v kateri se bo zgodilo tudi to.<\/p>\n<p>Jezus je rekel Mariji: \u00bbMoja ura \u0161e ni pri\u0161la!\u00ab V slehernem \u017eivljenju pride pravi \u010das, ki je za Jezusa ugoden, da vstopi v na\u0161e \u017eivljenje in ga prenovi. Vedno, ko smo ubogi, prazni in prestra\u0161eni, je ugoden \u010das, da lahko Jezus vstopi in zapolni na\u0161o praznino in nelagodje. Za vsakim kri\u017eem pride vstajenjsko jutro, zato bodimo pogumni.<\/p>\n<p><strong>\u017dupnik Branko Bala\u017eic SDB<\/strong><span class=\"slv-content-keywords\"> Leto C Nedelja med letom Nedeljska meditacija <\/span><\/p>","protected":false},"excerpt":{"rendered":"<p>Vedno nam nekaj manjka \u2013 je to drama ali prilo\u017enost! \u017divimo v \u010dasu, ko je poro\u010dna slovesnost prej izjema kot pa obi\u010dajni dogodek. Sociolog Sigmund Bauman je o tem obredu zapisal: \u00bbPoro\u010diti se pomeni bivati na splavu, ki je narejen iz strjenega sladkorja!\u00ab Ni si te\u017eko predstavljati, kaj se zgodi s tak\u0161nim splavom. Kdor se<a href=\"https:\/\/www.salve.si\/en\/leto-c\/2-nedelja-med-letom-c-2025\/\">&#8230;<\/a><\/p>","protected":false},"author":5143,"featured_media":0,"comment_status":"open","ping_status":"open","sticky":false,"template":"","format":"standard","meta":{"_acf_changed":false,"footnotes":""},"categories":[1095,1056,925],"tags":[651,1055,1057,927],"class_list":["post-19467","post","type-post","status-publish","format-standard","hentry","category-leto-c","category-nedelja-med-letom","category-nedeljska-meditacija","tag-leto-c","tag-cas-med-letom","tag-nedeljam-med-letom","tag-nedeljska-meditacija"],"acf":[],"yoast_head":"<!-- This site is optimized with the Yoast SEO plugin v23.8 - https:\/\/yoast.com\/wordpress\/plugins\/seo\/ -->\n<title>2. nedelja med letom \u2013 C 2025 - Salve<\/title>\n<meta name=\"robots\" content=\"noindex, follow\" \/>\n<meta property=\"og:locale\" content=\"en_US\" \/>\n<meta property=\"og:type\" content=\"article\" \/>\n<meta property=\"og:title\" content=\"2. nedelja med letom \u2013 C 2025 - Salve\" \/>\n<meta property=\"og:description\" content=\"Vedno nam nekaj manjka \u2013 je to drama ali prilo\u017enost! \u017divimo v \u010dasu, ko je poro\u010dna slovesnost prej izjema kot pa obi\u010dajni dogodek. Sociolog Sigmund Bauman je o tem obredu zapisal: \u00bbPoro\u010diti se pomeni bivati na splavu, ki je narejen iz strjenega sladkorja!\u00ab Ni si te\u017eko predstavljati, kaj se zgodi s tak\u0161nim splavom. Kdor se...\" \/>\n<meta property=\"og:url\" content=\"https:\/\/www.salve.si\/en\/leto-c\/2-nedelja-med-letom-c-2025\/\" \/>\n<meta property=\"og:site_name\" content=\"Salve\" \/>\n<meta property=\"article:publisher\" content=\"https:\/\/www.facebook.com\/salve.si\" \/>\n<meta property=\"article:published_time\" content=\"2025-01-17T06:19:11+00:00\" \/>\n<meta property=\"article:modified_time\" content=\"2025-01-03T06:20:23+00:00\" \/>\n<meta property=\"og:image\" content=\"https:\/\/www.salve.si\/wp-content\/uploads\/2026\/01\/salve-og1.jpg\" \/>\n\t<meta property=\"og:image:width\" content=\"1200\" \/>\n\t<meta property=\"og:image:height\" content=\"630\" \/>\n\t<meta property=\"og:image:type\" content=\"image\/jpeg\" \/>\n<meta name=\"author\" content=\"Matev\u017e Kozinc\" \/>\n<meta name=\"twitter:card\" content=\"summary_large_image\" \/>\n<meta name=\"twitter:label1\" content=\"Written by\" \/>\n\t<meta name=\"twitter:data1\" content=\"Matev\u017e Kozinc\" \/>\n\t<meta name=\"twitter:label2\" content=\"Est. reading time\" \/>\n\t<meta name=\"twitter:data2\" content=\"6 minutes\" \/>\n<script type=\"application\/ld+json\" class=\"yoast-schema-graph\">{\"@context\":\"https:\/\/schema.org\",\"@graph\":[{\"@type\":\"Article\",\"@id\":\"https:\/\/www.salve.si\/leto-c\/2-nedelja-med-letom-c-2025\/#article\",\"isPartOf\":{\"@id\":\"https:\/\/www.salve.si\/leto-c\/2-nedelja-med-letom-c-2025\/\"},\"author\":{\"name\":\"Matev\u017e Kozinc\",\"@id\":\"https:\/\/www.salve.si\/#\/schema\/person\/732afa2bb4cf5d282e9e1e9f59c96183\"},\"headline\":\"2. nedelja med letom \u2013 C 2025\",\"datePublished\":\"2025-01-17T06:19:11+00:00\",\"dateModified\":\"2025-01-03T06:20:23+00:00\",\"mainEntityOfPage\":{\"@id\":\"https:\/\/www.salve.si\/leto-c\/2-nedelja-med-letom-c-2025\/\"},\"wordCount\":1040,\"commentCount\":0,\"publisher\":{\"@id\":\"https:\/\/www.salve.si\/#organization\"},\"keywords\":[\"C\",\"\u010cas med letom\",\"nedeljam med letom\",\"nedeljska meditacija\"],\"articleSection\":[\"Leto C\",\"Nedelja med letom\",\"Nedeljska meditacija\"],\"inLanguage\":\"en-US\",\"potentialAction\":[{\"@type\":\"CommentAction\",\"name\":\"Comment\",\"target\":[\"https:\/\/www.salve.si\/leto-c\/2-nedelja-med-letom-c-2025\/#respond\"]}]},{\"@type\":\"WebPage\",\"@id\":\"https:\/\/www.salve.si\/leto-c\/2-nedelja-med-letom-c-2025\/\",\"url\":\"https:\/\/www.salve.si\/leto-c\/2-nedelja-med-letom-c-2025\/\",\"name\":\"2. nedelja med letom \u2013 C 2025 - Salve\",\"isPartOf\":{\"@id\":\"https:\/\/www.salve.si\/#website\"},\"datePublished\":\"2025-01-17T06:19:11+00:00\",\"dateModified\":\"2025-01-03T06:20:23+00:00\",\"breadcrumb\":{\"@id\":\"https:\/\/www.salve.si\/leto-c\/2-nedelja-med-letom-c-2025\/#breadcrumb\"},\"inLanguage\":\"en-US\",\"potentialAction\":[{\"@type\":\"ReadAction\",\"target\":[\"https:\/\/www.salve.si\/leto-c\/2-nedelja-med-letom-c-2025\/\"]}]},{\"@type\":\"BreadcrumbList\",\"@id\":\"https:\/\/www.salve.si\/leto-c\/2-nedelja-med-letom-c-2025\/#breadcrumb\",\"itemListElement\":[{\"@type\":\"ListItem\",\"position\":1,\"name\":\"Home\",\"item\":\"https:\/\/www.salve.si\/\"},{\"@type\":\"ListItem\",\"position\":2,\"name\":\"2. nedelja med letom \u2013 C 2025\"}]},{\"@type\":\"WebSite\",\"@id\":\"https:\/\/www.salve.si\/#website\",\"url\":\"https:\/\/www.salve.si\/\",\"name\":\"Salve\",\"description\":\"Salezijanska zalo\u017eba\",\"publisher\":{\"@id\":\"https:\/\/www.salve.si\/#organization\"},\"potentialAction\":[{\"@type\":\"SearchAction\",\"target\":{\"@type\":\"EntryPoint\",\"urlTemplate\":\"https:\/\/www.salve.si\/?s={search_term_string}\"},\"query-input\":{\"@type\":\"PropertyValueSpecification\",\"valueRequired\":true,\"valueName\":\"search_term_string\"}}],\"inLanguage\":\"en-US\"},{\"@type\":\"Organization\",\"@id\":\"https:\/\/www.salve.si\/#organization\",\"name\":\"Salve d.o.o.\",\"url\":\"https:\/\/www.salve.si\/\",\"logo\":{\"@type\":\"ImageObject\",\"inLanguage\":\"en-US\",\"@id\":\"https:\/\/www.salve.si\/#\/schema\/logo\/image\/\",\"url\":\"https:\/\/www.salve.si\/wp-content\/uploads\/2021\/01\/Salve_logo_modri_nov_web.png\",\"contentUrl\":\"https:\/\/www.salve.si\/wp-content\/uploads\/2021\/01\/Salve_logo_modri_nov_web.png\",\"width\":279,\"height\":90,\"caption\":\"Salve d.o.o.\"},\"image\":{\"@id\":\"https:\/\/www.salve.si\/#\/schema\/logo\/image\/\"},\"sameAs\":[\"https:\/\/www.facebook.com\/salve.si\",\"https:\/\/www.instagram.com\/zalozbasalve\/\",\"https:\/\/www.linkedin.com\/company\/zalozba-salve\/\"]},{\"@type\":\"Person\",\"@id\":\"https:\/\/www.salve.si\/#\/schema\/person\/732afa2bb4cf5d282e9e1e9f59c96183\",\"name\":\"Matev\u017e Kozinc\"}]}<\/script>\n<!-- \/ Yoast SEO plugin. -->","yoast_head_json":{"title":"2. nedelja med letom \u2013 C 2025 - Salve","robots":{"index":"noindex","follow":"follow"},"og_locale":"en_US","og_type":"article","og_title":"2. nedelja med letom \u2013 C 2025 - Salve","og_description":"Vedno nam nekaj manjka \u2013 je to drama ali prilo\u017enost! \u017divimo v \u010dasu, ko je poro\u010dna slovesnost prej izjema kot pa obi\u010dajni dogodek. Sociolog Sigmund Bauman je o tem obredu zapisal: \u00bbPoro\u010diti se pomeni bivati na splavu, ki je narejen iz strjenega sladkorja!\u00ab Ni si te\u017eko predstavljati, kaj se zgodi s tak\u0161nim splavom. Kdor se...","og_url":"https:\/\/www.salve.si\/en\/leto-c\/2-nedelja-med-letom-c-2025\/","og_site_name":"Salve","article_publisher":"https:\/\/www.facebook.com\/salve.si","article_published_time":"2025-01-17T06:19:11+00:00","article_modified_time":"2025-01-03T06:20:23+00:00","og_image":[{"width":1200,"height":630,"url":"https:\/\/www.salve.si\/wp-content\/uploads\/2026\/01\/salve-og1.jpg","type":"image\/jpeg"}],"author":"Matev\u017e Kozinc","twitter_card":"summary_large_image","twitter_misc":{"Written by":"Matev\u017e Kozinc","Est. reading time":"6 minutes"},"schema":{"@context":"https:\/\/schema.org","@graph":[{"@type":"Article","@id":"https:\/\/www.salve.si\/leto-c\/2-nedelja-med-letom-c-2025\/#article","isPartOf":{"@id":"https:\/\/www.salve.si\/leto-c\/2-nedelja-med-letom-c-2025\/"},"author":{"name":"Matev\u017e Kozinc","@id":"https:\/\/www.salve.si\/#\/schema\/person\/732afa2bb4cf5d282e9e1e9f59c96183"},"headline":"2. nedelja med letom \u2013 C 2025","datePublished":"2025-01-17T06:19:11+00:00","dateModified":"2025-01-03T06:20:23+00:00","mainEntityOfPage":{"@id":"https:\/\/www.salve.si\/leto-c\/2-nedelja-med-letom-c-2025\/"},"wordCount":1040,"commentCount":0,"publisher":{"@id":"https:\/\/www.salve.si\/#organization"},"keywords":["C","\u010cas med letom","nedeljam med letom","nedeljska meditacija"],"articleSection":["Leto C","Nedelja med letom","Nedeljska meditacija"],"inLanguage":"en-US","potentialAction":[{"@type":"CommentAction","name":"Comment","target":["https:\/\/www.salve.si\/leto-c\/2-nedelja-med-letom-c-2025\/#respond"]}]},{"@type":"WebPage","@id":"https:\/\/www.salve.si\/leto-c\/2-nedelja-med-letom-c-2025\/","url":"https:\/\/www.salve.si\/leto-c\/2-nedelja-med-letom-c-2025\/","name":"2. nedelja med letom \u2013 C 2025 - Salve","isPartOf":{"@id":"https:\/\/www.salve.si\/#website"},"datePublished":"2025-01-17T06:19:11+00:00","dateModified":"2025-01-03T06:20:23+00:00","breadcrumb":{"@id":"https:\/\/www.salve.si\/leto-c\/2-nedelja-med-letom-c-2025\/#breadcrumb"},"inLanguage":"en-US","potentialAction":[{"@type":"ReadAction","target":["https:\/\/www.salve.si\/leto-c\/2-nedelja-med-letom-c-2025\/"]}]},{"@type":"BreadcrumbList","@id":"https:\/\/www.salve.si\/leto-c\/2-nedelja-med-letom-c-2025\/#breadcrumb","itemListElement":[{"@type":"ListItem","position":1,"name":"Home","item":"https:\/\/www.salve.si\/"},{"@type":"ListItem","position":2,"name":"2. nedelja med letom \u2013 C 2025"}]},{"@type":"WebSite","@id":"https:\/\/www.salve.si\/#website","url":"https:\/\/www.salve.si\/","name":"Salve","description":"Salezijanska zalo\u017eba","publisher":{"@id":"https:\/\/www.salve.si\/#organization"},"potentialAction":[{"@type":"SearchAction","target":{"@type":"EntryPoint","urlTemplate":"https:\/\/www.salve.si\/?s={search_term_string}"},"query-input":{"@type":"PropertyValueSpecification","valueRequired":true,"valueName":"search_term_string"}}],"inLanguage":"en-US"},{"@type":"Organization","@id":"https:\/\/www.salve.si\/#organization","name":"Salve d.o.o.","url":"https:\/\/www.salve.si\/","logo":{"@type":"ImageObject","inLanguage":"en-US","@id":"https:\/\/www.salve.si\/#\/schema\/logo\/image\/","url":"https:\/\/www.salve.si\/wp-content\/uploads\/2021\/01\/Salve_logo_modri_nov_web.png","contentUrl":"https:\/\/www.salve.si\/wp-content\/uploads\/2021\/01\/Salve_logo_modri_nov_web.png","width":279,"height":90,"caption":"Salve d.o.o."},"image":{"@id":"https:\/\/www.salve.si\/#\/schema\/logo\/image\/"},"sameAs":["https:\/\/www.facebook.com\/salve.si","https:\/\/www.instagram.com\/zalozbasalve\/","https:\/\/www.linkedin.com\/company\/zalozba-salve\/"]},{"@type":"Person","@id":"https:\/\/www.salve.si\/#\/schema\/person\/732afa2bb4cf5d282e9e1e9f59c96183","name":"Matev\u017e Kozinc"}]}},"_links":{"self":[{"href":"https:\/\/www.salve.si\/en\/wp-json\/wp\/v2\/posts\/19467","targetHints":{"allow":["GET"]}}],"collection":[{"href":"https:\/\/www.salve.si\/en\/wp-json\/wp\/v2\/posts"}],"about":[{"href":"https:\/\/www.salve.si\/en\/wp-json\/wp\/v2\/types\/post"}],"author":[{"embeddable":true,"href":"https:\/\/www.salve.si\/en\/wp-json\/wp\/v2\/users\/5143"}],"replies":[{"embeddable":true,"href":"https:\/\/www.salve.si\/en\/wp-json\/wp\/v2\/comments?post=19467"}],"version-history":[{"count":2,"href":"https:\/\/www.salve.si\/en\/wp-json\/wp\/v2\/posts\/19467\/revisions"}],"predecessor-version":[{"id":19469,"href":"https:\/\/www.salve.si\/en\/wp-json\/wp\/v2\/posts\/19467\/revisions\/19469"}],"wp:attachment":[{"href":"https:\/\/www.salve.si\/en\/wp-json\/wp\/v2\/media?parent=19467"}],"wp:term":[{"taxonomy":"category","embeddable":true,"href":"https:\/\/www.salve.si\/en\/wp-json\/wp\/v2\/categories?post=19467"},{"taxonomy":"post_tag","embeddable":true,"href":"https:\/\/www.salve.si\/en\/wp-json\/wp\/v2\/tags?post=19467"}],"curies":[{"name":"wp","href":"https:\/\/api.w.org\/{rel}","templated":true}]}}