{"id":19135,"date":"2024-11-01T16:32:12","date_gmt":"2024-11-01T15:32:12","guid":{"rendered":"https:\/\/www.salve.si\/?p=19135"},"modified":"2024-11-04T16:42:09","modified_gmt":"2024-11-04T15:42:09","slug":"31-nedelja-med-letom-b-2024","status":"publish","type":"post","link":"https:\/\/www.salve.si\/en\/leto-b\/31-nedelja-med-letom-b-2024\/","title":{"rendered":"31. nedelja med letom \u2013 B 2024"},"content":{"rendered":"<p><strong>Poslu\u0161aj, Gospod je na\u0161 Bog!<\/strong><\/p>\n<p>V \u017eivljenju pridejo vpra\u0161anja, ko ostanemo brez odgovora. Ti\u0161ina, ki sledi, je navadno zelo more\u010da. To najbolj ob\u010dutijo u\u010ditelji in profesorji v \u0161oli: postavijo vpra\u0161anje in nih\u010de ne dvigne roke? Zdi se, da so u\u010dence in dijake zasa\u010dili v razmi\u0161ljanju, ki nima ni\u010d skupnega s predmetom, pri katerem se nahajajo. V razredu je stra\u0161na panika. Nekdo je zapisal: \u00bbKo misli\u0161, da pozna\u0161 vse odgovore, ti \u017eivljenje zamenja vsa tvoja vpra\u0161anja! Kdo te bo re\u0161il zmede?\u00ab<\/p>\n<p>Pred Jezusom se je pojavil pismouk, ki je u\u010ditelja izzival z vpra\u0161anjem: \u00bbKatera je prva od vseh zapovedi?\u00ab Navadno je bilo tako, da je v Jezusovem \u010dasu u\u010ditelj postavljal vpra\u0161anja in ne obratno. Tako je delal gr\u0161ki filozof Sokrat: on je postavil vpra\u0161anje in potem u\u010dencu korak za korakom razkrival odgovor. Jezus je delal druga\u010de: on je dovolil, da so ga ljudje spra\u0161evali, \u0161e prav posebej njegovi u\u010denci, ki jih je izbral, da bodo njegov nauk raz\u0161irili po vsem tedaj znanem svetu. In prav pri svojih u\u010dencih je Jezus ugotovil, da so pogostokrat brez besed, da niso sposobni zastaviti vpra\u0161anja.<\/p>\n<p>Smo danes kaj druga\u010dni? \u010cisto ni\u010d: mnogi ne postavljajo vpra\u0161anj, ker so prepri\u010dani, da imajo \u017ee vse odgovore. Danes se sre\u010dujemo z ljudmi, ki ni\u010d ve\u010d ne pri\u010dakujejo, ker so se polenili, ker so zanikrni, ker se bojijo, da jih bo odgovori vrgel s tira. Tudi otroci ne postavljajo vpra\u0161anj, ker preprosto nimajo nobenih \u017eelja. Vse jim je servirano na kro\u017eniku in zato se nobene stvari ne veselijo. Zakaj bi pa postavljali vpra\u0161anja? Google pozna vse odgovore. Malo pobrska\u0161 in to je to.<\/p>\n<p>Eden od vzrokov, zakaj ne postavljamo vpra\u0161anja je, ker ne znamo poslu\u0161ati. Treba je utihniti in se zavedati, da je pred nami nekdo, ki govori. Vpra\u0161anja se namre\u010d porajajo znotraj odnosa. Ko so na\u0161i odnosi prekinjeni, se zapremo in ni ve\u010d vpra\u0161anj. Prva zapoved se ne za\u010dne brez razloga z besedami: \u00bbPoslu\u0161aj, Izrael!\u00ab \u010ce bo\u0161 poslu\u0161al, bo\u0161 v odnosu s svojim Bogom, zavedal se bo\u0161, da nisi sam, da stoji\u0161 pred nekom, ki je ve\u010dji od tebe.<\/p>\n<p>Morda ste \u017ee sli\u0161ali za opazko: \u00bbTa ima pa zelo velik ego!\u00ab Tako opredeljujemo nekoga, ki vidi samo samega sebe in mu za koga drugega ni mar. Vidi samo svoje razloge, svoje potrebe, svoje probleme. To je glavni razlog, da je Jezus ob imenovanju prve zapovedi takoj dodal: \u00bbDruga pa je tale: Ljubi svojega bli\u017enjega kakor samega sebe. Ve\u010dja od teh dveh ni nobena druga zapoved.\u00ab<\/p>\n<p>Na\u0161e te\u017eave se za\u010dnejo, ko je pred nami na\u0161 bli\u017enji. Bli\u017enji mi namre\u010d jemlje prostor, me ogro\u017ea. Bli\u017enji zavzema moj doma\u010di prostor, je sopotnik v avtomobilu, sodelavec v moji pisarni, skratka, povsod me izziva, mi zastavlja vpra\u0161anja, me spravlja v zadrego, razkriva moje rane, postavlja pod vpra\u0161aj moje pravice \u2026<\/p>\n<p>Jezus me izziva, ko pravi, da se je treba poskusiti postaviti v ko\u017eo svojega bli\u017enjega. Ko to zaznam, utihnem in sem brez odgovora. Naenkrat se mi zdi, da izgubljam trdna tla pod nogami. Morda se zavem, da se nimam dovolj rad, da se celo sovra\u017eim. Bli\u017enjega je treba imeti rad kot ima\u0161 rad samega sebe. In \u010de se ne sprejemam tak\u0161nega kot sem? Potem tudi bli\u017enjega nimam rad. Sem res sposoben dobro poslu\u0161ati najprej samega sebe?<\/p>\n<p>Jezus se ne zaustavi ob tem, da se zapremo vase in se prepustimo samopomilovanju. Prva zapoved namre\u010d pravi: \u00bbLjubi Gospoda svojega Boga, iz vsega srca, iz vse du\u0161e, z vsem mi\u0161ljenjem in z vso mo\u010djo.\u00ab Treba je iti ven iz samega sebe, znebiti se svojih strahov in nehati razmi\u0161ljati o svoji vsemogo\u010dnosti. To pomeni, da si je treba priznati, da jaz nisem prvi, glavni, da se nisem sam ustvaril, da nisem absolutni gospodar, ampak moram sprejeti svoje \u017eivljenje kot nezaslu\u017een dar. Ljubiti Boga pomeni, prepoznati se, da stojim pred Bogom, ki je sklenil, da bo z menoj vedno. Stojim pred njim, ki mi je pripravljen vsak trenutek odpustiti. To je glavni razlog ljubezni in \u017eivljenje postane odgovor in odgovornost. Zato sta ljubezen do Boga in do bli\u017enjega sidro na\u0161ega odre\u0161enja. Dokler se to ne zgodi, smo za\u0161li na svoji poti, zato pazimo, da se ne znajdemo v prepadu.<\/p>\n<p><strong>\u017dupnik Branko Bala\u017eic SDB<\/strong><span class=\"slv-content-keywords\"> \u010cas med letom Leto B Nedelja med letom Nedeljska meditacija <\/span><\/p>","protected":false},"excerpt":{"rendered":"<p>Poslu\u0161aj, Gospod je na\u0161 Bog! V \u017eivljenju pridejo vpra\u0161anja, ko ostanemo brez odgovora. Ti\u0161ina, ki sledi, je navadno zelo more\u010da. To najbolj ob\u010dutijo u\u010ditelji in profesorji v \u0161oli: postavijo vpra\u0161anje in nih\u010de ne dvigne roke? Zdi se, da so u\u010dence in dijake zasa\u010dili v razmi\u0161ljanju, ki nima ni\u010d skupnega s predmetom, pri katerem se nahajajo.<a href=\"https:\/\/www.salve.si\/en\/leto-b\/31-nedelja-med-letom-b-2024\/\">&#8230;<\/a><\/p>","protected":false},"author":5143,"featured_media":0,"comment_status":"open","ping_status":"open","sticky":false,"template":"","format":"standard","meta":{"_acf_changed":false,"footnotes":""},"categories":[654,1035,1056,925],"tags":[650,927],"class_list":["post-19135","post","type-post","status-publish","format-standard","hentry","category-cas-med-letom","category-leto-b","category-nedelja-med-letom","category-nedeljska-meditacija","tag-leto-b","tag-nedeljska-meditacija"],"acf":[],"yoast_head":"<!-- This site is optimized with the Yoast SEO plugin v23.8 - https:\/\/yoast.com\/wordpress\/plugins\/seo\/ -->\n<title>31. nedelja med letom \u2013 B 2024 - Salve<\/title>\n<meta name=\"robots\" content=\"noindex, follow\" \/>\n<meta property=\"og:locale\" content=\"en_US\" \/>\n<meta property=\"og:type\" content=\"article\" \/>\n<meta property=\"og:title\" content=\"31. nedelja med letom \u2013 B 2024 - Salve\" \/>\n<meta property=\"og:description\" content=\"Poslu\u0161aj, Gospod je na\u0161 Bog! V \u017eivljenju pridejo vpra\u0161anja, ko ostanemo brez odgovora. Ti\u0161ina, ki sledi, je navadno zelo more\u010da. To najbolj ob\u010dutijo u\u010ditelji in profesorji v \u0161oli: postavijo vpra\u0161anje in nih\u010de ne dvigne roke? Zdi se, da so u\u010dence in dijake zasa\u010dili v razmi\u0161ljanju, ki nima ni\u010d skupnega s predmetom, pri katerem se nahajajo....\" \/>\n<meta property=\"og:url\" content=\"https:\/\/www.salve.si\/en\/leto-b\/31-nedelja-med-letom-b-2024\/\" \/>\n<meta property=\"og:site_name\" content=\"Salve\" \/>\n<meta property=\"article:publisher\" content=\"https:\/\/www.facebook.com\/salve.si\" \/>\n<meta property=\"article:published_time\" content=\"2024-11-01T15:32:12+00:00\" \/>\n<meta property=\"article:modified_time\" content=\"2024-11-04T15:42:09+00:00\" \/>\n<meta property=\"og:image\" content=\"https:\/\/www.salve.si\/wp-content\/uploads\/2026\/01\/salve-og1.jpg\" \/>\n\t<meta property=\"og:image:width\" content=\"1200\" \/>\n\t<meta property=\"og:image:height\" content=\"630\" \/>\n\t<meta property=\"og:image:type\" content=\"image\/jpeg\" \/>\n<meta name=\"author\" content=\"Matev\u017e Kozinc\" \/>\n<meta name=\"twitter:card\" content=\"summary_large_image\" \/>\n<meta name=\"twitter:label1\" content=\"Written by\" \/>\n\t<meta name=\"twitter:data1\" content=\"Matev\u017e Kozinc\" \/>\n\t<meta name=\"twitter:label2\" content=\"Est. reading time\" \/>\n\t<meta name=\"twitter:data2\" content=\"4 minutes\" \/>\n<script type=\"application\/ld+json\" class=\"yoast-schema-graph\">{\"@context\":\"https:\/\/schema.org\",\"@graph\":[{\"@type\":\"Article\",\"@id\":\"https:\/\/www.salve.si\/leto-b\/31-nedelja-med-letom-b-2024\/#article\",\"isPartOf\":{\"@id\":\"https:\/\/www.salve.si\/leto-b\/31-nedelja-med-letom-b-2024\/\"},\"author\":{\"name\":\"Matev\u017e Kozinc\",\"@id\":\"https:\/\/www.salve.si\/#\/schema\/person\/732afa2bb4cf5d282e9e1e9f59c96183\"},\"headline\":\"31. nedelja med letom \u2013 B 2024\",\"datePublished\":\"2024-11-01T15:32:12+00:00\",\"dateModified\":\"2024-11-04T15:42:09+00:00\",\"mainEntityOfPage\":{\"@id\":\"https:\/\/www.salve.si\/leto-b\/31-nedelja-med-letom-b-2024\/\"},\"wordCount\":772,\"commentCount\":0,\"publisher\":{\"@id\":\"https:\/\/www.salve.si\/#organization\"},\"keywords\":[\"B\",\"nedeljska meditacija\"],\"articleSection\":[\"\u010cas med letom\",\"Leto B\",\"Nedelja med letom\",\"Nedeljska meditacija\"],\"inLanguage\":\"en-US\",\"potentialAction\":[{\"@type\":\"CommentAction\",\"name\":\"Comment\",\"target\":[\"https:\/\/www.salve.si\/leto-b\/31-nedelja-med-letom-b-2024\/#respond\"]}]},{\"@type\":\"WebPage\",\"@id\":\"https:\/\/www.salve.si\/leto-b\/31-nedelja-med-letom-b-2024\/\",\"url\":\"https:\/\/www.salve.si\/leto-b\/31-nedelja-med-letom-b-2024\/\",\"name\":\"31. nedelja med letom \u2013 B 2024 - Salve\",\"isPartOf\":{\"@id\":\"https:\/\/www.salve.si\/#website\"},\"datePublished\":\"2024-11-01T15:32:12+00:00\",\"dateModified\":\"2024-11-04T15:42:09+00:00\",\"breadcrumb\":{\"@id\":\"https:\/\/www.salve.si\/leto-b\/31-nedelja-med-letom-b-2024\/#breadcrumb\"},\"inLanguage\":\"en-US\",\"potentialAction\":[{\"@type\":\"ReadAction\",\"target\":[\"https:\/\/www.salve.si\/leto-b\/31-nedelja-med-letom-b-2024\/\"]}]},{\"@type\":\"BreadcrumbList\",\"@id\":\"https:\/\/www.salve.si\/leto-b\/31-nedelja-med-letom-b-2024\/#breadcrumb\",\"itemListElement\":[{\"@type\":\"ListItem\",\"position\":1,\"name\":\"Home\",\"item\":\"https:\/\/www.salve.si\/\"},{\"@type\":\"ListItem\",\"position\":2,\"name\":\"31. nedelja med letom \u2013 B 2024\"}]},{\"@type\":\"WebSite\",\"@id\":\"https:\/\/www.salve.si\/#website\",\"url\":\"https:\/\/www.salve.si\/\",\"name\":\"Salve\",\"description\":\"Salezijanska zalo\u017eba\",\"publisher\":{\"@id\":\"https:\/\/www.salve.si\/#organization\"},\"potentialAction\":[{\"@type\":\"SearchAction\",\"target\":{\"@type\":\"EntryPoint\",\"urlTemplate\":\"https:\/\/www.salve.si\/?s={search_term_string}\"},\"query-input\":{\"@type\":\"PropertyValueSpecification\",\"valueRequired\":true,\"valueName\":\"search_term_string\"}}],\"inLanguage\":\"en-US\"},{\"@type\":\"Organization\",\"@id\":\"https:\/\/www.salve.si\/#organization\",\"name\":\"Salve d.o.o.\",\"url\":\"https:\/\/www.salve.si\/\",\"logo\":{\"@type\":\"ImageObject\",\"inLanguage\":\"en-US\",\"@id\":\"https:\/\/www.salve.si\/#\/schema\/logo\/image\/\",\"url\":\"https:\/\/www.salve.si\/wp-content\/uploads\/2021\/01\/Salve_logo_modri_nov_web.png\",\"contentUrl\":\"https:\/\/www.salve.si\/wp-content\/uploads\/2021\/01\/Salve_logo_modri_nov_web.png\",\"width\":279,\"height\":90,\"caption\":\"Salve d.o.o.\"},\"image\":{\"@id\":\"https:\/\/www.salve.si\/#\/schema\/logo\/image\/\"},\"sameAs\":[\"https:\/\/www.facebook.com\/salve.si\",\"https:\/\/www.instagram.com\/zalozbasalve\/\",\"https:\/\/www.linkedin.com\/company\/zalozba-salve\/\"]},{\"@type\":\"Person\",\"@id\":\"https:\/\/www.salve.si\/#\/schema\/person\/732afa2bb4cf5d282e9e1e9f59c96183\",\"name\":\"Matev\u017e Kozinc\"}]}<\/script>\n<!-- \/ Yoast SEO plugin. -->","yoast_head_json":{"title":"31. nedelja med letom \u2013 B 2024 - Salve","robots":{"index":"noindex","follow":"follow"},"og_locale":"en_US","og_type":"article","og_title":"31. nedelja med letom \u2013 B 2024 - Salve","og_description":"Poslu\u0161aj, Gospod je na\u0161 Bog! V \u017eivljenju pridejo vpra\u0161anja, ko ostanemo brez odgovora. Ti\u0161ina, ki sledi, je navadno zelo more\u010da. To najbolj ob\u010dutijo u\u010ditelji in profesorji v \u0161oli: postavijo vpra\u0161anje in nih\u010de ne dvigne roke? Zdi se, da so u\u010dence in dijake zasa\u010dili v razmi\u0161ljanju, ki nima ni\u010d skupnega s predmetom, pri katerem se nahajajo....","og_url":"https:\/\/www.salve.si\/en\/leto-b\/31-nedelja-med-letom-b-2024\/","og_site_name":"Salve","article_publisher":"https:\/\/www.facebook.com\/salve.si","article_published_time":"2024-11-01T15:32:12+00:00","article_modified_time":"2024-11-04T15:42:09+00:00","og_image":[{"width":1200,"height":630,"url":"https:\/\/www.salve.si\/wp-content\/uploads\/2026\/01\/salve-og1.jpg","type":"image\/jpeg"}],"author":"Matev\u017e Kozinc","twitter_card":"summary_large_image","twitter_misc":{"Written by":"Matev\u017e Kozinc","Est. reading time":"4 minutes"},"schema":{"@context":"https:\/\/schema.org","@graph":[{"@type":"Article","@id":"https:\/\/www.salve.si\/leto-b\/31-nedelja-med-letom-b-2024\/#article","isPartOf":{"@id":"https:\/\/www.salve.si\/leto-b\/31-nedelja-med-letom-b-2024\/"},"author":{"name":"Matev\u017e Kozinc","@id":"https:\/\/www.salve.si\/#\/schema\/person\/732afa2bb4cf5d282e9e1e9f59c96183"},"headline":"31. nedelja med letom \u2013 B 2024","datePublished":"2024-11-01T15:32:12+00:00","dateModified":"2024-11-04T15:42:09+00:00","mainEntityOfPage":{"@id":"https:\/\/www.salve.si\/leto-b\/31-nedelja-med-letom-b-2024\/"},"wordCount":772,"commentCount":0,"publisher":{"@id":"https:\/\/www.salve.si\/#organization"},"keywords":["B","nedeljska meditacija"],"articleSection":["\u010cas med letom","Leto B","Nedelja med letom","Nedeljska meditacija"],"inLanguage":"en-US","potentialAction":[{"@type":"CommentAction","name":"Comment","target":["https:\/\/www.salve.si\/leto-b\/31-nedelja-med-letom-b-2024\/#respond"]}]},{"@type":"WebPage","@id":"https:\/\/www.salve.si\/leto-b\/31-nedelja-med-letom-b-2024\/","url":"https:\/\/www.salve.si\/leto-b\/31-nedelja-med-letom-b-2024\/","name":"31. nedelja med letom \u2013 B 2024 - Salve","isPartOf":{"@id":"https:\/\/www.salve.si\/#website"},"datePublished":"2024-11-01T15:32:12+00:00","dateModified":"2024-11-04T15:42:09+00:00","breadcrumb":{"@id":"https:\/\/www.salve.si\/leto-b\/31-nedelja-med-letom-b-2024\/#breadcrumb"},"inLanguage":"en-US","potentialAction":[{"@type":"ReadAction","target":["https:\/\/www.salve.si\/leto-b\/31-nedelja-med-letom-b-2024\/"]}]},{"@type":"BreadcrumbList","@id":"https:\/\/www.salve.si\/leto-b\/31-nedelja-med-letom-b-2024\/#breadcrumb","itemListElement":[{"@type":"ListItem","position":1,"name":"Home","item":"https:\/\/www.salve.si\/"},{"@type":"ListItem","position":2,"name":"31. nedelja med letom \u2013 B 2024"}]},{"@type":"WebSite","@id":"https:\/\/www.salve.si\/#website","url":"https:\/\/www.salve.si\/","name":"Salve","description":"Salezijanska zalo\u017eba","publisher":{"@id":"https:\/\/www.salve.si\/#organization"},"potentialAction":[{"@type":"SearchAction","target":{"@type":"EntryPoint","urlTemplate":"https:\/\/www.salve.si\/?s={search_term_string}"},"query-input":{"@type":"PropertyValueSpecification","valueRequired":true,"valueName":"search_term_string"}}],"inLanguage":"en-US"},{"@type":"Organization","@id":"https:\/\/www.salve.si\/#organization","name":"Salve d.o.o.","url":"https:\/\/www.salve.si\/","logo":{"@type":"ImageObject","inLanguage":"en-US","@id":"https:\/\/www.salve.si\/#\/schema\/logo\/image\/","url":"https:\/\/www.salve.si\/wp-content\/uploads\/2021\/01\/Salve_logo_modri_nov_web.png","contentUrl":"https:\/\/www.salve.si\/wp-content\/uploads\/2021\/01\/Salve_logo_modri_nov_web.png","width":279,"height":90,"caption":"Salve d.o.o."},"image":{"@id":"https:\/\/www.salve.si\/#\/schema\/logo\/image\/"},"sameAs":["https:\/\/www.facebook.com\/salve.si","https:\/\/www.instagram.com\/zalozbasalve\/","https:\/\/www.linkedin.com\/company\/zalozba-salve\/"]},{"@type":"Person","@id":"https:\/\/www.salve.si\/#\/schema\/person\/732afa2bb4cf5d282e9e1e9f59c96183","name":"Matev\u017e Kozinc"}]}},"_links":{"self":[{"href":"https:\/\/www.salve.si\/en\/wp-json\/wp\/v2\/posts\/19135","targetHints":{"allow":["GET"]}}],"collection":[{"href":"https:\/\/www.salve.si\/en\/wp-json\/wp\/v2\/posts"}],"about":[{"href":"https:\/\/www.salve.si\/en\/wp-json\/wp\/v2\/types\/post"}],"author":[{"embeddable":true,"href":"https:\/\/www.salve.si\/en\/wp-json\/wp\/v2\/users\/5143"}],"replies":[{"embeddable":true,"href":"https:\/\/www.salve.si\/en\/wp-json\/wp\/v2\/comments?post=19135"}],"version-history":[{"count":2,"href":"https:\/\/www.salve.si\/en\/wp-json\/wp\/v2\/posts\/19135\/revisions"}],"predecessor-version":[{"id":19137,"href":"https:\/\/www.salve.si\/en\/wp-json\/wp\/v2\/posts\/19135\/revisions\/19137"}],"wp:attachment":[{"href":"https:\/\/www.salve.si\/en\/wp-json\/wp\/v2\/media?parent=19135"}],"wp:term":[{"taxonomy":"category","embeddable":true,"href":"https:\/\/www.salve.si\/en\/wp-json\/wp\/v2\/categories?post=19135"},{"taxonomy":"post_tag","embeddable":true,"href":"https:\/\/www.salve.si\/en\/wp-json\/wp\/v2\/tags?post=19135"}],"curies":[{"name":"wp","href":"https:\/\/api.w.org\/{rel}","templated":true}]}}