{"id":19132,"date":"2024-10-25T16:30:40","date_gmt":"2024-10-25T14:30:40","guid":{"rendered":"https:\/\/www.salve.si\/?p=19132"},"modified":"2024-11-04T16:32:02","modified_gmt":"2024-11-04T15:32:02","slug":"30-nedelja-med-letom-b-2024","status":"publish","type":"post","link":"https:\/\/www.salve.si\/en\/leto-b\/30-nedelja-med-letom-b-2024\/","title":{"rendered":"30. nedelja med letom \u2013 B 2024"},"content":{"rendered":"<p><strong>V\u010dasih je dovolj, da se nam kdo nasmeje in smo spet dobre volje<\/strong><\/p>\n<p>Nasmejani mladostni obrazi na naslovnicah, izlo\u017ebenih in jumbo plakatih so narejeni tako, da nas morajo takoj pritegniti, spro\u017eiti kak\u0161no potrebo in usmeriti na\u0161 korak v trgovino. Toda, ali je oseba, ki jo vidimo na sliki zares odsev resnice ali ponaredek. Danes umetna inteligenca ustvari osebo, ki je urejena po zadnjem kriku mode, v resnici pa sploh ne obstaja. Nekaj podobnega se nam dogaja v konkretnem \u017eivljenju: nadenemo si temna o\u010dala, nov make up, kak\u0161en nevpadljiv kos obleke in se na tako skrijemo v mno\u017eici, ki hiti neznano kam.<\/p>\n<p>Kaj se je dogajalo z Bartimajem iz dana\u0161njega evangelija? Bil je slep bera\u010d, Timajev sin, ki je brezvoljno sedel ob poti. Skrival se je za svojim pla\u0161\u010dem, ki je bil edina stvar, ki je bila njegova, kajti za bera\u010de je bil njihov pla\u0161\u010d, v katerega so bili ogrnjeni edino njihovo premo\u017eenje. Zato so imeli Judje celo zakonsko dolo\u010dbo, ki pravi: \u00bb\u010ce vzame\u0161 v zastavo pla\u0161\u010d svojega bli\u017enjega, mu ga vrni do son\u010dnega zahoda! Kajti to je njegova edina odeja, ogrinjalo za njegovo ko\u017eo. V \u010dem naj sicer spi?\u00ab (2 Mz 22,25-26) Tudi za Bartimaja je bil njegov pla\u0161\u010d edina varnost, edino zato\u010di\u0161\u010de, za katerim se je lahko skrival.<\/p>\n<p>Ta bera\u010d je bil slep in zato ni vedel, kam bi lahko varno od\u0161el. Tudi v na\u0161em \u017eivljenju se zgodi, da pridejo situacije, ko smo v dvomih, prestra\u0161eni, z ob\u010dutkom, da so se nam zaprla vsa vrata. Pridejo celo trenutki, ko si zatiskamo o\u010di, se naredimo slepe in nimamo poguma, da bi se soo\u010dali s stvarnostjo, ki je pred nami. Tudi stari gr\u0161ki miti nam pripovedujejo zgodbe, ko se ljudje niso upali soo\u010dati z resnico, ki je bila pred njimi. Ko je Ojdip spoznal, da je ubil svojega o\u010deta, ne da bi vedel, da je bil to njegov o\u010de in se je potem poro\u010dil s svojo materjo, je oslepel. Ni bil sposoben normalno \u017eiveti.<\/p>\n<p>Tudi \u017eivljenje slepega Bartimaja se je dobesedno zaustavilo. To je glavni razlog, da je bil osamljen, oddaljen od ljudi. In za tega reve\u017ea celo vemo, kako mu je ime. Bar-timaj pomeni Timajev sin. V njegovem imenu se skriva njegovo situacija: namesto, da bi \u017eivel v doma\u010di Timajevi dru\u017eini, se je oddaljil in je sedaj sam. Tudi Jezus ga ni mogel sre\u010dati.<\/p>\n<p>Jezus je pri\u0161el v Jeriho, najstarej\u0161e mesto na svetu \u2013 staro ve\u010d kot 10 tiso\u010d let -, ki le\u017ei na obronkih pu\u0161\u010dave ob Mrtvem morju. Mesto le\u017ei 245 metrov pod morsko gladino. To pomeni, da se je Jezus spustil globoko v prepad, da bi tam poiskal \u010dloveka, ki se je izgubil. In sedaj je bil Jezus na tem, da se dvigne iz tega prepada proti Jeruzalemu, in \u0161e vedno ni sre\u010dal tega \u010dloveka. Bartimaj namre\u010d ni bil na tej poti, ampak nekje ob strani, pogreznjen sam vase. Dejansko je bil izgubljen. Kaj naredi\u0161, ko se izgubi\u0161? Slepi bera\u010d ima edino mo\u017enost za re\u0161itev, da pokli\u010de na pomo\u010d. Bartimaj ni klical, ampak je vpil na pomo\u010d: \u00bbJezus, Davidov sin, usmili se me!\u00ab Mnogi so ga grajali, naj umolkne, on pa je bil \u0161e bolj glasen. Jezus je obstal in rekel: \u00bbPokli\u010dite ga!\u00ab Kon\u010dno ga je nekdo prepoznal in ga poklical. V trenutku, ko se je Jezus ustavil, je bil Bartimaj ozdravljen. On je potreboval prav to: da se nekdo ustavi, ga vidi in ga prepozna. Kaj je naredil Bartimaj? Odvrgel je svoj pla\u0161\u010d, sko\u010dil pokonci in pohitel k Jezusu. Pla\u0161\u010da, ki je predstavljal njegov dom, v katerega se je zaprl, ni potreboval ve\u010d. Jezus je zanj predstavljal novo \u017eivljenje. \u0160ele, ko se znebimo vseh navideznih obramb, na katere smo se zana\u0161ali, za\u010dnemo spet \u017eiveti in lahko Bogu povemo to, kar nosimo v svojem srcu. Jezus ga je vpra\u0161al: \u00bbKaj ho\u010de\u0161, da ti storim?\u00ab Jezusovo vpra\u0161anje slepemu se nam zdi nesmiselno, vendar se je za Jezusa zdelo pomembno, da se nagovorjeni osebno odlo\u010di in izrazi svojo pro\u0161njo. Slepi mu je dejal: \u00bbGospod, da bi spregledal!\u00ab<\/p>\n<p>Za Bartimajevim odgovorom se skriva veliko ve\u010d kot \u017eelja, da bi videl. Oni ni prosil, da bi samo \u00bbponovno videl\u00ab, ampak, da bi lahko \u00bbgledal vi\u0161je\u00ab. Hotel je dvigniti svojo glavo, hotel je biti spet spo\u0161tovan, kajti to je bil glavni razlog, zakaj se je \u017ealosten in brez pravega \u017eivljenja skrival za svojim pla\u0161\u010dem. In sedaj, ko je \u00bbponovno videl\u00ab, je imel pred seboj novo prihodnost. Jezus mu je rekel: \u00bbPojdi, tvoja vera te je re\u0161ila!\u00ab Ni mu rekel: \u00bbHodi za menoj!\u00ab, ampak \u00bbPojdi!\u00ab To pomeni, da je sedaj svoboden, da se lahko sam odlo\u010di o svoji prihodnosti.<\/p>\n<p>Zgodba skriva lep nauk za vse nas: ko se otresemo vseh navideznih varoval, za katerimi se skrivamo, ko odvr\u017eemo \u00bbsimboli\u010dni pla\u0161\u010d\u00ab, za katerim se skrivamo, smo sposobni Bogu re\u010di: \u00bbGlej, tak sem! Pomagaj mi, da se bom spet spo\u0161toval in hodil po poti, ki vodi k tebi!\u00ab<\/p>\n<p><strong>\u017dupnik Branko Bala\u017eic SDB<\/strong><span class=\"slv-content-keywords\"> \u010cas med letom Leto B Nedelja med letom <\/span><\/p>","protected":false},"excerpt":{"rendered":"<p>V\u010dasih je dovolj, da se nam kdo nasmeje in smo spet dobre volje Nasmejani mladostni obrazi na naslovnicah, izlo\u017ebenih in jumbo plakatih so narejeni tako, da nas morajo takoj pritegniti, spro\u017eiti kak\u0161no potrebo in usmeriti na\u0161 korak v trgovino. Toda, ali je oseba, ki jo vidimo na sliki zares odsev resnice ali ponaredek. Danes umetna<a href=\"https:\/\/www.salve.si\/en\/leto-b\/30-nedelja-med-letom-b-2024\/\">&#8230;<\/a><\/p>","protected":false},"author":5143,"featured_media":0,"comment_status":"open","ping_status":"open","sticky":false,"template":"","format":"standard","meta":{"_acf_changed":false,"footnotes":""},"categories":[654,1035,1056],"tags":[650,1055,1057,927],"class_list":["post-19132","post","type-post","status-publish","format-standard","hentry","category-cas-med-letom","category-leto-b","category-nedelja-med-letom","tag-leto-b","tag-cas-med-letom","tag-nedeljam-med-letom","tag-nedeljska-meditacija"],"acf":[],"yoast_head":"<!-- This site is optimized with the Yoast SEO plugin v23.8 - https:\/\/yoast.com\/wordpress\/plugins\/seo\/ -->\n<title>30. nedelja med letom \u2013 B 2024 - Salve<\/title>\n<meta name=\"robots\" content=\"noindex, follow\" \/>\n<meta property=\"og:locale\" content=\"en_US\" \/>\n<meta property=\"og:type\" content=\"article\" \/>\n<meta property=\"og:title\" content=\"30. nedelja med letom \u2013 B 2024 - Salve\" \/>\n<meta property=\"og:description\" content=\"V\u010dasih je dovolj, da se nam kdo nasmeje in smo spet dobre volje Nasmejani mladostni obrazi na naslovnicah, izlo\u017ebenih in jumbo plakatih so narejeni tako, da nas morajo takoj pritegniti, spro\u017eiti kak\u0161no potrebo in usmeriti na\u0161 korak v trgovino. Toda, ali je oseba, ki jo vidimo na sliki zares odsev resnice ali ponaredek. Danes umetna...\" \/>\n<meta property=\"og:url\" content=\"https:\/\/www.salve.si\/en\/leto-b\/30-nedelja-med-letom-b-2024\/\" \/>\n<meta property=\"og:site_name\" content=\"Salve\" \/>\n<meta property=\"article:publisher\" content=\"https:\/\/www.facebook.com\/salve.si\" \/>\n<meta property=\"article:published_time\" content=\"2024-10-25T14:30:40+00:00\" \/>\n<meta property=\"article:modified_time\" content=\"2024-11-04T15:32:02+00:00\" \/>\n<meta property=\"og:image\" content=\"https:\/\/www.salve.si\/wp-content\/uploads\/2026\/01\/salve-og1.jpg\" \/>\n\t<meta property=\"og:image:width\" content=\"1200\" \/>\n\t<meta property=\"og:image:height\" content=\"630\" \/>\n\t<meta property=\"og:image:type\" content=\"image\/jpeg\" \/>\n<meta name=\"author\" content=\"Matev\u017e Kozinc\" \/>\n<meta name=\"twitter:card\" content=\"summary_large_image\" \/>\n<meta name=\"twitter:label1\" content=\"Written by\" \/>\n\t<meta name=\"twitter:data1\" content=\"Matev\u017e Kozinc\" \/>\n\t<meta name=\"twitter:label2\" content=\"Est. reading time\" \/>\n\t<meta name=\"twitter:data2\" content=\"5 minutes\" \/>\n<script type=\"application\/ld+json\" class=\"yoast-schema-graph\">{\"@context\":\"https:\/\/schema.org\",\"@graph\":[{\"@type\":\"Article\",\"@id\":\"https:\/\/www.salve.si\/leto-b\/30-nedelja-med-letom-b-2024\/#article\",\"isPartOf\":{\"@id\":\"https:\/\/www.salve.si\/leto-b\/30-nedelja-med-letom-b-2024\/\"},\"author\":{\"name\":\"Matev\u017e Kozinc\",\"@id\":\"https:\/\/www.salve.si\/#\/schema\/person\/732afa2bb4cf5d282e9e1e9f59c96183\"},\"headline\":\"30. nedelja med letom \u2013 B 2024\",\"datePublished\":\"2024-10-25T14:30:40+00:00\",\"dateModified\":\"2024-11-04T15:32:02+00:00\",\"mainEntityOfPage\":{\"@id\":\"https:\/\/www.salve.si\/leto-b\/30-nedelja-med-letom-b-2024\/\"},\"wordCount\":876,\"commentCount\":0,\"publisher\":{\"@id\":\"https:\/\/www.salve.si\/#organization\"},\"keywords\":[\"B\",\"\u010cas med letom\",\"nedeljam med letom\",\"nedeljska meditacija\"],\"articleSection\":[\"\u010cas med letom\",\"Leto B\",\"Nedelja med letom\"],\"inLanguage\":\"en-US\",\"potentialAction\":[{\"@type\":\"CommentAction\",\"name\":\"Comment\",\"target\":[\"https:\/\/www.salve.si\/leto-b\/30-nedelja-med-letom-b-2024\/#respond\"]}]},{\"@type\":\"WebPage\",\"@id\":\"https:\/\/www.salve.si\/leto-b\/30-nedelja-med-letom-b-2024\/\",\"url\":\"https:\/\/www.salve.si\/leto-b\/30-nedelja-med-letom-b-2024\/\",\"name\":\"30. nedelja med letom \u2013 B 2024 - Salve\",\"isPartOf\":{\"@id\":\"https:\/\/www.salve.si\/#website\"},\"datePublished\":\"2024-10-25T14:30:40+00:00\",\"dateModified\":\"2024-11-04T15:32:02+00:00\",\"breadcrumb\":{\"@id\":\"https:\/\/www.salve.si\/leto-b\/30-nedelja-med-letom-b-2024\/#breadcrumb\"},\"inLanguage\":\"en-US\",\"potentialAction\":[{\"@type\":\"ReadAction\",\"target\":[\"https:\/\/www.salve.si\/leto-b\/30-nedelja-med-letom-b-2024\/\"]}]},{\"@type\":\"BreadcrumbList\",\"@id\":\"https:\/\/www.salve.si\/leto-b\/30-nedelja-med-letom-b-2024\/#breadcrumb\",\"itemListElement\":[{\"@type\":\"ListItem\",\"position\":1,\"name\":\"Home\",\"item\":\"https:\/\/www.salve.si\/\"},{\"@type\":\"ListItem\",\"position\":2,\"name\":\"30. nedelja med letom \u2013 B 2024\"}]},{\"@type\":\"WebSite\",\"@id\":\"https:\/\/www.salve.si\/#website\",\"url\":\"https:\/\/www.salve.si\/\",\"name\":\"Salve\",\"description\":\"Salezijanska zalo\u017eba\",\"publisher\":{\"@id\":\"https:\/\/www.salve.si\/#organization\"},\"potentialAction\":[{\"@type\":\"SearchAction\",\"target\":{\"@type\":\"EntryPoint\",\"urlTemplate\":\"https:\/\/www.salve.si\/?s={search_term_string}\"},\"query-input\":{\"@type\":\"PropertyValueSpecification\",\"valueRequired\":true,\"valueName\":\"search_term_string\"}}],\"inLanguage\":\"en-US\"},{\"@type\":\"Organization\",\"@id\":\"https:\/\/www.salve.si\/#organization\",\"name\":\"Salve d.o.o.\",\"url\":\"https:\/\/www.salve.si\/\",\"logo\":{\"@type\":\"ImageObject\",\"inLanguage\":\"en-US\",\"@id\":\"https:\/\/www.salve.si\/#\/schema\/logo\/image\/\",\"url\":\"https:\/\/www.salve.si\/wp-content\/uploads\/2021\/01\/Salve_logo_modri_nov_web.png\",\"contentUrl\":\"https:\/\/www.salve.si\/wp-content\/uploads\/2021\/01\/Salve_logo_modri_nov_web.png\",\"width\":279,\"height\":90,\"caption\":\"Salve d.o.o.\"},\"image\":{\"@id\":\"https:\/\/www.salve.si\/#\/schema\/logo\/image\/\"},\"sameAs\":[\"https:\/\/www.facebook.com\/salve.si\",\"https:\/\/www.instagram.com\/zalozbasalve\/\",\"https:\/\/www.linkedin.com\/company\/zalozba-salve\/\"]},{\"@type\":\"Person\",\"@id\":\"https:\/\/www.salve.si\/#\/schema\/person\/732afa2bb4cf5d282e9e1e9f59c96183\",\"name\":\"Matev\u017e Kozinc\"}]}<\/script>\n<!-- \/ Yoast SEO plugin. -->","yoast_head_json":{"title":"30. nedelja med letom \u2013 B 2024 - Salve","robots":{"index":"noindex","follow":"follow"},"og_locale":"en_US","og_type":"article","og_title":"30. nedelja med letom \u2013 B 2024 - Salve","og_description":"V\u010dasih je dovolj, da se nam kdo nasmeje in smo spet dobre volje Nasmejani mladostni obrazi na naslovnicah, izlo\u017ebenih in jumbo plakatih so narejeni tako, da nas morajo takoj pritegniti, spro\u017eiti kak\u0161no potrebo in usmeriti na\u0161 korak v trgovino. Toda, ali je oseba, ki jo vidimo na sliki zares odsev resnice ali ponaredek. Danes umetna...","og_url":"https:\/\/www.salve.si\/en\/leto-b\/30-nedelja-med-letom-b-2024\/","og_site_name":"Salve","article_publisher":"https:\/\/www.facebook.com\/salve.si","article_published_time":"2024-10-25T14:30:40+00:00","article_modified_time":"2024-11-04T15:32:02+00:00","og_image":[{"width":1200,"height":630,"url":"https:\/\/www.salve.si\/wp-content\/uploads\/2026\/01\/salve-og1.jpg","type":"image\/jpeg"}],"author":"Matev\u017e Kozinc","twitter_card":"summary_large_image","twitter_misc":{"Written by":"Matev\u017e Kozinc","Est. reading time":"5 minutes"},"schema":{"@context":"https:\/\/schema.org","@graph":[{"@type":"Article","@id":"https:\/\/www.salve.si\/leto-b\/30-nedelja-med-letom-b-2024\/#article","isPartOf":{"@id":"https:\/\/www.salve.si\/leto-b\/30-nedelja-med-letom-b-2024\/"},"author":{"name":"Matev\u017e Kozinc","@id":"https:\/\/www.salve.si\/#\/schema\/person\/732afa2bb4cf5d282e9e1e9f59c96183"},"headline":"30. nedelja med letom \u2013 B 2024","datePublished":"2024-10-25T14:30:40+00:00","dateModified":"2024-11-04T15:32:02+00:00","mainEntityOfPage":{"@id":"https:\/\/www.salve.si\/leto-b\/30-nedelja-med-letom-b-2024\/"},"wordCount":876,"commentCount":0,"publisher":{"@id":"https:\/\/www.salve.si\/#organization"},"keywords":["B","\u010cas med letom","nedeljam med letom","nedeljska meditacija"],"articleSection":["\u010cas med letom","Leto B","Nedelja med letom"],"inLanguage":"en-US","potentialAction":[{"@type":"CommentAction","name":"Comment","target":["https:\/\/www.salve.si\/leto-b\/30-nedelja-med-letom-b-2024\/#respond"]}]},{"@type":"WebPage","@id":"https:\/\/www.salve.si\/leto-b\/30-nedelja-med-letom-b-2024\/","url":"https:\/\/www.salve.si\/leto-b\/30-nedelja-med-letom-b-2024\/","name":"30. nedelja med letom \u2013 B 2024 - Salve","isPartOf":{"@id":"https:\/\/www.salve.si\/#website"},"datePublished":"2024-10-25T14:30:40+00:00","dateModified":"2024-11-04T15:32:02+00:00","breadcrumb":{"@id":"https:\/\/www.salve.si\/leto-b\/30-nedelja-med-letom-b-2024\/#breadcrumb"},"inLanguage":"en-US","potentialAction":[{"@type":"ReadAction","target":["https:\/\/www.salve.si\/leto-b\/30-nedelja-med-letom-b-2024\/"]}]},{"@type":"BreadcrumbList","@id":"https:\/\/www.salve.si\/leto-b\/30-nedelja-med-letom-b-2024\/#breadcrumb","itemListElement":[{"@type":"ListItem","position":1,"name":"Home","item":"https:\/\/www.salve.si\/"},{"@type":"ListItem","position":2,"name":"30. nedelja med letom \u2013 B 2024"}]},{"@type":"WebSite","@id":"https:\/\/www.salve.si\/#website","url":"https:\/\/www.salve.si\/","name":"Salve","description":"Salezijanska zalo\u017eba","publisher":{"@id":"https:\/\/www.salve.si\/#organization"},"potentialAction":[{"@type":"SearchAction","target":{"@type":"EntryPoint","urlTemplate":"https:\/\/www.salve.si\/?s={search_term_string}"},"query-input":{"@type":"PropertyValueSpecification","valueRequired":true,"valueName":"search_term_string"}}],"inLanguage":"en-US"},{"@type":"Organization","@id":"https:\/\/www.salve.si\/#organization","name":"Salve d.o.o.","url":"https:\/\/www.salve.si\/","logo":{"@type":"ImageObject","inLanguage":"en-US","@id":"https:\/\/www.salve.si\/#\/schema\/logo\/image\/","url":"https:\/\/www.salve.si\/wp-content\/uploads\/2021\/01\/Salve_logo_modri_nov_web.png","contentUrl":"https:\/\/www.salve.si\/wp-content\/uploads\/2021\/01\/Salve_logo_modri_nov_web.png","width":279,"height":90,"caption":"Salve d.o.o."},"image":{"@id":"https:\/\/www.salve.si\/#\/schema\/logo\/image\/"},"sameAs":["https:\/\/www.facebook.com\/salve.si","https:\/\/www.instagram.com\/zalozbasalve\/","https:\/\/www.linkedin.com\/company\/zalozba-salve\/"]},{"@type":"Person","@id":"https:\/\/www.salve.si\/#\/schema\/person\/732afa2bb4cf5d282e9e1e9f59c96183","name":"Matev\u017e Kozinc"}]}},"_links":{"self":[{"href":"https:\/\/www.salve.si\/en\/wp-json\/wp\/v2\/posts\/19132","targetHints":{"allow":["GET"]}}],"collection":[{"href":"https:\/\/www.salve.si\/en\/wp-json\/wp\/v2\/posts"}],"about":[{"href":"https:\/\/www.salve.si\/en\/wp-json\/wp\/v2\/types\/post"}],"author":[{"embeddable":true,"href":"https:\/\/www.salve.si\/en\/wp-json\/wp\/v2\/users\/5143"}],"replies":[{"embeddable":true,"href":"https:\/\/www.salve.si\/en\/wp-json\/wp\/v2\/comments?post=19132"}],"version-history":[{"count":2,"href":"https:\/\/www.salve.si\/en\/wp-json\/wp\/v2\/posts\/19132\/revisions"}],"predecessor-version":[{"id":19134,"href":"https:\/\/www.salve.si\/en\/wp-json\/wp\/v2\/posts\/19132\/revisions\/19134"}],"wp:attachment":[{"href":"https:\/\/www.salve.si\/en\/wp-json\/wp\/v2\/media?parent=19132"}],"wp:term":[{"taxonomy":"category","embeddable":true,"href":"https:\/\/www.salve.si\/en\/wp-json\/wp\/v2\/categories?post=19132"},{"taxonomy":"post_tag","embeddable":true,"href":"https:\/\/www.salve.si\/en\/wp-json\/wp\/v2\/tags?post=19132"}],"curies":[{"name":"wp","href":"https:\/\/api.w.org\/{rel}","templated":true}]}}