{"id":19065,"date":"2024-10-11T07:30:00","date_gmt":"2024-10-11T05:30:00","guid":{"rendered":"https:\/\/www.salve.si\/?p=19065"},"modified":"2024-10-08T18:11:50","modified_gmt":"2024-10-08T16:11:50","slug":"28-nedelja-med-letom-b-2024","status":"publish","type":"post","link":"https:\/\/www.salve.si\/en\/leto-b\/28-nedelja-med-letom-b-2024\/","title":{"rendered":"28. nedelja med letom \u2013 B 2024"},"content":{"rendered":"<p><strong>Kaj naj storim, da pridem v nebesa?<\/strong><\/p>\n<p>Kaj je najve\u010dji cilj vsakega \u010dloveka? Biti sre\u010den in zadovoljen v \u017eivljenju. In kako postane\u0161 sre\u010den? Vsi i\u0161\u010demo sre\u010do, a mnogi je ne najdejo, ker si ne znajo predstavljati, kako postane\u0161 sre\u010den. Zmedeni so, ker nimajo jasne ideje, kaj je za njih dobro in kaj slabo. V\u010dasih se na\u0161e \u017eelje borijo s pri\u010dakovanji okolice, ki nas obdaja. V dolo\u010denem trenutku smo prepri\u010dani, da si je sre\u010do treba zaslu\u017eiti: nih\u010de ti ni\u010d ne da zastonj! Najve\u010dkrat pa smo zablokirani, ker nismo pripravljeni zastaviti svojega \u017eivljenja in tvegati za kak\u0161no dobro stvar.<\/p>\n<p>Predstavljajmo si, da je na\u0161e \u017eivljenje podobno ladji ob obali. Vrgli smo sidra in \u0161tevilna druga varovala, da veter, ki lahko pride s katere koli strani, ne bi ladjo prestavil na odprto morje. Ko \u017eelimo odpluti, pa se ladja ne premakne. Razli\u010dna varovala smo tako dobro nastavili, da smo sedaj pozabili, kam smo jih postavili. In ladja se no\u010de premakniti. Nekaj podobnega se je dogajalo z mladeni\u010dem iz dana\u0161njega evangelija.<\/p>\n<p>Ni nam znano od kod prihaja ta mladeni\u010d in kako mu je ime. Je eden od mnogih. Eden od nas, ki se \u017ee dolga leta trudi, da bi bil sre\u010den, pa mu to \u0161e ni uspelo. In sedaj sli\u0161i od svojega sogovornika, naj tvega, a se zaveda, da je v svojem \u017eivljenju nastavil toliko razli\u010dnih varoval, da se sploh ne spomni, koliko jih je in kam jih je skril.<\/p>\n<p>Ne vemo, kak\u0161na je bila preteklost tega mladeni\u010da, a zdi se, da pogre\u0161a ljubezen. Morda je celo prepri\u010dan, da ni vreden ljubezen. Odlo\u010dil se je, da ljubezen in sre\u010do lahko kupi\u0161, da si jo lahko na nek na\u010din zaslu\u017ei\u0161. Pripravljen je pla\u010dati dolo\u010deno ceno. Poskusil je marsikaj: dosledno se je dr\u017eal vseh zapovedi, marsikaj je bil pripravljen \u017ertvovati, da bi dosegel sre\u010do, po kateri je hrepenel. Ko je poizkusil \u017ee vse, kar mu je pri\u0161lo na pamet, \u0161e vedno ni dosegel sre\u010de in zato je Jezusu postavil vpra\u0161anje: \u00bbDobri u\u010ditelj, kaj naj storim, da bom dele\u017een ve\u010dnega \u017eivljenja?\u00ab Sre\u010da je bila zanj pravica, ki mu mora biti v dolo\u010denem trenutku priznana, kot se to zgodi z dedi\u0161\u010dino, ki so je po smrti star\u0161ev dele\u017eni otroci.<\/p>\n<p>V ozadju vsega, kar je ta mladeni\u010d pripovedoval Jezusu ni mogo\u010de odkriti kak\u0161nega odnosa z o\u010detom: govoril je o dedi\u0161\u010dini, ne pa o odnosu do svojega o\u010deta. Govoril je o pravilih, ki se jih je dr\u017eal od svojega otro\u0161tva. Ko je pri\u0161el k Jezusu, ga je naslovil \u00bbdobri u\u010ditelj\u00ab, kar pomeni, da ga je zanimalo novo znanje, nov recept, ne pa Jezus, h kateremu je pri\u0161el. Morda ni imel niti izku\u0161nje, kaj pomeni, da te ima o\u010de rad. Verjetno si ni predstavljal, da biti sre\u010den pomeni biti ljubljen in sprejet kot sin.<\/p>\n<p>Ker se ni bil sposoben v \u017eivljenju odlo\u010dati, je ta mladeni\u010d ostal brez imena, ni bil nekdo. O\u010de je namre\u010d tisti, ki te posinovi in ti da ime. Zato je pri\u0161el k Jezusu, da bi nekaj prejel, da bi dobil recept za sre\u010do, da bi prejel navodila, kako si bo zaslu\u017eil najvi\u0161jo nagrado. Zanimalo ga je, kaj mora \u0161e narediti, da bo njegovo podjetje najbolj\u0161e med vsemi.<\/p>\n<p>Jezus ga postavi na realna tla, ko njegovo razmi\u0161ljanje obrne na glavo. Predlaga mu tri stvari, povezane s tremi glagoli, ki jih nih\u010de ni pri\u010dakoval, tudi Jezusovi u\u010denci ne. Ti trije glagoli so: prodaj, razdeli, hodi za menoj! Naenkrat sta pred nami dve razli\u010dni logiki razmi\u0161ljanja: prva je logika tega sveta, kako bo\u0161 \u010dim ve\u010d zaslu\u017eil, \u010dim ve\u010d posedoval, kako bo\u0161 najuspe\u0161nej\u0161i, a nikoli zadovoljen. Jezusova logika pa je povezana z izgubljanjem, razdeljevanjem in hojo za njim.<\/p>\n<p>Ta mladeni\u010d je bil prepri\u010dan, da je naredil vse, kar je mo\u017eno narediti, da bi bil sre\u010den. Ob Jezusovem odgovoru pa se je zavedal, da je kopi\u010dil stvari, ki mu niso prinesle sre\u010de. Zavedal se je, da se ne more odlo\u010diti in iti za Jezusom, ker ima preve\u010d stvari, ki ga ovirajo in se jih ni sposoben znebiti. Ko stvari, ki jih imamo, niso dar, postanejo posest, ki nas bremeni in se je ne moremo znebiti. V \u010dem je bil Adamov greh: hotel je imeti v posesti drevo, na katerem je bil prepovedan sad, namesto da bi bil zadovoljen z vsemi drugimi sadovi, ki jih je prejel kot zastonjski dar in jih je bilo v raju v izobilju.<\/p>\n<p>\u010ce smo bolj pozorni, je mladeni\u010d pri\u0161el pred Jezusa s svojimi trofejami: koliko dobrega je v svoje \u017eivljenju \u017ee naredil. Jezus pa mu poka\u017ee drugo perspektivo: \u00bbOzrl se je vanj in ga vzljubil\u00ab. Jezus se ni zaustavil ob njegovih trofejah, ampak je pogledal v njegovo srce. Jezus ga je vzljubil preden je dobil odgovor. Vzljubil ga je, ker je odkril njegovo ranjeno srce, prepoznal je njegovo iskanje ljubezni, ki je ni bil dele\u017een. To lahko sklepamo, ker je evangelist Marko postavil ta odlomek takoj za odlomkom, ko je Jezus jemal otroke v svoje naro\u010dje in jih blagoslavljal. V tem mladeni\u010du brez imena je prepoznal ranjenega in razo\u010daranega otroka, ki ga vsakdo od nas vsaj od \u010dasa do \u010dasa prepoznava v sebi.<\/p>\n<p>Tudi Jezusovi u\u010denci so bili zmedeni, ko je Jezus govoril o prodajanju, razdeljevanju in hoji za njim. Govorili so med seboj: \u00bbKdo se potem more zveli\u010dati?\u00ab Tudi oni so bili obsedeni od stvari, zato je Jezus naredil enako kot je to storil pri mladeni\u010du: \u00bbJezus se je ozrl vanje in rekel: &#8216; Pri ljudeh je to nemogo\u010de, ne pa pri Bogu, kajti pri Bogu je vse mogo\u010de.&#8217;\u00ab Samo \u017eivljenje po evangeliju nas lahko osre\u010di. Hoja za Jezusom je namre\u010d to tveganje, da dvigne\u0161 sidra in vsa varovala, na katera si se zana\u0161al in usmeri\u0161 svojo ladjo proti sre\u010dni ve\u010dnosti.<\/p>\n<p><strong>\u017dupnik Branko Bala\u017eic SDB<\/strong><span class=\"slv-content-keywords\"> Leto B Nedelja med letom Nedeljska meditacija <\/span><\/p>","protected":false},"excerpt":{"rendered":"<p>Kaj naj storim, da pridem v nebesa? Kaj je najve\u010dji cilj vsakega \u010dloveka? Biti sre\u010den in zadovoljen v \u017eivljenju. In kako postane\u0161 sre\u010den? Vsi i\u0161\u010demo sre\u010do, a mnogi je ne najdejo, ker si ne znajo predstavljati, kako postane\u0161 sre\u010den. Zmedeni so, ker nimajo jasne ideje, kaj je za njih dobro in kaj slabo. V\u010dasih se<a href=\"https:\/\/www.salve.si\/en\/leto-b\/28-nedelja-med-letom-b-2024\/\">&#8230;<\/a><\/p>","protected":false},"author":5143,"featured_media":0,"comment_status":"open","ping_status":"open","sticky":false,"template":"","format":"standard","meta":{"_acf_changed":false,"footnotes":""},"categories":[1035,1056,925],"tags":[650,1055,1057,927],"class_list":["post-19065","post","type-post","status-publish","format-standard","hentry","category-leto-b","category-nedelja-med-letom","category-nedeljska-meditacija","tag-leto-b","tag-cas-med-letom","tag-nedeljam-med-letom","tag-nedeljska-meditacija"],"acf":[],"yoast_head":"<!-- This site is optimized with the Yoast SEO plugin v23.8 - https:\/\/yoast.com\/wordpress\/plugins\/seo\/ -->\n<title>28. nedelja med letom \u2013 B 2024 - Salve<\/title>\n<meta name=\"robots\" content=\"noindex, follow\" \/>\n<meta property=\"og:locale\" content=\"en_US\" \/>\n<meta property=\"og:type\" content=\"article\" \/>\n<meta property=\"og:title\" content=\"28. nedelja med letom \u2013 B 2024 - Salve\" \/>\n<meta property=\"og:description\" content=\"Kaj naj storim, da pridem v nebesa? Kaj je najve\u010dji cilj vsakega \u010dloveka? Biti sre\u010den in zadovoljen v \u017eivljenju. In kako postane\u0161 sre\u010den? Vsi i\u0161\u010demo sre\u010do, a mnogi je ne najdejo, ker si ne znajo predstavljati, kako postane\u0161 sre\u010den. Zmedeni so, ker nimajo jasne ideje, kaj je za njih dobro in kaj slabo. V\u010dasih se...\" \/>\n<meta property=\"og:url\" content=\"https:\/\/www.salve.si\/en\/leto-b\/28-nedelja-med-letom-b-2024\/\" \/>\n<meta property=\"og:site_name\" content=\"Salve\" \/>\n<meta property=\"article:publisher\" content=\"https:\/\/www.facebook.com\/salve.si\" \/>\n<meta property=\"article:published_time\" content=\"2024-10-11T05:30:00+00:00\" \/>\n<meta property=\"article:modified_time\" content=\"2024-10-08T16:11:50+00:00\" \/>\n<meta property=\"og:image\" content=\"https:\/\/www.salve.si\/wp-content\/uploads\/2026\/01\/salve-og1.jpg\" \/>\n\t<meta property=\"og:image:width\" content=\"1200\" \/>\n\t<meta property=\"og:image:height\" content=\"630\" \/>\n\t<meta property=\"og:image:type\" content=\"image\/jpeg\" \/>\n<meta name=\"author\" content=\"Matev\u017e Kozinc\" \/>\n<meta name=\"twitter:card\" content=\"summary_large_image\" \/>\n<meta name=\"twitter:label1\" content=\"Written by\" \/>\n\t<meta name=\"twitter:data1\" content=\"Matev\u017e Kozinc\" \/>\n\t<meta name=\"twitter:label2\" content=\"Est. reading time\" \/>\n\t<meta name=\"twitter:data2\" content=\"6 minutes\" \/>\n<script type=\"application\/ld+json\" class=\"yoast-schema-graph\">{\"@context\":\"https:\/\/schema.org\",\"@graph\":[{\"@type\":\"Article\",\"@id\":\"https:\/\/www.salve.si\/leto-b\/28-nedelja-med-letom-b-2024\/#article\",\"isPartOf\":{\"@id\":\"https:\/\/www.salve.si\/leto-b\/28-nedelja-med-letom-b-2024\/\"},\"author\":{\"name\":\"Matev\u017e Kozinc\",\"@id\":\"https:\/\/www.salve.si\/#\/schema\/person\/732afa2bb4cf5d282e9e1e9f59c96183\"},\"headline\":\"28. nedelja med letom \u2013 B 2024\",\"datePublished\":\"2024-10-11T05:30:00+00:00\",\"dateModified\":\"2024-10-08T16:11:50+00:00\",\"mainEntityOfPage\":{\"@id\":\"https:\/\/www.salve.si\/leto-b\/28-nedelja-med-letom-b-2024\/\"},\"wordCount\":1049,\"commentCount\":0,\"publisher\":{\"@id\":\"https:\/\/www.salve.si\/#organization\"},\"keywords\":[\"B\",\"\u010cas med letom\",\"nedeljam med letom\",\"nedeljska meditacija\"],\"articleSection\":[\"Leto B\",\"Nedelja med letom\",\"Nedeljska meditacija\"],\"inLanguage\":\"en-US\",\"potentialAction\":[{\"@type\":\"CommentAction\",\"name\":\"Comment\",\"target\":[\"https:\/\/www.salve.si\/leto-b\/28-nedelja-med-letom-b-2024\/#respond\"]}]},{\"@type\":\"WebPage\",\"@id\":\"https:\/\/www.salve.si\/leto-b\/28-nedelja-med-letom-b-2024\/\",\"url\":\"https:\/\/www.salve.si\/leto-b\/28-nedelja-med-letom-b-2024\/\",\"name\":\"28. nedelja med letom \u2013 B 2024 - Salve\",\"isPartOf\":{\"@id\":\"https:\/\/www.salve.si\/#website\"},\"datePublished\":\"2024-10-11T05:30:00+00:00\",\"dateModified\":\"2024-10-08T16:11:50+00:00\",\"breadcrumb\":{\"@id\":\"https:\/\/www.salve.si\/leto-b\/28-nedelja-med-letom-b-2024\/#breadcrumb\"},\"inLanguage\":\"en-US\",\"potentialAction\":[{\"@type\":\"ReadAction\",\"target\":[\"https:\/\/www.salve.si\/leto-b\/28-nedelja-med-letom-b-2024\/\"]}]},{\"@type\":\"BreadcrumbList\",\"@id\":\"https:\/\/www.salve.si\/leto-b\/28-nedelja-med-letom-b-2024\/#breadcrumb\",\"itemListElement\":[{\"@type\":\"ListItem\",\"position\":1,\"name\":\"Home\",\"item\":\"https:\/\/www.salve.si\/\"},{\"@type\":\"ListItem\",\"position\":2,\"name\":\"28. nedelja med letom \u2013 B 2024\"}]},{\"@type\":\"WebSite\",\"@id\":\"https:\/\/www.salve.si\/#website\",\"url\":\"https:\/\/www.salve.si\/\",\"name\":\"Salve\",\"description\":\"Salezijanska zalo\u017eba\",\"publisher\":{\"@id\":\"https:\/\/www.salve.si\/#organization\"},\"potentialAction\":[{\"@type\":\"SearchAction\",\"target\":{\"@type\":\"EntryPoint\",\"urlTemplate\":\"https:\/\/www.salve.si\/?s={search_term_string}\"},\"query-input\":{\"@type\":\"PropertyValueSpecification\",\"valueRequired\":true,\"valueName\":\"search_term_string\"}}],\"inLanguage\":\"en-US\"},{\"@type\":\"Organization\",\"@id\":\"https:\/\/www.salve.si\/#organization\",\"name\":\"Salve d.o.o.\",\"url\":\"https:\/\/www.salve.si\/\",\"logo\":{\"@type\":\"ImageObject\",\"inLanguage\":\"en-US\",\"@id\":\"https:\/\/www.salve.si\/#\/schema\/logo\/image\/\",\"url\":\"https:\/\/www.salve.si\/wp-content\/uploads\/2021\/01\/Salve_logo_modri_nov_web.png\",\"contentUrl\":\"https:\/\/www.salve.si\/wp-content\/uploads\/2021\/01\/Salve_logo_modri_nov_web.png\",\"width\":279,\"height\":90,\"caption\":\"Salve d.o.o.\"},\"image\":{\"@id\":\"https:\/\/www.salve.si\/#\/schema\/logo\/image\/\"},\"sameAs\":[\"https:\/\/www.facebook.com\/salve.si\",\"https:\/\/www.instagram.com\/zalozbasalve\/\",\"https:\/\/www.linkedin.com\/company\/zalozba-salve\/\"]},{\"@type\":\"Person\",\"@id\":\"https:\/\/www.salve.si\/#\/schema\/person\/732afa2bb4cf5d282e9e1e9f59c96183\",\"name\":\"Matev\u017e Kozinc\"}]}<\/script>\n<!-- \/ Yoast SEO plugin. -->","yoast_head_json":{"title":"28. nedelja med letom \u2013 B 2024 - Salve","robots":{"index":"noindex","follow":"follow"},"og_locale":"en_US","og_type":"article","og_title":"28. nedelja med letom \u2013 B 2024 - Salve","og_description":"Kaj naj storim, da pridem v nebesa? Kaj je najve\u010dji cilj vsakega \u010dloveka? Biti sre\u010den in zadovoljen v \u017eivljenju. In kako postane\u0161 sre\u010den? Vsi i\u0161\u010demo sre\u010do, a mnogi je ne najdejo, ker si ne znajo predstavljati, kako postane\u0161 sre\u010den. Zmedeni so, ker nimajo jasne ideje, kaj je za njih dobro in kaj slabo. V\u010dasih se...","og_url":"https:\/\/www.salve.si\/en\/leto-b\/28-nedelja-med-letom-b-2024\/","og_site_name":"Salve","article_publisher":"https:\/\/www.facebook.com\/salve.si","article_published_time":"2024-10-11T05:30:00+00:00","article_modified_time":"2024-10-08T16:11:50+00:00","og_image":[{"width":1200,"height":630,"url":"https:\/\/www.salve.si\/wp-content\/uploads\/2026\/01\/salve-og1.jpg","type":"image\/jpeg"}],"author":"Matev\u017e Kozinc","twitter_card":"summary_large_image","twitter_misc":{"Written by":"Matev\u017e Kozinc","Est. reading time":"6 minutes"},"schema":{"@context":"https:\/\/schema.org","@graph":[{"@type":"Article","@id":"https:\/\/www.salve.si\/leto-b\/28-nedelja-med-letom-b-2024\/#article","isPartOf":{"@id":"https:\/\/www.salve.si\/leto-b\/28-nedelja-med-letom-b-2024\/"},"author":{"name":"Matev\u017e Kozinc","@id":"https:\/\/www.salve.si\/#\/schema\/person\/732afa2bb4cf5d282e9e1e9f59c96183"},"headline":"28. nedelja med letom \u2013 B 2024","datePublished":"2024-10-11T05:30:00+00:00","dateModified":"2024-10-08T16:11:50+00:00","mainEntityOfPage":{"@id":"https:\/\/www.salve.si\/leto-b\/28-nedelja-med-letom-b-2024\/"},"wordCount":1049,"commentCount":0,"publisher":{"@id":"https:\/\/www.salve.si\/#organization"},"keywords":["B","\u010cas med letom","nedeljam med letom","nedeljska meditacija"],"articleSection":["Leto B","Nedelja med letom","Nedeljska meditacija"],"inLanguage":"en-US","potentialAction":[{"@type":"CommentAction","name":"Comment","target":["https:\/\/www.salve.si\/leto-b\/28-nedelja-med-letom-b-2024\/#respond"]}]},{"@type":"WebPage","@id":"https:\/\/www.salve.si\/leto-b\/28-nedelja-med-letom-b-2024\/","url":"https:\/\/www.salve.si\/leto-b\/28-nedelja-med-letom-b-2024\/","name":"28. nedelja med letom \u2013 B 2024 - Salve","isPartOf":{"@id":"https:\/\/www.salve.si\/#website"},"datePublished":"2024-10-11T05:30:00+00:00","dateModified":"2024-10-08T16:11:50+00:00","breadcrumb":{"@id":"https:\/\/www.salve.si\/leto-b\/28-nedelja-med-letom-b-2024\/#breadcrumb"},"inLanguage":"en-US","potentialAction":[{"@type":"ReadAction","target":["https:\/\/www.salve.si\/leto-b\/28-nedelja-med-letom-b-2024\/"]}]},{"@type":"BreadcrumbList","@id":"https:\/\/www.salve.si\/leto-b\/28-nedelja-med-letom-b-2024\/#breadcrumb","itemListElement":[{"@type":"ListItem","position":1,"name":"Home","item":"https:\/\/www.salve.si\/"},{"@type":"ListItem","position":2,"name":"28. nedelja med letom \u2013 B 2024"}]},{"@type":"WebSite","@id":"https:\/\/www.salve.si\/#website","url":"https:\/\/www.salve.si\/","name":"Salve","description":"Salezijanska zalo\u017eba","publisher":{"@id":"https:\/\/www.salve.si\/#organization"},"potentialAction":[{"@type":"SearchAction","target":{"@type":"EntryPoint","urlTemplate":"https:\/\/www.salve.si\/?s={search_term_string}"},"query-input":{"@type":"PropertyValueSpecification","valueRequired":true,"valueName":"search_term_string"}}],"inLanguage":"en-US"},{"@type":"Organization","@id":"https:\/\/www.salve.si\/#organization","name":"Salve d.o.o.","url":"https:\/\/www.salve.si\/","logo":{"@type":"ImageObject","inLanguage":"en-US","@id":"https:\/\/www.salve.si\/#\/schema\/logo\/image\/","url":"https:\/\/www.salve.si\/wp-content\/uploads\/2021\/01\/Salve_logo_modri_nov_web.png","contentUrl":"https:\/\/www.salve.si\/wp-content\/uploads\/2021\/01\/Salve_logo_modri_nov_web.png","width":279,"height":90,"caption":"Salve d.o.o."},"image":{"@id":"https:\/\/www.salve.si\/#\/schema\/logo\/image\/"},"sameAs":["https:\/\/www.facebook.com\/salve.si","https:\/\/www.instagram.com\/zalozbasalve\/","https:\/\/www.linkedin.com\/company\/zalozba-salve\/"]},{"@type":"Person","@id":"https:\/\/www.salve.si\/#\/schema\/person\/732afa2bb4cf5d282e9e1e9f59c96183","name":"Matev\u017e Kozinc"}]}},"_links":{"self":[{"href":"https:\/\/www.salve.si\/en\/wp-json\/wp\/v2\/posts\/19065","targetHints":{"allow":["GET"]}}],"collection":[{"href":"https:\/\/www.salve.si\/en\/wp-json\/wp\/v2\/posts"}],"about":[{"href":"https:\/\/www.salve.si\/en\/wp-json\/wp\/v2\/types\/post"}],"author":[{"embeddable":true,"href":"https:\/\/www.salve.si\/en\/wp-json\/wp\/v2\/users\/5143"}],"replies":[{"embeddable":true,"href":"https:\/\/www.salve.si\/en\/wp-json\/wp\/v2\/comments?post=19065"}],"version-history":[{"count":2,"href":"https:\/\/www.salve.si\/en\/wp-json\/wp\/v2\/posts\/19065\/revisions"}],"predecessor-version":[{"id":19067,"href":"https:\/\/www.salve.si\/en\/wp-json\/wp\/v2\/posts\/19065\/revisions\/19067"}],"wp:attachment":[{"href":"https:\/\/www.salve.si\/en\/wp-json\/wp\/v2\/media?parent=19065"}],"wp:term":[{"taxonomy":"category","embeddable":true,"href":"https:\/\/www.salve.si\/en\/wp-json\/wp\/v2\/categories?post=19065"},{"taxonomy":"post_tag","embeddable":true,"href":"https:\/\/www.salve.si\/en\/wp-json\/wp\/v2\/tags?post=19065"}],"curies":[{"name":"wp","href":"https:\/\/api.w.org\/{rel}","templated":true}]}}