{"id":19044,"date":"2024-09-27T13:50:40","date_gmt":"2024-09-27T11:50:40","guid":{"rendered":"https:\/\/www.salve.si\/?p=19044"},"modified":"2024-10-03T13:53:01","modified_gmt":"2024-10-03T11:53:01","slug":"26-nedelja-med-letom-b-2024","status":"publish","type":"post","link":"https:\/\/www.salve.si\/en\/leto-b\/26-nedelja-med-letom-b-2024\/","title":{"rendered":"26. nedelja med letom \u2013 B 2024"},"content":{"rendered":"<p><strong>Kdor ni proti nam je za nas<\/strong><\/p>\n<p>Ne vem, \u010de ste si kdaj postavili vpra\u0161anje: Kaj je vzrok, da razli\u010dne stranke nastajajo kot gobe po de\u017eju, a z enako naglico tudi zatonejo v pozabo? Vzrok je zelo preprost: i\u0161\u010demo jasnost, ko se notranje in zunanje dogajanje pokrivata oziroma si ho\u010demo priti na jasno, kdo je zraven in kdo je zunaj, kdo ima pravice in kdo mora poslu\u0161ati. V tem smo zelo podobni \u017eivalskim vrstam, ki jasno ozna\u010dijo teren, ki jim pripada. V ozadju ve\u010dine na\u0161ih prizadevanj je postavljanje meja: do kod smem in kje se moje pravice kon\u010dajo. Ko poznam meje svojega delovanja imam lahko vse pod kontrolo. Kdor pozna meje, se zaveda skupine, ki ji pripada, ima svojo identiteto. Vsi, mi, ki smo zbrani tukaj ob oltarju, se zavedamo, komu pripadamo: ne pripadamo eni od Cerkva, ampak pripadamo katoli\u0161ki Cerkvi, ki ima sedanjega pape\u017ea kot Jezusovega namestnika na zemlji. To nam je jasno, a stvari se za\u010dnejo zapletati, ko smo preve\u010d omre\u017eeni, ko nas meje, ki smo si jih postavili, za\u010dnejo stiskati, ko ve\u010dina stvari ni ve\u010d taka, kot smo si na za\u010detku predstavljali. Do krize pride, ko dolo\u010dene stvari ve\u010d nimajo prave funkcije. Tak\u0161na utesnjenost postane patolo\u0161ka in to je eden od razlogov, da se je Jezus obrnil k apostolom in jim rekel: \u00bbKdor ni proti nam, je za nas!\u00ab<\/p>\n<p>Spomnimo se, kaj smo poslu\u0161ali prej\u0161njo nedeljo: Jezus je vzel otroka, ga objel in rekel svojim u\u010dencem: \u00bbKdor sprejme enega takih malih otrok v mojem imenu, mene sprejme!\u00ab Kdo je danes postavil Jezusu vpra\u0161anje: \u00bbU\u010ditelj, nekoga smo videli, da je v tvojem imenu izganjal hude duhove, in smo mu branili, ker ni hodil za nami.\u00ab To je bil apostol Janez, najmlaj\u0161i od vseh u\u010dencev. Janez se je po\u010dutil kot otrok, kot tisti, ki je najmanj\u0161i in ima zato privilegije, da je med izbranimi, ki bodo v nebesih imeli poseben polo\u017eaj. Spomnimo se, da je njegova mati Jezusa nadlegovala z vpra\u0161anjem, naj dovoli, da bosta njena sinova v nebesih eden na njegovi desnici in eden na levici. O\u010ditno si je Janez predstavljal, da ima zaradi svoje majhnost, ker je najmlaj\u0161i, kak\u0161en privilegij pred drugimi. Po\u010dutil se je majhnega, zadnjega, a ni \u017eivel kot majhen, kot tisti, ki slu\u017ei vsem, ki so pred njim.<\/p>\n<p>Jaz Janez zelo dobro razumem: kot najmlaj\u0161i, kot \u010dlovek z najmanj izku\u0161njami, kot tisti, ki svoje identitete \u0161e nima izdelane, \u017eeli postaviti meje in si priti na jasno, kdo je notri in kdo je zunaj: \u00bbNekoga smo videli, ki ne hodi z nami, pa izganja hude duhove! Kje so meje!\u00ab Janez si \u017eeli priti na jasno: kdo je Jezusov in kdo ni!<\/p>\n<p>Jezusov odgovor ga vabi, da odpre meje, ki jih je postavil: \u00bbNih\u010de ne more storiti mogo\u010dnega dela v mojem imenu in takoj grdo govoriti o meni. Kdor ni proti nam, je za nas!\u00ab Jezusov kriterij ni izklju\u010devanje, ampak vklju\u010devanje. Obramba ni potrebna, kajti dobro lahko pride tudi od \u010dloveka, ki ni z nami, kajti izhodi\u0161\u010de dobrega ima isto ustje, kot se reka, ki ima ob svojem izlivu \u0161tevilne rokave izliva v isto morje. Tako mi in tisti, ki so zunaj, postanemo del splo\u0161nega dobrega. Jezusov odgovor je namenjen skupnosti, ki bi se rada zaprla pred drugimi in postala geto. To se dogaja v vsaki skupnosti in nobena cerkvena skupnost ni pred tem zavarovana.<\/p>\n<p>Vendar nas Jezus opozarja \u0161e na nekaj drugega: ni treba preve\u010d strogo varovati svoje meje, ampak je bolj pomembno preveriti, kaj se dogaja znotraj skupnosti, znotraj ene in\u0161titucije, znotraj Cerkve, znotraj posameznika in jasno opredeliti, kaj ovira pravi razvoj in rast na\u0161ega \u017eivljenja. Zgodi se, da to, kar se dogaja v na\u0161i notranjosti projiciramo v zunanjost in poi\u0161\u010demo sovra\u017enika, gre\u0161nega kozla, ki je kriv, za na\u0161 notranji nered. To je najbolj naraven, podzavesten na\u010din, kako se avtomatsko branimo. Najbolj preprosta re\u0161itev je, da najdemo zunanjega sovra\u017enika. To se zgodi po vsaki revoluciji: stabilnost si zagotovi\u0161, ko s prstom ka\u017ee\u0161 na svojega sovra\u017enika. La\u017eje je imeti pod kontrolo nami\u0161ljenega sovra\u017enika, kot pa se ubadati z nejasno notranjostjo, kjer re\u0161itve niso takoj pri roki in je proces zdravljenja zelo mukotrpen.<\/p>\n<p>Zato Jezus svetuje, da odstranimo, da odsekamo to, kar nas pohuj\u0161uje. Preden pa to naredimo je treba narediti pravo analizo in si priti na jasno, da to, kar nas blokira, ne prihaja od znotraj. Tisti, ki se ukvarja s sadjem ali vinogradni\u0161tvom dobro ve, da je spomladi treba trto in drevje obrezati, \u010de ho\u010demo, da bo bogato obrodilo. Ta proces je na za\u010detku bole\u010d, a je potreben, \u010de ho\u010demo imeti dober pridelek. Te\u017eje je odstraniti to, kar je pokvarjeno znotraj, ker zahteva dolg proces razlo\u010devanja. In vendar je to potrebno, da ne pohuj\u0161amo teh malih, ki verujejo v Jezusa.<\/p>\n<p><strong>\u017dupnik Branko Bala\u017eic SDB<\/strong><span class=\"slv-content-keywords\"> Leto B Nedelja med letom Nedeljska meditacija <\/span><\/p>","protected":false},"excerpt":{"rendered":"<p>Kdor ni proti nam je za nas Ne vem, \u010de ste si kdaj postavili vpra\u0161anje: Kaj je vzrok, da razli\u010dne stranke nastajajo kot gobe po de\u017eju, a z enako naglico tudi zatonejo v pozabo? Vzrok je zelo preprost: i\u0161\u010demo jasnost, ko se notranje in zunanje dogajanje pokrivata oziroma si ho\u010demo priti na jasno, kdo je<a href=\"https:\/\/www.salve.si\/en\/leto-b\/26-nedelja-med-letom-b-2024\/\">&#8230;<\/a><\/p>","protected":false},"author":5143,"featured_media":0,"comment_status":"open","ping_status":"open","sticky":false,"template":"","format":"standard","meta":{"_acf_changed":false,"footnotes":""},"categories":[1035,1056,925],"tags":[650,1057,927],"class_list":["post-19044","post","type-post","status-publish","format-standard","hentry","category-leto-b","category-nedelja-med-letom","category-nedeljska-meditacija","tag-leto-b","tag-nedeljam-med-letom","tag-nedeljska-meditacija"],"acf":[],"yoast_head":"<!-- This site is optimized with the Yoast SEO plugin v23.8 - https:\/\/yoast.com\/wordpress\/plugins\/seo\/ -->\n<title>26. nedelja med letom \u2013 B 2024 - Salve<\/title>\n<meta name=\"robots\" content=\"noindex, follow\" \/>\n<meta property=\"og:locale\" content=\"en_US\" \/>\n<meta property=\"og:type\" content=\"article\" \/>\n<meta property=\"og:title\" content=\"26. nedelja med letom \u2013 B 2024 - Salve\" \/>\n<meta property=\"og:description\" content=\"Kdor ni proti nam je za nas Ne vem, \u010de ste si kdaj postavili vpra\u0161anje: Kaj je vzrok, da razli\u010dne stranke nastajajo kot gobe po de\u017eju, a z enako naglico tudi zatonejo v pozabo? Vzrok je zelo preprost: i\u0161\u010demo jasnost, ko se notranje in zunanje dogajanje pokrivata oziroma si ho\u010demo priti na jasno, kdo je...\" \/>\n<meta property=\"og:url\" content=\"https:\/\/www.salve.si\/en\/leto-b\/26-nedelja-med-letom-b-2024\/\" \/>\n<meta property=\"og:site_name\" content=\"Salve\" \/>\n<meta property=\"article:publisher\" content=\"https:\/\/www.facebook.com\/salve.si\" \/>\n<meta property=\"article:published_time\" content=\"2024-09-27T11:50:40+00:00\" \/>\n<meta property=\"article:modified_time\" content=\"2024-10-03T11:53:01+00:00\" \/>\n<meta property=\"og:image\" content=\"https:\/\/www.salve.si\/wp-content\/uploads\/2026\/01\/salve-og1.jpg\" \/>\n\t<meta property=\"og:image:width\" content=\"1200\" \/>\n\t<meta property=\"og:image:height\" content=\"630\" \/>\n\t<meta property=\"og:image:type\" content=\"image\/jpeg\" \/>\n<meta name=\"author\" content=\"Matev\u017e Kozinc\" \/>\n<meta name=\"twitter:card\" content=\"summary_large_image\" \/>\n<meta name=\"twitter:label1\" content=\"Written by\" \/>\n\t<meta name=\"twitter:data1\" content=\"Matev\u017e Kozinc\" \/>\n\t<meta name=\"twitter:label2\" content=\"Est. reading time\" \/>\n\t<meta name=\"twitter:data2\" content=\"5 minutes\" \/>\n<script type=\"application\/ld+json\" class=\"yoast-schema-graph\">{\"@context\":\"https:\/\/schema.org\",\"@graph\":[{\"@type\":\"Article\",\"@id\":\"https:\/\/www.salve.si\/leto-b\/26-nedelja-med-letom-b-2024\/#article\",\"isPartOf\":{\"@id\":\"https:\/\/www.salve.si\/leto-b\/26-nedelja-med-letom-b-2024\/\"},\"author\":{\"name\":\"Matev\u017e Kozinc\",\"@id\":\"https:\/\/www.salve.si\/#\/schema\/person\/732afa2bb4cf5d282e9e1e9f59c96183\"},\"headline\":\"26. nedelja med letom \u2013 B 2024\",\"datePublished\":\"2024-09-27T11:50:40+00:00\",\"dateModified\":\"2024-10-03T11:53:01+00:00\",\"mainEntityOfPage\":{\"@id\":\"https:\/\/www.salve.si\/leto-b\/26-nedelja-med-letom-b-2024\/\"},\"wordCount\":859,\"commentCount\":0,\"publisher\":{\"@id\":\"https:\/\/www.salve.si\/#organization\"},\"keywords\":[\"B\",\"nedeljam med letom\",\"nedeljska meditacija\"],\"articleSection\":[\"Leto B\",\"Nedelja med letom\",\"Nedeljska meditacija\"],\"inLanguage\":\"en-US\",\"potentialAction\":[{\"@type\":\"CommentAction\",\"name\":\"Comment\",\"target\":[\"https:\/\/www.salve.si\/leto-b\/26-nedelja-med-letom-b-2024\/#respond\"]}]},{\"@type\":\"WebPage\",\"@id\":\"https:\/\/www.salve.si\/leto-b\/26-nedelja-med-letom-b-2024\/\",\"url\":\"https:\/\/www.salve.si\/leto-b\/26-nedelja-med-letom-b-2024\/\",\"name\":\"26. nedelja med letom \u2013 B 2024 - Salve\",\"isPartOf\":{\"@id\":\"https:\/\/www.salve.si\/#website\"},\"datePublished\":\"2024-09-27T11:50:40+00:00\",\"dateModified\":\"2024-10-03T11:53:01+00:00\",\"breadcrumb\":{\"@id\":\"https:\/\/www.salve.si\/leto-b\/26-nedelja-med-letom-b-2024\/#breadcrumb\"},\"inLanguage\":\"en-US\",\"potentialAction\":[{\"@type\":\"ReadAction\",\"target\":[\"https:\/\/www.salve.si\/leto-b\/26-nedelja-med-letom-b-2024\/\"]}]},{\"@type\":\"BreadcrumbList\",\"@id\":\"https:\/\/www.salve.si\/leto-b\/26-nedelja-med-letom-b-2024\/#breadcrumb\",\"itemListElement\":[{\"@type\":\"ListItem\",\"position\":1,\"name\":\"Home\",\"item\":\"https:\/\/www.salve.si\/\"},{\"@type\":\"ListItem\",\"position\":2,\"name\":\"26. nedelja med letom \u2013 B 2024\"}]},{\"@type\":\"WebSite\",\"@id\":\"https:\/\/www.salve.si\/#website\",\"url\":\"https:\/\/www.salve.si\/\",\"name\":\"Salve\",\"description\":\"Salezijanska zalo\u017eba\",\"publisher\":{\"@id\":\"https:\/\/www.salve.si\/#organization\"},\"potentialAction\":[{\"@type\":\"SearchAction\",\"target\":{\"@type\":\"EntryPoint\",\"urlTemplate\":\"https:\/\/www.salve.si\/?s={search_term_string}\"},\"query-input\":{\"@type\":\"PropertyValueSpecification\",\"valueRequired\":true,\"valueName\":\"search_term_string\"}}],\"inLanguage\":\"en-US\"},{\"@type\":\"Organization\",\"@id\":\"https:\/\/www.salve.si\/#organization\",\"name\":\"Salve d.o.o.\",\"url\":\"https:\/\/www.salve.si\/\",\"logo\":{\"@type\":\"ImageObject\",\"inLanguage\":\"en-US\",\"@id\":\"https:\/\/www.salve.si\/#\/schema\/logo\/image\/\",\"url\":\"https:\/\/www.salve.si\/wp-content\/uploads\/2021\/01\/Salve_logo_modri_nov_web.png\",\"contentUrl\":\"https:\/\/www.salve.si\/wp-content\/uploads\/2021\/01\/Salve_logo_modri_nov_web.png\",\"width\":279,\"height\":90,\"caption\":\"Salve d.o.o.\"},\"image\":{\"@id\":\"https:\/\/www.salve.si\/#\/schema\/logo\/image\/\"},\"sameAs\":[\"https:\/\/www.facebook.com\/salve.si\",\"https:\/\/www.instagram.com\/zalozbasalve\/\",\"https:\/\/www.linkedin.com\/company\/zalozba-salve\/\"]},{\"@type\":\"Person\",\"@id\":\"https:\/\/www.salve.si\/#\/schema\/person\/732afa2bb4cf5d282e9e1e9f59c96183\",\"name\":\"Matev\u017e Kozinc\"}]}<\/script>\n<!-- \/ Yoast SEO plugin. -->","yoast_head_json":{"title":"26. nedelja med letom \u2013 B 2024 - Salve","robots":{"index":"noindex","follow":"follow"},"og_locale":"en_US","og_type":"article","og_title":"26. nedelja med letom \u2013 B 2024 - Salve","og_description":"Kdor ni proti nam je za nas Ne vem, \u010de ste si kdaj postavili vpra\u0161anje: Kaj je vzrok, da razli\u010dne stranke nastajajo kot gobe po de\u017eju, a z enako naglico tudi zatonejo v pozabo? Vzrok je zelo preprost: i\u0161\u010demo jasnost, ko se notranje in zunanje dogajanje pokrivata oziroma si ho\u010demo priti na jasno, kdo je...","og_url":"https:\/\/www.salve.si\/en\/leto-b\/26-nedelja-med-letom-b-2024\/","og_site_name":"Salve","article_publisher":"https:\/\/www.facebook.com\/salve.si","article_published_time":"2024-09-27T11:50:40+00:00","article_modified_time":"2024-10-03T11:53:01+00:00","og_image":[{"width":1200,"height":630,"url":"https:\/\/www.salve.si\/wp-content\/uploads\/2026\/01\/salve-og1.jpg","type":"image\/jpeg"}],"author":"Matev\u017e Kozinc","twitter_card":"summary_large_image","twitter_misc":{"Written by":"Matev\u017e Kozinc","Est. reading time":"5 minutes"},"schema":{"@context":"https:\/\/schema.org","@graph":[{"@type":"Article","@id":"https:\/\/www.salve.si\/leto-b\/26-nedelja-med-letom-b-2024\/#article","isPartOf":{"@id":"https:\/\/www.salve.si\/leto-b\/26-nedelja-med-letom-b-2024\/"},"author":{"name":"Matev\u017e Kozinc","@id":"https:\/\/www.salve.si\/#\/schema\/person\/732afa2bb4cf5d282e9e1e9f59c96183"},"headline":"26. nedelja med letom \u2013 B 2024","datePublished":"2024-09-27T11:50:40+00:00","dateModified":"2024-10-03T11:53:01+00:00","mainEntityOfPage":{"@id":"https:\/\/www.salve.si\/leto-b\/26-nedelja-med-letom-b-2024\/"},"wordCount":859,"commentCount":0,"publisher":{"@id":"https:\/\/www.salve.si\/#organization"},"keywords":["B","nedeljam med letom","nedeljska meditacija"],"articleSection":["Leto B","Nedelja med letom","Nedeljska meditacija"],"inLanguage":"en-US","potentialAction":[{"@type":"CommentAction","name":"Comment","target":["https:\/\/www.salve.si\/leto-b\/26-nedelja-med-letom-b-2024\/#respond"]}]},{"@type":"WebPage","@id":"https:\/\/www.salve.si\/leto-b\/26-nedelja-med-letom-b-2024\/","url":"https:\/\/www.salve.si\/leto-b\/26-nedelja-med-letom-b-2024\/","name":"26. nedelja med letom \u2013 B 2024 - Salve","isPartOf":{"@id":"https:\/\/www.salve.si\/#website"},"datePublished":"2024-09-27T11:50:40+00:00","dateModified":"2024-10-03T11:53:01+00:00","breadcrumb":{"@id":"https:\/\/www.salve.si\/leto-b\/26-nedelja-med-letom-b-2024\/#breadcrumb"},"inLanguage":"en-US","potentialAction":[{"@type":"ReadAction","target":["https:\/\/www.salve.si\/leto-b\/26-nedelja-med-letom-b-2024\/"]}]},{"@type":"BreadcrumbList","@id":"https:\/\/www.salve.si\/leto-b\/26-nedelja-med-letom-b-2024\/#breadcrumb","itemListElement":[{"@type":"ListItem","position":1,"name":"Home","item":"https:\/\/www.salve.si\/"},{"@type":"ListItem","position":2,"name":"26. nedelja med letom \u2013 B 2024"}]},{"@type":"WebSite","@id":"https:\/\/www.salve.si\/#website","url":"https:\/\/www.salve.si\/","name":"Salve","description":"Salezijanska zalo\u017eba","publisher":{"@id":"https:\/\/www.salve.si\/#organization"},"potentialAction":[{"@type":"SearchAction","target":{"@type":"EntryPoint","urlTemplate":"https:\/\/www.salve.si\/?s={search_term_string}"},"query-input":{"@type":"PropertyValueSpecification","valueRequired":true,"valueName":"search_term_string"}}],"inLanguage":"en-US"},{"@type":"Organization","@id":"https:\/\/www.salve.si\/#organization","name":"Salve d.o.o.","url":"https:\/\/www.salve.si\/","logo":{"@type":"ImageObject","inLanguage":"en-US","@id":"https:\/\/www.salve.si\/#\/schema\/logo\/image\/","url":"https:\/\/www.salve.si\/wp-content\/uploads\/2021\/01\/Salve_logo_modri_nov_web.png","contentUrl":"https:\/\/www.salve.si\/wp-content\/uploads\/2021\/01\/Salve_logo_modri_nov_web.png","width":279,"height":90,"caption":"Salve d.o.o."},"image":{"@id":"https:\/\/www.salve.si\/#\/schema\/logo\/image\/"},"sameAs":["https:\/\/www.facebook.com\/salve.si","https:\/\/www.instagram.com\/zalozbasalve\/","https:\/\/www.linkedin.com\/company\/zalozba-salve\/"]},{"@type":"Person","@id":"https:\/\/www.salve.si\/#\/schema\/person\/732afa2bb4cf5d282e9e1e9f59c96183","name":"Matev\u017e Kozinc"}]}},"_links":{"self":[{"href":"https:\/\/www.salve.si\/en\/wp-json\/wp\/v2\/posts\/19044","targetHints":{"allow":["GET"]}}],"collection":[{"href":"https:\/\/www.salve.si\/en\/wp-json\/wp\/v2\/posts"}],"about":[{"href":"https:\/\/www.salve.si\/en\/wp-json\/wp\/v2\/types\/post"}],"author":[{"embeddable":true,"href":"https:\/\/www.salve.si\/en\/wp-json\/wp\/v2\/users\/5143"}],"replies":[{"embeddable":true,"href":"https:\/\/www.salve.si\/en\/wp-json\/wp\/v2\/comments?post=19044"}],"version-history":[{"count":2,"href":"https:\/\/www.salve.si\/en\/wp-json\/wp\/v2\/posts\/19044\/revisions"}],"predecessor-version":[{"id":19046,"href":"https:\/\/www.salve.si\/en\/wp-json\/wp\/v2\/posts\/19044\/revisions\/19046"}],"wp:attachment":[{"href":"https:\/\/www.salve.si\/en\/wp-json\/wp\/v2\/media?parent=19044"}],"wp:term":[{"taxonomy":"category","embeddable":true,"href":"https:\/\/www.salve.si\/en\/wp-json\/wp\/v2\/categories?post=19044"},{"taxonomy":"post_tag","embeddable":true,"href":"https:\/\/www.salve.si\/en\/wp-json\/wp\/v2\/tags?post=19044"}],"curies":[{"name":"wp","href":"https:\/\/api.w.org\/{rel}","templated":true}]}}