{"id":19008,"date":"2024-09-21T08:22:26","date_gmt":"2024-09-21T06:22:26","guid":{"rendered":"https:\/\/www.salve.si\/?p=19008"},"modified":"2024-09-21T08:22:27","modified_gmt":"2024-09-21T06:22:27","slug":"25-nedelja-med-letom-b-2024","status":"publish","type":"post","link":"https:\/\/www.salve.si\/en\/leto-b\/25-nedelja-med-letom-b-2024\/","title":{"rendered":"25. nedelja med letom \u2013 B 2024"},"content":{"rendered":"<p><strong>\u010ce ho\u010de kdo biti prvi, naj bo izmed vseh zadnji!<\/strong><\/p>\n<p>Se vam je \u017ee kdaj zgodilo, da ste prebrali en \u010dlanek ali sli\u0161ali kak\u0161no opombo in ste bili \u010disto na tleh? Ko so pred nami znamenja smrti, kot je to bilo v \u010dasu kovida, je te\u017eko razmi\u0161ljati o vstajenju in ve\u010dnem \u017eivljenju. Ko se soo\u010damo s \u0161tevilnimi krivicami, nepo\u0161tenostjo in trpimo zaradi velike izgube, mnogi izgubijo sleherno upanje in se zaprejo vase. Vidimo samo neizogibni konec in pred nami je samo velika tema.<\/p>\n<p>Kje so vzroki za tak\u0161no nelagodno po\u010dutje, ko se ve\u010dina te\u017eko pobere? Najve\u010dkrat je kriva napa\u010dna vzgoja: govorili so nam, da moramo biti najbolj\u0161i. Namesto, da bi nam rekli: potrudi se, da se bo\u0161 malo izbolj\u0161al, so nam govorili, da moramo biti prvi, najbolj\u0161i, vedno pohvaljeni. \u017divimo namre\u010d v kulturi, ki nas \u017ee kot otroke sili, da tekmujemo, da ne popustimo. Na\u0161a dejanja so ocenjena, ne pa ovrednotena. Zato gledamo na drugega sumljivo, kot na nekoga, ki ga je treba uni\u010diti, pa \u010deprav za to ni kak\u0161ne prave potrebe.<\/p>\n<p>Tudi Jezusovi u\u010denci so bili v podobnem polo\u017eaju: ko jim je Jezus govoril o trpljenju, ki ga je \u010dakalo v Jeruzalemu. Obna\u0161ali so se neprizadeto, niso bili sposobni so\u010dustvovati z njim, ampak so se za\u010deli pogovarjati, kdo je najve\u010dji med njimi, kdo ima najbolj\u0161e argumente, s katerimi bo prepri\u010dal druge. Na enak na\u010din potekajo \u017eol\u010dne razprave v parlamentu. U\u010denci so dobro sli\u0161ali, kaj jim je Jezus govoril, a s svojimi mislimi so bili bolj spredaj, kajti ko vodja umre, se za\u010dne nova igra: Kdo ga bo zamenjal! Tak\u0161na so pravila, tako razmi\u0161lja sodobnik. Namesto, da bi razmi\u0161ljal, kako bo izbolj\u0161al samega sebe, se trudi, kako bo uni\u010dil vse, ki so ovira na njegovi povzpetni\u0161ki poti.<\/p>\n<p>Tak na\u010din razmi\u0161ljanja nima ni\u010d skupnega s trpljenjem: na\u0161 cilj je, da vzamemo v roki zastavo, vzkliknemo \u00bbHurraaa!\u00ab in se spustimo v boj, ne mene\u010d se, koliko bo \u017ertev. Jezus pa se poka\u017ee pred u\u010denci kot tisti, ki je pora\u017een, ki pade in trpi, ki je izklju\u010den in poni\u017ean. Jezus je nekdo, ki izgublja trdna tla pod nogami. Preden bo prispel v Jeruzalem se odlo\u010di, da bo okusil vse slabo, kar obi\u010dajnega \u010dloveka lahko doleti: \u0161ele ko si sam popolnoma pora\u017een, si sposoben dojeti vse, ki so padli in se niso sposobni dvigniti.<\/p>\n<p>Ko to do\u017eivi\u0161, pride do preobrata: drugi ni ve\u010d tvoj sovra\u017enik, ki ga mora\u0161 premagati, ampak ranjenec, prav tak kot si sam. Prav takrat, ko so se u\u010denci prepirali med seboj, kdo je najve\u010dji, kdo bo naslednik, Jezus vzame otroka, ga postavi mednje, ga objame in jim re\u010de: \u00bbKdor sprejme enega takih otrok v mojem imenu, mene sprejme!\u00ab<\/p>\n<p>V \u010dem je skrivnost uspeha v \u017eivljenju: sprejeti dejstvo, da drugi ni moj nasprotnik, s katerim se moram boriti in ga uni\u010diti, ampak enako ranljiva oseba kot sem sam. To najbolj ob\u010dutimo v dru\u017eini, ki je najbolj\u0161i prostor za tekmovanje, kdo je najbolj\u0161i. Premalo pa pomislimo, da smo v resnici najhuj\u0161i nasprotniki sami sebe, ker ho\u010demo biti ve\u010d kot smo sposobni biti po svoji naravi. Radi bi \u017eiveli bolje kot je to sploh mogo\u010de.<\/p>\n<p>\u010ce dobro pogledam ljudi, ki me obdajajo, \u010de se osredoto\u010dim nase, ne vidim ve\u010d pravih razlogov za tekmovanjem, ker okrog sebe in v sebi prepoznam nemo\u010dnega otroka, za katerega je treba poskrbeti.<\/p>\n<p><strong>\u017dupnik Branko Bala\u017eic SDB<\/strong><span class=\"slv-content-keywords\"> Leto B Nedelja med letom Nedeljska meditacija <\/span><\/p>","protected":false},"excerpt":{"rendered":"<p>\u010ce ho\u010de kdo biti prvi, naj bo izmed vseh zadnji! Se vam je \u017ee kdaj zgodilo, da ste prebrali en \u010dlanek ali sli\u0161ali kak\u0161no opombo in ste bili \u010disto na tleh? Ko so pred nami znamenja smrti, kot je to bilo v \u010dasu kovida, je te\u017eko razmi\u0161ljati o vstajenju in ve\u010dnem \u017eivljenju. Ko se soo\u010damo<a href=\"https:\/\/www.salve.si\/en\/leto-b\/25-nedelja-med-letom-b-2024\/\">&#8230;<\/a><\/p>","protected":false},"author":5143,"featured_media":0,"comment_status":"open","ping_status":"open","sticky":false,"template":"","format":"standard","meta":{"_acf_changed":false,"footnotes":""},"categories":[1035,1056,925],"tags":[650,1055,1057,927],"class_list":["post-19008","post","type-post","status-publish","format-standard","hentry","category-leto-b","category-nedelja-med-letom","category-nedeljska-meditacija","tag-leto-b","tag-cas-med-letom","tag-nedeljam-med-letom","tag-nedeljska-meditacija"],"acf":[],"yoast_head":"<!-- This site is optimized with the Yoast SEO plugin v23.8 - https:\/\/yoast.com\/wordpress\/plugins\/seo\/ -->\n<title>25. nedelja med letom \u2013 B 2024 - Salve<\/title>\n<meta name=\"robots\" content=\"noindex, follow\" \/>\n<meta property=\"og:locale\" content=\"en_US\" \/>\n<meta property=\"og:type\" content=\"article\" \/>\n<meta property=\"og:title\" content=\"25. nedelja med letom \u2013 B 2024 - Salve\" \/>\n<meta property=\"og:description\" content=\"\u010ce ho\u010de kdo biti prvi, naj bo izmed vseh zadnji! Se vam je \u017ee kdaj zgodilo, da ste prebrali en \u010dlanek ali sli\u0161ali kak\u0161no opombo in ste bili \u010disto na tleh? Ko so pred nami znamenja smrti, kot je to bilo v \u010dasu kovida, je te\u017eko razmi\u0161ljati o vstajenju in ve\u010dnem \u017eivljenju. Ko se soo\u010damo...\" \/>\n<meta property=\"og:url\" content=\"https:\/\/www.salve.si\/en\/leto-b\/25-nedelja-med-letom-b-2024\/\" \/>\n<meta property=\"og:site_name\" content=\"Salve\" \/>\n<meta property=\"article:publisher\" content=\"https:\/\/www.facebook.com\/salve.si\" \/>\n<meta property=\"article:published_time\" content=\"2024-09-21T06:22:26+00:00\" \/>\n<meta property=\"article:modified_time\" content=\"2024-09-21T06:22:27+00:00\" \/>\n<meta property=\"og:image\" content=\"https:\/\/www.salve.si\/wp-content\/uploads\/2026\/01\/salve-og1.jpg\" \/>\n\t<meta property=\"og:image:width\" content=\"1200\" \/>\n\t<meta property=\"og:image:height\" content=\"630\" \/>\n\t<meta property=\"og:image:type\" content=\"image\/jpeg\" \/>\n<meta name=\"author\" content=\"Matev\u017e Kozinc\" \/>\n<meta name=\"twitter:card\" content=\"summary_large_image\" \/>\n<meta name=\"twitter:label1\" content=\"Written by\" \/>\n\t<meta name=\"twitter:data1\" content=\"Matev\u017e Kozinc\" \/>\n\t<meta name=\"twitter:label2\" content=\"Est. reading time\" \/>\n\t<meta name=\"twitter:data2\" content=\"4 minutes\" \/>\n<script type=\"application\/ld+json\" class=\"yoast-schema-graph\">{\"@context\":\"https:\/\/schema.org\",\"@graph\":[{\"@type\":\"Article\",\"@id\":\"https:\/\/www.salve.si\/leto-b\/25-nedelja-med-letom-b-2024\/#article\",\"isPartOf\":{\"@id\":\"https:\/\/www.salve.si\/leto-b\/25-nedelja-med-letom-b-2024\/\"},\"author\":{\"name\":\"Matev\u017e Kozinc\",\"@id\":\"https:\/\/www.salve.si\/#\/schema\/person\/732afa2bb4cf5d282e9e1e9f59c96183\"},\"headline\":\"25. nedelja med letom \u2013 B 2024\",\"datePublished\":\"2024-09-21T06:22:26+00:00\",\"dateModified\":\"2024-09-21T06:22:27+00:00\",\"mainEntityOfPage\":{\"@id\":\"https:\/\/www.salve.si\/leto-b\/25-nedelja-med-letom-b-2024\/\"},\"wordCount\":624,\"commentCount\":0,\"publisher\":{\"@id\":\"https:\/\/www.salve.si\/#organization\"},\"keywords\":[\"B\",\"\u010cas med letom\",\"nedeljam med letom\",\"nedeljska meditacija\"],\"articleSection\":[\"Leto B\",\"Nedelja med letom\",\"Nedeljska meditacija\"],\"inLanguage\":\"en-US\",\"potentialAction\":[{\"@type\":\"CommentAction\",\"name\":\"Comment\",\"target\":[\"https:\/\/www.salve.si\/leto-b\/25-nedelja-med-letom-b-2024\/#respond\"]}]},{\"@type\":\"WebPage\",\"@id\":\"https:\/\/www.salve.si\/leto-b\/25-nedelja-med-letom-b-2024\/\",\"url\":\"https:\/\/www.salve.si\/leto-b\/25-nedelja-med-letom-b-2024\/\",\"name\":\"25. nedelja med letom \u2013 B 2024 - Salve\",\"isPartOf\":{\"@id\":\"https:\/\/www.salve.si\/#website\"},\"datePublished\":\"2024-09-21T06:22:26+00:00\",\"dateModified\":\"2024-09-21T06:22:27+00:00\",\"breadcrumb\":{\"@id\":\"https:\/\/www.salve.si\/leto-b\/25-nedelja-med-letom-b-2024\/#breadcrumb\"},\"inLanguage\":\"en-US\",\"potentialAction\":[{\"@type\":\"ReadAction\",\"target\":[\"https:\/\/www.salve.si\/leto-b\/25-nedelja-med-letom-b-2024\/\"]}]},{\"@type\":\"BreadcrumbList\",\"@id\":\"https:\/\/www.salve.si\/leto-b\/25-nedelja-med-letom-b-2024\/#breadcrumb\",\"itemListElement\":[{\"@type\":\"ListItem\",\"position\":1,\"name\":\"Home\",\"item\":\"https:\/\/www.salve.si\/\"},{\"@type\":\"ListItem\",\"position\":2,\"name\":\"25. nedelja med letom \u2013 B 2024\"}]},{\"@type\":\"WebSite\",\"@id\":\"https:\/\/www.salve.si\/#website\",\"url\":\"https:\/\/www.salve.si\/\",\"name\":\"Salve\",\"description\":\"Salezijanska zalo\u017eba\",\"publisher\":{\"@id\":\"https:\/\/www.salve.si\/#organization\"},\"potentialAction\":[{\"@type\":\"SearchAction\",\"target\":{\"@type\":\"EntryPoint\",\"urlTemplate\":\"https:\/\/www.salve.si\/?s={search_term_string}\"},\"query-input\":{\"@type\":\"PropertyValueSpecification\",\"valueRequired\":true,\"valueName\":\"search_term_string\"}}],\"inLanguage\":\"en-US\"},{\"@type\":\"Organization\",\"@id\":\"https:\/\/www.salve.si\/#organization\",\"name\":\"Salve d.o.o.\",\"url\":\"https:\/\/www.salve.si\/\",\"logo\":{\"@type\":\"ImageObject\",\"inLanguage\":\"en-US\",\"@id\":\"https:\/\/www.salve.si\/#\/schema\/logo\/image\/\",\"url\":\"https:\/\/www.salve.si\/wp-content\/uploads\/2021\/01\/Salve_logo_modri_nov_web.png\",\"contentUrl\":\"https:\/\/www.salve.si\/wp-content\/uploads\/2021\/01\/Salve_logo_modri_nov_web.png\",\"width\":279,\"height\":90,\"caption\":\"Salve d.o.o.\"},\"image\":{\"@id\":\"https:\/\/www.salve.si\/#\/schema\/logo\/image\/\"},\"sameAs\":[\"https:\/\/www.facebook.com\/salve.si\",\"https:\/\/www.instagram.com\/zalozbasalve\/\",\"https:\/\/www.linkedin.com\/company\/zalozba-salve\/\"]},{\"@type\":\"Person\",\"@id\":\"https:\/\/www.salve.si\/#\/schema\/person\/732afa2bb4cf5d282e9e1e9f59c96183\",\"name\":\"Matev\u017e Kozinc\"}]}<\/script>\n<!-- \/ Yoast SEO plugin. -->","yoast_head_json":{"title":"25. nedelja med letom \u2013 B 2024 - Salve","robots":{"index":"noindex","follow":"follow"},"og_locale":"en_US","og_type":"article","og_title":"25. nedelja med letom \u2013 B 2024 - Salve","og_description":"\u010ce ho\u010de kdo biti prvi, naj bo izmed vseh zadnji! Se vam je \u017ee kdaj zgodilo, da ste prebrali en \u010dlanek ali sli\u0161ali kak\u0161no opombo in ste bili \u010disto na tleh? Ko so pred nami znamenja smrti, kot je to bilo v \u010dasu kovida, je te\u017eko razmi\u0161ljati o vstajenju in ve\u010dnem \u017eivljenju. Ko se soo\u010damo...","og_url":"https:\/\/www.salve.si\/en\/leto-b\/25-nedelja-med-letom-b-2024\/","og_site_name":"Salve","article_publisher":"https:\/\/www.facebook.com\/salve.si","article_published_time":"2024-09-21T06:22:26+00:00","article_modified_time":"2024-09-21T06:22:27+00:00","og_image":[{"width":1200,"height":630,"url":"https:\/\/www.salve.si\/wp-content\/uploads\/2026\/01\/salve-og1.jpg","type":"image\/jpeg"}],"author":"Matev\u017e Kozinc","twitter_card":"summary_large_image","twitter_misc":{"Written by":"Matev\u017e Kozinc","Est. reading time":"4 minutes"},"schema":{"@context":"https:\/\/schema.org","@graph":[{"@type":"Article","@id":"https:\/\/www.salve.si\/leto-b\/25-nedelja-med-letom-b-2024\/#article","isPartOf":{"@id":"https:\/\/www.salve.si\/leto-b\/25-nedelja-med-letom-b-2024\/"},"author":{"name":"Matev\u017e Kozinc","@id":"https:\/\/www.salve.si\/#\/schema\/person\/732afa2bb4cf5d282e9e1e9f59c96183"},"headline":"25. nedelja med letom \u2013 B 2024","datePublished":"2024-09-21T06:22:26+00:00","dateModified":"2024-09-21T06:22:27+00:00","mainEntityOfPage":{"@id":"https:\/\/www.salve.si\/leto-b\/25-nedelja-med-letom-b-2024\/"},"wordCount":624,"commentCount":0,"publisher":{"@id":"https:\/\/www.salve.si\/#organization"},"keywords":["B","\u010cas med letom","nedeljam med letom","nedeljska meditacija"],"articleSection":["Leto B","Nedelja med letom","Nedeljska meditacija"],"inLanguage":"en-US","potentialAction":[{"@type":"CommentAction","name":"Comment","target":["https:\/\/www.salve.si\/leto-b\/25-nedelja-med-letom-b-2024\/#respond"]}]},{"@type":"WebPage","@id":"https:\/\/www.salve.si\/leto-b\/25-nedelja-med-letom-b-2024\/","url":"https:\/\/www.salve.si\/leto-b\/25-nedelja-med-letom-b-2024\/","name":"25. nedelja med letom \u2013 B 2024 - Salve","isPartOf":{"@id":"https:\/\/www.salve.si\/#website"},"datePublished":"2024-09-21T06:22:26+00:00","dateModified":"2024-09-21T06:22:27+00:00","breadcrumb":{"@id":"https:\/\/www.salve.si\/leto-b\/25-nedelja-med-letom-b-2024\/#breadcrumb"},"inLanguage":"en-US","potentialAction":[{"@type":"ReadAction","target":["https:\/\/www.salve.si\/leto-b\/25-nedelja-med-letom-b-2024\/"]}]},{"@type":"BreadcrumbList","@id":"https:\/\/www.salve.si\/leto-b\/25-nedelja-med-letom-b-2024\/#breadcrumb","itemListElement":[{"@type":"ListItem","position":1,"name":"Home","item":"https:\/\/www.salve.si\/"},{"@type":"ListItem","position":2,"name":"25. nedelja med letom \u2013 B 2024"}]},{"@type":"WebSite","@id":"https:\/\/www.salve.si\/#website","url":"https:\/\/www.salve.si\/","name":"Salve","description":"Salezijanska zalo\u017eba","publisher":{"@id":"https:\/\/www.salve.si\/#organization"},"potentialAction":[{"@type":"SearchAction","target":{"@type":"EntryPoint","urlTemplate":"https:\/\/www.salve.si\/?s={search_term_string}"},"query-input":{"@type":"PropertyValueSpecification","valueRequired":true,"valueName":"search_term_string"}}],"inLanguage":"en-US"},{"@type":"Organization","@id":"https:\/\/www.salve.si\/#organization","name":"Salve d.o.o.","url":"https:\/\/www.salve.si\/","logo":{"@type":"ImageObject","inLanguage":"en-US","@id":"https:\/\/www.salve.si\/#\/schema\/logo\/image\/","url":"https:\/\/www.salve.si\/wp-content\/uploads\/2021\/01\/Salve_logo_modri_nov_web.png","contentUrl":"https:\/\/www.salve.si\/wp-content\/uploads\/2021\/01\/Salve_logo_modri_nov_web.png","width":279,"height":90,"caption":"Salve d.o.o."},"image":{"@id":"https:\/\/www.salve.si\/#\/schema\/logo\/image\/"},"sameAs":["https:\/\/www.facebook.com\/salve.si","https:\/\/www.instagram.com\/zalozbasalve\/","https:\/\/www.linkedin.com\/company\/zalozba-salve\/"]},{"@type":"Person","@id":"https:\/\/www.salve.si\/#\/schema\/person\/732afa2bb4cf5d282e9e1e9f59c96183","name":"Matev\u017e Kozinc"}]}},"_links":{"self":[{"href":"https:\/\/www.salve.si\/en\/wp-json\/wp\/v2\/posts\/19008","targetHints":{"allow":["GET"]}}],"collection":[{"href":"https:\/\/www.salve.si\/en\/wp-json\/wp\/v2\/posts"}],"about":[{"href":"https:\/\/www.salve.si\/en\/wp-json\/wp\/v2\/types\/post"}],"author":[{"embeddable":true,"href":"https:\/\/www.salve.si\/en\/wp-json\/wp\/v2\/users\/5143"}],"replies":[{"embeddable":true,"href":"https:\/\/www.salve.si\/en\/wp-json\/wp\/v2\/comments?post=19008"}],"version-history":[{"count":2,"href":"https:\/\/www.salve.si\/en\/wp-json\/wp\/v2\/posts\/19008\/revisions"}],"predecessor-version":[{"id":19010,"href":"https:\/\/www.salve.si\/en\/wp-json\/wp\/v2\/posts\/19008\/revisions\/19010"}],"wp:attachment":[{"href":"https:\/\/www.salve.si\/en\/wp-json\/wp\/v2\/media?parent=19008"}],"wp:term":[{"taxonomy":"category","embeddable":true,"href":"https:\/\/www.salve.si\/en\/wp-json\/wp\/v2\/categories?post=19008"},{"taxonomy":"post_tag","embeddable":true,"href":"https:\/\/www.salve.si\/en\/wp-json\/wp\/v2\/tags?post=19008"}],"curies":[{"name":"wp","href":"https:\/\/api.w.org\/{rel}","templated":true}]}}