{"id":18964,"date":"2024-09-13T11:26:58","date_gmt":"2024-09-13T09:26:58","guid":{"rendered":"https:\/\/www.salve.si\/?p=18964"},"modified":"2024-09-12T11:29:13","modified_gmt":"2024-09-12T09:29:13","slug":"24-nedelja-med-letom-b-2024","status":"publish","type":"post","link":"https:\/\/www.salve.si\/en\/leto-b\/24-nedelja-med-letom-b-2024\/","title":{"rendered":"24. nedelja med letom \u2013 B 2024"},"content":{"rendered":"<p><strong>Kdo je Jezus in kdo sem jaz?<\/strong><\/p>\n<p>V te\u017ekih trenutkih, ko nas kak\u0161na stvar vr\u017ee s tira in smo na prepihu zaradi osebnih konfliktov in nere\u0161enih vpra\u0161anj, se je treba ustaviti in najti odgovor na vpra\u0161anje: Kdo sem jaz? Kaj mi pomenijo osebe, ki me obdajajo? V takih situacijah privre na dan vse, kar smo skrivali, \u010desar smo se sramovali in kar si nismo upali priznati. Opredelitev samega sebe in osebne identitete se ne zgodi \u010dez no\u010d, v ozadju je dolg proces prepoznavanja kaj me osre\u010duje in kaj me jezi, kaj gradi moje samospo\u0161tovanje in kaj me poni\u017euje.<\/p>\n<p>Tudi Jezus je opa\u017eal pri sebi, da njegovo oznanjevanje ni vedno v skladu s pri\u010dakovanji. Kot \u010dlovek se je soo\u010dali z enakimi problemi kot se sre\u010duje vsakdo od nas. Zato si je zastavil vpra\u0161anje: \u00bbKako me dojemajo moji poslu\u0161alci? Kaj meni mno\u017eica, ki je podobna ovcam, ki slepo sledijo svojemu voditelju?\u00ab \u00bbKaj pravijo ljudje, kdo sem?\u00ab je zastavil vpra\u0161anje svojim u\u010dencem. Taki trenutki so zelo delikatni, ker se je treba soo\u010diti s porazi, nerazumevanjem ali celo napa\u010dno poklicno izbiro. Dokler se ne soo\u010dimo z vsem, kar smo in kar \u010dutimo, bomo vztrajali na stali\u0161\u010du, da z nami ni ni\u010d narobe, da se motijo drugi.<\/p>\n<p>Na podlagi odgovorov, ki so jih u\u010denci pripovedovali Jezusu, lahko sklepamo, da so ljudje jemali Jezusa zelo enostransko: nekateri so v njem videli novega Janeza Krstnika, pridigarja, \u010dloveka, ki s prstom ka\u017ee na napake, ki jih delamo. Tisti, ki so bolj poznali svetopisemske zgodbe, so v njem prepoznali preroka Elija, ki se je vrnil, da bo spro\u017eil novo revolucijo in bo tokrat prepri\u010dal vladarja na podro\u010dju Palestine, da se bo priklonil pred edinim pravim Bogom. Tisti, ki niso imeli nobenega stika s preteklostjo, pa so v njem prepoznali samo izjemnega, zelo nadarjenega \u010dloveka, novega preroka, ki je prisiljen, da govori tako, kot so mu ukazali.<\/p>\n<p>Mnenja so samo mnenja, ki jih nih\u010de ne jemlje preve\u010d resno, a bolj pomembno je bilo vpra\u0161anje, ki je sledilo: \u00bbKaj pa vi pravite, kdo sem?\u00ab To vpra\u0161anje je zelo osebno, naslovljeno na u\u010dence, ki so svojega u\u010ditelja poslu\u0161ali in se od njega u\u010dili tri leta. Odgovor ne bo povezan z nekim mnenjem, ampak mora biti oseben in prepri\u010dljiv. Tudi od nas Jezus zahteva, da najdemo odgovor na vpra\u0161anja: \u00bbZa tabo je osem let verouka, birma, morda poroka, krsti tvojih otrok. Kaj ti pomenim v tvojem \u017eivljenju? Bi bilo tvoje \u017eivljenje druga\u010dno, \u010de me ne bi spoznal?\u00ab U\u010denci so ostali brez besed. Enako se verjetno po\u010duti ve\u010dina od nas, kajti osebni odgovor ni enostaven, ker si morda \u0161e nikoli nismo zastavili takih vpra\u0161anj. More\u010do ti\u0161ino je prekinil Peter: \u00bbTi si Kristus!\u00ab<\/p>\n<p>Peter je nekaj zaslutil in \u0161e sam se ni zavedal, kaj je rekel. V svojem srcu je zaznal, verjetno po razsvetljenju od zgoraj, da bi to lahko bil pravi odgovor na vse, kar je v \u010dasu hoje za Jezusom, sli\u0161al, videl in do\u017eivel.<\/p>\n<p>Priznajmo si, da se za idejami, ki jih delimo drug z drugim, vedno skriva podoba o Bogu, ki nam ugaja. Vsakdo si namre\u010d ustvari neko svojo podobo o Bogu. V vsakem srcu se namre\u010d skriva nek malik, podoba o Bogu, ki jo zagovarjamo in ne dovolimo, da bi kdo to na\u0161o podobo oskrunil.<\/p>\n<p>Ko je Jezus govoril o trpljenju, ki ga \u010daka v Jeruzalemu, ga je Peter potegnil k sebi in mu za\u010del braniti. Peter je v sebi nosil jasno podobo o Bogu, ki je mogo\u010dni zmagovalec in ima prostor pri sebi, kamor se bomo vsi preselili, ne da bi bilo treba iti skozi trpljenje in poni\u017eanje. To ni bil Bog, o katerem nam govori Sveto pismo, ampak Petrov Bog. In tak\u0161en je tudi moj Bog, ki sem si ga ustvaril. Ta Bog navadno ni Bog, o katerem govorijo svetopisemski odlomki, ki jih poslu\u0161amo pri vsaki sveti ma\u0161i.<\/p>\n<p>Nalijmo si \u010distega vina: ko za\u010dnemo braniti svoje ideje o Bogu, ki smo si ga ustvarili, nehamo biti Jezusovi u\u010denci. Tako kot Peter tudi sami ob problemih, ki jih nismo sposobni re\u0161iti, predlagamo Jezusu, kako naj nam pomaga. Mi imamo re\u0161itev in od njega pri\u010dakujemo, da re\u010de \u00bbda\u00ab na na\u0161 program re\u0161itve nastale situacije. Zato se ne smemo \u010duditi, kak\u0161en odgovor je Jezus dal Petru: \u00bbPoberi se! Pro\u010d od mene, satan, ker ne misli\u0161 na to, kar je Bo\u017eje, ampak na to, kar je \u010dlove\u0161ko!\u00ab Jezus zahteva od Petra, da se vrne na za\u010detek, da ponovno za\u010dne kot u\u010denec, ki ni nikoli pred svojim u\u010diteljem, ampak vedno za njim. U\u010denec mora hoditi po poti, ki mu jo predlaga u\u010ditelj, mora zaupati in slediti navodilom, kajti kot u\u010denci se vedno u\u010dimo in upamo, da bomo neko\u010d lahko postali u\u010ditelji.<\/p>\n<p>\u00bb\u010ce ho\u010de kdo hoditi za menoj, naj se odpove sebi in vzame svoj kri\u017e ter hodi za menoj!\u00ab Tako je Jezus opredeli vlogo u\u010denca. To pomeni, da je treba svoje razloge, pri\u010dakovanja in svoje egoisti\u010dne potrebe postaviti na stranski, da naredimo prostor evangeljski logiki. Vzeti kri\u017e na svoje rame pomeni, odpovedati se sebi in sprejeti te\u017eo, ki ti je nalo\u017eena. Kri\u017e smo sposobni nositi, ko sprejmemo evangelij kot na\u010din svojega \u017eivljenja. Tak je vsakodnevni kri\u017e, ki ga u\u010denec mora sprejeti. Ko sprejmemo evangelij, najdemo polnost svojega \u017eivljenja, kajti \u0161ele s to novo logiko pridemo do jasnega spoznanja, da \u017eivljenje ni nekaj, do \u010desar imamo pravico, ampak je dar. In ta dar zahteva, da ga delimo. Edino, kar lahko naredimo s svojim \u017eivljenjem je, da ga delimo, da ga ne posedujemo, da ga izgubljamo. Polnost \u017eivljenja za\u010dutimo, ko smo vse, kar smo in kar imamo, dali na tr\u017enico in za\u010dnemo deliti. Ko se to zgodi, se nam naenkrat za\u010dne vse vra\u010dati, kajti trpljenje, bole\u010dino, nerazumevanje in osamljenost \u010dutimo, ko se ljubosumno oklepamo vsega, kar imamo. Ko svoje veselje in tragiko za\u010dnemo deliti, z vseh strani za\u010dnejo prihajati pozitivni odgovori in naenkrat smo olaj\u0161ani in \u010dutimo, da smo spet sredi \u017eivljenja. Jezusov zadnji odgovor dana\u0161njega evangelija se zato glasi: \u00bbKdor namre\u010d ho\u010de re\u0161iti svoje \u017eivljenje, ga bo izgubil; kdor pa izgubi svoje \u017eivljenje zaradi mene in zaradi evangelija, ga bo re\u0161il.\u00ab<\/p>\n<p><strong>\u017dupnik Branko Bala\u017eic, SDB<\/strong><span class=\"slv-content-keywords\"> Leto B Nedelja med letom Nedeljska meditacija <\/span><\/p>","protected":false},"excerpt":{"rendered":"<p>Kdo je Jezus in kdo sem jaz? V te\u017ekih trenutkih, ko nas kak\u0161na stvar vr\u017ee s tira in smo na prepihu zaradi osebnih konfliktov in nere\u0161enih vpra\u0161anj, se je treba ustaviti in najti odgovor na vpra\u0161anje: Kdo sem jaz? Kaj mi pomenijo osebe, ki me obdajajo? V takih situacijah privre na dan vse, kar smo<a href=\"https:\/\/www.salve.si\/en\/leto-b\/24-nedelja-med-letom-b-2024\/\">&#8230;<\/a><\/p>","protected":false},"author":5143,"featured_media":0,"comment_status":"open","ping_status":"open","sticky":false,"template":"","format":"standard","meta":{"_acf_changed":false,"footnotes":""},"categories":[1035,1056,925],"tags":[650,1057,927],"class_list":["post-18964","post","type-post","status-publish","format-standard","hentry","category-leto-b","category-nedelja-med-letom","category-nedeljska-meditacija","tag-leto-b","tag-nedeljam-med-letom","tag-nedeljska-meditacija"],"acf":[],"yoast_head":"<!-- This site is optimized with the Yoast SEO plugin v23.8 - https:\/\/yoast.com\/wordpress\/plugins\/seo\/ -->\n<title>24. nedelja med letom \u2013 B 2024 - Salve<\/title>\n<meta name=\"robots\" content=\"noindex, follow\" \/>\n<meta property=\"og:locale\" content=\"en_US\" \/>\n<meta property=\"og:type\" content=\"article\" \/>\n<meta property=\"og:title\" content=\"24. nedelja med letom \u2013 B 2024 - Salve\" \/>\n<meta property=\"og:description\" content=\"Kdo je Jezus in kdo sem jaz? V te\u017ekih trenutkih, ko nas kak\u0161na stvar vr\u017ee s tira in smo na prepihu zaradi osebnih konfliktov in nere\u0161enih vpra\u0161anj, se je treba ustaviti in najti odgovor na vpra\u0161anje: Kdo sem jaz? Kaj mi pomenijo osebe, ki me obdajajo? V takih situacijah privre na dan vse, kar smo...\" \/>\n<meta property=\"og:url\" content=\"https:\/\/www.salve.si\/en\/leto-b\/24-nedelja-med-letom-b-2024\/\" \/>\n<meta property=\"og:site_name\" content=\"Salve\" \/>\n<meta property=\"article:publisher\" content=\"https:\/\/www.facebook.com\/salve.si\" \/>\n<meta property=\"article:published_time\" content=\"2024-09-13T09:26:58+00:00\" \/>\n<meta property=\"article:modified_time\" content=\"2024-09-12T09:29:13+00:00\" \/>\n<meta property=\"og:image\" content=\"https:\/\/www.salve.si\/wp-content\/uploads\/2026\/01\/salve-og1.jpg\" \/>\n\t<meta property=\"og:image:width\" content=\"1200\" \/>\n\t<meta property=\"og:image:height\" content=\"630\" \/>\n\t<meta property=\"og:image:type\" content=\"image\/jpeg\" \/>\n<meta name=\"author\" content=\"Matev\u017e Kozinc\" \/>\n<meta name=\"twitter:card\" content=\"summary_large_image\" \/>\n<meta name=\"twitter:label1\" content=\"Written by\" \/>\n\t<meta name=\"twitter:data1\" content=\"Matev\u017e Kozinc\" \/>\n\t<meta name=\"twitter:label2\" content=\"Est. reading time\" \/>\n\t<meta name=\"twitter:data2\" content=\"6 minutes\" \/>\n<script type=\"application\/ld+json\" class=\"yoast-schema-graph\">{\"@context\":\"https:\/\/schema.org\",\"@graph\":[{\"@type\":\"Article\",\"@id\":\"https:\/\/www.salve.si\/leto-b\/24-nedelja-med-letom-b-2024\/#article\",\"isPartOf\":{\"@id\":\"https:\/\/www.salve.si\/leto-b\/24-nedelja-med-letom-b-2024\/\"},\"author\":{\"name\":\"Matev\u017e Kozinc\",\"@id\":\"https:\/\/www.salve.si\/#\/schema\/person\/732afa2bb4cf5d282e9e1e9f59c96183\"},\"headline\":\"24. nedelja med letom \u2013 B 2024\",\"datePublished\":\"2024-09-13T09:26:58+00:00\",\"dateModified\":\"2024-09-12T09:29:13+00:00\",\"mainEntityOfPage\":{\"@id\":\"https:\/\/www.salve.si\/leto-b\/24-nedelja-med-letom-b-2024\/\"},\"wordCount\":1104,\"commentCount\":0,\"publisher\":{\"@id\":\"https:\/\/www.salve.si\/#organization\"},\"keywords\":[\"B\",\"nedeljam med letom\",\"nedeljska meditacija\"],\"articleSection\":[\"Leto B\",\"Nedelja med letom\",\"Nedeljska meditacija\"],\"inLanguage\":\"en-US\",\"potentialAction\":[{\"@type\":\"CommentAction\",\"name\":\"Comment\",\"target\":[\"https:\/\/www.salve.si\/leto-b\/24-nedelja-med-letom-b-2024\/#respond\"]}]},{\"@type\":\"WebPage\",\"@id\":\"https:\/\/www.salve.si\/leto-b\/24-nedelja-med-letom-b-2024\/\",\"url\":\"https:\/\/www.salve.si\/leto-b\/24-nedelja-med-letom-b-2024\/\",\"name\":\"24. nedelja med letom \u2013 B 2024 - Salve\",\"isPartOf\":{\"@id\":\"https:\/\/www.salve.si\/#website\"},\"datePublished\":\"2024-09-13T09:26:58+00:00\",\"dateModified\":\"2024-09-12T09:29:13+00:00\",\"breadcrumb\":{\"@id\":\"https:\/\/www.salve.si\/leto-b\/24-nedelja-med-letom-b-2024\/#breadcrumb\"},\"inLanguage\":\"en-US\",\"potentialAction\":[{\"@type\":\"ReadAction\",\"target\":[\"https:\/\/www.salve.si\/leto-b\/24-nedelja-med-letom-b-2024\/\"]}]},{\"@type\":\"BreadcrumbList\",\"@id\":\"https:\/\/www.salve.si\/leto-b\/24-nedelja-med-letom-b-2024\/#breadcrumb\",\"itemListElement\":[{\"@type\":\"ListItem\",\"position\":1,\"name\":\"Home\",\"item\":\"https:\/\/www.salve.si\/\"},{\"@type\":\"ListItem\",\"position\":2,\"name\":\"24. nedelja med letom \u2013 B 2024\"}]},{\"@type\":\"WebSite\",\"@id\":\"https:\/\/www.salve.si\/#website\",\"url\":\"https:\/\/www.salve.si\/\",\"name\":\"Salve\",\"description\":\"Salezijanska zalo\u017eba\",\"publisher\":{\"@id\":\"https:\/\/www.salve.si\/#organization\"},\"potentialAction\":[{\"@type\":\"SearchAction\",\"target\":{\"@type\":\"EntryPoint\",\"urlTemplate\":\"https:\/\/www.salve.si\/?s={search_term_string}\"},\"query-input\":{\"@type\":\"PropertyValueSpecification\",\"valueRequired\":true,\"valueName\":\"search_term_string\"}}],\"inLanguage\":\"en-US\"},{\"@type\":\"Organization\",\"@id\":\"https:\/\/www.salve.si\/#organization\",\"name\":\"Salve d.o.o.\",\"url\":\"https:\/\/www.salve.si\/\",\"logo\":{\"@type\":\"ImageObject\",\"inLanguage\":\"en-US\",\"@id\":\"https:\/\/www.salve.si\/#\/schema\/logo\/image\/\",\"url\":\"https:\/\/www.salve.si\/wp-content\/uploads\/2021\/01\/Salve_logo_modri_nov_web.png\",\"contentUrl\":\"https:\/\/www.salve.si\/wp-content\/uploads\/2021\/01\/Salve_logo_modri_nov_web.png\",\"width\":279,\"height\":90,\"caption\":\"Salve d.o.o.\"},\"image\":{\"@id\":\"https:\/\/www.salve.si\/#\/schema\/logo\/image\/\"},\"sameAs\":[\"https:\/\/www.facebook.com\/salve.si\",\"https:\/\/www.instagram.com\/zalozbasalve\/\",\"https:\/\/www.linkedin.com\/company\/zalozba-salve\/\"]},{\"@type\":\"Person\",\"@id\":\"https:\/\/www.salve.si\/#\/schema\/person\/732afa2bb4cf5d282e9e1e9f59c96183\",\"name\":\"Matev\u017e Kozinc\"}]}<\/script>\n<!-- \/ Yoast SEO plugin. -->","yoast_head_json":{"title":"24. nedelja med letom \u2013 B 2024 - Salve","robots":{"index":"noindex","follow":"follow"},"og_locale":"en_US","og_type":"article","og_title":"24. nedelja med letom \u2013 B 2024 - Salve","og_description":"Kdo je Jezus in kdo sem jaz? V te\u017ekih trenutkih, ko nas kak\u0161na stvar vr\u017ee s tira in smo na prepihu zaradi osebnih konfliktov in nere\u0161enih vpra\u0161anj, se je treba ustaviti in najti odgovor na vpra\u0161anje: Kdo sem jaz? Kaj mi pomenijo osebe, ki me obdajajo? V takih situacijah privre na dan vse, kar smo...","og_url":"https:\/\/www.salve.si\/en\/leto-b\/24-nedelja-med-letom-b-2024\/","og_site_name":"Salve","article_publisher":"https:\/\/www.facebook.com\/salve.si","article_published_time":"2024-09-13T09:26:58+00:00","article_modified_time":"2024-09-12T09:29:13+00:00","og_image":[{"width":1200,"height":630,"url":"https:\/\/www.salve.si\/wp-content\/uploads\/2026\/01\/salve-og1.jpg","type":"image\/jpeg"}],"author":"Matev\u017e Kozinc","twitter_card":"summary_large_image","twitter_misc":{"Written by":"Matev\u017e Kozinc","Est. reading time":"6 minutes"},"schema":{"@context":"https:\/\/schema.org","@graph":[{"@type":"Article","@id":"https:\/\/www.salve.si\/leto-b\/24-nedelja-med-letom-b-2024\/#article","isPartOf":{"@id":"https:\/\/www.salve.si\/leto-b\/24-nedelja-med-letom-b-2024\/"},"author":{"name":"Matev\u017e Kozinc","@id":"https:\/\/www.salve.si\/#\/schema\/person\/732afa2bb4cf5d282e9e1e9f59c96183"},"headline":"24. nedelja med letom \u2013 B 2024","datePublished":"2024-09-13T09:26:58+00:00","dateModified":"2024-09-12T09:29:13+00:00","mainEntityOfPage":{"@id":"https:\/\/www.salve.si\/leto-b\/24-nedelja-med-letom-b-2024\/"},"wordCount":1104,"commentCount":0,"publisher":{"@id":"https:\/\/www.salve.si\/#organization"},"keywords":["B","nedeljam med letom","nedeljska meditacija"],"articleSection":["Leto B","Nedelja med letom","Nedeljska meditacija"],"inLanguage":"en-US","potentialAction":[{"@type":"CommentAction","name":"Comment","target":["https:\/\/www.salve.si\/leto-b\/24-nedelja-med-letom-b-2024\/#respond"]}]},{"@type":"WebPage","@id":"https:\/\/www.salve.si\/leto-b\/24-nedelja-med-letom-b-2024\/","url":"https:\/\/www.salve.si\/leto-b\/24-nedelja-med-letom-b-2024\/","name":"24. nedelja med letom \u2013 B 2024 - Salve","isPartOf":{"@id":"https:\/\/www.salve.si\/#website"},"datePublished":"2024-09-13T09:26:58+00:00","dateModified":"2024-09-12T09:29:13+00:00","breadcrumb":{"@id":"https:\/\/www.salve.si\/leto-b\/24-nedelja-med-letom-b-2024\/#breadcrumb"},"inLanguage":"en-US","potentialAction":[{"@type":"ReadAction","target":["https:\/\/www.salve.si\/leto-b\/24-nedelja-med-letom-b-2024\/"]}]},{"@type":"BreadcrumbList","@id":"https:\/\/www.salve.si\/leto-b\/24-nedelja-med-letom-b-2024\/#breadcrumb","itemListElement":[{"@type":"ListItem","position":1,"name":"Home","item":"https:\/\/www.salve.si\/"},{"@type":"ListItem","position":2,"name":"24. nedelja med letom \u2013 B 2024"}]},{"@type":"WebSite","@id":"https:\/\/www.salve.si\/#website","url":"https:\/\/www.salve.si\/","name":"Salve","description":"Salezijanska zalo\u017eba","publisher":{"@id":"https:\/\/www.salve.si\/#organization"},"potentialAction":[{"@type":"SearchAction","target":{"@type":"EntryPoint","urlTemplate":"https:\/\/www.salve.si\/?s={search_term_string}"},"query-input":{"@type":"PropertyValueSpecification","valueRequired":true,"valueName":"search_term_string"}}],"inLanguage":"en-US"},{"@type":"Organization","@id":"https:\/\/www.salve.si\/#organization","name":"Salve d.o.o.","url":"https:\/\/www.salve.si\/","logo":{"@type":"ImageObject","inLanguage":"en-US","@id":"https:\/\/www.salve.si\/#\/schema\/logo\/image\/","url":"https:\/\/www.salve.si\/wp-content\/uploads\/2021\/01\/Salve_logo_modri_nov_web.png","contentUrl":"https:\/\/www.salve.si\/wp-content\/uploads\/2021\/01\/Salve_logo_modri_nov_web.png","width":279,"height":90,"caption":"Salve d.o.o."},"image":{"@id":"https:\/\/www.salve.si\/#\/schema\/logo\/image\/"},"sameAs":["https:\/\/www.facebook.com\/salve.si","https:\/\/www.instagram.com\/zalozbasalve\/","https:\/\/www.linkedin.com\/company\/zalozba-salve\/"]},{"@type":"Person","@id":"https:\/\/www.salve.si\/#\/schema\/person\/732afa2bb4cf5d282e9e1e9f59c96183","name":"Matev\u017e Kozinc"}]}},"_links":{"self":[{"href":"https:\/\/www.salve.si\/en\/wp-json\/wp\/v2\/posts\/18964","targetHints":{"allow":["GET"]}}],"collection":[{"href":"https:\/\/www.salve.si\/en\/wp-json\/wp\/v2\/posts"}],"about":[{"href":"https:\/\/www.salve.si\/en\/wp-json\/wp\/v2\/types\/post"}],"author":[{"embeddable":true,"href":"https:\/\/www.salve.si\/en\/wp-json\/wp\/v2\/users\/5143"}],"replies":[{"embeddable":true,"href":"https:\/\/www.salve.si\/en\/wp-json\/wp\/v2\/comments?post=18964"}],"version-history":[{"count":2,"href":"https:\/\/www.salve.si\/en\/wp-json\/wp\/v2\/posts\/18964\/revisions"}],"predecessor-version":[{"id":18966,"href":"https:\/\/www.salve.si\/en\/wp-json\/wp\/v2\/posts\/18964\/revisions\/18966"}],"wp:attachment":[{"href":"https:\/\/www.salve.si\/en\/wp-json\/wp\/v2\/media?parent=18964"}],"wp:term":[{"taxonomy":"category","embeddable":true,"href":"https:\/\/www.salve.si\/en\/wp-json\/wp\/v2\/categories?post=18964"},{"taxonomy":"post_tag","embeddable":true,"href":"https:\/\/www.salve.si\/en\/wp-json\/wp\/v2\/tags?post=18964"}],"curies":[{"name":"wp","href":"https:\/\/api.w.org\/{rel}","templated":true}]}}