{"id":18538,"date":"2024-04-05T08:00:00","date_gmt":"2024-04-05T06:00:00","guid":{"rendered":"https:\/\/www.salve.si\/?p=18538"},"modified":"2024-04-03T17:46:45","modified_gmt":"2024-04-03T15:46:45","slug":"bela-nedelja","status":"publish","type":"post","link":"https:\/\/www.salve.si\/en\/leto-b\/bela-nedelja\/","title":{"rendered":"BELA NEDELJA"},"content":{"rendered":"<p><\/p><p><strong>Polo\u017ei prst sem in poglej moje roke!<\/strong><\/p><p>Ko smo razo\u010darani, ranjeni ali jezni, bi radi na\u0161li pravo re\u0161itev za nov za\u010detek. Zgodi pa se ravno obratno: zapremo se vase, se jezimo zaradi napak, ki smo jih naredili, i\u0161\u010demo krivca, se ma\u0161\u010dujemo sami sebi in se zate\u010demo k re\u0161itvam, ki ne vodijo nikamor. Tako je bilo z apostoli po vstajenju: Jezus se jim je \u017ee ve\u010dkrat prikazal, oni pa \u0161e vedno niso verjeli, da je res vstal in \u017eivi. Vsak je imel neko svojo zgodbo, pri vseh je izstopala nevera in vsakdo od njih je potreboval svoj \u010das, da se je sprijaznil z dejstvi. Ta ista zgodba se ponavlja z vsakim od nas.<\/p><p>Dana\u0161nji evangelij nam je govoril o zaprtih vratih dvorane zadnje ve\u010derje. Jezus je pri\u0161el \u017ee drugi\u010d k apostolom, toda njihova vrata so bila \u0161e vedno zaprta. Tudi na\u0161e srce je pogostokrat podobno zaprtim vratom. Morda je kriv dolo\u010den strah, morda smo preve\u010d nezaupljivi, lahko pa je tako zato, ker ne verujemo, da je Jezus Bog in na\u0161 odre\u0161enik. Jezus pa se ne preda, sposoben je vstopiti skozi zaprta vrata in skozi zaprto srce, da bi stopil v prostor, ki je zapolnjen s strahom, jezo in razo\u010daranji.<\/p><p>Ko Jezus vstopi, ga prestra\u0161eni, obupani in razo\u010darani u\u010denci ne prepoznajo. Enako se dogaja z nami, ko smo prestra\u0161eni: te\u017eko je v tak\u0161ni situaciji biti realist in videti, da je Jezus tik ob tebi in \u010daka, da spregovori\u0161, mu pove\u0161, kaj te skrbi in se mu prepusti\u0161. Jezus ni kak\u0161en privid, ampak je oseba, ki se ne skriva in jasno poka\u017ee svoje rane na rokah, nogah in prsih. To so znamenja trpljenja, kajti rane, tudi na\u0161e, niso nekaj, kar je nepomembno, ampak govorijo o tem, kak\u0161ni smo. Na\u0161e rane so na\u0161a zgodba. Na\u0161e rane govorijo o tem, kako smo ljubili, kak\u0161ne so posledice ljubezni in darovanja. Zato se Jezus ne sramuje pokazati rane, ki govorijo o njegove poni\u017eanju in zani\u010devanju, ki ga je bil dele\u017een.<\/p><p>Kon\u010dno nastopi trenutek, ko se na obrazih u\u010dencev pojavi nasmeh in zadovoljstvo, ker so se sre\u010dali z Jezusom, ki je zares \u017eiv in ni kak\u0161en privid. In vendar ni odve\u010d, da si zastavimo vpra\u0161anje: smo kristjani zares veseli, ker je Jezus vstal od mrtvih? Apostoli po prvem sre\u010danju niso postali veseli in prepri\u010dljivi. Ko so Toma\u017eu pripovedovali, da so videli Jezusa, je bilo njihovo govorjenje bolj podobno blodnji. Z njihovih obrazov Toma\u017e ni razbral, da so ga res videli in jim ni verjel.<\/p><p>Ko smo prej\u0161njo nedeljo \u0161li od velikono\u010dne procesije in vstajenjske ma\u0161e, ali so ljudje, s katerimi smo se sre\u010dali, razbrali z na\u0161ih obrazov, da smo zares veseli in sre\u010dni? Smo jim vo\u0161\u010dili veselo veliko no\u010d? V odlomku, ki smo ga brali je Jezus trikrat ponovil: \u00bbShalom &#8211; Mir vam bodi!\u00ab S tem jim je za\u017eelel, naj bo njihovo \u017eivljenje polno veselja in radosti. Razpolo\u017eenje v dvorani se ni kaj bistveno spremenilo. Jezus pa ni obupal, ampak je dihnil vanje in jim zaupal pomembno poslanstvo: \u00bbPrejmite Svetega Duha! Katerim grehe odpustite, so jim odpu\u0161\u010deni; katerim jih zadr\u017eite, so jim zadr\u017eani!\u00ab Ni jih postavil za sodnike, ampak jim je zaupal poslanstvo, ki je povezano z odpu\u0161\u010danjem grehov in z Bo\u017ejim usmiljenjem. Samo tako lahko pride v svetu do prave spremembe, resni\u010dnega miru in so\u017eitja.<\/p><p>Toma\u017e je predstavnik tistih ljudi, ki ne morejo verovati, ker se sre\u010dujejo s kristjani, ki sicer veliko govorijo, a njihovo \u017eivljenje ne pri\u010duje, da so se zares sre\u010dali z vstalim Jezusom. Kaj lahko Toma\u017ea prepri\u010da, da so se drugi u\u010denci zares sre\u010dali z vstalim Jezusom? Sam pri sebi si misli: \u00bb\u010ce bi do sre\u010danja res pri\u0161lo, potem bi se to moralo poznati.\u00ab Zato jim re\u010de: \u00bb\u010ce ne vidim na njegovih rokah rane od \u017eebljev in ne polo\u017eim roko v njegovo stran, nikakor ne bom veroval!\u00ab<\/p><p><a><\/a> O Toma\u017eu je re\u010deno, da se je imenoval Dvoj\u010dek, kar simboli\u010dno pomenu, da ima dvojno naravo: malo ne veruje in malo veruje, malo je zunaj skupnosti u\u010dencev in malo je z njimi, skratka, obra\u010da po vetru. To je lepa podoba sodobnih kristjanov, ki so oddaljeni, vendar so za praznike malo zraven, ker nikoli ne ve\u0161, kaj se lahko zgodi. To so ljudje, ki so polni dvomov in hkrati bi radi bili zares samostojni in neodvisni. Jezus je s takimi, ki te\u017eko verujejo, zelo potrpe\u017eljiv. On je vstopil v Toma\u017eevo srce takoj, ko je pri\u0161el skozi zaprta vrata v dvorano in Toma\u017e je takoj zaznal, da ima pred seboj \u017eivega Jezusa. In vendar Jezus zahteva od njega, da polo\u017ei roko v njegovo stran, da otipa rane. S tem ho\u010de Toma\u017eu in vsakemu, ki bi rad videl otipljive dokaze njegovega vstajenja povedati, da je umrl prav zanj, za vsakega, ki te\u017eko veruje. Jezus je umrl zame in zate! To je razlog veselja, da pri\u010dujemo in vsakemu, ki ho\u010de vedeti razlog na\u0161e vere, re\u010demo: \u00bbJezus je vstal! Vstali bomo tudi mi!\u00ab<\/p><p><strong>\u017dupnik Branko Bala\u017eic SDB<\/strong><\/p><span class=\"slv-content-keywords\"> Leto B Nedeljska meditacija Velikono\u010dni \u010das <\/span>","protected":false},"excerpt":{"rendered":"<p>Polo\u017ei prst sem in poglej moje roke! Ko smo razo\u010darani, ranjeni ali jezni, bi radi na\u0161li pravo re\u0161itev za nov za\u010detek. Zgodi pa se ravno obratno: zapremo se vase, se jezimo zaradi napak, ki smo jih naredili, i\u0161\u010demo krivca, se ma\u0161\u010dujemo sami sebi in se zate\u010demo k re\u0161itvam, ki ne vodijo nikamor. Tako je bilo<a href=\"https:\/\/www.salve.si\/en\/leto-b\/bela-nedelja\/\">&#8230;<\/a><\/p>","protected":false},"author":5143,"featured_media":0,"comment_status":"open","ping_status":"open","sticky":false,"template":"","format":"standard","meta":{"_acf_changed":false,"footnotes":""},"categories":[1035,925,652],"tags":[650,1057,927,1065],"class_list":["post-18538","post","type-post","status-publish","format-standard","hentry","category-leto-b","category-nedeljska-meditacija","category-velikonocni-cas","tag-leto-b","tag-nedeljam-med-letom","tag-nedeljska-meditacija","tag-velikonocni-cas"],"acf":[],"yoast_head":"<!-- This site is optimized with the Yoast SEO plugin v23.8 - https:\/\/yoast.com\/wordpress\/plugins\/seo\/ -->\n<title>BELA NEDELJA - Salve<\/title>\n<meta name=\"robots\" content=\"noindex, follow\" \/>\n<meta property=\"og:locale\" content=\"en_US\" \/>\n<meta property=\"og:type\" content=\"article\" \/>\n<meta property=\"og:title\" content=\"BELA NEDELJA - Salve\" \/>\n<meta property=\"og:description\" content=\"Polo\u017ei prst sem in poglej moje roke! Ko smo razo\u010darani, ranjeni ali jezni, bi radi na\u0161li pravo re\u0161itev za nov za\u010detek. Zgodi pa se ravno obratno: zapremo se vase, se jezimo zaradi napak, ki smo jih naredili, i\u0161\u010demo krivca, se ma\u0161\u010dujemo sami sebi in se zate\u010demo k re\u0161itvam, ki ne vodijo nikamor. Tako je bilo...\" \/>\n<meta property=\"og:url\" content=\"https:\/\/www.salve.si\/en\/leto-b\/bela-nedelja\/\" \/>\n<meta property=\"og:site_name\" content=\"Salve\" \/>\n<meta property=\"article:publisher\" content=\"https:\/\/www.facebook.com\/salve.si\" \/>\n<meta property=\"article:published_time\" content=\"2024-04-05T06:00:00+00:00\" \/>\n<meta property=\"article:modified_time\" content=\"2024-04-03T15:46:45+00:00\" \/>\n<meta property=\"og:image\" content=\"https:\/\/www.salve.si\/wp-content\/uploads\/2026\/01\/salve-og1.jpg\" \/>\n\t<meta property=\"og:image:width\" content=\"1200\" \/>\n\t<meta property=\"og:image:height\" content=\"630\" \/>\n\t<meta property=\"og:image:type\" content=\"image\/jpeg\" \/>\n<meta name=\"author\" content=\"Matev\u017e Kozinc\" \/>\n<meta name=\"twitter:card\" content=\"summary_large_image\" \/>\n<meta name=\"twitter:label1\" content=\"Written by\" \/>\n\t<meta name=\"twitter:data1\" content=\"Matev\u017e Kozinc\" \/>\n\t<meta name=\"twitter:label2\" content=\"Est. reading time\" \/>\n\t<meta name=\"twitter:data2\" content=\"5 minutes\" \/>\n<script type=\"application\/ld+json\" class=\"yoast-schema-graph\">{\"@context\":\"https:\/\/schema.org\",\"@graph\":[{\"@type\":\"Article\",\"@id\":\"https:\/\/www.salve.si\/leto-b\/bela-nedelja\/#article\",\"isPartOf\":{\"@id\":\"https:\/\/www.salve.si\/leto-b\/bela-nedelja\/\"},\"author\":{\"name\":\"Matev\u017e Kozinc\",\"@id\":\"https:\/\/www.salve.si\/#\/schema\/person\/732afa2bb4cf5d282e9e1e9f59c96183\"},\"headline\":\"BELA NEDELJA\",\"datePublished\":\"2024-04-05T06:00:00+00:00\",\"dateModified\":\"2024-04-03T15:46:45+00:00\",\"mainEntityOfPage\":{\"@id\":\"https:\/\/www.salve.si\/leto-b\/bela-nedelja\/\"},\"wordCount\":902,\"commentCount\":0,\"publisher\":{\"@id\":\"https:\/\/www.salve.si\/#organization\"},\"keywords\":[\"B\",\"nedeljam med letom\",\"nedeljska meditacija\",\"velikono\u010dni \u010das\"],\"articleSection\":[\"Leto B\",\"Nedeljska meditacija\",\"Velikono\u010dni \u010das\"],\"inLanguage\":\"en-US\",\"potentialAction\":[{\"@type\":\"CommentAction\",\"name\":\"Comment\",\"target\":[\"https:\/\/www.salve.si\/leto-b\/bela-nedelja\/#respond\"]}]},{\"@type\":\"WebPage\",\"@id\":\"https:\/\/www.salve.si\/leto-b\/bela-nedelja\/\",\"url\":\"https:\/\/www.salve.si\/leto-b\/bela-nedelja\/\",\"name\":\"BELA NEDELJA - Salve\",\"isPartOf\":{\"@id\":\"https:\/\/www.salve.si\/#website\"},\"datePublished\":\"2024-04-05T06:00:00+00:00\",\"dateModified\":\"2024-04-03T15:46:45+00:00\",\"breadcrumb\":{\"@id\":\"https:\/\/www.salve.si\/leto-b\/bela-nedelja\/#breadcrumb\"},\"inLanguage\":\"en-US\",\"potentialAction\":[{\"@type\":\"ReadAction\",\"target\":[\"https:\/\/www.salve.si\/leto-b\/bela-nedelja\/\"]}]},{\"@type\":\"BreadcrumbList\",\"@id\":\"https:\/\/www.salve.si\/leto-b\/bela-nedelja\/#breadcrumb\",\"itemListElement\":[{\"@type\":\"ListItem\",\"position\":1,\"name\":\"Home\",\"item\":\"https:\/\/www.salve.si\/\"},{\"@type\":\"ListItem\",\"position\":2,\"name\":\"BELA NEDELJA\"}]},{\"@type\":\"WebSite\",\"@id\":\"https:\/\/www.salve.si\/#website\",\"url\":\"https:\/\/www.salve.si\/\",\"name\":\"Salve\",\"description\":\"Salezijanska zalo\u017eba\",\"publisher\":{\"@id\":\"https:\/\/www.salve.si\/#organization\"},\"potentialAction\":[{\"@type\":\"SearchAction\",\"target\":{\"@type\":\"EntryPoint\",\"urlTemplate\":\"https:\/\/www.salve.si\/?s={search_term_string}\"},\"query-input\":{\"@type\":\"PropertyValueSpecification\",\"valueRequired\":true,\"valueName\":\"search_term_string\"}}],\"inLanguage\":\"en-US\"},{\"@type\":\"Organization\",\"@id\":\"https:\/\/www.salve.si\/#organization\",\"name\":\"Salve d.o.o.\",\"url\":\"https:\/\/www.salve.si\/\",\"logo\":{\"@type\":\"ImageObject\",\"inLanguage\":\"en-US\",\"@id\":\"https:\/\/www.salve.si\/#\/schema\/logo\/image\/\",\"url\":\"https:\/\/www.salve.si\/wp-content\/uploads\/2021\/01\/Salve_logo_modri_nov_web.png\",\"contentUrl\":\"https:\/\/www.salve.si\/wp-content\/uploads\/2021\/01\/Salve_logo_modri_nov_web.png\",\"width\":279,\"height\":90,\"caption\":\"Salve d.o.o.\"},\"image\":{\"@id\":\"https:\/\/www.salve.si\/#\/schema\/logo\/image\/\"},\"sameAs\":[\"https:\/\/www.facebook.com\/salve.si\",\"https:\/\/www.instagram.com\/zalozbasalve\/\",\"https:\/\/www.linkedin.com\/company\/zalozba-salve\/\"]},{\"@type\":\"Person\",\"@id\":\"https:\/\/www.salve.si\/#\/schema\/person\/732afa2bb4cf5d282e9e1e9f59c96183\",\"name\":\"Matev\u017e Kozinc\"}]}<\/script>\n<!-- \/ Yoast SEO plugin. -->","yoast_head_json":{"title":"BELA NEDELJA - Salve","robots":{"index":"noindex","follow":"follow"},"og_locale":"en_US","og_type":"article","og_title":"BELA NEDELJA - Salve","og_description":"Polo\u017ei prst sem in poglej moje roke! Ko smo razo\u010darani, ranjeni ali jezni, bi radi na\u0161li pravo re\u0161itev za nov za\u010detek. Zgodi pa se ravno obratno: zapremo se vase, se jezimo zaradi napak, ki smo jih naredili, i\u0161\u010demo krivca, se ma\u0161\u010dujemo sami sebi in se zate\u010demo k re\u0161itvam, ki ne vodijo nikamor. Tako je bilo...","og_url":"https:\/\/www.salve.si\/en\/leto-b\/bela-nedelja\/","og_site_name":"Salve","article_publisher":"https:\/\/www.facebook.com\/salve.si","article_published_time":"2024-04-05T06:00:00+00:00","article_modified_time":"2024-04-03T15:46:45+00:00","og_image":[{"width":1200,"height":630,"url":"https:\/\/www.salve.si\/wp-content\/uploads\/2026\/01\/salve-og1.jpg","type":"image\/jpeg"}],"author":"Matev\u017e Kozinc","twitter_card":"summary_large_image","twitter_misc":{"Written by":"Matev\u017e Kozinc","Est. reading time":"5 minutes"},"schema":{"@context":"https:\/\/schema.org","@graph":[{"@type":"Article","@id":"https:\/\/www.salve.si\/leto-b\/bela-nedelja\/#article","isPartOf":{"@id":"https:\/\/www.salve.si\/leto-b\/bela-nedelja\/"},"author":{"name":"Matev\u017e Kozinc","@id":"https:\/\/www.salve.si\/#\/schema\/person\/732afa2bb4cf5d282e9e1e9f59c96183"},"headline":"BELA NEDELJA","datePublished":"2024-04-05T06:00:00+00:00","dateModified":"2024-04-03T15:46:45+00:00","mainEntityOfPage":{"@id":"https:\/\/www.salve.si\/leto-b\/bela-nedelja\/"},"wordCount":902,"commentCount":0,"publisher":{"@id":"https:\/\/www.salve.si\/#organization"},"keywords":["B","nedeljam med letom","nedeljska meditacija","velikono\u010dni \u010das"],"articleSection":["Leto B","Nedeljska meditacija","Velikono\u010dni \u010das"],"inLanguage":"en-US","potentialAction":[{"@type":"CommentAction","name":"Comment","target":["https:\/\/www.salve.si\/leto-b\/bela-nedelja\/#respond"]}]},{"@type":"WebPage","@id":"https:\/\/www.salve.si\/leto-b\/bela-nedelja\/","url":"https:\/\/www.salve.si\/leto-b\/bela-nedelja\/","name":"BELA NEDELJA - Salve","isPartOf":{"@id":"https:\/\/www.salve.si\/#website"},"datePublished":"2024-04-05T06:00:00+00:00","dateModified":"2024-04-03T15:46:45+00:00","breadcrumb":{"@id":"https:\/\/www.salve.si\/leto-b\/bela-nedelja\/#breadcrumb"},"inLanguage":"en-US","potentialAction":[{"@type":"ReadAction","target":["https:\/\/www.salve.si\/leto-b\/bela-nedelja\/"]}]},{"@type":"BreadcrumbList","@id":"https:\/\/www.salve.si\/leto-b\/bela-nedelja\/#breadcrumb","itemListElement":[{"@type":"ListItem","position":1,"name":"Home","item":"https:\/\/www.salve.si\/"},{"@type":"ListItem","position":2,"name":"BELA NEDELJA"}]},{"@type":"WebSite","@id":"https:\/\/www.salve.si\/#website","url":"https:\/\/www.salve.si\/","name":"Salve","description":"Salezijanska zalo\u017eba","publisher":{"@id":"https:\/\/www.salve.si\/#organization"},"potentialAction":[{"@type":"SearchAction","target":{"@type":"EntryPoint","urlTemplate":"https:\/\/www.salve.si\/?s={search_term_string}"},"query-input":{"@type":"PropertyValueSpecification","valueRequired":true,"valueName":"search_term_string"}}],"inLanguage":"en-US"},{"@type":"Organization","@id":"https:\/\/www.salve.si\/#organization","name":"Salve d.o.o.","url":"https:\/\/www.salve.si\/","logo":{"@type":"ImageObject","inLanguage":"en-US","@id":"https:\/\/www.salve.si\/#\/schema\/logo\/image\/","url":"https:\/\/www.salve.si\/wp-content\/uploads\/2021\/01\/Salve_logo_modri_nov_web.png","contentUrl":"https:\/\/www.salve.si\/wp-content\/uploads\/2021\/01\/Salve_logo_modri_nov_web.png","width":279,"height":90,"caption":"Salve d.o.o."},"image":{"@id":"https:\/\/www.salve.si\/#\/schema\/logo\/image\/"},"sameAs":["https:\/\/www.facebook.com\/salve.si","https:\/\/www.instagram.com\/zalozbasalve\/","https:\/\/www.linkedin.com\/company\/zalozba-salve\/"]},{"@type":"Person","@id":"https:\/\/www.salve.si\/#\/schema\/person\/732afa2bb4cf5d282e9e1e9f59c96183","name":"Matev\u017e Kozinc"}]}},"_links":{"self":[{"href":"https:\/\/www.salve.si\/en\/wp-json\/wp\/v2\/posts\/18538","targetHints":{"allow":["GET"]}}],"collection":[{"href":"https:\/\/www.salve.si\/en\/wp-json\/wp\/v2\/posts"}],"about":[{"href":"https:\/\/www.salve.si\/en\/wp-json\/wp\/v2\/types\/post"}],"author":[{"embeddable":true,"href":"https:\/\/www.salve.si\/en\/wp-json\/wp\/v2\/users\/5143"}],"replies":[{"embeddable":true,"href":"https:\/\/www.salve.si\/en\/wp-json\/wp\/v2\/comments?post=18538"}],"version-history":[{"count":2,"href":"https:\/\/www.salve.si\/en\/wp-json\/wp\/v2\/posts\/18538\/revisions"}],"predecessor-version":[{"id":18540,"href":"https:\/\/www.salve.si\/en\/wp-json\/wp\/v2\/posts\/18538\/revisions\/18540"}],"wp:attachment":[{"href":"https:\/\/www.salve.si\/en\/wp-json\/wp\/v2\/media?parent=18538"}],"wp:term":[{"taxonomy":"category","embeddable":true,"href":"https:\/\/www.salve.si\/en\/wp-json\/wp\/v2\/categories?post=18538"},{"taxonomy":"post_tag","embeddable":true,"href":"https:\/\/www.salve.si\/en\/wp-json\/wp\/v2\/tags?post=18538"}],"curies":[{"name":"wp","href":"https:\/\/api.w.org\/{rel}","templated":true}]}}