{"id":17811,"date":"2023-10-31T10:06:51","date_gmt":"2023-10-31T09:06:51","guid":{"rendered":"https:\/\/www.salve.si\/?p=17811"},"modified":"2023-10-31T10:06:52","modified_gmt":"2023-10-31T09:06:52","slug":"sveta-druzina-3","status":"publish","type":"post","link":"https:\/\/www.salve.si\/en\/bozicni-cas\/sveta-druzina-3\/","title":{"rendered":"Sveta dru\u017eina"},"content":{"rendered":"<p><strong>Uresni\u010di svoje sanje!<\/strong><\/p>\n<p>Verjetno ni \u010dloveka, ki ne bi imel sanje o svojem \u017eivljenjskem poslanstvu. Ko sem bil \u0161e otrok, sem bil ne\u0161tetokrat vpra\u0161an: \u00bbKaj bo\u0161 pa ti postal?\u00ab Zelo rad sem ministriral, zato mi je marsikdo rekel: \u00bbTi bo\u0161 pa gotovo duhovnik!\u00ab Jaz sem se samo zasmejal, pa \u010deprav sem od devetega leta naprej imel dovolj jasen na\u010drt, da \u017eelim biti duhovnik. Vmes je pri\u0161lo \u0161e veliko raznih ponudb, pa menjava \u017eupnika, ko sem bil v sedmem razredu. Tako sem \u0161ele takrat spoznal salezijance in se tisto leto udele\u017eil duhovnih vaj v \u017delimljah. Vzdu\u0161je na tej srednji verski \u0161oli je bilo zelo prijetno in odlo\u010ditev, da postanem salezijanec, ni bila te\u017eka. Od prvega navdu\u0161enja pri devetih letih, ko me je v \u010dasu misijona nagovoril misijonar iz reda minoritov, pa do odhoda v \u017delimlje je bil dolg proces uresni\u010devanja za\u010detnih sanj. \u017divljenjske sanje ni mogo\u010de uresni\u010diti od danes do jutri, marsikdo \u010dez \u010das spremeni svoje na\u010drte, ker meni, da je zgre\u0161il, kot se je to zgodilo z nekaterimi mojimi so\u0161olci. Pri izpeljavi svojega na\u010drta mora\u0161 biti zelo konkreten, imeti mora\u0161 dovolj jasne cilje, znati se mora\u0161 organizirati, pogumno stopiti na pot in biti pripravljen sprejeti tudi kak\u0161en kompromis. Jaz sem imel v glavi, da ne bom \u017eupnik in ne bom kak\u0161en graditelj, ker mi zelo ugaja timsko delo. Tudi v mojem \u017eivljenju se je uresni\u010dil pregovor, da se zare\u010denega kruha najve\u010d poje!<\/p>\n<p>Tako kot v mojem osebnem \u017eivljenju, se dogaja skoraj z vsako dru\u017eino: nobena dru\u017eina ni popolna, nikoli se ne uresni\u010di vse, kar smo imeli v na\u010drtu, a pomembno je, da ostanemo zvesti svojim sanjam in jih sku\u0161amo \u010dim bolj natan\u010dno uresni\u010diti.<\/p>\n<p>Simeon in Ana iz dana\u0161njega evangelija sta lep zgled, kako mora\u0161 biti dovolj koraj\u017een in zvest, da sledi\u0161 svojemu srcu. Judovsko okolje, v katerem sta \u017eivela, ni bila idealna podoba naroda, ki ga je Bog izbral za svojega. Ne\u0161tetokrat so se oddaljili od Boga, \u010dastili so tuje bogove, ve\u010dkrat pristali v su\u017enosti in sama sta morala do\u017eiveti, kako je izvoljeni narod postal del velikega rimskega imperija. Velikokrat se je v njunih srcih naselil dvom, da odre\u0161enika ne bo in naj nehata sanjati o tem, da ga bosta videla. Postavljam si vpra\u0161anje: kako to, da Simeon in Ana nista izgubila upanja? Kje sta na\u0161la mo\u010d za svojo vero?<\/p>\n<p>Simeon in Ana sta druga\u010dna od nas, ki ho\u010demo, da se na\u010drt, ki smo ga naredili, takoj uresni\u010di. Mi se zelo hitro naveli\u010damo moliti, prositi in vztrajati na svoji poti. Kako sta Simeon in Ana lahko v dojen\u010dku, ki so ga prinesli v tempelj, da ga obre\u017eejo, mogla prepoznati odre\u0161enika? Ne otrokovi star\u0161i, ne duhovnik, ne kdo drug, jima ni dal kak\u0161no informacijo, da je dojen\u010dek, ki sta ga gledala, zares dolgo pri\u010dakovani odre\u0161enik! Zaupala sta Bogu, zvesta sta ostala svojim sanjam, da bosta videla odre\u0161enika in njune sanje so se uresni\u010dile.<\/p>\n<p>Sku\u0161ajmo odkriti razloge, zakaj so se njune sanje lahko uresni\u010dile. Ne Simeon in ne Ana, nista imela kak\u0161ne osebne interese, ampak sta iskala skupno dobro za svoj narod. Zato je bil sedaj Simeon svoboden, da se lahko lo\u010di od svojega \u017eivljenja, da lahko umre, kajti v tem otroku je videl tistega, ki bo uresni\u010dil njegove sanje o pravi\u010dnosti. Simeon se ni boril proti Rimljanom, kot so se borili \u0161tevilni njegovi sonarodnjaki, a so vsi padli pod me\u010dem. On se ni boril proti sovra\u017enikom, ampak je molil in prosil za mir, za tisti mir, ki ga potrebuje vse \u010dlove\u0161tvo. Zato so bile njegove sanje neke vrste obljuba, njegovo upanje je dobilo konkretno obliko z rojstvom tega otroka. Sam je v svoji hvalnici zapel: \u00bbMoje o\u010di so videle Odre\u0161enika, ki si ga poslal vsem ljudstvom: lu\u010d v razodetje vsem narodom in v slavo Izraela, tvojega ljudstva.\u00ab Kaj se zgodi, ko nekdo i\u0161\u010de dobro? Tisti, ki \u017eelijo slabo, ne mirujejo. Zato se takoj pojavijo la\u017ei, provokacije, metanje polen pod noge, skratka, to, kar je bo\u017eje in pravi\u010dno, je treba uni\u010diti. Vse to bo do\u017eivel ta otrok, o katerem je Simeon bil trdno prepri\u010dan, da je odre\u0161enik.<\/p>\n<p>O prerokinji Ani je re\u010deno, da je samo sedem let pre\u017eivela z mo\u017eem, nato pa je kot vdova do\u010dakala \u0161tiriinosemdeset let. Kot vdova templja ni zapu\u0161\u010dala. Ona simboli\u010dna predstavlja skupnost, ki je izgubila svoje poslanstvo, izgubila je temelj, na katerega se je opirala, izgubila je svojo povezavo z Bogom. V taki skupnosti je te\u017eko biti zvest, v njej je te\u017eko uresni\u010diti svoje sanje. Ana simboli\u010dno predstavlja nekoga, ki se nikoli ne naveli\u010da vztrajati na svoji poti. Kljub \u0161tevilnim porazom, nerazumevanju, prigovarjanju naj se odpove svojemu blodnemu prepri\u010danju o odre\u0161eniku, vendarle vztraja v dobrih delih in se bori za resnico.<\/p>\n<p>V templju je \u0161e ena oseba, ki je zvesta v teh te\u017ekih \u010dasih: Marija. Ona si ne zna predstavljati, kak\u0161en je Bo\u017eji na\u010drt, zato je glede svoje vloge in svojih sanj zelo zmedena. Stalno si postavlja vpra\u0161anja in i\u0161\u010de odgovore. Marija predstavlja skupnost, ki se trudi sprejeti in \u017eiveti evangelij. Zato je Marija oseba, ki se postavi proti splo\u0161nemu prepri\u010danju in miselnosti svojega naroda. Marija je sposobna sprejeti posledice svojih odlo\u010ditev, kajti samo dosledno \u017eivljenje po evangeliju je prava pot. Kristjani, ki se stalno samo prilagajajo razli\u010dnim izzivom in povpra\u0161evanju, niso evangeljski kristjani.<\/p>\n<p>Marija je podoba skupnosti, ki ni samozadostna, ampak je ranljiva. Simeon je rekel Mariji: \u00bbTvojo du\u0161o bo presunil me\u010d!\u00ab Kak\u0161en me\u010d? Me\u010d, ki lo\u010di mater od sina. Ta me\u010d je bil zasajen v njeno srce pod kri\u017eem, ko svojega sina ni mogla ve\u010d objeti. V vsaki skupnosti pride obdobje, ko so medsebojni odnosi pristali na ni\u010dli, ko so \u010dlani osamljeni in ne vedo, kako naprej. In prav tak \u010das je najbolj primeren, da vztrajamo, da smo zvesti, da se ne odpovemo svojim sanjam. Samo ta vztrajnost in zaupanje Bogu je ohranila sveto dru\u017eino, da ni klonila, ampak je postala na\u0161im dru\u017einam vzor za posnemanje.<\/p>\n<p><strong>\u017dupnik Branko Bala\u017eic SDB<\/strong><span class=\"slv-content-keywords\"> Bo\u017ei\u010dni \u010das Leto B Nedeljska meditacija <\/span><\/p>","protected":false},"excerpt":{"rendered":"<p>Uresni\u010di svoje sanje! Verjetno ni \u010dloveka, ki ne bi imel sanje o svojem \u017eivljenjskem poslanstvu. Ko sem bil \u0161e otrok, sem bil ne\u0161tetokrat vpra\u0161an: \u00bbKaj bo\u0161 pa ti postal?\u00ab Zelo rad sem ministriral, zato mi je marsikdo rekel: \u00bbTi bo\u0161 pa gotovo duhovnik!\u00ab Jaz sem se samo zasmejal, pa \u010deprav sem od devetega leta naprej<a href=\"https:\/\/www.salve.si\/en\/bozicni-cas\/sveta-druzina-3\/\">&#8230;<\/a><\/p>","protected":false},"author":1561,"featured_media":0,"comment_status":"open","ping_status":"open","sticky":false,"template":"","format":"standard","meta":{"_acf_changed":false,"footnotes":""},"categories":[655,1035,925],"tags":[650,1096,927],"class_list":["post-17811","post","type-post","status-publish","format-standard","hentry","category-bozicni-cas","category-leto-b","category-nedeljska-meditacija","tag-leto-b","tag-bozicni-cas","tag-nedeljska-meditacija"],"acf":[],"yoast_head":"<!-- This site is optimized with the Yoast SEO plugin v23.8 - https:\/\/yoast.com\/wordpress\/plugins\/seo\/ -->\n<title>Sveta dru\u017eina - Salve<\/title>\n<meta name=\"robots\" content=\"noindex, follow\" \/>\n<meta property=\"og:locale\" content=\"en_US\" \/>\n<meta property=\"og:type\" content=\"article\" \/>\n<meta property=\"og:title\" content=\"Sveta dru\u017eina - Salve\" \/>\n<meta property=\"og:description\" content=\"Uresni\u010di svoje sanje! Verjetno ni \u010dloveka, ki ne bi imel sanje o svojem \u017eivljenjskem poslanstvu. Ko sem bil \u0161e otrok, sem bil ne\u0161tetokrat vpra\u0161an: \u00bbKaj bo\u0161 pa ti postal?\u00ab Zelo rad sem ministriral, zato mi je marsikdo rekel: \u00bbTi bo\u0161 pa gotovo duhovnik!\u00ab Jaz sem se samo zasmejal, pa \u010deprav sem od devetega leta naprej...\" \/>\n<meta property=\"og:url\" content=\"https:\/\/www.salve.si\/en\/bozicni-cas\/sveta-druzina-3\/\" \/>\n<meta property=\"og:site_name\" content=\"Salve\" \/>\n<meta property=\"article:publisher\" content=\"https:\/\/www.facebook.com\/salve.si\" \/>\n<meta property=\"article:published_time\" content=\"2023-10-31T09:06:51+00:00\" \/>\n<meta property=\"article:modified_time\" content=\"2023-10-31T09:06:52+00:00\" \/>\n<meta property=\"og:image\" content=\"https:\/\/www.salve.si\/wp-content\/uploads\/2026\/01\/salve-og1.jpg\" \/>\n\t<meta property=\"og:image:width\" content=\"1200\" \/>\n\t<meta property=\"og:image:height\" content=\"630\" \/>\n\t<meta property=\"og:image:type\" content=\"image\/jpeg\" \/>\n<meta name=\"author\" content=\"Andrej Baliga\u010d\" \/>\n<meta name=\"twitter:card\" content=\"summary_large_image\" \/>\n<meta name=\"twitter:label1\" content=\"Written by\" \/>\n\t<meta name=\"twitter:data1\" content=\"Andrej Baliga\u010d\" \/>\n\t<meta name=\"twitter:label2\" content=\"Est. reading time\" \/>\n\t<meta name=\"twitter:data2\" content=\"6 minutes\" \/>\n<script type=\"application\/ld+json\" class=\"yoast-schema-graph\">{\"@context\":\"https:\/\/schema.org\",\"@graph\":[{\"@type\":\"Article\",\"@id\":\"https:\/\/www.salve.si\/bozicni-cas\/sveta-druzina-3\/#article\",\"isPartOf\":{\"@id\":\"https:\/\/www.salve.si\/bozicni-cas\/sveta-druzina-3\/\"},\"author\":{\"name\":\"Andrej Baliga\u010d\",\"@id\":\"https:\/\/www.salve.si\/#\/schema\/person\/61121950f92f07895dc7ea08dc78ba82\"},\"headline\":\"Sveta dru\u017eina\",\"datePublished\":\"2023-10-31T09:06:51+00:00\",\"dateModified\":\"2023-10-31T09:06:52+00:00\",\"mainEntityOfPage\":{\"@id\":\"https:\/\/www.salve.si\/bozicni-cas\/sveta-druzina-3\/\"},\"wordCount\":1081,\"commentCount\":0,\"publisher\":{\"@id\":\"https:\/\/www.salve.si\/#organization\"},\"keywords\":[\"B\",\"Bo\u017ei\u010dni \u010das\",\"nedeljska meditacija\"],\"articleSection\":[\"Bo\u017ei\u010dni \u010das\",\"Leto B\",\"Nedeljska meditacija\"],\"inLanguage\":\"en-US\",\"potentialAction\":[{\"@type\":\"CommentAction\",\"name\":\"Comment\",\"target\":[\"https:\/\/www.salve.si\/bozicni-cas\/sveta-druzina-3\/#respond\"]}]},{\"@type\":\"WebPage\",\"@id\":\"https:\/\/www.salve.si\/bozicni-cas\/sveta-druzina-3\/\",\"url\":\"https:\/\/www.salve.si\/bozicni-cas\/sveta-druzina-3\/\",\"name\":\"Sveta dru\u017eina - Salve\",\"isPartOf\":{\"@id\":\"https:\/\/www.salve.si\/#website\"},\"datePublished\":\"2023-10-31T09:06:51+00:00\",\"dateModified\":\"2023-10-31T09:06:52+00:00\",\"breadcrumb\":{\"@id\":\"https:\/\/www.salve.si\/bozicni-cas\/sveta-druzina-3\/#breadcrumb\"},\"inLanguage\":\"en-US\",\"potentialAction\":[{\"@type\":\"ReadAction\",\"target\":[\"https:\/\/www.salve.si\/bozicni-cas\/sveta-druzina-3\/\"]}]},{\"@type\":\"BreadcrumbList\",\"@id\":\"https:\/\/www.salve.si\/bozicni-cas\/sveta-druzina-3\/#breadcrumb\",\"itemListElement\":[{\"@type\":\"ListItem\",\"position\":1,\"name\":\"Home\",\"item\":\"https:\/\/www.salve.si\/\"},{\"@type\":\"ListItem\",\"position\":2,\"name\":\"Sveta dru\u017eina\"}]},{\"@type\":\"WebSite\",\"@id\":\"https:\/\/www.salve.si\/#website\",\"url\":\"https:\/\/www.salve.si\/\",\"name\":\"Salve\",\"description\":\"Salezijanska zalo\u017eba\",\"publisher\":{\"@id\":\"https:\/\/www.salve.si\/#organization\"},\"potentialAction\":[{\"@type\":\"SearchAction\",\"target\":{\"@type\":\"EntryPoint\",\"urlTemplate\":\"https:\/\/www.salve.si\/?s={search_term_string}\"},\"query-input\":{\"@type\":\"PropertyValueSpecification\",\"valueRequired\":true,\"valueName\":\"search_term_string\"}}],\"inLanguage\":\"en-US\"},{\"@type\":\"Organization\",\"@id\":\"https:\/\/www.salve.si\/#organization\",\"name\":\"Salve d.o.o.\",\"url\":\"https:\/\/www.salve.si\/\",\"logo\":{\"@type\":\"ImageObject\",\"inLanguage\":\"en-US\",\"@id\":\"https:\/\/www.salve.si\/#\/schema\/logo\/image\/\",\"url\":\"https:\/\/www.salve.si\/wp-content\/uploads\/2021\/01\/Salve_logo_modri_nov_web.png\",\"contentUrl\":\"https:\/\/www.salve.si\/wp-content\/uploads\/2021\/01\/Salve_logo_modri_nov_web.png\",\"width\":279,\"height\":90,\"caption\":\"Salve d.o.o.\"},\"image\":{\"@id\":\"https:\/\/www.salve.si\/#\/schema\/logo\/image\/\"},\"sameAs\":[\"https:\/\/www.facebook.com\/salve.si\",\"https:\/\/www.instagram.com\/zalozbasalve\/\",\"https:\/\/www.linkedin.com\/company\/zalozba-salve\/\"]},{\"@type\":\"Person\",\"@id\":\"https:\/\/www.salve.si\/#\/schema\/person\/61121950f92f07895dc7ea08dc78ba82\",\"name\":\"Andrej Baliga\u010d\",\"sameAs\":[\"https:\/\/www.salve.si\"]}]}<\/script>\n<!-- \/ Yoast SEO plugin. -->","yoast_head_json":{"title":"Sveta dru\u017eina - Salve","robots":{"index":"noindex","follow":"follow"},"og_locale":"en_US","og_type":"article","og_title":"Sveta dru\u017eina - Salve","og_description":"Uresni\u010di svoje sanje! Verjetno ni \u010dloveka, ki ne bi imel sanje o svojem \u017eivljenjskem poslanstvu. Ko sem bil \u0161e otrok, sem bil ne\u0161tetokrat vpra\u0161an: \u00bbKaj bo\u0161 pa ti postal?\u00ab Zelo rad sem ministriral, zato mi je marsikdo rekel: \u00bbTi bo\u0161 pa gotovo duhovnik!\u00ab Jaz sem se samo zasmejal, pa \u010deprav sem od devetega leta naprej...","og_url":"https:\/\/www.salve.si\/en\/bozicni-cas\/sveta-druzina-3\/","og_site_name":"Salve","article_publisher":"https:\/\/www.facebook.com\/salve.si","article_published_time":"2023-10-31T09:06:51+00:00","article_modified_time":"2023-10-31T09:06:52+00:00","og_image":[{"width":1200,"height":630,"url":"https:\/\/www.salve.si\/wp-content\/uploads\/2026\/01\/salve-og1.jpg","type":"image\/jpeg"}],"author":"Andrej Baliga\u010d","twitter_card":"summary_large_image","twitter_misc":{"Written by":"Andrej Baliga\u010d","Est. reading time":"6 minutes"},"schema":{"@context":"https:\/\/schema.org","@graph":[{"@type":"Article","@id":"https:\/\/www.salve.si\/bozicni-cas\/sveta-druzina-3\/#article","isPartOf":{"@id":"https:\/\/www.salve.si\/bozicni-cas\/sveta-druzina-3\/"},"author":{"name":"Andrej Baliga\u010d","@id":"https:\/\/www.salve.si\/#\/schema\/person\/61121950f92f07895dc7ea08dc78ba82"},"headline":"Sveta dru\u017eina","datePublished":"2023-10-31T09:06:51+00:00","dateModified":"2023-10-31T09:06:52+00:00","mainEntityOfPage":{"@id":"https:\/\/www.salve.si\/bozicni-cas\/sveta-druzina-3\/"},"wordCount":1081,"commentCount":0,"publisher":{"@id":"https:\/\/www.salve.si\/#organization"},"keywords":["B","Bo\u017ei\u010dni \u010das","nedeljska meditacija"],"articleSection":["Bo\u017ei\u010dni \u010das","Leto B","Nedeljska meditacija"],"inLanguage":"en-US","potentialAction":[{"@type":"CommentAction","name":"Comment","target":["https:\/\/www.salve.si\/bozicni-cas\/sveta-druzina-3\/#respond"]}]},{"@type":"WebPage","@id":"https:\/\/www.salve.si\/bozicni-cas\/sveta-druzina-3\/","url":"https:\/\/www.salve.si\/bozicni-cas\/sveta-druzina-3\/","name":"Sveta dru\u017eina - Salve","isPartOf":{"@id":"https:\/\/www.salve.si\/#website"},"datePublished":"2023-10-31T09:06:51+00:00","dateModified":"2023-10-31T09:06:52+00:00","breadcrumb":{"@id":"https:\/\/www.salve.si\/bozicni-cas\/sveta-druzina-3\/#breadcrumb"},"inLanguage":"en-US","potentialAction":[{"@type":"ReadAction","target":["https:\/\/www.salve.si\/bozicni-cas\/sveta-druzina-3\/"]}]},{"@type":"BreadcrumbList","@id":"https:\/\/www.salve.si\/bozicni-cas\/sveta-druzina-3\/#breadcrumb","itemListElement":[{"@type":"ListItem","position":1,"name":"Home","item":"https:\/\/www.salve.si\/"},{"@type":"ListItem","position":2,"name":"Sveta dru\u017eina"}]},{"@type":"WebSite","@id":"https:\/\/www.salve.si\/#website","url":"https:\/\/www.salve.si\/","name":"Salve","description":"Salezijanska zalo\u017eba","publisher":{"@id":"https:\/\/www.salve.si\/#organization"},"potentialAction":[{"@type":"SearchAction","target":{"@type":"EntryPoint","urlTemplate":"https:\/\/www.salve.si\/?s={search_term_string}"},"query-input":{"@type":"PropertyValueSpecification","valueRequired":true,"valueName":"search_term_string"}}],"inLanguage":"en-US"},{"@type":"Organization","@id":"https:\/\/www.salve.si\/#organization","name":"Salve d.o.o.","url":"https:\/\/www.salve.si\/","logo":{"@type":"ImageObject","inLanguage":"en-US","@id":"https:\/\/www.salve.si\/#\/schema\/logo\/image\/","url":"https:\/\/www.salve.si\/wp-content\/uploads\/2021\/01\/Salve_logo_modri_nov_web.png","contentUrl":"https:\/\/www.salve.si\/wp-content\/uploads\/2021\/01\/Salve_logo_modri_nov_web.png","width":279,"height":90,"caption":"Salve d.o.o."},"image":{"@id":"https:\/\/www.salve.si\/#\/schema\/logo\/image\/"},"sameAs":["https:\/\/www.facebook.com\/salve.si","https:\/\/www.instagram.com\/zalozbasalve\/","https:\/\/www.linkedin.com\/company\/zalozba-salve\/"]},{"@type":"Person","@id":"https:\/\/www.salve.si\/#\/schema\/person\/61121950f92f07895dc7ea08dc78ba82","name":"Andrej Baliga\u010d","sameAs":["https:\/\/www.salve.si"]}]}},"_links":{"self":[{"href":"https:\/\/www.salve.si\/en\/wp-json\/wp\/v2\/posts\/17811","targetHints":{"allow":["GET"]}}],"collection":[{"href":"https:\/\/www.salve.si\/en\/wp-json\/wp\/v2\/posts"}],"about":[{"href":"https:\/\/www.salve.si\/en\/wp-json\/wp\/v2\/types\/post"}],"author":[{"embeddable":true,"href":"https:\/\/www.salve.si\/en\/wp-json\/wp\/v2\/users\/1561"}],"replies":[{"embeddable":true,"href":"https:\/\/www.salve.si\/en\/wp-json\/wp\/v2\/comments?post=17811"}],"version-history":[{"count":2,"href":"https:\/\/www.salve.si\/en\/wp-json\/wp\/v2\/posts\/17811\/revisions"}],"predecessor-version":[{"id":17813,"href":"https:\/\/www.salve.si\/en\/wp-json\/wp\/v2\/posts\/17811\/revisions\/17813"}],"wp:attachment":[{"href":"https:\/\/www.salve.si\/en\/wp-json\/wp\/v2\/media?parent=17811"}],"wp:term":[{"taxonomy":"category","embeddable":true,"href":"https:\/\/www.salve.si\/en\/wp-json\/wp\/v2\/categories?post=17811"},{"taxonomy":"post_tag","embeddable":true,"href":"https:\/\/www.salve.si\/en\/wp-json\/wp\/v2\/tags?post=17811"}],"curies":[{"name":"wp","href":"https:\/\/api.w.org\/{rel}","templated":true}]}}