{"id":17805,"date":"2023-10-31T10:04:31","date_gmt":"2023-10-31T09:04:31","guid":{"rendered":"https:\/\/www.salve.si\/?p=17805"},"modified":"2023-10-31T10:04:32","modified_gmt":"2023-10-31T09:04:32","slug":"4-adventna-nedelja-4","status":"publish","type":"post","link":"https:\/\/www.salve.si\/en\/adventni-cas\/4-adventna-nedelja-4\/","title":{"rendered":"4. adventna nedelja"},"content":{"rendered":"<p><strong>Bogu ni ni\u010d nemogo\u010de<\/strong><\/p>\n<p>Na\u0161e \u017eivljenje je pre\u017eeto s \u0161tevilnimi obljubami in kak\u0161no od njih vzamemo zelo resno, ker predstavlja nekaj, kar naj bi bila na\u0161a prihodnost. Obljube so vedno povezane z \u017eivljenjem. Obljube tvojih doma\u010dih in prijateljev najdejo prostor v tvojem srcu, ne more\u0161 jih pozabiti, nasprotno, pri\u010dakuje\u0161, da se bodo uresni\u010dile. Veliko je neresnih obljub in ko se srce izprazni, ko ni ve\u010d obljub, se ustavimo, ne moremo naprej. Vsakdo potrebuje sanje, ki nekaj obljubljajo in nam dajejo mo\u010d, da na\u0161a vera v lep\u0161o prihodnost ne ugasne. In vendar, koliko obljub se ne uresni\u010di, vse ostane le pri besedah in smo razo\u010darani.<\/p>\n<p>V dana\u0161njem evangeliju nam je Luka govoril o nadangelu Gabrijelu, ki je pri\u0161el k Mariji z veliko obljubo: \u00bbGlej, spo\u010dela bo\u0161 in rodila bo\u0161 sina, in daj mu ime Jezus!\u00ab Marija se je prestra\u0161ila, ni razumela sporo\u010dila, \u017eelela je dobiti bolj natan\u010dno razlago: \u00bbKako se bo to zgodilo, saj sem \u017ee zaro\u010dena z Jo\u017eefom!\u00ab Bo\u017eje sporo\u010dilo je bilo podobno sanjam, ki se ne morejo uresni\u010diti. Kako lahko verjame\u0161 v nekaj, kar je pred teboj kot velika utopija, kot nemogo\u010de? To je nekaj mesecev prej \u010dutil Zaharija, ki ga je \u017ereb izbral, da bo v templju pri\u017egal kadilo. V tem slovesnem trenutku pa je prejel sporo\u010dilo, da bo njegova \u017eena Elizabeta, ki je bila \u017ee v letih in povrhu \u0161e nerodovitna, rodila otroka. To je nemogo\u010de, \u010dista neumnost. Kdo bo to verjel. Ni mogel verjeti in Bog ga je kaznoval z izgubo glasu, dokler se napoved ne bo uresni\u010dila.<\/p>\n<p>Z Marijo je bilo druga\u010de. Ona je bila preprosta \u017eena, ki ni nikoli podvomila v Bo\u017eje obljube. Verjela je, da Bogu ni ni\u010d nemogo\u010de, zato je nadangelu Gabrijelu odgovorila: \u00bbGlej, dekla sem Gospodova, zgodi se mi po tvoji besedi!\u00ab<\/p>\n<p>Izzivi so potrebni, posebno tedaj, ko nam zadeve niso \u010disto jasne. Mariji se je Bo\u017eja obljuba zdela bolj podobna smrti kot napovedi novega \u017eivljenja. Da bi lahko pri\u0161lo do novega rojstva, se je morala Marija odpovedati vsem na\u010drtom, ki sta si jih z Jo\u017eefom naredila, kar pomeni, da je morala najprej umreti. Med napovedjo in rojstvo so bili strogi zakoni in novi odnosi.\u00a0 Po judovski zakonodaji jo je \u010dakala smrt s kamenjanjem. Kako se bo napoved uresni\u010dila ni bilo odvisno le od nje. Ona je lahko izpolnila le svoj del: verjela je, da je pri Bogu vse mogo\u010de.<\/p>\n<p>Kdor ho\u010de imeti vse pod kontrolo ni sposoben imeti tako mo\u010dno vero, ki je sposobna prestavljati gore. V prvem berilu smo sli\u0161ali, kako je kralj David \u017eelel imeti vse pod kontrolo. \u017divel je v nekem iluzornem prepri\u010danju, da ima lahko pod kontrolo tudi Boga. Bo\u017eja skrinja je bila v \u0161otoru, on pa je bival v cedrovi pala\u010di, zato je sklenil, da bo Bogu zgradil primerno stanovanje. Po preroku Natanu je dobil odgovor: \u00bbMi bo\u0161 mar ti zidal hi\u0161o za stanovanje? Jaz sem te vzel s pa\u0161nika izza drobnice, da bi bil vladar mojemu ljudstvu!\u00ab \u010clovekova domi\u0161ljija nima meja: David je imel mo\u010d, bil je vladar in si je domi\u0161ljal, da mu je vse dovoljeno! David je hotel Boga postaviti pred svojo obljubo, namesto da bi se potrudil in sledil Bo\u017ejemu na\u010drtu. Boga ni mogo\u010de vkleniti, ker njegova ljubezen nima meja, je brezpogojna. On nam veliko obljublja in pri\u010dakuje, da mu bomo verjeli in mu zaupali. On \u017eeli spremljati nas in ne obratno, da bi mi spremljali njega. Mi Bogu ne moremo ni\u010desar dodati, ker je on \u017ee popoln!<\/p>\n<p>Prave, \u017eivljenjske obljube se morajo uresni\u010diti, sicer ostane vse samo nekoristno \u010dvekanje. Seme mora obroditi sadove, iz oblakov pri\u010dakujemo primeren de\u017e, da lahko vse ozeleni. Tudi z Bo\u017ejimi obljubami je tako: napoved odre\u0161enika se mora uresni\u010diti. Marija je verjela Bogu in Bog je izpolnil svoj del, kar bomo praznovali na bo\u017ei\u010d. Bo\u017eje usmiljenje se je uresni\u010dilo z rojstvom Jezusa Kristusa. S tem pa se Bo\u017eja obljuba ni ustavila: Jezus je postal Emanuel \u2013 Bog, ki je z nami in ki bo ostal z nami do kon\u010dnega prihoda ob koncu sveta. Sedaj je navzo\u010d med nami po svoji Besedi in v sveti evharistiji. Nadangel Gabrijel je od\u0161el od Marije, njegova beseda pa je ostala in jo bomo ponavljali ter uresni\u010devali, dokler se ne sre\u010damo z Bogom v nebe\u0161kem kraljestvu. Bo\u017eje kraljestvo je zadnja obljuba in uresni\u010ditev polnosti slehernega \u017eivljenja.<\/p>\n<p><strong>\u017dupnik Branko Bala\u017eic SDB<\/strong><\/p><p><\/p><span class=\"slv-content-keywords\"> Adventni \u010das Leto B Nedeljska meditacija <\/span>","protected":false},"excerpt":{"rendered":"<p>Bogu ni ni\u010d nemogo\u010de Na\u0161e \u017eivljenje je pre\u017eeto s \u0161tevilnimi obljubami in kak\u0161no od njih vzamemo zelo resno, ker predstavlja nekaj, kar naj bi bila na\u0161a prihodnost. Obljube so vedno povezane z \u017eivljenjem. Obljube tvojih doma\u010dih in prijateljev najdejo prostor v tvojem srcu, ne more\u0161 jih pozabiti, nasprotno, pri\u010dakuje\u0161, da se bodo uresni\u010dile. Veliko je<a href=\"https:\/\/www.salve.si\/en\/adventni-cas\/4-adventna-nedelja-4\/\">&#8230;<\/a><\/p>","protected":false},"author":1561,"featured_media":0,"comment_status":"open","ping_status":"open","sticky":false,"template":"","format":"standard","meta":{"_acf_changed":false,"footnotes":""},"categories":[656,1035,925],"tags":[926,650,927],"class_list":["post-17805","post","type-post","status-publish","format-standard","hentry","category-adventni-cas","category-leto-b","category-nedeljska-meditacija","tag-advent","tag-leto-b","tag-nedeljska-meditacija"],"acf":[],"yoast_head":"<!-- This site is optimized with the Yoast SEO plugin v23.8 - https:\/\/yoast.com\/wordpress\/plugins\/seo\/ -->\n<title>4. adventna nedelja - Salve<\/title>\n<meta name=\"robots\" content=\"noindex, follow\" \/>\n<meta property=\"og:locale\" content=\"en_US\" \/>\n<meta property=\"og:type\" content=\"article\" \/>\n<meta property=\"og:title\" content=\"4. adventna nedelja - Salve\" \/>\n<meta property=\"og:description\" content=\"Bogu ni ni\u010d nemogo\u010de Na\u0161e \u017eivljenje je pre\u017eeto s \u0161tevilnimi obljubami in kak\u0161no od njih vzamemo zelo resno, ker predstavlja nekaj, kar naj bi bila na\u0161a prihodnost. Obljube so vedno povezane z \u017eivljenjem. Obljube tvojih doma\u010dih in prijateljev najdejo prostor v tvojem srcu, ne more\u0161 jih pozabiti, nasprotno, pri\u010dakuje\u0161, da se bodo uresni\u010dile. Veliko je...\" \/>\n<meta property=\"og:url\" content=\"https:\/\/www.salve.si\/en\/adventni-cas\/4-adventna-nedelja-4\/\" \/>\n<meta property=\"og:site_name\" content=\"Salve\" \/>\n<meta property=\"article:publisher\" content=\"https:\/\/www.facebook.com\/salve.si\" \/>\n<meta property=\"article:published_time\" content=\"2023-10-31T09:04:31+00:00\" \/>\n<meta property=\"article:modified_time\" content=\"2023-10-31T09:04:32+00:00\" \/>\n<meta property=\"og:image\" content=\"https:\/\/www.salve.si\/wp-content\/uploads\/2026\/01\/salve-og1.jpg\" \/>\n\t<meta property=\"og:image:width\" content=\"1200\" \/>\n\t<meta property=\"og:image:height\" content=\"630\" \/>\n\t<meta property=\"og:image:type\" content=\"image\/jpeg\" \/>\n<meta name=\"author\" content=\"Andrej Baliga\u010d\" \/>\n<meta name=\"twitter:card\" content=\"summary_large_image\" \/>\n<meta name=\"twitter:label1\" content=\"Written by\" \/>\n\t<meta name=\"twitter:data1\" content=\"Andrej Baliga\u010d\" \/>\n\t<meta name=\"twitter:label2\" content=\"Est. reading time\" \/>\n\t<meta name=\"twitter:data2\" content=\"4 minutes\" \/>\n<script type=\"application\/ld+json\" class=\"yoast-schema-graph\">{\"@context\":\"https:\/\/schema.org\",\"@graph\":[{\"@type\":\"Article\",\"@id\":\"https:\/\/www.salve.si\/adventni-cas\/4-adventna-nedelja-4\/#article\",\"isPartOf\":{\"@id\":\"https:\/\/www.salve.si\/adventni-cas\/4-adventna-nedelja-4\/\"},\"author\":{\"name\":\"Andrej Baliga\u010d\",\"@id\":\"https:\/\/www.salve.si\/#\/schema\/person\/61121950f92f07895dc7ea08dc78ba82\"},\"headline\":\"4. adventna nedelja\",\"datePublished\":\"2023-10-31T09:04:31+00:00\",\"dateModified\":\"2023-10-31T09:04:32+00:00\",\"mainEntityOfPage\":{\"@id\":\"https:\/\/www.salve.si\/adventni-cas\/4-adventna-nedelja-4\/\"},\"wordCount\":785,\"commentCount\":0,\"publisher\":{\"@id\":\"https:\/\/www.salve.si\/#organization\"},\"keywords\":[\"advent\",\"B\",\"nedeljska meditacija\"],\"articleSection\":[\"Adventni \u010das\",\"Leto B\",\"Nedeljska meditacija\"],\"inLanguage\":\"en-US\",\"potentialAction\":[{\"@type\":\"CommentAction\",\"name\":\"Comment\",\"target\":[\"https:\/\/www.salve.si\/adventni-cas\/4-adventna-nedelja-4\/#respond\"]}]},{\"@type\":\"WebPage\",\"@id\":\"https:\/\/www.salve.si\/adventni-cas\/4-adventna-nedelja-4\/\",\"url\":\"https:\/\/www.salve.si\/adventni-cas\/4-adventna-nedelja-4\/\",\"name\":\"4. adventna nedelja - Salve\",\"isPartOf\":{\"@id\":\"https:\/\/www.salve.si\/#website\"},\"datePublished\":\"2023-10-31T09:04:31+00:00\",\"dateModified\":\"2023-10-31T09:04:32+00:00\",\"breadcrumb\":{\"@id\":\"https:\/\/www.salve.si\/adventni-cas\/4-adventna-nedelja-4\/#breadcrumb\"},\"inLanguage\":\"en-US\",\"potentialAction\":[{\"@type\":\"ReadAction\",\"target\":[\"https:\/\/www.salve.si\/adventni-cas\/4-adventna-nedelja-4\/\"]}]},{\"@type\":\"BreadcrumbList\",\"@id\":\"https:\/\/www.salve.si\/adventni-cas\/4-adventna-nedelja-4\/#breadcrumb\",\"itemListElement\":[{\"@type\":\"ListItem\",\"position\":1,\"name\":\"Home\",\"item\":\"https:\/\/www.salve.si\/\"},{\"@type\":\"ListItem\",\"position\":2,\"name\":\"4. adventna nedelja\"}]},{\"@type\":\"WebSite\",\"@id\":\"https:\/\/www.salve.si\/#website\",\"url\":\"https:\/\/www.salve.si\/\",\"name\":\"Salve\",\"description\":\"Salezijanska zalo\u017eba\",\"publisher\":{\"@id\":\"https:\/\/www.salve.si\/#organization\"},\"potentialAction\":[{\"@type\":\"SearchAction\",\"target\":{\"@type\":\"EntryPoint\",\"urlTemplate\":\"https:\/\/www.salve.si\/?s={search_term_string}\"},\"query-input\":{\"@type\":\"PropertyValueSpecification\",\"valueRequired\":true,\"valueName\":\"search_term_string\"}}],\"inLanguage\":\"en-US\"},{\"@type\":\"Organization\",\"@id\":\"https:\/\/www.salve.si\/#organization\",\"name\":\"Salve d.o.o.\",\"url\":\"https:\/\/www.salve.si\/\",\"logo\":{\"@type\":\"ImageObject\",\"inLanguage\":\"en-US\",\"@id\":\"https:\/\/www.salve.si\/#\/schema\/logo\/image\/\",\"url\":\"https:\/\/www.salve.si\/wp-content\/uploads\/2021\/01\/Salve_logo_modri_nov_web.png\",\"contentUrl\":\"https:\/\/www.salve.si\/wp-content\/uploads\/2021\/01\/Salve_logo_modri_nov_web.png\",\"width\":279,\"height\":90,\"caption\":\"Salve d.o.o.\"},\"image\":{\"@id\":\"https:\/\/www.salve.si\/#\/schema\/logo\/image\/\"},\"sameAs\":[\"https:\/\/www.facebook.com\/salve.si\",\"https:\/\/www.instagram.com\/zalozbasalve\/\",\"https:\/\/www.linkedin.com\/company\/zalozba-salve\/\"]},{\"@type\":\"Person\",\"@id\":\"https:\/\/www.salve.si\/#\/schema\/person\/61121950f92f07895dc7ea08dc78ba82\",\"name\":\"Andrej Baliga\u010d\",\"sameAs\":[\"https:\/\/www.salve.si\"]}]}<\/script>\n<!-- \/ Yoast SEO plugin. -->","yoast_head_json":{"title":"4. adventna nedelja - Salve","robots":{"index":"noindex","follow":"follow"},"og_locale":"en_US","og_type":"article","og_title":"4. adventna nedelja - Salve","og_description":"Bogu ni ni\u010d nemogo\u010de Na\u0161e \u017eivljenje je pre\u017eeto s \u0161tevilnimi obljubami in kak\u0161no od njih vzamemo zelo resno, ker predstavlja nekaj, kar naj bi bila na\u0161a prihodnost. Obljube so vedno povezane z \u017eivljenjem. Obljube tvojih doma\u010dih in prijateljev najdejo prostor v tvojem srcu, ne more\u0161 jih pozabiti, nasprotno, pri\u010dakuje\u0161, da se bodo uresni\u010dile. Veliko je...","og_url":"https:\/\/www.salve.si\/en\/adventni-cas\/4-adventna-nedelja-4\/","og_site_name":"Salve","article_publisher":"https:\/\/www.facebook.com\/salve.si","article_published_time":"2023-10-31T09:04:31+00:00","article_modified_time":"2023-10-31T09:04:32+00:00","og_image":[{"width":1200,"height":630,"url":"https:\/\/www.salve.si\/wp-content\/uploads\/2026\/01\/salve-og1.jpg","type":"image\/jpeg"}],"author":"Andrej Baliga\u010d","twitter_card":"summary_large_image","twitter_misc":{"Written by":"Andrej Baliga\u010d","Est. reading time":"4 minutes"},"schema":{"@context":"https:\/\/schema.org","@graph":[{"@type":"Article","@id":"https:\/\/www.salve.si\/adventni-cas\/4-adventna-nedelja-4\/#article","isPartOf":{"@id":"https:\/\/www.salve.si\/adventni-cas\/4-adventna-nedelja-4\/"},"author":{"name":"Andrej Baliga\u010d","@id":"https:\/\/www.salve.si\/#\/schema\/person\/61121950f92f07895dc7ea08dc78ba82"},"headline":"4. adventna nedelja","datePublished":"2023-10-31T09:04:31+00:00","dateModified":"2023-10-31T09:04:32+00:00","mainEntityOfPage":{"@id":"https:\/\/www.salve.si\/adventni-cas\/4-adventna-nedelja-4\/"},"wordCount":785,"commentCount":0,"publisher":{"@id":"https:\/\/www.salve.si\/#organization"},"keywords":["advent","B","nedeljska meditacija"],"articleSection":["Adventni \u010das","Leto B","Nedeljska meditacija"],"inLanguage":"en-US","potentialAction":[{"@type":"CommentAction","name":"Comment","target":["https:\/\/www.salve.si\/adventni-cas\/4-adventna-nedelja-4\/#respond"]}]},{"@type":"WebPage","@id":"https:\/\/www.salve.si\/adventni-cas\/4-adventna-nedelja-4\/","url":"https:\/\/www.salve.si\/adventni-cas\/4-adventna-nedelja-4\/","name":"4. adventna nedelja - Salve","isPartOf":{"@id":"https:\/\/www.salve.si\/#website"},"datePublished":"2023-10-31T09:04:31+00:00","dateModified":"2023-10-31T09:04:32+00:00","breadcrumb":{"@id":"https:\/\/www.salve.si\/adventni-cas\/4-adventna-nedelja-4\/#breadcrumb"},"inLanguage":"en-US","potentialAction":[{"@type":"ReadAction","target":["https:\/\/www.salve.si\/adventni-cas\/4-adventna-nedelja-4\/"]}]},{"@type":"BreadcrumbList","@id":"https:\/\/www.salve.si\/adventni-cas\/4-adventna-nedelja-4\/#breadcrumb","itemListElement":[{"@type":"ListItem","position":1,"name":"Home","item":"https:\/\/www.salve.si\/"},{"@type":"ListItem","position":2,"name":"4. adventna nedelja"}]},{"@type":"WebSite","@id":"https:\/\/www.salve.si\/#website","url":"https:\/\/www.salve.si\/","name":"Salve","description":"Salezijanska zalo\u017eba","publisher":{"@id":"https:\/\/www.salve.si\/#organization"},"potentialAction":[{"@type":"SearchAction","target":{"@type":"EntryPoint","urlTemplate":"https:\/\/www.salve.si\/?s={search_term_string}"},"query-input":{"@type":"PropertyValueSpecification","valueRequired":true,"valueName":"search_term_string"}}],"inLanguage":"en-US"},{"@type":"Organization","@id":"https:\/\/www.salve.si\/#organization","name":"Salve d.o.o.","url":"https:\/\/www.salve.si\/","logo":{"@type":"ImageObject","inLanguage":"en-US","@id":"https:\/\/www.salve.si\/#\/schema\/logo\/image\/","url":"https:\/\/www.salve.si\/wp-content\/uploads\/2021\/01\/Salve_logo_modri_nov_web.png","contentUrl":"https:\/\/www.salve.si\/wp-content\/uploads\/2021\/01\/Salve_logo_modri_nov_web.png","width":279,"height":90,"caption":"Salve d.o.o."},"image":{"@id":"https:\/\/www.salve.si\/#\/schema\/logo\/image\/"},"sameAs":["https:\/\/www.facebook.com\/salve.si","https:\/\/www.instagram.com\/zalozbasalve\/","https:\/\/www.linkedin.com\/company\/zalozba-salve\/"]},{"@type":"Person","@id":"https:\/\/www.salve.si\/#\/schema\/person\/61121950f92f07895dc7ea08dc78ba82","name":"Andrej Baliga\u010d","sameAs":["https:\/\/www.salve.si"]}]}},"_links":{"self":[{"href":"https:\/\/www.salve.si\/en\/wp-json\/wp\/v2\/posts\/17805","targetHints":{"allow":["GET"]}}],"collection":[{"href":"https:\/\/www.salve.si\/en\/wp-json\/wp\/v2\/posts"}],"about":[{"href":"https:\/\/www.salve.si\/en\/wp-json\/wp\/v2\/types\/post"}],"author":[{"embeddable":true,"href":"https:\/\/www.salve.si\/en\/wp-json\/wp\/v2\/users\/1561"}],"replies":[{"embeddable":true,"href":"https:\/\/www.salve.si\/en\/wp-json\/wp\/v2\/comments?post=17805"}],"version-history":[{"count":2,"href":"https:\/\/www.salve.si\/en\/wp-json\/wp\/v2\/posts\/17805\/revisions"}],"predecessor-version":[{"id":17807,"href":"https:\/\/www.salve.si\/en\/wp-json\/wp\/v2\/posts\/17805\/revisions\/17807"}],"wp:attachment":[{"href":"https:\/\/www.salve.si\/en\/wp-json\/wp\/v2\/media?parent=17805"}],"wp:term":[{"taxonomy":"category","embeddable":true,"href":"https:\/\/www.salve.si\/en\/wp-json\/wp\/v2\/categories?post=17805"},{"taxonomy":"post_tag","embeddable":true,"href":"https:\/\/www.salve.si\/en\/wp-json\/wp\/v2\/tags?post=17805"}],"curies":[{"name":"wp","href":"https:\/\/api.w.org\/{rel}","templated":true}]}}