{"id":17799,"date":"2023-10-31T10:02:17","date_gmt":"2023-10-31T09:02:17","guid":{"rendered":"https:\/\/www.salve.si\/?p=17799"},"modified":"2023-10-31T10:02:18","modified_gmt":"2023-10-31T09:02:18","slug":"2-adventna-nedelja-4","status":"publish","type":"post","link":"https:\/\/www.salve.si\/en\/adventni-cas\/2-adventna-nedelja-4\/","title":{"rendered":"2. adventna nedelja"},"content":{"rendered":"<p><strong>Spet smo na za\u010detku<\/strong><\/p>\n<p>Mlaj\u0161a generacija verjetno dobro pozna Hemingwayevo delo Starec in morje, za katero je prejel Nobelovo nagrado. Pisatelj nam predstavi starega kubanskega ribi\u010da Santiaga, ki \u017ee 84 dni ni ujel nobene ribe. Ostali prebivalci majhne ribi\u0161ke vasi se mu zato posmehujejo, na njegovi strani je le de\u010dek Manolin, ki je s Santiagom lovil prvih 40 dni, nato pa so ga star\u0161i poslali k ribi\u010dem, ki so imeli ve\u010d sre\u010de. A stari ribi\u010d se ne da\u2026 Zgodba o ribi\u010du Santiagu, ki naslednji dan dale\u010d na morju ujame ribo me\u010darico, ni samo tenko\u010dutna pripoved o izjemni mo\u010di ribi\u010deve volje, ampak alegorija protislovja med \u017eeljo po \u017eivljenju in boju ter staranjem in onemoglostjo. Starec se sre\u010da z \u017eivljenjem in neskon\u010dnim morjem; mo\u010d se spopade z nemo\u010djo; spokojnost z divjo nevarnostjo. \u010ceprav Santiago od ulova in tridnevnega boja z ribo velikanko nima ni\u010d, saj so mu plen po\u017erli morski psi, ni zagrenjen. Ve, da je napravil napako, ko se je odpravil tako dale\u010d na odprto morje, in odlo\u010den je, da gre naslednje jutro spet lovit. Kljub \u017ealostnemu koncu starec vztraja, Hemingway pa brez velikih besed bralcem naro\u010da, da se ne smejo vdati, ne glede na to, kaj se jim zgodi v \u017eivljenju.<\/p>\n<p>Za vsako potovanje je zna\u010dilen njegov za\u010detek: Kapitan mora pospraviti svoje vrvi s katerimi je bila ladja pripeta k pomolu; romar si mora na za\u010detku potovanja dolo\u010diti svoj cilj. Od \u010dasa do \u010dasa pa smo kot pribiti k tlom in nismo sposobni narediti naslednjega koraka. Po\u010dutimo se izgubljene in pred seboj ne vidimo nobenega cilja. Gora se nam zdi previsoka in cilj na na\u0161i cesti je predale\u010d. Obstali smo, toda na\u0161e srce je nezadovoljno.<\/p>\n<p>Zato nas evangelist Marko danes spodbuja takole: \u00bbZa\u010detek evangelija Jezusa Kristusa Bo\u017ejega Sina!\u00ab In njegov evangelij je vesela novica, tako smo se u\u010dili pri verouku. Pred nami je prava pot in cilj, ki ga \u017eelimo dose\u010di, je jasen. \u010ce se nam zdi, da smo v svojem \u017eivljenju \u017ee vse dosegli, potem zaprimo to knjigo, ker nam ne prina\u0161a ni\u010d novega.<\/p>\n<p>Na za\u010detku poti marsikaj ni jasno. To vsakdo od nas dobro ve. Treba je nekaj \u010dasa korakati, treba se je nau\u010diti brati za vrsticami in \u0161ele \u010dez \u010das dojamemo zgodbo, ki je pred nami. Marko pa pove \u017ee v prvi vrstici, da nas bo hoja po tej poti pripeljala do Kristusa. Branje evangelija ni podobno kak\u0161nemu nezanesljivemu potovanju, tukaj ne gre za kak\u0161no tombolo, na kateri se sre\u010da nasmehne samo enemu. Jezus pri\u010dakuje vsakega od nas. To je vesela novica tudi za tiste, ki jim je dru\u017eba odvzela sleherno pravico za po\u0161teno, dostojno \u017eivljenje. Zato nih\u010de od nas ni vagabund: za vsakega od nas je jasen cilj.<\/p>\n<p>Advent se za\u010dne z Jezusom. On je nov za\u010detek. Kak\u0161en krat je edini vzrok, da se ne premaknemo naprej, ker ne vidimo pravega smisla, da bi se gibali, ker je v nas vse ugasnilo, ker ni ve\u010d pravega hrepenenja po \u010dem novem. No\u010dno nebo je preve\u010d \u010drno, brez sleherne zvezde, ki bi ji lahko sledili, po kateri bi se lahko orientirali. Advent je nov za\u010detek z Jezusom, je povabilo, da se ponovno lotimo branja svojega \u017eivljenja in \u017eivljenja na\u0161ih bli\u017enjih na nov na\u010din. In vsaka nova zgodba ima svoj za\u010detek, kajti nova zgodba se ne more za\u010deti sredi stare vrstice. Treba je iti na za\u010detek.<\/p>\n<p>Tak\u0161na je bila zgodba preroka Izaija v babilonski su\u017enosti: ljudstvo je bilo brez volje, da bi se vrnili in na novo pozidali jeruzalemski tempelj. Kdor se vrne iz pregnanstva, kdor je bil dale\u010d od pravega \u017eivljenja, se boji vrnitve in za\u010detka nove zgodbe, ker ima v svoji glavi sliko ru\u0161evin, ki jim ni videti konca. Zato prerok Izaija tola\u017ei ljudstvo: \u00bbPovzpni se na visoko goro, znanilec veselja, Sion, mo\u010dno povzdigni svoj glas, znanilec veselja, Jeruzalem, povzdigni ga, ne boj se! Povej Judovim mestom: &#8216;Glejte, va\u0161 Bog! Glejte, Gospod Bog prihaja z mo\u010djo!&#8217;\u00ab<\/p>\n<p>Na vsakem za\u010detku mora biti mo\u010dno znamenje, simbol, ki nas spremlja, sicer bo ostalo le pri lepih \u017eeljah, ki se ne bodo uresni\u010dile. Zato nas Janez Krstnik vabi k spreobrnjenju, kar ni le v spremembi mi\u0161ljenja, ampak je treba stopi v reko Jordan, se o\u010distiti, odstraniti vse, kar je staro in pre\u017eivelo in stopiti na pot kot novi \u010dlovek. Tak\u0161no je vsako rojstvo in zato otrok, ki pride na svet zajoka, ker je pri\u0161el v tuji svet, ki ga \u0161e ne pozna. Veselje, da smo za\u010deli nekaj novega hitro zamenja strah pred tem, kaj vse je pred nami. Zato je vsak krst dvojni dogodek: smrt vsega, kar je bilo in hkrati rojstvo ne\u010desa novega.<\/p>\n<p>Za\u010detek je prva stopnica nove zgodbe, ki \u0161e nima nobene preteklosti. Janez Krstnik je kr\u0161\u010deval na pragu, kjer je izvoljeni narod na svojem potovanju iz egiptovske su\u017enosti ob prestopu Jordana vstopil v obljubljeno de\u017eelo. Janez nam nakazuje nov za\u010detek, vendar ta za\u010detek ni on, kajti on je Jezusov predhodnik, tisti, ki mu je pripravljal pot. Janez Krstnik je v vlogi Mojzesa, ki ni vstopil v obljubljeno de\u017eelo, kajti ta \u010dast je pripadla Jozuetu. Tako je sedaj Jezus novi Jozue, ki nas prime za roko in nas odvede v novo kraljestvo, ki se nadaljuje z ve\u010dnim \u017eivljenjem v nebesih.<\/p>\n<p><strong>\u017dupnik Branko Bala\u017eic SDB<\/strong><span class=\"slv-content-keywords\"> Adventni \u010das Leto B Nedeljska meditacija <\/span><\/p>","protected":false},"excerpt":{"rendered":"<p>Spet smo na za\u010detku Mlaj\u0161a generacija verjetno dobro pozna Hemingwayevo delo Starec in morje, za katero je prejel Nobelovo nagrado. Pisatelj nam predstavi starega kubanskega ribi\u010da Santiaga, ki \u017ee 84 dni ni ujel nobene ribe. Ostali prebivalci majhne ribi\u0161ke vasi se mu zato posmehujejo, na njegovi strani je le de\u010dek Manolin, ki je s Santiagom<a href=\"https:\/\/www.salve.si\/en\/adventni-cas\/2-adventna-nedelja-4\/\">&#8230;<\/a><\/p>","protected":false},"author":1561,"featured_media":0,"comment_status":"open","ping_status":"open","sticky":false,"template":"","format":"standard","meta":{"_acf_changed":false,"footnotes":""},"categories":[656,1035,925],"tags":[926,650,927],"class_list":["post-17799","post","type-post","status-publish","format-standard","hentry","category-adventni-cas","category-leto-b","category-nedeljska-meditacija","tag-advent","tag-leto-b","tag-nedeljska-meditacija"],"acf":[],"yoast_head":"<!-- This site is optimized with the Yoast SEO plugin v23.8 - https:\/\/yoast.com\/wordpress\/plugins\/seo\/ -->\n<title>2. adventna nedelja - Salve<\/title>\n<meta name=\"robots\" content=\"noindex, follow\" \/>\n<meta property=\"og:locale\" content=\"en_US\" \/>\n<meta property=\"og:type\" content=\"article\" \/>\n<meta property=\"og:title\" content=\"2. adventna nedelja - Salve\" \/>\n<meta property=\"og:description\" content=\"Spet smo na za\u010detku Mlaj\u0161a generacija verjetno dobro pozna Hemingwayevo delo Starec in morje, za katero je prejel Nobelovo nagrado. Pisatelj nam predstavi starega kubanskega ribi\u010da Santiaga, ki \u017ee 84 dni ni ujel nobene ribe. Ostali prebivalci majhne ribi\u0161ke vasi se mu zato posmehujejo, na njegovi strani je le de\u010dek Manolin, ki je s Santiagom...\" \/>\n<meta property=\"og:url\" content=\"https:\/\/www.salve.si\/en\/adventni-cas\/2-adventna-nedelja-4\/\" \/>\n<meta property=\"og:site_name\" content=\"Salve\" \/>\n<meta property=\"article:publisher\" content=\"https:\/\/www.facebook.com\/salve.si\" \/>\n<meta property=\"article:published_time\" content=\"2023-10-31T09:02:17+00:00\" \/>\n<meta property=\"article:modified_time\" content=\"2023-10-31T09:02:18+00:00\" \/>\n<meta property=\"og:image\" content=\"https:\/\/www.salve.si\/wp-content\/uploads\/2026\/01\/salve-og1.jpg\" \/>\n\t<meta property=\"og:image:width\" content=\"1200\" \/>\n\t<meta property=\"og:image:height\" content=\"630\" \/>\n\t<meta property=\"og:image:type\" content=\"image\/jpeg\" \/>\n<meta name=\"author\" content=\"Andrej Baliga\u010d\" \/>\n<meta name=\"twitter:card\" content=\"summary_large_image\" \/>\n<meta name=\"twitter:label1\" content=\"Written by\" \/>\n\t<meta name=\"twitter:data1\" content=\"Andrej Baliga\u010d\" \/>\n\t<meta name=\"twitter:label2\" content=\"Est. reading time\" \/>\n\t<meta name=\"twitter:data2\" content=\"5 minutes\" \/>\n<script type=\"application\/ld+json\" class=\"yoast-schema-graph\">{\"@context\":\"https:\/\/schema.org\",\"@graph\":[{\"@type\":\"Article\",\"@id\":\"https:\/\/www.salve.si\/adventni-cas\/2-adventna-nedelja-4\/#article\",\"isPartOf\":{\"@id\":\"https:\/\/www.salve.si\/adventni-cas\/2-adventna-nedelja-4\/\"},\"author\":{\"name\":\"Andrej Baliga\u010d\",\"@id\":\"https:\/\/www.salve.si\/#\/schema\/person\/61121950f92f07895dc7ea08dc78ba82\"},\"headline\":\"2. adventna nedelja\",\"datePublished\":\"2023-10-31T09:02:17+00:00\",\"dateModified\":\"2023-10-31T09:02:18+00:00\",\"mainEntityOfPage\":{\"@id\":\"https:\/\/www.salve.si\/adventni-cas\/2-adventna-nedelja-4\/\"},\"wordCount\":939,\"commentCount\":0,\"publisher\":{\"@id\":\"https:\/\/www.salve.si\/#organization\"},\"keywords\":[\"advent\",\"B\",\"nedeljska meditacija\"],\"articleSection\":[\"Adventni \u010das\",\"Leto B\",\"Nedeljska meditacija\"],\"inLanguage\":\"en-US\",\"potentialAction\":[{\"@type\":\"CommentAction\",\"name\":\"Comment\",\"target\":[\"https:\/\/www.salve.si\/adventni-cas\/2-adventna-nedelja-4\/#respond\"]}]},{\"@type\":\"WebPage\",\"@id\":\"https:\/\/www.salve.si\/adventni-cas\/2-adventna-nedelja-4\/\",\"url\":\"https:\/\/www.salve.si\/adventni-cas\/2-adventna-nedelja-4\/\",\"name\":\"2. adventna nedelja - Salve\",\"isPartOf\":{\"@id\":\"https:\/\/www.salve.si\/#website\"},\"datePublished\":\"2023-10-31T09:02:17+00:00\",\"dateModified\":\"2023-10-31T09:02:18+00:00\",\"breadcrumb\":{\"@id\":\"https:\/\/www.salve.si\/adventni-cas\/2-adventna-nedelja-4\/#breadcrumb\"},\"inLanguage\":\"en-US\",\"potentialAction\":[{\"@type\":\"ReadAction\",\"target\":[\"https:\/\/www.salve.si\/adventni-cas\/2-adventna-nedelja-4\/\"]}]},{\"@type\":\"BreadcrumbList\",\"@id\":\"https:\/\/www.salve.si\/adventni-cas\/2-adventna-nedelja-4\/#breadcrumb\",\"itemListElement\":[{\"@type\":\"ListItem\",\"position\":1,\"name\":\"Home\",\"item\":\"https:\/\/www.salve.si\/\"},{\"@type\":\"ListItem\",\"position\":2,\"name\":\"2. adventna nedelja\"}]},{\"@type\":\"WebSite\",\"@id\":\"https:\/\/www.salve.si\/#website\",\"url\":\"https:\/\/www.salve.si\/\",\"name\":\"Salve\",\"description\":\"Salezijanska zalo\u017eba\",\"publisher\":{\"@id\":\"https:\/\/www.salve.si\/#organization\"},\"potentialAction\":[{\"@type\":\"SearchAction\",\"target\":{\"@type\":\"EntryPoint\",\"urlTemplate\":\"https:\/\/www.salve.si\/?s={search_term_string}\"},\"query-input\":{\"@type\":\"PropertyValueSpecification\",\"valueRequired\":true,\"valueName\":\"search_term_string\"}}],\"inLanguage\":\"en-US\"},{\"@type\":\"Organization\",\"@id\":\"https:\/\/www.salve.si\/#organization\",\"name\":\"Salve d.o.o.\",\"url\":\"https:\/\/www.salve.si\/\",\"logo\":{\"@type\":\"ImageObject\",\"inLanguage\":\"en-US\",\"@id\":\"https:\/\/www.salve.si\/#\/schema\/logo\/image\/\",\"url\":\"https:\/\/www.salve.si\/wp-content\/uploads\/2021\/01\/Salve_logo_modri_nov_web.png\",\"contentUrl\":\"https:\/\/www.salve.si\/wp-content\/uploads\/2021\/01\/Salve_logo_modri_nov_web.png\",\"width\":279,\"height\":90,\"caption\":\"Salve d.o.o.\"},\"image\":{\"@id\":\"https:\/\/www.salve.si\/#\/schema\/logo\/image\/\"},\"sameAs\":[\"https:\/\/www.facebook.com\/salve.si\",\"https:\/\/www.instagram.com\/zalozbasalve\/\",\"https:\/\/www.linkedin.com\/company\/zalozba-salve\/\"]},{\"@type\":\"Person\",\"@id\":\"https:\/\/www.salve.si\/#\/schema\/person\/61121950f92f07895dc7ea08dc78ba82\",\"name\":\"Andrej Baliga\u010d\",\"sameAs\":[\"https:\/\/www.salve.si\"]}]}<\/script>\n<!-- \/ Yoast SEO plugin. -->","yoast_head_json":{"title":"2. adventna nedelja - Salve","robots":{"index":"noindex","follow":"follow"},"og_locale":"en_US","og_type":"article","og_title":"2. adventna nedelja - Salve","og_description":"Spet smo na za\u010detku Mlaj\u0161a generacija verjetno dobro pozna Hemingwayevo delo Starec in morje, za katero je prejel Nobelovo nagrado. Pisatelj nam predstavi starega kubanskega ribi\u010da Santiaga, ki \u017ee 84 dni ni ujel nobene ribe. Ostali prebivalci majhne ribi\u0161ke vasi se mu zato posmehujejo, na njegovi strani je le de\u010dek Manolin, ki je s Santiagom...","og_url":"https:\/\/www.salve.si\/en\/adventni-cas\/2-adventna-nedelja-4\/","og_site_name":"Salve","article_publisher":"https:\/\/www.facebook.com\/salve.si","article_published_time":"2023-10-31T09:02:17+00:00","article_modified_time":"2023-10-31T09:02:18+00:00","og_image":[{"width":1200,"height":630,"url":"https:\/\/www.salve.si\/wp-content\/uploads\/2026\/01\/salve-og1.jpg","type":"image\/jpeg"}],"author":"Andrej Baliga\u010d","twitter_card":"summary_large_image","twitter_misc":{"Written by":"Andrej Baliga\u010d","Est. reading time":"5 minutes"},"schema":{"@context":"https:\/\/schema.org","@graph":[{"@type":"Article","@id":"https:\/\/www.salve.si\/adventni-cas\/2-adventna-nedelja-4\/#article","isPartOf":{"@id":"https:\/\/www.salve.si\/adventni-cas\/2-adventna-nedelja-4\/"},"author":{"name":"Andrej Baliga\u010d","@id":"https:\/\/www.salve.si\/#\/schema\/person\/61121950f92f07895dc7ea08dc78ba82"},"headline":"2. adventna nedelja","datePublished":"2023-10-31T09:02:17+00:00","dateModified":"2023-10-31T09:02:18+00:00","mainEntityOfPage":{"@id":"https:\/\/www.salve.si\/adventni-cas\/2-adventna-nedelja-4\/"},"wordCount":939,"commentCount":0,"publisher":{"@id":"https:\/\/www.salve.si\/#organization"},"keywords":["advent","B","nedeljska meditacija"],"articleSection":["Adventni \u010das","Leto B","Nedeljska meditacija"],"inLanguage":"en-US","potentialAction":[{"@type":"CommentAction","name":"Comment","target":["https:\/\/www.salve.si\/adventni-cas\/2-adventna-nedelja-4\/#respond"]}]},{"@type":"WebPage","@id":"https:\/\/www.salve.si\/adventni-cas\/2-adventna-nedelja-4\/","url":"https:\/\/www.salve.si\/adventni-cas\/2-adventna-nedelja-4\/","name":"2. adventna nedelja - Salve","isPartOf":{"@id":"https:\/\/www.salve.si\/#website"},"datePublished":"2023-10-31T09:02:17+00:00","dateModified":"2023-10-31T09:02:18+00:00","breadcrumb":{"@id":"https:\/\/www.salve.si\/adventni-cas\/2-adventna-nedelja-4\/#breadcrumb"},"inLanguage":"en-US","potentialAction":[{"@type":"ReadAction","target":["https:\/\/www.salve.si\/adventni-cas\/2-adventna-nedelja-4\/"]}]},{"@type":"BreadcrumbList","@id":"https:\/\/www.salve.si\/adventni-cas\/2-adventna-nedelja-4\/#breadcrumb","itemListElement":[{"@type":"ListItem","position":1,"name":"Home","item":"https:\/\/www.salve.si\/"},{"@type":"ListItem","position":2,"name":"2. adventna nedelja"}]},{"@type":"WebSite","@id":"https:\/\/www.salve.si\/#website","url":"https:\/\/www.salve.si\/","name":"Salve","description":"Salezijanska zalo\u017eba","publisher":{"@id":"https:\/\/www.salve.si\/#organization"},"potentialAction":[{"@type":"SearchAction","target":{"@type":"EntryPoint","urlTemplate":"https:\/\/www.salve.si\/?s={search_term_string}"},"query-input":{"@type":"PropertyValueSpecification","valueRequired":true,"valueName":"search_term_string"}}],"inLanguage":"en-US"},{"@type":"Organization","@id":"https:\/\/www.salve.si\/#organization","name":"Salve d.o.o.","url":"https:\/\/www.salve.si\/","logo":{"@type":"ImageObject","inLanguage":"en-US","@id":"https:\/\/www.salve.si\/#\/schema\/logo\/image\/","url":"https:\/\/www.salve.si\/wp-content\/uploads\/2021\/01\/Salve_logo_modri_nov_web.png","contentUrl":"https:\/\/www.salve.si\/wp-content\/uploads\/2021\/01\/Salve_logo_modri_nov_web.png","width":279,"height":90,"caption":"Salve d.o.o."},"image":{"@id":"https:\/\/www.salve.si\/#\/schema\/logo\/image\/"},"sameAs":["https:\/\/www.facebook.com\/salve.si","https:\/\/www.instagram.com\/zalozbasalve\/","https:\/\/www.linkedin.com\/company\/zalozba-salve\/"]},{"@type":"Person","@id":"https:\/\/www.salve.si\/#\/schema\/person\/61121950f92f07895dc7ea08dc78ba82","name":"Andrej Baliga\u010d","sameAs":["https:\/\/www.salve.si"]}]}},"_links":{"self":[{"href":"https:\/\/www.salve.si\/en\/wp-json\/wp\/v2\/posts\/17799","targetHints":{"allow":["GET"]}}],"collection":[{"href":"https:\/\/www.salve.si\/en\/wp-json\/wp\/v2\/posts"}],"about":[{"href":"https:\/\/www.salve.si\/en\/wp-json\/wp\/v2\/types\/post"}],"author":[{"embeddable":true,"href":"https:\/\/www.salve.si\/en\/wp-json\/wp\/v2\/users\/1561"}],"replies":[{"embeddable":true,"href":"https:\/\/www.salve.si\/en\/wp-json\/wp\/v2\/comments?post=17799"}],"version-history":[{"count":2,"href":"https:\/\/www.salve.si\/en\/wp-json\/wp\/v2\/posts\/17799\/revisions"}],"predecessor-version":[{"id":17801,"href":"https:\/\/www.salve.si\/en\/wp-json\/wp\/v2\/posts\/17799\/revisions\/17801"}],"wp:attachment":[{"href":"https:\/\/www.salve.si\/en\/wp-json\/wp\/v2\/media?parent=17799"}],"wp:term":[{"taxonomy":"category","embeddable":true,"href":"https:\/\/www.salve.si\/en\/wp-json\/wp\/v2\/categories?post=17799"},{"taxonomy":"post_tag","embeddable":true,"href":"https:\/\/www.salve.si\/en\/wp-json\/wp\/v2\/tags?post=17799"}],"curies":[{"name":"wp","href":"https:\/\/api.w.org\/{rel}","templated":true}]}}