{"id":17796,"date":"2023-10-31T10:01:11","date_gmt":"2023-10-31T09:01:11","guid":{"rendered":"https:\/\/www.salve.si\/?p=17796"},"modified":"2023-10-31T10:01:13","modified_gmt":"2023-10-31T09:01:13","slug":"1-adventna","status":"publish","type":"post","link":"https:\/\/www.salve.si\/en\/adventni-cas\/1-adventna\/","title":{"rendered":"1. Adventna"},"content":{"rendered":"<p><strong>Gospod, ti si na\u0161 O\u010de<\/strong><\/p>\n<p>Indijski jezuit Anthony De Mello je med enim od svojih nastopov postavil vpra\u0161anje: \u00bbKak\u0161na je razlika med svetnikom in gre\u0161nikom?\u00ab Nasmehnil se je in odgovoril: \u00bbMed njima ni nobene razlike. Oba sta gre\u0161nika, samo da svetnik to ve!\u00ab<\/p>\n<p>Ko bolj pozorno spremljamo svoje \u017eivljenje, hitro ugotovimo, da velik del svojega \u017eivljenja prespimo, ne samo pono\u010di, ampak tudi podnevi, ko se ne zavedamo, kaj se dogaja okrog nas. Koliko \u010dasa \u010dez dan smo raztreseni, nesposobni pametno osmisliti kaj se nam dogaja. Koliko \u010das \u010dez dan smo leni, brez prave volje, da bi naredili kaj pametnega. Koliko krat \u010dez dan zapremo o\u010di, ker se bojimo, da nas bo to, kar bomo videli, razo\u010daralo. Zdi se, da smo \u010dez dan veliko \u010dasa vagabundi, sprehajalci brez jasnega cilja, kam bi radi pri\u0161li. To se nam lahko dogaja tudi s pametnim telefonom, na katerega smo priklopljeni ve\u010d ur dnevno samo zato, da nam mine \u010das. Hudo je biti zapu\u0161\u010den, ko vsi hodijo mimo tebe in te nih\u010de ne opazi. Zato je v ozadju na\u0161e naveli\u010danosti globoka \u017eelja, da bi se kaj spremenilo, da bi nas kdo ogovoril, da bi nas kdo kam povabil, da bi nam kdo rekel: \u00bbPridi, greva skupaj!\u00ab In tako mnogi \u010dakajo in \u010dakajo, ne da bi vedeli, koga \u010dakajo. Ko se prebudimo, je prva stvar, da se najprej zavedamo, kje sploh smo. Ko se streznim, moram najprej ugotoviti: kje sem? Kako sem pri\u0161el sem?<\/p>\n<p>Prerok Izaija nam je v dana\u0161njem prvem berilu govoril, da se nam pogostokrat dogaja, da ne le posameznik, ampak ves narod postane kakor umazan razcapanec, da so vsa pravi\u010dna dela kakor umazana obleka, da smo oveneli kakor listje, da nas je na\u0161a krivda odnesla kakor veter. Isti prerok pa nam tudi pravi, da smo mi kot glina, Bog pa je zmeraj na\u0161 upodabljavec, kajti vsi smo delo njegovih rok. Prebuditi se zato pomeni, zavedati se oblike, ki smo jo prejeli in prositi Boga, da nas ponovno preoblikuje, \u010de se je ta podoba pokvarila.<\/p>\n<p>Ko se je pribli\u017eal \u010das Jezusove zaklju\u010dne faze bivanja na zemlji, je svojim u\u010dencem pogosto govoril, da morajo biti budni, da morajo hoditi s \u0161iroko odprtimi o\u010dmi, da takoj zaznajo, kaj se dogaja. Biti buden pomeni, \u010duvati, varovati to, kar nam je bilo zaupano. Zaklad je treba \u010duvati. In na\u0161e \u017eivljenje je tak zaklad, ki nam omogo\u010da, da smo v pravem odnosu s Stvarnikom, ki nam je podaril \u017eivljenje.<\/p>\n<p>V vrtu Getsemani so apostoli zaspali, ko je Jezus na samem molil. Pozabili so na svojega u\u010ditelja. To je prilo\u017enost za sku\u0161njavca, ki tiste, ki spijo, z lahkoto premami in potegne v pogubo.<\/p>\n<p>Biti buden pomeni, zavedati se naloge, ki ti je bila zaupana. Budni ljudje so realisti in se vsak trenutek spra\u0161ujejo: Kak\u0161na je moja naloga? Kaj moram narediti sedaj? Kak\u0161en smisel ima to, kar delam? Spanje nas premami, ko na\u0161e \u017eivljenje nima smisla, ko se ne spla\u010da truditi za nobeno stvar. Nismo namre\u010d mi, ki dajemo svojemu \u017eivljenju smisel, ampak nam je smisel podarjen in to ne nek splo\u0161en smisel, ampak natan\u010den, enkraten smisel za vsakega posameznika. To je razlog, da mora biti vsakdo od nas v nenehnem pri\u010dakovanju. Ta trenutek \u010dakam nekaj zase, nekaj posebnega, kar mi bo nakazalo smer in pot po kateri bom hodil. \u010cakam na Boga, ki stalno prihaja, da bi se me dotaknil, me prebudil, me opogumil reko\u010d: \u00bbZbudi se! Greva naprej! Nisva \u0161e na cilju! Pred nama je \u0161e dolga pot!\u00ab<\/p>\n<p>Usmiljeni Bog je na\u0161 \u00bbadvent\u00ab. On stalno prihaja, da nas napolni s svojo navzo\u010dnostjo. Advent ni nekaj, kar se bo zgodilo, ampak nekaj, kar se \u017ee dolgo dogaja, kajti Bog je \u017ee pri\u0161el. Njegove obljube so se \u017ee uresni\u010dile. On nas vsak trenutek blagoslavlja s svojo Besedo, ki se stalno razodeva, je stalno nova. Mi smo tisti, ki \u010dakamo, ker smo med \u017ee in \u0161e ne, med tem, da je odre\u0161enik \u017ee tukaj in \u017eeljo, kako ga bomo danes sprejeli, kako se mu bomo pustili voditi.<\/p>\n<p><strong>\u017dupnik Branko Bala\u017eic SDB<\/strong><span class=\"slv-content-keywords\"> Adventni \u010das Leto B Nedeljska meditacija <\/span><\/p>","protected":false},"excerpt":{"rendered":"<p>Gospod, ti si na\u0161 O\u010de Indijski jezuit Anthony De Mello je med enim od svojih nastopov postavil vpra\u0161anje: \u00bbKak\u0161na je razlika med svetnikom in gre\u0161nikom?\u00ab Nasmehnil se je in odgovoril: \u00bbMed njima ni nobene razlike. Oba sta gre\u0161nika, samo da svetnik to ve!\u00ab Ko bolj pozorno spremljamo svoje \u017eivljenje, hitro ugotovimo, da velik del svojega<a href=\"https:\/\/www.salve.si\/en\/adventni-cas\/1-adventna\/\">&#8230;<\/a><\/p>","protected":false},"author":1561,"featured_media":0,"comment_status":"open","ping_status":"open","sticky":false,"template":"","format":"standard","meta":{"_acf_changed":false,"footnotes":""},"categories":[656,1035,925],"tags":[926,650,927],"class_list":["post-17796","post","type-post","status-publish","format-standard","hentry","category-adventni-cas","category-leto-b","category-nedeljska-meditacija","tag-advent","tag-leto-b","tag-nedeljska-meditacija"],"acf":[],"yoast_head":"<!-- This site is optimized with the Yoast SEO plugin v23.8 - https:\/\/yoast.com\/wordpress\/plugins\/seo\/ -->\n<title>1. Adventna - Salve<\/title>\n<meta name=\"robots\" content=\"noindex, follow\" \/>\n<meta property=\"og:locale\" content=\"en_US\" \/>\n<meta property=\"og:type\" content=\"article\" \/>\n<meta property=\"og:title\" content=\"1. Adventna - Salve\" \/>\n<meta property=\"og:description\" content=\"Gospod, ti si na\u0161 O\u010de Indijski jezuit Anthony De Mello je med enim od svojih nastopov postavil vpra\u0161anje: \u00bbKak\u0161na je razlika med svetnikom in gre\u0161nikom?\u00ab Nasmehnil se je in odgovoril: \u00bbMed njima ni nobene razlike. Oba sta gre\u0161nika, samo da svetnik to ve!\u00ab Ko bolj pozorno spremljamo svoje \u017eivljenje, hitro ugotovimo, da velik del svojega...\" \/>\n<meta property=\"og:url\" content=\"https:\/\/www.salve.si\/en\/adventni-cas\/1-adventna\/\" \/>\n<meta property=\"og:site_name\" content=\"Salve\" \/>\n<meta property=\"article:publisher\" content=\"https:\/\/www.facebook.com\/salve.si\" \/>\n<meta property=\"article:published_time\" content=\"2023-10-31T09:01:11+00:00\" \/>\n<meta property=\"article:modified_time\" content=\"2023-10-31T09:01:13+00:00\" \/>\n<meta property=\"og:image\" content=\"https:\/\/www.salve.si\/wp-content\/uploads\/2026\/01\/salve-og1.jpg\" \/>\n\t<meta property=\"og:image:width\" content=\"1200\" \/>\n\t<meta property=\"og:image:height\" content=\"630\" \/>\n\t<meta property=\"og:image:type\" content=\"image\/jpeg\" \/>\n<meta name=\"author\" content=\"Andrej Baliga\u010d\" \/>\n<meta name=\"twitter:card\" content=\"summary_large_image\" \/>\n<meta name=\"twitter:label1\" content=\"Written by\" \/>\n\t<meta name=\"twitter:data1\" content=\"Andrej Baliga\u010d\" \/>\n\t<meta name=\"twitter:label2\" content=\"Est. reading time\" \/>\n\t<meta name=\"twitter:data2\" content=\"4 minutes\" \/>\n<script type=\"application\/ld+json\" class=\"yoast-schema-graph\">{\"@context\":\"https:\/\/schema.org\",\"@graph\":[{\"@type\":\"Article\",\"@id\":\"https:\/\/www.salve.si\/adventni-cas\/1-adventna\/#article\",\"isPartOf\":{\"@id\":\"https:\/\/www.salve.si\/adventni-cas\/1-adventna\/\"},\"author\":{\"name\":\"Andrej Baliga\u010d\",\"@id\":\"https:\/\/www.salve.si\/#\/schema\/person\/61121950f92f07895dc7ea08dc78ba82\"},\"headline\":\"1. Adventna\",\"datePublished\":\"2023-10-31T09:01:11+00:00\",\"dateModified\":\"2023-10-31T09:01:13+00:00\",\"mainEntityOfPage\":{\"@id\":\"https:\/\/www.salve.si\/adventni-cas\/1-adventna\/\"},\"wordCount\":705,\"commentCount\":0,\"publisher\":{\"@id\":\"https:\/\/www.salve.si\/#organization\"},\"keywords\":[\"advent\",\"B\",\"nedeljska meditacija\"],\"articleSection\":[\"Adventni \u010das\",\"Leto B\",\"Nedeljska meditacija\"],\"inLanguage\":\"en-US\",\"potentialAction\":[{\"@type\":\"CommentAction\",\"name\":\"Comment\",\"target\":[\"https:\/\/www.salve.si\/adventni-cas\/1-adventna\/#respond\"]}]},{\"@type\":\"WebPage\",\"@id\":\"https:\/\/www.salve.si\/adventni-cas\/1-adventna\/\",\"url\":\"https:\/\/www.salve.si\/adventni-cas\/1-adventna\/\",\"name\":\"1. Adventna - Salve\",\"isPartOf\":{\"@id\":\"https:\/\/www.salve.si\/#website\"},\"datePublished\":\"2023-10-31T09:01:11+00:00\",\"dateModified\":\"2023-10-31T09:01:13+00:00\",\"breadcrumb\":{\"@id\":\"https:\/\/www.salve.si\/adventni-cas\/1-adventna\/#breadcrumb\"},\"inLanguage\":\"en-US\",\"potentialAction\":[{\"@type\":\"ReadAction\",\"target\":[\"https:\/\/www.salve.si\/adventni-cas\/1-adventna\/\"]}]},{\"@type\":\"BreadcrumbList\",\"@id\":\"https:\/\/www.salve.si\/adventni-cas\/1-adventna\/#breadcrumb\",\"itemListElement\":[{\"@type\":\"ListItem\",\"position\":1,\"name\":\"Home\",\"item\":\"https:\/\/www.salve.si\/\"},{\"@type\":\"ListItem\",\"position\":2,\"name\":\"1. Adventna\"}]},{\"@type\":\"WebSite\",\"@id\":\"https:\/\/www.salve.si\/#website\",\"url\":\"https:\/\/www.salve.si\/\",\"name\":\"Salve\",\"description\":\"Salezijanska zalo\u017eba\",\"publisher\":{\"@id\":\"https:\/\/www.salve.si\/#organization\"},\"potentialAction\":[{\"@type\":\"SearchAction\",\"target\":{\"@type\":\"EntryPoint\",\"urlTemplate\":\"https:\/\/www.salve.si\/?s={search_term_string}\"},\"query-input\":{\"@type\":\"PropertyValueSpecification\",\"valueRequired\":true,\"valueName\":\"search_term_string\"}}],\"inLanguage\":\"en-US\"},{\"@type\":\"Organization\",\"@id\":\"https:\/\/www.salve.si\/#organization\",\"name\":\"Salve d.o.o.\",\"url\":\"https:\/\/www.salve.si\/\",\"logo\":{\"@type\":\"ImageObject\",\"inLanguage\":\"en-US\",\"@id\":\"https:\/\/www.salve.si\/#\/schema\/logo\/image\/\",\"url\":\"https:\/\/www.salve.si\/wp-content\/uploads\/2021\/01\/Salve_logo_modri_nov_web.png\",\"contentUrl\":\"https:\/\/www.salve.si\/wp-content\/uploads\/2021\/01\/Salve_logo_modri_nov_web.png\",\"width\":279,\"height\":90,\"caption\":\"Salve d.o.o.\"},\"image\":{\"@id\":\"https:\/\/www.salve.si\/#\/schema\/logo\/image\/\"},\"sameAs\":[\"https:\/\/www.facebook.com\/salve.si\",\"https:\/\/www.instagram.com\/zalozbasalve\/\",\"https:\/\/www.linkedin.com\/company\/zalozba-salve\/\"]},{\"@type\":\"Person\",\"@id\":\"https:\/\/www.salve.si\/#\/schema\/person\/61121950f92f07895dc7ea08dc78ba82\",\"name\":\"Andrej Baliga\u010d\",\"sameAs\":[\"https:\/\/www.salve.si\"]}]}<\/script>\n<!-- \/ Yoast SEO plugin. -->","yoast_head_json":{"title":"1. Adventna - Salve","robots":{"index":"noindex","follow":"follow"},"og_locale":"en_US","og_type":"article","og_title":"1. Adventna - Salve","og_description":"Gospod, ti si na\u0161 O\u010de Indijski jezuit Anthony De Mello je med enim od svojih nastopov postavil vpra\u0161anje: \u00bbKak\u0161na je razlika med svetnikom in gre\u0161nikom?\u00ab Nasmehnil se je in odgovoril: \u00bbMed njima ni nobene razlike. Oba sta gre\u0161nika, samo da svetnik to ve!\u00ab Ko bolj pozorno spremljamo svoje \u017eivljenje, hitro ugotovimo, da velik del svojega...","og_url":"https:\/\/www.salve.si\/en\/adventni-cas\/1-adventna\/","og_site_name":"Salve","article_publisher":"https:\/\/www.facebook.com\/salve.si","article_published_time":"2023-10-31T09:01:11+00:00","article_modified_time":"2023-10-31T09:01:13+00:00","og_image":[{"width":1200,"height":630,"url":"https:\/\/www.salve.si\/wp-content\/uploads\/2026\/01\/salve-og1.jpg","type":"image\/jpeg"}],"author":"Andrej Baliga\u010d","twitter_card":"summary_large_image","twitter_misc":{"Written by":"Andrej Baliga\u010d","Est. reading time":"4 minutes"},"schema":{"@context":"https:\/\/schema.org","@graph":[{"@type":"Article","@id":"https:\/\/www.salve.si\/adventni-cas\/1-adventna\/#article","isPartOf":{"@id":"https:\/\/www.salve.si\/adventni-cas\/1-adventna\/"},"author":{"name":"Andrej Baliga\u010d","@id":"https:\/\/www.salve.si\/#\/schema\/person\/61121950f92f07895dc7ea08dc78ba82"},"headline":"1. Adventna","datePublished":"2023-10-31T09:01:11+00:00","dateModified":"2023-10-31T09:01:13+00:00","mainEntityOfPage":{"@id":"https:\/\/www.salve.si\/adventni-cas\/1-adventna\/"},"wordCount":705,"commentCount":0,"publisher":{"@id":"https:\/\/www.salve.si\/#organization"},"keywords":["advent","B","nedeljska meditacija"],"articleSection":["Adventni \u010das","Leto B","Nedeljska meditacija"],"inLanguage":"en-US","potentialAction":[{"@type":"CommentAction","name":"Comment","target":["https:\/\/www.salve.si\/adventni-cas\/1-adventna\/#respond"]}]},{"@type":"WebPage","@id":"https:\/\/www.salve.si\/adventni-cas\/1-adventna\/","url":"https:\/\/www.salve.si\/adventni-cas\/1-adventna\/","name":"1. Adventna - Salve","isPartOf":{"@id":"https:\/\/www.salve.si\/#website"},"datePublished":"2023-10-31T09:01:11+00:00","dateModified":"2023-10-31T09:01:13+00:00","breadcrumb":{"@id":"https:\/\/www.salve.si\/adventni-cas\/1-adventna\/#breadcrumb"},"inLanguage":"en-US","potentialAction":[{"@type":"ReadAction","target":["https:\/\/www.salve.si\/adventni-cas\/1-adventna\/"]}]},{"@type":"BreadcrumbList","@id":"https:\/\/www.salve.si\/adventni-cas\/1-adventna\/#breadcrumb","itemListElement":[{"@type":"ListItem","position":1,"name":"Home","item":"https:\/\/www.salve.si\/"},{"@type":"ListItem","position":2,"name":"1. Adventna"}]},{"@type":"WebSite","@id":"https:\/\/www.salve.si\/#website","url":"https:\/\/www.salve.si\/","name":"Salve","description":"Salezijanska zalo\u017eba","publisher":{"@id":"https:\/\/www.salve.si\/#organization"},"potentialAction":[{"@type":"SearchAction","target":{"@type":"EntryPoint","urlTemplate":"https:\/\/www.salve.si\/?s={search_term_string}"},"query-input":{"@type":"PropertyValueSpecification","valueRequired":true,"valueName":"search_term_string"}}],"inLanguage":"en-US"},{"@type":"Organization","@id":"https:\/\/www.salve.si\/#organization","name":"Salve d.o.o.","url":"https:\/\/www.salve.si\/","logo":{"@type":"ImageObject","inLanguage":"en-US","@id":"https:\/\/www.salve.si\/#\/schema\/logo\/image\/","url":"https:\/\/www.salve.si\/wp-content\/uploads\/2021\/01\/Salve_logo_modri_nov_web.png","contentUrl":"https:\/\/www.salve.si\/wp-content\/uploads\/2021\/01\/Salve_logo_modri_nov_web.png","width":279,"height":90,"caption":"Salve d.o.o."},"image":{"@id":"https:\/\/www.salve.si\/#\/schema\/logo\/image\/"},"sameAs":["https:\/\/www.facebook.com\/salve.si","https:\/\/www.instagram.com\/zalozbasalve\/","https:\/\/www.linkedin.com\/company\/zalozba-salve\/"]},{"@type":"Person","@id":"https:\/\/www.salve.si\/#\/schema\/person\/61121950f92f07895dc7ea08dc78ba82","name":"Andrej Baliga\u010d","sameAs":["https:\/\/www.salve.si"]}]}},"_links":{"self":[{"href":"https:\/\/www.salve.si\/en\/wp-json\/wp\/v2\/posts\/17796","targetHints":{"allow":["GET"]}}],"collection":[{"href":"https:\/\/www.salve.si\/en\/wp-json\/wp\/v2\/posts"}],"about":[{"href":"https:\/\/www.salve.si\/en\/wp-json\/wp\/v2\/types\/post"}],"author":[{"embeddable":true,"href":"https:\/\/www.salve.si\/en\/wp-json\/wp\/v2\/users\/1561"}],"replies":[{"embeddable":true,"href":"https:\/\/www.salve.si\/en\/wp-json\/wp\/v2\/comments?post=17796"}],"version-history":[{"count":2,"href":"https:\/\/www.salve.si\/en\/wp-json\/wp\/v2\/posts\/17796\/revisions"}],"predecessor-version":[{"id":17798,"href":"https:\/\/www.salve.si\/en\/wp-json\/wp\/v2\/posts\/17796\/revisions\/17798"}],"wp:attachment":[{"href":"https:\/\/www.salve.si\/en\/wp-json\/wp\/v2\/media?parent=17796"}],"wp:term":[{"taxonomy":"category","embeddable":true,"href":"https:\/\/www.salve.si\/en\/wp-json\/wp\/v2\/categories?post=17796"},{"taxonomy":"post_tag","embeddable":true,"href":"https:\/\/www.salve.si\/en\/wp-json\/wp\/v2\/tags?post=17796"}],"curies":[{"name":"wp","href":"https:\/\/api.w.org\/{rel}","templated":true}]}}