{"id":17082,"date":"2023-03-19T09:34:20","date_gmt":"2023-03-19T08:34:20","guid":{"rendered":"https:\/\/www.salve.si\/?p=17082"},"modified":"2023-03-19T09:34:21","modified_gmt":"2023-03-19T08:34:21","slug":"binkosti-2","status":"publish","type":"post","link":"https:\/\/www.salve.si\/en\/leto-a\/binkosti-2\/","title":{"rendered":"Binko\u0161ti"},"content":{"rendered":"<p><strong>Jaz te sli\u0161im, ti me sli\u0161i\u0161: se zares sli\u0161iva?<\/strong><\/p>\n<p>Kaj se nam je dogajalo v \u010dasu epidemije? V glavnem smo bili zaprti v ozke prostore svoje hi\u0161e, skrbno zaklenjeni v stanovanju ve\u010dnadstropne stolpnice. Svojo je\u010do smo zapustili, ko je bilo treba nujno iti v trgovino, kajti vse \u0161ole, kulturne ustanove in cerkve so bile zaprte. Doma smo bili prisiljeni, da drug drugega ve\u010d poslu\u0161amo, se zaradi \u0161ole na daljavo ve\u010d ukvarjamo z otroki in ko smo imeli vsega dovolj, smo drug na drugega stresali svojo slabo voljo, jezo in strah. Ko smo zaprti \u2013 ne le fizi\u010dno, ampak predvsem znotraj samega sebe \u2013 privrejo na dan strahovi, tesnobe in obremenjenosti. Na\u0161a notranjost postaja labirint, v katerega se vedno bolj zapletamo. Ni\u010d druga\u010de ni, ko be\u017eimo, se umikamo, ko ne bi radi nikogar sre\u010dali, ko drugi ogro\u017ea na\u0161e \u017eivljenje, so na\u0161i odnosi zablokirani. Tak je \u010das, ko ne uspemo opredeliti tega, kar \u010dutimo in ne razumemo samega sebe. Izhod nam zapirajo razli\u010dni predsodki, \u017eelja po ma\u0161\u010devanju in prepri\u010danje, ki je postalo bolno. Ne uspemo jasno povedati, kar \u010dutimo, ne govorimo resnice, nismo natan\u010dni in ne prepri\u010dljivi. Kar se nam dogaja ni ve\u010d noben pravi dialog, temve\u010d iskanje gre\u0161nih kozlov, ki so krivi za na\u0161e bolestno stanje.<\/p>\n<p>Kje je prava re\u0161itev? Kako nam lahko Bo\u017eja beseda poka\u017ee pravi izhod? O tem nam govori dana\u0161nji praznik: binko\u0161ti so re\u0161itev za blokirano komunikacijo. Bo\u017eji duh nam odpira srce in nam na usta polaga prave besede, ki jih razumejo tudi tisti, ki so pri\u0161li od dale\u010d in ne razumejo na\u0161ega jezika.<\/p>\n<p>Zakonci vedo povedati, da se ve\u010dkrat zgodi, da sta kot par v istem prostoru in vendar nista na istem kraju. Fizi\u010dno sta lahko skupaj, v svojih mislih in pri\u010dakovanjih pa sta dale\u010d drug od drugega, vsak na nekem svojem kraju. Sta skupaj in vendar dobro vesta, da nista skupaj. Ko se to zgodi so na\u0161i odnosi na ni\u010dli. Ni\u010d pozitivnega se ne more zgoditi.<\/p>\n<p>Luka nam je danes govoril, da so bili apostoli zbrani na istem kraju. Ta kraj lahko opredelimo z besedo \u00bbljubezen\u00ab. Vsi so se razumeli med seboj, skupaj so molili in pri\u010dakovali Svetega Duha. Jezus je bil sredi med njimi. Po velikem petku je bila edinost med apostoli poru\u0161ena, ker so izgubili upanje, Jezusa so izdali in zatajili, nato pa pobegnili ter se skrili. To svojo razpr\u0161enost so po veliki no\u010di ponovno sestavili v dvorani zadnje ve\u010derje.<\/p>\n<p>Ko se ve\u010d ne razumemo, se moramo vpra\u0161ati, \u010de smo na istem kraju, kar pomeni, da so nam pri srcu iste stvari in ne i\u0161\u010demo dobro le zase, ampak za vse, s katerimi \u017eivimo. Dialog ni odvisen le od enega udele\u017eenca, ampak se zanj morata truditi oba sogovornika. Dialog je vedno skupni proces. Ko tega ni, smo v Babilonu.<\/p>\n<p>Babilon je kraj, kjer imajo glavno besedo o\u0161abnost, oholost, napuh in prepri\u010danje, da ne potrebuje\u0161 nikogar, tudi Boga ne. V Babilonu so hoteli zgraditi stolp do neba. Sami so si hoteli narediti pot do neba, re\u010deno bolj preprosto, sami so si hoteli narediti recept, kako bodo avtomatsko pri\u0161li v nebesa, ne da bi jim on pokazal, kako bodo to dosegli. Boga so si hoteli podrediti svojim lastnim \u017eeljam in pri\u010dakovanjem. Z Bogom so hoteli manipulirati. Podobno se nam dogaja vedno, ko si ho\u010demo podrediti drugo osebo, ko jo \u017eelimo stisniti in jo prisiliti, da nas poslu\u0161a. Tak\u0161no komuniciranje je v slepi ulici, ker je dvoumno, nepo\u0161teno in nespo\u0161tljivo.<\/p>\n<p>Binko\u0161ti so druga\u010dne od Babilona. Jeruzalem postane sredi\u0161\u010de, kjer se ljudje razumejo, kjer sprejemajo drug drugega, pa \u010deprav so skupaj ljudje iz razli\u010dnih pokrajin, razli\u010dnega jezika, razli\u010dne kulture in razli\u010dne ideologije. Vsi so sprejeti kot ljudje, kot Bo\u017eji otroci, kot bratje in sestre. Zato je Jeruzalem simboli\u010den kraj, kjer lahko \u017eivimo kot skupnost, kjer so razlike pozabljene, ker nas dru\u017ei isti cilj, Jezus, ki je \u017ee v nebesih in nas tam pri\u010dakuje. Zaveza med Bogom in Izraelom je ponovno vzpostavljena. V ozadju je isti veter, ki je vel na Sinajski gori, ko sta bili zapisani tabli desetih zapovedi in ta veter ponovno pihlja v dvorani zadnje ve\u010derje, ko se razli\u010dni ljudje po\u010dutijo eno, ker jih povezuje ista vera.<\/p>\n<p>Apostoli sami niso mogli priti do zaveze z Bogom, ki je bila na Kalvariji pretrgana. Potrebno je bilo skupno bivanje, ko jih je povezovala molitev in pro\u0161nja k Bogu, naj jih razsvetli, naj jim po\u0161lje obljubljene Svetega Duha, ki jih bo vodil in bo ponovno vzpostavil to, kar je bilo poru\u0161eno. Sveti Duh, ki ga je Jezus poslal, je sad ljubezni med O\u010detom in Sinom. Sveti Duh, Bo\u017eja ljubezen je tista, ki vzpostavlja ta novi prostor, kjer smo zares skupaj, kjer nas zdru\u017euje ista misel, isti interesi, ista pri\u010dakovanja, isti cilji: biti Bo\u017eji otrok in \u017eiveti skupaj v nebe\u0161kem kraljestvu.<\/p>\n<p><strong>\u017dupnik Branko Bala\u017eic SDB<\/strong><span class=\"slv-content-keywords\"> Leto A Nedeljska meditacija Velikono\u010dni \u010das <\/span><\/p>","protected":false},"excerpt":{"rendered":"<p>Jaz te sli\u0161im, ti me sli\u0161i\u0161: se zares sli\u0161iva? Kaj se nam je dogajalo v \u010dasu epidemije? V glavnem smo bili zaprti v ozke prostore svoje hi\u0161e, skrbno zaklenjeni v stanovanju ve\u010dnadstropne stolpnice. Svojo je\u010do smo zapustili, ko je bilo treba nujno iti v trgovino, kajti vse \u0161ole, kulturne ustanove in cerkve so bile zaprte.<a href=\"https:\/\/www.salve.si\/en\/leto-a\/binkosti-2\/\">&#8230;<\/a><\/p>","protected":false},"author":1561,"featured_media":0,"comment_status":"open","ping_status":"open","sticky":false,"template":"","format":"standard","meta":{"_acf_changed":false,"footnotes":""},"categories":[1177,925,652],"tags":[649,927,1065],"class_list":["post-17082","post","type-post","status-publish","format-standard","hentry","category-leto-a","category-nedeljska-meditacija","category-velikonocni-cas","tag-leto-a","tag-nedeljska-meditacija","tag-velikonocni-cas"],"acf":[],"yoast_head":"<!-- This site is optimized with the Yoast SEO plugin v23.8 - https:\/\/yoast.com\/wordpress\/plugins\/seo\/ -->\n<title>Binko\u0161ti - Salve<\/title>\n<meta name=\"robots\" content=\"noindex, follow\" \/>\n<meta property=\"og:locale\" content=\"en_US\" \/>\n<meta property=\"og:type\" content=\"article\" \/>\n<meta property=\"og:title\" content=\"Binko\u0161ti - Salve\" \/>\n<meta property=\"og:description\" content=\"Jaz te sli\u0161im, ti me sli\u0161i\u0161: se zares sli\u0161iva? Kaj se nam je dogajalo v \u010dasu epidemije? V glavnem smo bili zaprti v ozke prostore svoje hi\u0161e, skrbno zaklenjeni v stanovanju ve\u010dnadstropne stolpnice. Svojo je\u010do smo zapustili, ko je bilo treba nujno iti v trgovino, kajti vse \u0161ole, kulturne ustanove in cerkve so bile zaprte....\" \/>\n<meta property=\"og:url\" content=\"https:\/\/www.salve.si\/en\/leto-a\/binkosti-2\/\" \/>\n<meta property=\"og:site_name\" content=\"Salve\" \/>\n<meta property=\"article:publisher\" content=\"https:\/\/www.facebook.com\/salve.si\" \/>\n<meta property=\"article:published_time\" content=\"2023-03-19T08:34:20+00:00\" \/>\n<meta property=\"article:modified_time\" content=\"2023-03-19T08:34:21+00:00\" \/>\n<meta property=\"og:image\" content=\"https:\/\/www.salve.si\/wp-content\/uploads\/2026\/01\/salve-og1.jpg\" \/>\n\t<meta property=\"og:image:width\" content=\"1200\" \/>\n\t<meta property=\"og:image:height\" content=\"630\" \/>\n\t<meta property=\"og:image:type\" content=\"image\/jpeg\" \/>\n<meta name=\"author\" content=\"Andrej Baliga\u010d\" \/>\n<meta name=\"twitter:card\" content=\"summary_large_image\" \/>\n<meta name=\"twitter:label1\" content=\"Written by\" \/>\n\t<meta name=\"twitter:data1\" content=\"Andrej Baliga\u010d\" \/>\n\t<meta name=\"twitter:label2\" content=\"Est. reading time\" \/>\n\t<meta name=\"twitter:data2\" content=\"4 minutes\" \/>\n<script type=\"application\/ld+json\" class=\"yoast-schema-graph\">{\"@context\":\"https:\/\/schema.org\",\"@graph\":[{\"@type\":\"Article\",\"@id\":\"https:\/\/www.salve.si\/leto-a\/binkosti-2\/#article\",\"isPartOf\":{\"@id\":\"https:\/\/www.salve.si\/leto-a\/binkosti-2\/\"},\"author\":{\"name\":\"Andrej Baliga\u010d\",\"@id\":\"https:\/\/www.salve.si\/#\/schema\/person\/61121950f92f07895dc7ea08dc78ba82\"},\"headline\":\"Binko\u0161ti\",\"datePublished\":\"2023-03-19T08:34:20+00:00\",\"dateModified\":\"2023-03-19T08:34:21+00:00\",\"mainEntityOfPage\":{\"@id\":\"https:\/\/www.salve.si\/leto-a\/binkosti-2\/\"},\"wordCount\":870,\"commentCount\":0,\"publisher\":{\"@id\":\"https:\/\/www.salve.si\/#organization\"},\"keywords\":[\"A\",\"nedeljska meditacija\",\"velikono\u010dni \u010das\"],\"articleSection\":[\"Leto A\",\"Nedeljska meditacija\",\"Velikono\u010dni \u010das\"],\"inLanguage\":\"en-US\",\"potentialAction\":[{\"@type\":\"CommentAction\",\"name\":\"Comment\",\"target\":[\"https:\/\/www.salve.si\/leto-a\/binkosti-2\/#respond\"]}]},{\"@type\":\"WebPage\",\"@id\":\"https:\/\/www.salve.si\/leto-a\/binkosti-2\/\",\"url\":\"https:\/\/www.salve.si\/leto-a\/binkosti-2\/\",\"name\":\"Binko\u0161ti - Salve\",\"isPartOf\":{\"@id\":\"https:\/\/www.salve.si\/#website\"},\"datePublished\":\"2023-03-19T08:34:20+00:00\",\"dateModified\":\"2023-03-19T08:34:21+00:00\",\"breadcrumb\":{\"@id\":\"https:\/\/www.salve.si\/leto-a\/binkosti-2\/#breadcrumb\"},\"inLanguage\":\"en-US\",\"potentialAction\":[{\"@type\":\"ReadAction\",\"target\":[\"https:\/\/www.salve.si\/leto-a\/binkosti-2\/\"]}]},{\"@type\":\"BreadcrumbList\",\"@id\":\"https:\/\/www.salve.si\/leto-a\/binkosti-2\/#breadcrumb\",\"itemListElement\":[{\"@type\":\"ListItem\",\"position\":1,\"name\":\"Home\",\"item\":\"https:\/\/www.salve.si\/\"},{\"@type\":\"ListItem\",\"position\":2,\"name\":\"Binko\u0161ti\"}]},{\"@type\":\"WebSite\",\"@id\":\"https:\/\/www.salve.si\/#website\",\"url\":\"https:\/\/www.salve.si\/\",\"name\":\"Salve\",\"description\":\"Salezijanska zalo\u017eba\",\"publisher\":{\"@id\":\"https:\/\/www.salve.si\/#organization\"},\"potentialAction\":[{\"@type\":\"SearchAction\",\"target\":{\"@type\":\"EntryPoint\",\"urlTemplate\":\"https:\/\/www.salve.si\/?s={search_term_string}\"},\"query-input\":{\"@type\":\"PropertyValueSpecification\",\"valueRequired\":true,\"valueName\":\"search_term_string\"}}],\"inLanguage\":\"en-US\"},{\"@type\":\"Organization\",\"@id\":\"https:\/\/www.salve.si\/#organization\",\"name\":\"Salve d.o.o.\",\"url\":\"https:\/\/www.salve.si\/\",\"logo\":{\"@type\":\"ImageObject\",\"inLanguage\":\"en-US\",\"@id\":\"https:\/\/www.salve.si\/#\/schema\/logo\/image\/\",\"url\":\"https:\/\/www.salve.si\/wp-content\/uploads\/2021\/01\/Salve_logo_modri_nov_web.png\",\"contentUrl\":\"https:\/\/www.salve.si\/wp-content\/uploads\/2021\/01\/Salve_logo_modri_nov_web.png\",\"width\":279,\"height\":90,\"caption\":\"Salve d.o.o.\"},\"image\":{\"@id\":\"https:\/\/www.salve.si\/#\/schema\/logo\/image\/\"},\"sameAs\":[\"https:\/\/www.facebook.com\/salve.si\",\"https:\/\/www.instagram.com\/zalozbasalve\/\",\"https:\/\/www.linkedin.com\/company\/zalozba-salve\/\"]},{\"@type\":\"Person\",\"@id\":\"https:\/\/www.salve.si\/#\/schema\/person\/61121950f92f07895dc7ea08dc78ba82\",\"name\":\"Andrej Baliga\u010d\",\"sameAs\":[\"https:\/\/www.salve.si\"]}]}<\/script>\n<!-- \/ Yoast SEO plugin. -->","yoast_head_json":{"title":"Binko\u0161ti - Salve","robots":{"index":"noindex","follow":"follow"},"og_locale":"en_US","og_type":"article","og_title":"Binko\u0161ti - Salve","og_description":"Jaz te sli\u0161im, ti me sli\u0161i\u0161: se zares sli\u0161iva? Kaj se nam je dogajalo v \u010dasu epidemije? V glavnem smo bili zaprti v ozke prostore svoje hi\u0161e, skrbno zaklenjeni v stanovanju ve\u010dnadstropne stolpnice. Svojo je\u010do smo zapustili, ko je bilo treba nujno iti v trgovino, kajti vse \u0161ole, kulturne ustanove in cerkve so bile zaprte....","og_url":"https:\/\/www.salve.si\/en\/leto-a\/binkosti-2\/","og_site_name":"Salve","article_publisher":"https:\/\/www.facebook.com\/salve.si","article_published_time":"2023-03-19T08:34:20+00:00","article_modified_time":"2023-03-19T08:34:21+00:00","og_image":[{"width":1200,"height":630,"url":"https:\/\/www.salve.si\/wp-content\/uploads\/2026\/01\/salve-og1.jpg","type":"image\/jpeg"}],"author":"Andrej Baliga\u010d","twitter_card":"summary_large_image","twitter_misc":{"Written by":"Andrej Baliga\u010d","Est. reading time":"4 minutes"},"schema":{"@context":"https:\/\/schema.org","@graph":[{"@type":"Article","@id":"https:\/\/www.salve.si\/leto-a\/binkosti-2\/#article","isPartOf":{"@id":"https:\/\/www.salve.si\/leto-a\/binkosti-2\/"},"author":{"name":"Andrej Baliga\u010d","@id":"https:\/\/www.salve.si\/#\/schema\/person\/61121950f92f07895dc7ea08dc78ba82"},"headline":"Binko\u0161ti","datePublished":"2023-03-19T08:34:20+00:00","dateModified":"2023-03-19T08:34:21+00:00","mainEntityOfPage":{"@id":"https:\/\/www.salve.si\/leto-a\/binkosti-2\/"},"wordCount":870,"commentCount":0,"publisher":{"@id":"https:\/\/www.salve.si\/#organization"},"keywords":["A","nedeljska meditacija","velikono\u010dni \u010das"],"articleSection":["Leto A","Nedeljska meditacija","Velikono\u010dni \u010das"],"inLanguage":"en-US","potentialAction":[{"@type":"CommentAction","name":"Comment","target":["https:\/\/www.salve.si\/leto-a\/binkosti-2\/#respond"]}]},{"@type":"WebPage","@id":"https:\/\/www.salve.si\/leto-a\/binkosti-2\/","url":"https:\/\/www.salve.si\/leto-a\/binkosti-2\/","name":"Binko\u0161ti - Salve","isPartOf":{"@id":"https:\/\/www.salve.si\/#website"},"datePublished":"2023-03-19T08:34:20+00:00","dateModified":"2023-03-19T08:34:21+00:00","breadcrumb":{"@id":"https:\/\/www.salve.si\/leto-a\/binkosti-2\/#breadcrumb"},"inLanguage":"en-US","potentialAction":[{"@type":"ReadAction","target":["https:\/\/www.salve.si\/leto-a\/binkosti-2\/"]}]},{"@type":"BreadcrumbList","@id":"https:\/\/www.salve.si\/leto-a\/binkosti-2\/#breadcrumb","itemListElement":[{"@type":"ListItem","position":1,"name":"Home","item":"https:\/\/www.salve.si\/"},{"@type":"ListItem","position":2,"name":"Binko\u0161ti"}]},{"@type":"WebSite","@id":"https:\/\/www.salve.si\/#website","url":"https:\/\/www.salve.si\/","name":"Salve","description":"Salezijanska zalo\u017eba","publisher":{"@id":"https:\/\/www.salve.si\/#organization"},"potentialAction":[{"@type":"SearchAction","target":{"@type":"EntryPoint","urlTemplate":"https:\/\/www.salve.si\/?s={search_term_string}"},"query-input":{"@type":"PropertyValueSpecification","valueRequired":true,"valueName":"search_term_string"}}],"inLanguage":"en-US"},{"@type":"Organization","@id":"https:\/\/www.salve.si\/#organization","name":"Salve d.o.o.","url":"https:\/\/www.salve.si\/","logo":{"@type":"ImageObject","inLanguage":"en-US","@id":"https:\/\/www.salve.si\/#\/schema\/logo\/image\/","url":"https:\/\/www.salve.si\/wp-content\/uploads\/2021\/01\/Salve_logo_modri_nov_web.png","contentUrl":"https:\/\/www.salve.si\/wp-content\/uploads\/2021\/01\/Salve_logo_modri_nov_web.png","width":279,"height":90,"caption":"Salve d.o.o."},"image":{"@id":"https:\/\/www.salve.si\/#\/schema\/logo\/image\/"},"sameAs":["https:\/\/www.facebook.com\/salve.si","https:\/\/www.instagram.com\/zalozbasalve\/","https:\/\/www.linkedin.com\/company\/zalozba-salve\/"]},{"@type":"Person","@id":"https:\/\/www.salve.si\/#\/schema\/person\/61121950f92f07895dc7ea08dc78ba82","name":"Andrej Baliga\u010d","sameAs":["https:\/\/www.salve.si"]}]}},"_links":{"self":[{"href":"https:\/\/www.salve.si\/en\/wp-json\/wp\/v2\/posts\/17082","targetHints":{"allow":["GET"]}}],"collection":[{"href":"https:\/\/www.salve.si\/en\/wp-json\/wp\/v2\/posts"}],"about":[{"href":"https:\/\/www.salve.si\/en\/wp-json\/wp\/v2\/types\/post"}],"author":[{"embeddable":true,"href":"https:\/\/www.salve.si\/en\/wp-json\/wp\/v2\/users\/1561"}],"replies":[{"embeddable":true,"href":"https:\/\/www.salve.si\/en\/wp-json\/wp\/v2\/comments?post=17082"}],"version-history":[{"count":2,"href":"https:\/\/www.salve.si\/en\/wp-json\/wp\/v2\/posts\/17082\/revisions"}],"predecessor-version":[{"id":17084,"href":"https:\/\/www.salve.si\/en\/wp-json\/wp\/v2\/posts\/17082\/revisions\/17084"}],"wp:attachment":[{"href":"https:\/\/www.salve.si\/en\/wp-json\/wp\/v2\/media?parent=17082"}],"wp:term":[{"taxonomy":"category","embeddable":true,"href":"https:\/\/www.salve.si\/en\/wp-json\/wp\/v2\/categories?post=17082"},{"taxonomy":"post_tag","embeddable":true,"href":"https:\/\/www.salve.si\/en\/wp-json\/wp\/v2\/tags?post=17082"}],"curies":[{"name":"wp","href":"https:\/\/api.w.org\/{rel}","templated":true}]}}