{"id":17079,"date":"2023-03-19T09:33:15","date_gmt":"2023-03-19T08:33:15","guid":{"rendered":"https:\/\/www.salve.si\/?p=17079"},"modified":"2023-03-19T09:33:16","modified_gmt":"2023-03-19T08:33:16","slug":"7-velikonocna-nedelja-2","status":"publish","type":"post","link":"https:\/\/www.salve.si\/en\/leto-a\/7-velikonocna-nedelja-2\/","title":{"rendered":"7. velikono\u010dna nedelja"},"content":{"rendered":"<p><strong>Vzljubi svojo nepopolnost!<\/strong><\/p>\n<p>\u00bbNe prosim za svet, temve\u010d za tiste, ki si mi jih dal, ker so tvoji; in vse moje je tvoje, in kar je tvoje, je moje in poveli\u010dan sem v njih!\u00ab Tako je zapisal evangelist Janez, ki nam je danes posredoval del Jezusovega pogovora z O\u010detom pri zadnji ve\u010derji. Te besede so kot testament, ki jih Jezus zapu\u0161\u010da svojim u\u010dencem in vsem, ki bodo po njihovem oznanjevanju sprejeli kr\u0161\u010dansko vero.<\/p>\n<p>Jezus se zaveda, da barka, na kateri smo, ne dose\u017ee vedno drugega brega celostna, nepo\u0161kodovana. Ta barka, ki predstavlja na\u0161e \u017eivljenje, mora velikokrat premagovati stra\u0161ne valove in neurja, zato smo lahko zelo veseli, \u010de pristanemo na drugem bregu nepo\u0161kodovani. Na barki Jezusovih u\u010dencev so pogre\u0161ali enega \u010dlana posadke, Juda I\u0161karjota. Ko bi bilo treba krepko zamahniti z vesli in bi moralo vseh dvanajst poslu\u0161ati navodila \u0161efa, je hladnokrvno poljubil \u0161efa, sko\u010dil iz barke in si sodil sam. Tudi Peter je razmi\u0161ljal, da bi zapustil barko, ker ni videl smisla v \u0161efovem razmi\u0161ljanju o trpljenju in smrti. \u00bbKako si lahko pomagam s \u0161efom,\u00a0 ki dovoli, da ga pribijejo na kri\u017e!\u00ab Na tej barki, ki ji pravimo Cerkev, mnogi dvomijo in ne vidijo smisla, da bi \u0161e vztrajali na njej.<\/p>\n<p>Kaj se je dogajalo s prvo kr\u0161\u010dansko skupnostjo? Od dvanajstih apostolov je eden odpadel. Jezus jih je izbral, da obnovijo nekdanje Izraelovo kraljestvo, ki je bilo sestavljeno iz dvanajstih rodov. Teh dvanajst rodov naj bi se s kr\u0161\u010danstvom raz\u0161irilo na ves svet. Ranljivi so. Ta barka je zelo na\u010deta in nih\u010de ne ve, kaj se bo z njo zgodilo ob naslednjem neurju. In vendar bo teh enajst \u010dlanov posadke za\u010delo pripovedovati svojo zgodbo. To bo zgodba o poti, na katero so stopili, zgodba o prijateljstvu, upanju, \u0161tevilnih napakah, izdajah in zatajitvah. Tej krhki, nepopolni in ranljivi skupnosti bo Jezus zaupal nalogo, naj evangelij ponesejo v svet.<\/p>\n<p>Kak\u0161ni smo kot kristjani? Pogostokrat nas je sram pripovedovati svojo zgodbo, skrivamo se, najraje bi pobegnili tja, kjer nas nih\u010de ne bi na\u0161el. Jezus nas sprejme tak\u0161ne kot smo, kot je sprejel enajst apostolov, ko se je od njih poslavljal. Ta na\u0161a nepopolna, polomljena \u017eivljenjska zgodba bo dovolj dobra, da nam bodo ljudje verjeli. Pripovedovati je treba, kako nas je Jezus re\u0161il, kako smo \u0161li skozi \u0161tevilna neurja, kako nas ima Bog rad kljub na\u0161im pomanjkljivostim. Prav tak\u0161ni, nepopolni apostoli so bili dovolj dobri, da jih je Jezus lahko poslal oznanjat. Petra, ki ga je zatajil, je postavil za prvega pape\u017ea.<\/p>\n<p>Jezusovo razmi\u0161ljanje je druga\u010dno od na\u0161ega, kak\u0161en bi rekel, da je skregano s pametjo. Mi i\u0161\u010demo za izvajanje velikih projektov najbolj\u0161e, najzanesljivej\u0161e, najinteligentnej\u0161e ljudi, Jezus pa je zaupal evangelij preprostim ribi\u010dem. Kak\u0161na je njegova logika? Jezus lahko najve\u010d naredi s tistimi, ki niso prepametni, ki zaupajo in se dajo voditi Bo\u017ejemu duhu. Njegova logika je zelo preprosta: ne spreobra\u010damo mi, ampak Bog. Zato je smiselno, da se mu prepustimo, mu zaupamo in mu dovolimo, da z nami naredi to, kar se njemu zdi najbolj prav. To prepu\u0161\u010danje Bogu je vedno povezano s tveganjem, kajti mimogrede se zgodi, da pozabimo na svoje obljube, hodimo po stranskih poteh, se oddaljujemo od cilja, dvomimo, da je Bog z nami.<\/p>\n<p>Jezus je poznal vse te pasti, ko se je poslavljal od svojih u\u010dencev. V \u010detrtek, ko smo praznovali njegov vnebohod, smo sli\u0161ali v Matejevem evangeliju Jezusovo zagotovilo: \u00bbPojdite torej in pou\u010dujte vse narode. Kr\u0161\u010dujte jih v imenu O\u010deta in Sina in Svetega Duha in u\u010dite jih izpolnjevati vse, kar koli sem vam zapovedal! In glejte: jaz sem z vami vse dni do konca sveta.\u00ab Jezus nas ne zapu\u0161\u010da, on ostaja vedno z nami. On je sredi\u0161\u010de na\u0161ega oznanjevanja. Vse, kar mislimo, u\u010dimo in delamo se zgodi znotraj te Jezusove obljube. Prav apostol Matej je v za\u010detku svojega evangelija zapisal, da je Jezus Emanuel, Bog, ki ostaja z nami. Na na\u0161i poti se bo zgodilo veliko stvari. Lahko se bomo izgubili, morda bomo Jezusa izdali, kak\u0161en ga bo zatajil, kdo drug bo pod te\u017eo svojih grehov padel in se ne bo mogel sam pobrati, toda vse, od za\u010detka do konca na\u0161e poti in na\u0161e zgodbe, je povezano z obljubo: \u00bbJaz sem z vami vse dni, do konca sveta!\u00ab<\/p>\n<p><strong>\u017dupnik Branko Bala\u017eic SDB<\/strong><span class=\"slv-content-keywords\"> Leto A Nedeljska meditacija Velikono\u010dni \u010das <\/span><\/p>","protected":false},"excerpt":{"rendered":"<p>Vzljubi svojo nepopolnost! \u00bbNe prosim za svet, temve\u010d za tiste, ki si mi jih dal, ker so tvoji; in vse moje je tvoje, in kar je tvoje, je moje in poveli\u010dan sem v njih!\u00ab Tako je zapisal evangelist Janez, ki nam je danes posredoval del Jezusovega pogovora z O\u010detom pri zadnji ve\u010derji. Te besede so<a href=\"https:\/\/www.salve.si\/en\/leto-a\/7-velikonocna-nedelja-2\/\">&#8230;<\/a><\/p>","protected":false},"author":1561,"featured_media":0,"comment_status":"open","ping_status":"open","sticky":false,"template":"","format":"standard","meta":{"_acf_changed":false,"footnotes":""},"categories":[1177,925,652],"tags":[649,927,1065],"class_list":["post-17079","post","type-post","status-publish","format-standard","hentry","category-leto-a","category-nedeljska-meditacija","category-velikonocni-cas","tag-leto-a","tag-nedeljska-meditacija","tag-velikonocni-cas"],"acf":[],"yoast_head":"<!-- This site is optimized with the Yoast SEO plugin v23.8 - https:\/\/yoast.com\/wordpress\/plugins\/seo\/ -->\n<title>7. velikono\u010dna nedelja - Salve<\/title>\n<meta name=\"robots\" content=\"noindex, follow\" \/>\n<meta property=\"og:locale\" content=\"en_US\" \/>\n<meta property=\"og:type\" content=\"article\" \/>\n<meta property=\"og:title\" content=\"7. velikono\u010dna nedelja - Salve\" \/>\n<meta property=\"og:description\" content=\"Vzljubi svojo nepopolnost! \u00bbNe prosim za svet, temve\u010d za tiste, ki si mi jih dal, ker so tvoji; in vse moje je tvoje, in kar je tvoje, je moje in poveli\u010dan sem v njih!\u00ab Tako je zapisal evangelist Janez, ki nam je danes posredoval del Jezusovega pogovora z O\u010detom pri zadnji ve\u010derji. Te besede so...\" \/>\n<meta property=\"og:url\" content=\"https:\/\/www.salve.si\/en\/leto-a\/7-velikonocna-nedelja-2\/\" \/>\n<meta property=\"og:site_name\" content=\"Salve\" \/>\n<meta property=\"article:publisher\" content=\"https:\/\/www.facebook.com\/salve.si\" \/>\n<meta property=\"article:published_time\" content=\"2023-03-19T08:33:15+00:00\" \/>\n<meta property=\"article:modified_time\" content=\"2023-03-19T08:33:16+00:00\" \/>\n<meta property=\"og:image\" content=\"https:\/\/www.salve.si\/wp-content\/uploads\/2026\/01\/salve-og1.jpg\" \/>\n\t<meta property=\"og:image:width\" content=\"1200\" \/>\n\t<meta property=\"og:image:height\" content=\"630\" \/>\n\t<meta property=\"og:image:type\" content=\"image\/jpeg\" \/>\n<meta name=\"author\" content=\"Andrej Baliga\u010d\" \/>\n<meta name=\"twitter:card\" content=\"summary_large_image\" \/>\n<meta name=\"twitter:label1\" content=\"Written by\" \/>\n\t<meta name=\"twitter:data1\" content=\"Andrej Baliga\u010d\" \/>\n\t<meta name=\"twitter:label2\" content=\"Est. reading time\" \/>\n\t<meta name=\"twitter:data2\" content=\"4 minutes\" \/>\n<script type=\"application\/ld+json\" class=\"yoast-schema-graph\">{\"@context\":\"https:\/\/schema.org\",\"@graph\":[{\"@type\":\"Article\",\"@id\":\"https:\/\/www.salve.si\/leto-a\/7-velikonocna-nedelja-2\/#article\",\"isPartOf\":{\"@id\":\"https:\/\/www.salve.si\/leto-a\/7-velikonocna-nedelja-2\/\"},\"author\":{\"name\":\"Andrej Baliga\u010d\",\"@id\":\"https:\/\/www.salve.si\/#\/schema\/person\/61121950f92f07895dc7ea08dc78ba82\"},\"headline\":\"7. velikono\u010dna nedelja\",\"datePublished\":\"2023-03-19T08:33:15+00:00\",\"dateModified\":\"2023-03-19T08:33:16+00:00\",\"mainEntityOfPage\":{\"@id\":\"https:\/\/www.salve.si\/leto-a\/7-velikonocna-nedelja-2\/\"},\"wordCount\":769,\"commentCount\":0,\"publisher\":{\"@id\":\"https:\/\/www.salve.si\/#organization\"},\"keywords\":[\"A\",\"nedeljska meditacija\",\"velikono\u010dni \u010das\"],\"articleSection\":[\"Leto A\",\"Nedeljska meditacija\",\"Velikono\u010dni \u010das\"],\"inLanguage\":\"en-US\",\"potentialAction\":[{\"@type\":\"CommentAction\",\"name\":\"Comment\",\"target\":[\"https:\/\/www.salve.si\/leto-a\/7-velikonocna-nedelja-2\/#respond\"]}]},{\"@type\":\"WebPage\",\"@id\":\"https:\/\/www.salve.si\/leto-a\/7-velikonocna-nedelja-2\/\",\"url\":\"https:\/\/www.salve.si\/leto-a\/7-velikonocna-nedelja-2\/\",\"name\":\"7. velikono\u010dna nedelja - Salve\",\"isPartOf\":{\"@id\":\"https:\/\/www.salve.si\/#website\"},\"datePublished\":\"2023-03-19T08:33:15+00:00\",\"dateModified\":\"2023-03-19T08:33:16+00:00\",\"breadcrumb\":{\"@id\":\"https:\/\/www.salve.si\/leto-a\/7-velikonocna-nedelja-2\/#breadcrumb\"},\"inLanguage\":\"en-US\",\"potentialAction\":[{\"@type\":\"ReadAction\",\"target\":[\"https:\/\/www.salve.si\/leto-a\/7-velikonocna-nedelja-2\/\"]}]},{\"@type\":\"BreadcrumbList\",\"@id\":\"https:\/\/www.salve.si\/leto-a\/7-velikonocna-nedelja-2\/#breadcrumb\",\"itemListElement\":[{\"@type\":\"ListItem\",\"position\":1,\"name\":\"Home\",\"item\":\"https:\/\/www.salve.si\/\"},{\"@type\":\"ListItem\",\"position\":2,\"name\":\"7. velikono\u010dna nedelja\"}]},{\"@type\":\"WebSite\",\"@id\":\"https:\/\/www.salve.si\/#website\",\"url\":\"https:\/\/www.salve.si\/\",\"name\":\"Salve\",\"description\":\"Salezijanska zalo\u017eba\",\"publisher\":{\"@id\":\"https:\/\/www.salve.si\/#organization\"},\"potentialAction\":[{\"@type\":\"SearchAction\",\"target\":{\"@type\":\"EntryPoint\",\"urlTemplate\":\"https:\/\/www.salve.si\/?s={search_term_string}\"},\"query-input\":{\"@type\":\"PropertyValueSpecification\",\"valueRequired\":true,\"valueName\":\"search_term_string\"}}],\"inLanguage\":\"en-US\"},{\"@type\":\"Organization\",\"@id\":\"https:\/\/www.salve.si\/#organization\",\"name\":\"Salve d.o.o.\",\"url\":\"https:\/\/www.salve.si\/\",\"logo\":{\"@type\":\"ImageObject\",\"inLanguage\":\"en-US\",\"@id\":\"https:\/\/www.salve.si\/#\/schema\/logo\/image\/\",\"url\":\"https:\/\/www.salve.si\/wp-content\/uploads\/2021\/01\/Salve_logo_modri_nov_web.png\",\"contentUrl\":\"https:\/\/www.salve.si\/wp-content\/uploads\/2021\/01\/Salve_logo_modri_nov_web.png\",\"width\":279,\"height\":90,\"caption\":\"Salve d.o.o.\"},\"image\":{\"@id\":\"https:\/\/www.salve.si\/#\/schema\/logo\/image\/\"},\"sameAs\":[\"https:\/\/www.facebook.com\/salve.si\",\"https:\/\/www.instagram.com\/zalozbasalve\/\",\"https:\/\/www.linkedin.com\/company\/zalozba-salve\/\"]},{\"@type\":\"Person\",\"@id\":\"https:\/\/www.salve.si\/#\/schema\/person\/61121950f92f07895dc7ea08dc78ba82\",\"name\":\"Andrej Baliga\u010d\",\"sameAs\":[\"https:\/\/www.salve.si\"]}]}<\/script>\n<!-- \/ Yoast SEO plugin. -->","yoast_head_json":{"title":"7. velikono\u010dna nedelja - Salve","robots":{"index":"noindex","follow":"follow"},"og_locale":"en_US","og_type":"article","og_title":"7. velikono\u010dna nedelja - Salve","og_description":"Vzljubi svojo nepopolnost! \u00bbNe prosim za svet, temve\u010d za tiste, ki si mi jih dal, ker so tvoji; in vse moje je tvoje, in kar je tvoje, je moje in poveli\u010dan sem v njih!\u00ab Tako je zapisal evangelist Janez, ki nam je danes posredoval del Jezusovega pogovora z O\u010detom pri zadnji ve\u010derji. Te besede so...","og_url":"https:\/\/www.salve.si\/en\/leto-a\/7-velikonocna-nedelja-2\/","og_site_name":"Salve","article_publisher":"https:\/\/www.facebook.com\/salve.si","article_published_time":"2023-03-19T08:33:15+00:00","article_modified_time":"2023-03-19T08:33:16+00:00","og_image":[{"width":1200,"height":630,"url":"https:\/\/www.salve.si\/wp-content\/uploads\/2026\/01\/salve-og1.jpg","type":"image\/jpeg"}],"author":"Andrej Baliga\u010d","twitter_card":"summary_large_image","twitter_misc":{"Written by":"Andrej Baliga\u010d","Est. reading time":"4 minutes"},"schema":{"@context":"https:\/\/schema.org","@graph":[{"@type":"Article","@id":"https:\/\/www.salve.si\/leto-a\/7-velikonocna-nedelja-2\/#article","isPartOf":{"@id":"https:\/\/www.salve.si\/leto-a\/7-velikonocna-nedelja-2\/"},"author":{"name":"Andrej Baliga\u010d","@id":"https:\/\/www.salve.si\/#\/schema\/person\/61121950f92f07895dc7ea08dc78ba82"},"headline":"7. velikono\u010dna nedelja","datePublished":"2023-03-19T08:33:15+00:00","dateModified":"2023-03-19T08:33:16+00:00","mainEntityOfPage":{"@id":"https:\/\/www.salve.si\/leto-a\/7-velikonocna-nedelja-2\/"},"wordCount":769,"commentCount":0,"publisher":{"@id":"https:\/\/www.salve.si\/#organization"},"keywords":["A","nedeljska meditacija","velikono\u010dni \u010das"],"articleSection":["Leto A","Nedeljska meditacija","Velikono\u010dni \u010das"],"inLanguage":"en-US","potentialAction":[{"@type":"CommentAction","name":"Comment","target":["https:\/\/www.salve.si\/leto-a\/7-velikonocna-nedelja-2\/#respond"]}]},{"@type":"WebPage","@id":"https:\/\/www.salve.si\/leto-a\/7-velikonocna-nedelja-2\/","url":"https:\/\/www.salve.si\/leto-a\/7-velikonocna-nedelja-2\/","name":"7. velikono\u010dna nedelja - Salve","isPartOf":{"@id":"https:\/\/www.salve.si\/#website"},"datePublished":"2023-03-19T08:33:15+00:00","dateModified":"2023-03-19T08:33:16+00:00","breadcrumb":{"@id":"https:\/\/www.salve.si\/leto-a\/7-velikonocna-nedelja-2\/#breadcrumb"},"inLanguage":"en-US","potentialAction":[{"@type":"ReadAction","target":["https:\/\/www.salve.si\/leto-a\/7-velikonocna-nedelja-2\/"]}]},{"@type":"BreadcrumbList","@id":"https:\/\/www.salve.si\/leto-a\/7-velikonocna-nedelja-2\/#breadcrumb","itemListElement":[{"@type":"ListItem","position":1,"name":"Home","item":"https:\/\/www.salve.si\/"},{"@type":"ListItem","position":2,"name":"7. velikono\u010dna nedelja"}]},{"@type":"WebSite","@id":"https:\/\/www.salve.si\/#website","url":"https:\/\/www.salve.si\/","name":"Salve","description":"Salezijanska zalo\u017eba","publisher":{"@id":"https:\/\/www.salve.si\/#organization"},"potentialAction":[{"@type":"SearchAction","target":{"@type":"EntryPoint","urlTemplate":"https:\/\/www.salve.si\/?s={search_term_string}"},"query-input":{"@type":"PropertyValueSpecification","valueRequired":true,"valueName":"search_term_string"}}],"inLanguage":"en-US"},{"@type":"Organization","@id":"https:\/\/www.salve.si\/#organization","name":"Salve d.o.o.","url":"https:\/\/www.salve.si\/","logo":{"@type":"ImageObject","inLanguage":"en-US","@id":"https:\/\/www.salve.si\/#\/schema\/logo\/image\/","url":"https:\/\/www.salve.si\/wp-content\/uploads\/2021\/01\/Salve_logo_modri_nov_web.png","contentUrl":"https:\/\/www.salve.si\/wp-content\/uploads\/2021\/01\/Salve_logo_modri_nov_web.png","width":279,"height":90,"caption":"Salve d.o.o."},"image":{"@id":"https:\/\/www.salve.si\/#\/schema\/logo\/image\/"},"sameAs":["https:\/\/www.facebook.com\/salve.si","https:\/\/www.instagram.com\/zalozbasalve\/","https:\/\/www.linkedin.com\/company\/zalozba-salve\/"]},{"@type":"Person","@id":"https:\/\/www.salve.si\/#\/schema\/person\/61121950f92f07895dc7ea08dc78ba82","name":"Andrej Baliga\u010d","sameAs":["https:\/\/www.salve.si"]}]}},"_links":{"self":[{"href":"https:\/\/www.salve.si\/en\/wp-json\/wp\/v2\/posts\/17079","targetHints":{"allow":["GET"]}}],"collection":[{"href":"https:\/\/www.salve.si\/en\/wp-json\/wp\/v2\/posts"}],"about":[{"href":"https:\/\/www.salve.si\/en\/wp-json\/wp\/v2\/types\/post"}],"author":[{"embeddable":true,"href":"https:\/\/www.salve.si\/en\/wp-json\/wp\/v2\/users\/1561"}],"replies":[{"embeddable":true,"href":"https:\/\/www.salve.si\/en\/wp-json\/wp\/v2\/comments?post=17079"}],"version-history":[{"count":2,"href":"https:\/\/www.salve.si\/en\/wp-json\/wp\/v2\/posts\/17079\/revisions"}],"predecessor-version":[{"id":17081,"href":"https:\/\/www.salve.si\/en\/wp-json\/wp\/v2\/posts\/17079\/revisions\/17081"}],"wp:attachment":[{"href":"https:\/\/www.salve.si\/en\/wp-json\/wp\/v2\/media?parent=17079"}],"wp:term":[{"taxonomy":"category","embeddable":true,"href":"https:\/\/www.salve.si\/en\/wp-json\/wp\/v2\/categories?post=17079"},{"taxonomy":"post_tag","embeddable":true,"href":"https:\/\/www.salve.si\/en\/wp-json\/wp\/v2\/tags?post=17079"}],"curies":[{"name":"wp","href":"https:\/\/api.w.org\/{rel}","templated":true}]}}