{"id":17076,"date":"2023-03-19T09:31:54","date_gmt":"2023-03-19T08:31:54","guid":{"rendered":"https:\/\/www.salve.si\/?p=17076"},"modified":"2023-03-19T09:31:55","modified_gmt":"2023-03-19T08:31:55","slug":"6-velikonocna-nedelja-2","status":"publish","type":"post","link":"https:\/\/www.salve.si\/en\/leto-a\/6-velikonocna-nedelja-2\/","title":{"rendered":"6. velikono\u010dna nedelja"},"content":{"rendered":"<p><strong>Nobena stvar ne more nadomestiti osebe, pri kateri se po\u010dutim sprejet in ljubljen<\/strong><\/p>\n<p>Protestantski teolog Dietrich Bonhoeffer, ki je svoje \u017eivljenje zaklju\u010dil v koncentracijskem tabori\u0161\u010du Dachau, je zapisal: \u00bbNi\u010d ne more nadomestiti osebe, ki nas ima rada. Zgre\u0161eno je trditi, da Bog lahko zapolni na\u0161o notranjo praznino. On jo ne zapolni, ampak jo pusti odprto in nam tako dovoli, da ohranimo temeljno povezavo s skupnostjo in si skupaj delimo trenutke sre\u010de in tudi trenutke bole\u010dine in trpljenja.\u00ab<\/p>\n<p>Ljubezen potrebuje pot, po kateri se lahko giblje. Ne obstaja neka navidezna, nami\u0161ljena ljubezen. Prava ljubezen uporablja \u010dlove\u0161ko govorico in zunanje geste, po katerih jo lahko prepoznamo. Zato dr\u017ei, da ljubezen prepoznamo v dejanjih, ne v besedah. Tako kot se\u00a0 cvetli\u010dni vrt lahko razbohoti znotraj svojega prostora, obdanega z ograjo, tako ljubezen potrebuje prostor, kjer se lahko udejanji. Izven ograje je prah in pepel, zemlja, ki ne pripada nikomur, cesta, po kateri vsakdo hodi in kjer marsikdo odvr\u017ee stvari, ki se jih naveli\u010da.<\/p>\n<p>Zato pravimo, da za vsako ljubezen morajo biti dolo\u010deni kriteriji ali kanali, po katerih se lahko pretaka in na\u010dini, kako jo zaznavamo. To je predvidel Bog, ko je ustvarjal \u010dloveka: sestavil ga je iz prsti zemlje, mu dal obliko in ga postavil v rajski vrt. V tem vrtu so drevesa, ki so postavljena kot okvir, znotraj katerega se bosta Adam in Eva sprehajala in znotraj meja tega vrta bosta varna. Podobno zgodbo sre\u010damo kasneje z izvoljenim narodom, ki je na poti iz egiptovske su\u017enosti v obljubljeno de\u017eelo. Da se ne bodo izgubili so potrebne dolo\u010dene omejitve, kriteriji za zdravo, smiselno \u017eivljenje in konkretne zadol\u017eitve. Zato jih Bog nagovarja s svojo \u017eivo besedo in nasveti, kako bodo z njim v pravem ljubezenskem odnosu.<\/p>\n<p>V dana\u0161njem evangeliju Jezus ponovi, na kak\u0161en na\u010din bo ljubezen njegovih u\u010dencev in kristjanov zares pristna, konkretna in ne neko romanti\u010dno sanjarjenje. Zapovedi so tista ograja, znotraj katere se gibljemo, kjer smo zavarovani in je na\u0161e \u017eivljenje zares pristno in smiselno. Zapovedi so varna ograja, ki nam pomaga, da ne pademo po stopnicah. Ko se te ograje oprijemamo, nas nobena stvar, nobena sku\u0161njava ne more oddaljiti od Boga.<\/p>\n<p>Preden se je Jezus od svojih u\u010dencev poslovil, jim govoril o ljubezni. Obstajala je velika nevarnost, da bodo po njegovem odhodu u\u010denci postali sirote. Ko ga bodo videli pribitega na kri\u017eu, se bo v njihova srca naselil strah, razbe\u017eali se bodo, po\u010dutili se bodo kot otroci, ki so izgubili o\u010deta in mamo. Zato Jezus u\u010dencem zagotovi: \u00bbNe bom dopustil, da bi bili sirote!\u00ab To je njegovo jasno zagotovilo ne le u\u010dencem, ampak tudi nam, kristjanom tretjega tiso\u010dletja. Morda nimamo izku\u0161nje, kaj pomeni biti sirota, \u017eiveti notranje prazen in negotov. Res pa je, da takrat, ko postane\u0161 sirota, se pred teboj odpre neka nova mo\u017enost rasti. To je trenutek, ko postane\u0161 odrasla oseba, ki gradi svoje \u017eivljenje na tem, kar je prejel od svojih star\u0161ev kot dedi\u0161\u010dino, kot neprecenljiv zaklad.<\/p>\n<p>Kak\u0161no dedi\u0161\u010dino je Jezus zapustil svojim u\u010dencem in kristjanom. Ta dedi\u0161\u010dina je povezana z njegovo trajno navzo\u010dnostjo, z obljubo, da bo poslal Svetega Duha. On nam bo stal vedno ob strani, spremljal nas bo, bo na\u0161 svetovalec, pomagal nam bo pri sprejemanju pravih odlo\u010ditev. V svetu, ki zavra\u010da vse, kar je povezano z Bogom, z usmiljenjem in zagovarjanjem zavr\u017eenih, ki so brez mo\u010di, ki nimajo pravega zagovornika, je tak\u0161na pomo\u010d zelo dobrodo\u0161la. Sveti Duh je z nami na enak na\u010din kot o\u010de zagovarja in brani svojega otroka. Zanj je pripravljen dati celo svoje \u017eivljenje.<\/p>\n<p>V ozadju je ljubezen, ki jo sodobni svet ne prepozna oziroma jo zavra\u010da. Sodobni svet se ustavi ob lepi zunanjosti, ob vsem tem, kar je navidezno, lepo za o\u010di, a brez prave vsebine. Sodobnikova ljubezen najve\u010dkrat ne dose\u017ee srca, ker se iz\u010drpa ob vsem tem, kar je nepomembno, ob kratkotrajnem u\u017eitku. Jezus nam govori druga\u010de o ljubezni: \u00bbJaz sem v O\u010detu in vi v meni in jaz v vas. Kdor ima moje zapovedi in se jih dr\u017ei, ta me ljubi, kdor pa me ljubi, tega bo ljubil moj O\u010de, in tudi jaz ga bom ljubil in se mu razodel!\u00ab Tak\u0161na je ljubezen, ki dose\u017ee srce, se tam umiri in nas nagradi z mirom, ki ga ta svet ne more dati. Tako ljubi samo Bog, kajti zanj je vsak posameznik najbolj dragocen.<\/p>\n<p><strong>\u017dupnik Branko Bala\u017eic SDB<\/strong><span class=\"slv-content-keywords\"> Leto A Nedeljska meditacija Velikono\u010dni \u010das <\/span><\/p>","protected":false},"excerpt":{"rendered":"<p>Nobena stvar ne more nadomestiti osebe, pri kateri se po\u010dutim sprejet in ljubljen Protestantski teolog Dietrich Bonhoeffer, ki je svoje \u017eivljenje zaklju\u010dil v koncentracijskem tabori\u0161\u010du Dachau, je zapisal: \u00bbNi\u010d ne more nadomestiti osebe, ki nas ima rada. Zgre\u0161eno je trditi, da Bog lahko zapolni na\u0161o notranjo praznino. On jo ne zapolni, ampak jo pusti odprto<a href=\"https:\/\/www.salve.si\/en\/leto-a\/6-velikonocna-nedelja-2\/\">&#8230;<\/a><\/p>","protected":false},"author":1561,"featured_media":0,"comment_status":"open","ping_status":"open","sticky":false,"template":"","format":"standard","meta":{"_acf_changed":false,"footnotes":""},"categories":[1177,925,652],"tags":[649,927,1065],"class_list":["post-17076","post","type-post","status-publish","format-standard","hentry","category-leto-a","category-nedeljska-meditacija","category-velikonocni-cas","tag-leto-a","tag-nedeljska-meditacija","tag-velikonocni-cas"],"acf":[],"yoast_head":"<!-- This site is optimized with the Yoast SEO plugin v23.8 - https:\/\/yoast.com\/wordpress\/plugins\/seo\/ -->\n<title>6. velikono\u010dna nedelja - Salve<\/title>\n<meta name=\"robots\" content=\"noindex, follow\" \/>\n<meta property=\"og:locale\" content=\"en_US\" \/>\n<meta property=\"og:type\" content=\"article\" \/>\n<meta property=\"og:title\" content=\"6. velikono\u010dna nedelja - Salve\" \/>\n<meta property=\"og:description\" content=\"Nobena stvar ne more nadomestiti osebe, pri kateri se po\u010dutim sprejet in ljubljen Protestantski teolog Dietrich Bonhoeffer, ki je svoje \u017eivljenje zaklju\u010dil v koncentracijskem tabori\u0161\u010du Dachau, je zapisal: \u00bbNi\u010d ne more nadomestiti osebe, ki nas ima rada. Zgre\u0161eno je trditi, da Bog lahko zapolni na\u0161o notranjo praznino. On jo ne zapolni, ampak jo pusti odprto...\" \/>\n<meta property=\"og:url\" content=\"https:\/\/www.salve.si\/en\/leto-a\/6-velikonocna-nedelja-2\/\" \/>\n<meta property=\"og:site_name\" content=\"Salve\" \/>\n<meta property=\"article:publisher\" content=\"https:\/\/www.facebook.com\/salve.si\" \/>\n<meta property=\"article:published_time\" content=\"2023-03-19T08:31:54+00:00\" \/>\n<meta property=\"article:modified_time\" content=\"2023-03-19T08:31:55+00:00\" \/>\n<meta property=\"og:image\" content=\"https:\/\/www.salve.si\/wp-content\/uploads\/2026\/01\/salve-og1.jpg\" \/>\n\t<meta property=\"og:image:width\" content=\"1200\" \/>\n\t<meta property=\"og:image:height\" content=\"630\" \/>\n\t<meta property=\"og:image:type\" content=\"image\/jpeg\" \/>\n<meta name=\"author\" content=\"Andrej Baliga\u010d\" \/>\n<meta name=\"twitter:card\" content=\"summary_large_image\" \/>\n<meta name=\"twitter:label1\" content=\"Written by\" \/>\n\t<meta name=\"twitter:data1\" content=\"Andrej Baliga\u010d\" \/>\n\t<meta name=\"twitter:label2\" content=\"Est. reading time\" \/>\n\t<meta name=\"twitter:data2\" content=\"4 minutes\" \/>\n<script type=\"application\/ld+json\" class=\"yoast-schema-graph\">{\"@context\":\"https:\/\/schema.org\",\"@graph\":[{\"@type\":\"Article\",\"@id\":\"https:\/\/www.salve.si\/leto-a\/6-velikonocna-nedelja-2\/#article\",\"isPartOf\":{\"@id\":\"https:\/\/www.salve.si\/leto-a\/6-velikonocna-nedelja-2\/\"},\"author\":{\"name\":\"Andrej Baliga\u010d\",\"@id\":\"https:\/\/www.salve.si\/#\/schema\/person\/61121950f92f07895dc7ea08dc78ba82\"},\"headline\":\"6. velikono\u010dna nedelja\",\"datePublished\":\"2023-03-19T08:31:54+00:00\",\"dateModified\":\"2023-03-19T08:31:55+00:00\",\"mainEntityOfPage\":{\"@id\":\"https:\/\/www.salve.si\/leto-a\/6-velikonocna-nedelja-2\/\"},\"wordCount\":784,\"commentCount\":0,\"publisher\":{\"@id\":\"https:\/\/www.salve.si\/#organization\"},\"keywords\":[\"A\",\"nedeljska meditacija\",\"velikono\u010dni \u010das\"],\"articleSection\":[\"Leto A\",\"Nedeljska meditacija\",\"Velikono\u010dni \u010das\"],\"inLanguage\":\"en-US\",\"potentialAction\":[{\"@type\":\"CommentAction\",\"name\":\"Comment\",\"target\":[\"https:\/\/www.salve.si\/leto-a\/6-velikonocna-nedelja-2\/#respond\"]}]},{\"@type\":\"WebPage\",\"@id\":\"https:\/\/www.salve.si\/leto-a\/6-velikonocna-nedelja-2\/\",\"url\":\"https:\/\/www.salve.si\/leto-a\/6-velikonocna-nedelja-2\/\",\"name\":\"6. velikono\u010dna nedelja - Salve\",\"isPartOf\":{\"@id\":\"https:\/\/www.salve.si\/#website\"},\"datePublished\":\"2023-03-19T08:31:54+00:00\",\"dateModified\":\"2023-03-19T08:31:55+00:00\",\"breadcrumb\":{\"@id\":\"https:\/\/www.salve.si\/leto-a\/6-velikonocna-nedelja-2\/#breadcrumb\"},\"inLanguage\":\"en-US\",\"potentialAction\":[{\"@type\":\"ReadAction\",\"target\":[\"https:\/\/www.salve.si\/leto-a\/6-velikonocna-nedelja-2\/\"]}]},{\"@type\":\"BreadcrumbList\",\"@id\":\"https:\/\/www.salve.si\/leto-a\/6-velikonocna-nedelja-2\/#breadcrumb\",\"itemListElement\":[{\"@type\":\"ListItem\",\"position\":1,\"name\":\"Home\",\"item\":\"https:\/\/www.salve.si\/\"},{\"@type\":\"ListItem\",\"position\":2,\"name\":\"6. velikono\u010dna nedelja\"}]},{\"@type\":\"WebSite\",\"@id\":\"https:\/\/www.salve.si\/#website\",\"url\":\"https:\/\/www.salve.si\/\",\"name\":\"Salve\",\"description\":\"Salezijanska zalo\u017eba\",\"publisher\":{\"@id\":\"https:\/\/www.salve.si\/#organization\"},\"potentialAction\":[{\"@type\":\"SearchAction\",\"target\":{\"@type\":\"EntryPoint\",\"urlTemplate\":\"https:\/\/www.salve.si\/?s={search_term_string}\"},\"query-input\":{\"@type\":\"PropertyValueSpecification\",\"valueRequired\":true,\"valueName\":\"search_term_string\"}}],\"inLanguage\":\"en-US\"},{\"@type\":\"Organization\",\"@id\":\"https:\/\/www.salve.si\/#organization\",\"name\":\"Salve d.o.o.\",\"url\":\"https:\/\/www.salve.si\/\",\"logo\":{\"@type\":\"ImageObject\",\"inLanguage\":\"en-US\",\"@id\":\"https:\/\/www.salve.si\/#\/schema\/logo\/image\/\",\"url\":\"https:\/\/www.salve.si\/wp-content\/uploads\/2021\/01\/Salve_logo_modri_nov_web.png\",\"contentUrl\":\"https:\/\/www.salve.si\/wp-content\/uploads\/2021\/01\/Salve_logo_modri_nov_web.png\",\"width\":279,\"height\":90,\"caption\":\"Salve d.o.o.\"},\"image\":{\"@id\":\"https:\/\/www.salve.si\/#\/schema\/logo\/image\/\"},\"sameAs\":[\"https:\/\/www.facebook.com\/salve.si\",\"https:\/\/www.instagram.com\/zalozbasalve\/\",\"https:\/\/www.linkedin.com\/company\/zalozba-salve\/\"]},{\"@type\":\"Person\",\"@id\":\"https:\/\/www.salve.si\/#\/schema\/person\/61121950f92f07895dc7ea08dc78ba82\",\"name\":\"Andrej Baliga\u010d\",\"sameAs\":[\"https:\/\/www.salve.si\"]}]}<\/script>\n<!-- \/ Yoast SEO plugin. -->","yoast_head_json":{"title":"6. velikono\u010dna nedelja - Salve","robots":{"index":"noindex","follow":"follow"},"og_locale":"en_US","og_type":"article","og_title":"6. velikono\u010dna nedelja - Salve","og_description":"Nobena stvar ne more nadomestiti osebe, pri kateri se po\u010dutim sprejet in ljubljen Protestantski teolog Dietrich Bonhoeffer, ki je svoje \u017eivljenje zaklju\u010dil v koncentracijskem tabori\u0161\u010du Dachau, je zapisal: \u00bbNi\u010d ne more nadomestiti osebe, ki nas ima rada. Zgre\u0161eno je trditi, da Bog lahko zapolni na\u0161o notranjo praznino. On jo ne zapolni, ampak jo pusti odprto...","og_url":"https:\/\/www.salve.si\/en\/leto-a\/6-velikonocna-nedelja-2\/","og_site_name":"Salve","article_publisher":"https:\/\/www.facebook.com\/salve.si","article_published_time":"2023-03-19T08:31:54+00:00","article_modified_time":"2023-03-19T08:31:55+00:00","og_image":[{"width":1200,"height":630,"url":"https:\/\/www.salve.si\/wp-content\/uploads\/2026\/01\/salve-og1.jpg","type":"image\/jpeg"}],"author":"Andrej Baliga\u010d","twitter_card":"summary_large_image","twitter_misc":{"Written by":"Andrej Baliga\u010d","Est. reading time":"4 minutes"},"schema":{"@context":"https:\/\/schema.org","@graph":[{"@type":"Article","@id":"https:\/\/www.salve.si\/leto-a\/6-velikonocna-nedelja-2\/#article","isPartOf":{"@id":"https:\/\/www.salve.si\/leto-a\/6-velikonocna-nedelja-2\/"},"author":{"name":"Andrej Baliga\u010d","@id":"https:\/\/www.salve.si\/#\/schema\/person\/61121950f92f07895dc7ea08dc78ba82"},"headline":"6. velikono\u010dna nedelja","datePublished":"2023-03-19T08:31:54+00:00","dateModified":"2023-03-19T08:31:55+00:00","mainEntityOfPage":{"@id":"https:\/\/www.salve.si\/leto-a\/6-velikonocna-nedelja-2\/"},"wordCount":784,"commentCount":0,"publisher":{"@id":"https:\/\/www.salve.si\/#organization"},"keywords":["A","nedeljska meditacija","velikono\u010dni \u010das"],"articleSection":["Leto A","Nedeljska meditacija","Velikono\u010dni \u010das"],"inLanguage":"en-US","potentialAction":[{"@type":"CommentAction","name":"Comment","target":["https:\/\/www.salve.si\/leto-a\/6-velikonocna-nedelja-2\/#respond"]}]},{"@type":"WebPage","@id":"https:\/\/www.salve.si\/leto-a\/6-velikonocna-nedelja-2\/","url":"https:\/\/www.salve.si\/leto-a\/6-velikonocna-nedelja-2\/","name":"6. velikono\u010dna nedelja - Salve","isPartOf":{"@id":"https:\/\/www.salve.si\/#website"},"datePublished":"2023-03-19T08:31:54+00:00","dateModified":"2023-03-19T08:31:55+00:00","breadcrumb":{"@id":"https:\/\/www.salve.si\/leto-a\/6-velikonocna-nedelja-2\/#breadcrumb"},"inLanguage":"en-US","potentialAction":[{"@type":"ReadAction","target":["https:\/\/www.salve.si\/leto-a\/6-velikonocna-nedelja-2\/"]}]},{"@type":"BreadcrumbList","@id":"https:\/\/www.salve.si\/leto-a\/6-velikonocna-nedelja-2\/#breadcrumb","itemListElement":[{"@type":"ListItem","position":1,"name":"Home","item":"https:\/\/www.salve.si\/"},{"@type":"ListItem","position":2,"name":"6. velikono\u010dna nedelja"}]},{"@type":"WebSite","@id":"https:\/\/www.salve.si\/#website","url":"https:\/\/www.salve.si\/","name":"Salve","description":"Salezijanska zalo\u017eba","publisher":{"@id":"https:\/\/www.salve.si\/#organization"},"potentialAction":[{"@type":"SearchAction","target":{"@type":"EntryPoint","urlTemplate":"https:\/\/www.salve.si\/?s={search_term_string}"},"query-input":{"@type":"PropertyValueSpecification","valueRequired":true,"valueName":"search_term_string"}}],"inLanguage":"en-US"},{"@type":"Organization","@id":"https:\/\/www.salve.si\/#organization","name":"Salve d.o.o.","url":"https:\/\/www.salve.si\/","logo":{"@type":"ImageObject","inLanguage":"en-US","@id":"https:\/\/www.salve.si\/#\/schema\/logo\/image\/","url":"https:\/\/www.salve.si\/wp-content\/uploads\/2021\/01\/Salve_logo_modri_nov_web.png","contentUrl":"https:\/\/www.salve.si\/wp-content\/uploads\/2021\/01\/Salve_logo_modri_nov_web.png","width":279,"height":90,"caption":"Salve d.o.o."},"image":{"@id":"https:\/\/www.salve.si\/#\/schema\/logo\/image\/"},"sameAs":["https:\/\/www.facebook.com\/salve.si","https:\/\/www.instagram.com\/zalozbasalve\/","https:\/\/www.linkedin.com\/company\/zalozba-salve\/"]},{"@type":"Person","@id":"https:\/\/www.salve.si\/#\/schema\/person\/61121950f92f07895dc7ea08dc78ba82","name":"Andrej Baliga\u010d","sameAs":["https:\/\/www.salve.si"]}]}},"_links":{"self":[{"href":"https:\/\/www.salve.si\/en\/wp-json\/wp\/v2\/posts\/17076","targetHints":{"allow":["GET"]}}],"collection":[{"href":"https:\/\/www.salve.si\/en\/wp-json\/wp\/v2\/posts"}],"about":[{"href":"https:\/\/www.salve.si\/en\/wp-json\/wp\/v2\/types\/post"}],"author":[{"embeddable":true,"href":"https:\/\/www.salve.si\/en\/wp-json\/wp\/v2\/users\/1561"}],"replies":[{"embeddable":true,"href":"https:\/\/www.salve.si\/en\/wp-json\/wp\/v2\/comments?post=17076"}],"version-history":[{"count":2,"href":"https:\/\/www.salve.si\/en\/wp-json\/wp\/v2\/posts\/17076\/revisions"}],"predecessor-version":[{"id":17078,"href":"https:\/\/www.salve.si\/en\/wp-json\/wp\/v2\/posts\/17076\/revisions\/17078"}],"wp:attachment":[{"href":"https:\/\/www.salve.si\/en\/wp-json\/wp\/v2\/media?parent=17076"}],"wp:term":[{"taxonomy":"category","embeddable":true,"href":"https:\/\/www.salve.si\/en\/wp-json\/wp\/v2\/categories?post=17076"},{"taxonomy":"post_tag","embeddable":true,"href":"https:\/\/www.salve.si\/en\/wp-json\/wp\/v2\/tags?post=17076"}],"curies":[{"name":"wp","href":"https:\/\/api.w.org\/{rel}","templated":true}]}}