{"id":17073,"date":"2023-03-19T09:30:53","date_gmt":"2023-03-19T08:30:53","guid":{"rendered":"https:\/\/www.salve.si\/?p=17073"},"modified":"2023-03-19T09:30:54","modified_gmt":"2023-03-19T08:30:54","slug":"5-velikonocna-nedelja-2","status":"publish","type":"post","link":"https:\/\/www.salve.si\/en\/leto-a\/5-velikonocna-nedelja-2\/","title":{"rendered":"5. velikono\u010dna nedelja"},"content":{"rendered":"<p><strong>Gospod Bog, pomagaj mi, da me utrujenost ne bo ustavila v iskanju tebe!<\/strong><\/p>\n<p>Ste kdaj opazovali re\u0161evanje ponesre\u010dene osebe v gorah. Ena oseba ni sledila markacijam in se je za sestop odlo\u010dila po bli\u017enjici. Naenkrat se je zna\u0161la na to\u010dki, kjer se je steza nehala in ni mogla ve\u010d ne naprej in ne nazaj. Pokli\u010de prijatelja, ki je nekaj deset metrov nad njo in ta mu vr\u017ee re\u0161evalno vrv, na katero se nave\u017ee, potegne za vrv in za\u010dne se re\u0161evanje. Vle\u010denje vrvi poteka preko ostrih skal in vrv se za\u010dne natrgovati. Bo zdr\u017eala \u0161e nekaj deset metrov vle\u010denja te\u017ee blizu 100 kg ali se bo pretrgala in bo ponesre\u010denec zgrmel v globino? Ko tak\u0161no re\u0161evanje spremljamo v \u017eivo, ali v dokumentarnem filmu, marsikdo pozabi dihati in roke sklene v molitev: \u00bbO Bog, re\u0161i ga!\u00ab<\/p>\n<p>Nekaj podobnega se nam dogaja, ko se oseba, s katero smo bili zelo povezani, odlo\u010di, da nas bo zapustila. Takrat imamo ob\u010dutek, da se bo vrv, ki je obe osebi povezovala, da sta zaupali druga drugi, pretrgala in se bo na\u0161e \u017eivljenje kon\u010dalo. Takrat kri\u010dimo na ves glas, da bi nas kdo sli\u0161al in nam prisko\u010dil na pomo\u010d. Na\u0161i odnosi so bili polni toplih \u010dustev in naenkrat tega ni ve\u010d. Ostalo smo sami, ozra\u010dje je hladno, v svoji notranjosti \u010dutimo, da je vse prazno in ni nobene stvari, s katero bi to praznino zapolnili. Ko pride do lo\u010ditve smo sami s seboj, tak\u0161ni kot smo v resnici, brez nekega pretvarjanja. \u0160ele ta trenutek se zavedamo, kaj nam je oseba, ki je ni ve\u010d, pomenila. Kako nas je ta oseba imela rada, kako nam je stala ob strani, ko so nas vsi zapustili. Zato smo v trenutkih tak\u0161ne izgube prestra\u0161eni, ne vidimo prave re\u0161itve, obstali smo na mestu in se nismo sposobni premakniti naprej. Radi bi spregovorili besede slovesa in drugi osebi zagotovili, da jo imamo radi, a te prilo\u017enosti ni ve\u010d. Besede odmevajo v prazno.<\/p>\n<p>Jezus je bil z apostoli pri zadnji ve\u010derji. Ve\u010derja se po\u010dasi zaklju\u010duje in on dobro ve, da prihaja trenutek, ko bo vzet od svojih u\u010dencev. Kako jih bo pripravil na svoj odhod? Kot svoj testament jim je dol\u017ean povedati stvari, ki jih bodo dr\u017eale skupaj, da bodo lahko ostali \u0161e naprej povezani med seboj. Ne smejo se po\u010dutiti same in zapu\u0161\u010dene.<\/p>\n<p>V antiki so v tak\u0161ni situaciji vzeli nek predmet in ga prelomili na pol: vsakdo je dobil polovico vse do dneva, ko sta se ponovno sre\u010dala in oba kosa dala skupaj in ju ponovno povezala. Gr\u0161ka beseda \u00bbsynballo\u00ab pomeni \u00bbdati skupaj\u00ab. Od tod izhaja beseda simbol.<\/p>\n<p>Jezus se ni odlo\u010dil, da bi nam dal polovico nekega predmeta, odlo\u010dil se je, da nam da samega sebe, dal nam je kruh in vino, v \u010demer prepoznamo njega, njegovo telo in njegovo kri. Pri zadnji ve\u010derji je Jezus apostolom izro\u010dil samega sebe: ko bodo lomili kruh in pili iz keliha, bo on vedno z njimi. To njegovo darilo je povezano z zagotovilom: \u00bbGrem, da vam pripravim prostor. Kjer bom jaz, tam boste tudi vi!\u00ab Jezus nas \u010daka v O\u010detovi hi\u0161i. Tam je na\u0161 dom. Dom je vedno tam, kjer se najbolje po\u010dutimo, kjer so pravi odnosi, kjer smo sprejeti tak\u0161ni kot smo. Dom je tam, kjer smo mi z vsem, kar mislimo, \u010dutimo, govorimo, delamo, kjer smo lahko vedno brez mask, tak\u0161ni kot smo v resnici.<\/p>\n<p>Prva stvar, ki jo otrok za\u010dne risati, je doma\u010da hi\u0161a. On se predstavi drugim v podobi svoje hi\u0161e. Ko ga vpra\u0161a\u0161, kaj je to, kar je narisal, re\u010de: \u00bbTo je na\u0161a hi\u0161a!\u00ab<\/p>\n<p>Jezus pravi, da je pri O\u010detu vedno dovolj prostora. To pomeni, da O\u010de in Jezus premoreta dovolj ljubezni, da lahko sprejmeta vsakega \u010dloveka. Jezus namre\u010d ne \u017eivi zase, ampak za druge. V njegovem srcu je dovolj prostora za vse ljudi.<\/p>\n<p>Ko nas zapusti oseba, ki smo jo ljubili, dobimo ob\u010dutek, da se bomo izgubili. Ko ti manjka najpomembnej\u0161a stvar, se ne more\u0161 na nobeno stvar ve\u010d opreti. Druga oseba pogostokrat predstavlja na\u0161o smer, na\u010din razmi\u0161ljanja, \u010dutenja in ravnanja. Zato pravimo, da ljubljene osebe vedno pustijo za seboj sled, da tisti, ki ostanejo lahko varno hodijo. Kadar te sledi ni, smo izgubljeni. Takrat lahko samo upamo, da se bo pojavil kdo in nam rekel: \u00bbPridi! Greva skupaj naprej!\u00ab<\/p>\n<p>Apostol Toma\u017e je imel ob\u010dutek, da je dovolj mo\u010dan in lahko hodi sam. Hotel je biti sam svoj gospodar in bil je prepri\u010dan, da dobro pozna pot, po kateri bo hodil. Jezus ga je povabil, naj se nau\u010di potrpe\u017eljivega \u010dakanja, kajti nih\u010de ne more priti k O\u010detu sam. K njemu lahko pridemo samo z \u00a0vero in zaupanjem Jezusu. On je pot. Po tej poti je treba hoditi in dovoliti moramo, da bo Jezus na\u0161 pastir, ki bo pustil devetindevetdeset ovac in bo \u0161el iskat mene, ovco, ki se je izgubila.<\/p>\n<p>Filip bi rad videl o\u010deta, zato mora odkriti svoje korenine, svojo zgodbo. Kdor i\u0161\u010de o\u010deta, i\u0161\u010de sebe, svojo identiteto, zavedanje, od kod prihaja. O\u010de je namre\u010d oseba, ki nam da dedi\u0161\u010dino in nam s tem omogo\u010di, da si zgradimo svojo prihodnost. Kdor se \u010duti zapu\u0161\u010denega nima pred seboj prihodnosti. Kdor se \u010duti sirota, ne pogre\u0161a le svoje preteklosti, ker pred njim tudi ni nobene prihodnosti. \u017divljenje nas sicer sili, da se moramo nau\u010diti zapu\u0161\u010danja, poslavljanja in obra\u010danja nove strani, ki je \u0161e prazna, nepopisana. Vendar v nobenem od teh prehodov nismo sami, pa \u010deprav nam zunanje okoli\u0161\u010dine govorijo, da smo brez ljubljene osebe, da smo sirote. Jezus nam pravi: \u00bbJaz sem z vami vse dni, do konca sveta!\u00ab<\/p>\n<p><strong>\u017dupnik Branko Bala\u017eic SDB<\/strong><span class=\"slv-content-keywords\"> Leto A Nedeljska meditacija Velikono\u010dni \u010das <\/span><\/p>","protected":false},"excerpt":{"rendered":"<p>Gospod Bog, pomagaj mi, da me utrujenost ne bo ustavila v iskanju tebe! Ste kdaj opazovali re\u0161evanje ponesre\u010dene osebe v gorah. Ena oseba ni sledila markacijam in se je za sestop odlo\u010dila po bli\u017enjici. Naenkrat se je zna\u0161la na to\u010dki, kjer se je steza nehala in ni mogla ve\u010d ne naprej in ne nazaj. Pokli\u010de<a href=\"https:\/\/www.salve.si\/en\/leto-a\/5-velikonocna-nedelja-2\/\">&#8230;<\/a><\/p>","protected":false},"author":1561,"featured_media":0,"comment_status":"open","ping_status":"open","sticky":false,"template":"","format":"standard","meta":{"_acf_changed":false,"footnotes":""},"categories":[1177,925,652],"tags":[649,927,1065],"class_list":["post-17073","post","type-post","status-publish","format-standard","hentry","category-leto-a","category-nedeljska-meditacija","category-velikonocni-cas","tag-leto-a","tag-nedeljska-meditacija","tag-velikonocni-cas"],"acf":[],"yoast_head":"<!-- This site is optimized with the Yoast SEO plugin v23.8 - https:\/\/yoast.com\/wordpress\/plugins\/seo\/ -->\n<title>5. velikono\u010dna nedelja - Salve<\/title>\n<meta name=\"robots\" content=\"noindex, follow\" \/>\n<meta property=\"og:locale\" content=\"en_US\" \/>\n<meta property=\"og:type\" content=\"article\" \/>\n<meta property=\"og:title\" content=\"5. velikono\u010dna nedelja - Salve\" \/>\n<meta property=\"og:description\" content=\"Gospod Bog, pomagaj mi, da me utrujenost ne bo ustavila v iskanju tebe! Ste kdaj opazovali re\u0161evanje ponesre\u010dene osebe v gorah. Ena oseba ni sledila markacijam in se je za sestop odlo\u010dila po bli\u017enjici. Naenkrat se je zna\u0161la na to\u010dki, kjer se je steza nehala in ni mogla ve\u010d ne naprej in ne nazaj. Pokli\u010de...\" \/>\n<meta property=\"og:url\" content=\"https:\/\/www.salve.si\/en\/leto-a\/5-velikonocna-nedelja-2\/\" \/>\n<meta property=\"og:site_name\" content=\"Salve\" \/>\n<meta property=\"article:publisher\" content=\"https:\/\/www.facebook.com\/salve.si\" \/>\n<meta property=\"article:published_time\" content=\"2023-03-19T08:30:53+00:00\" \/>\n<meta property=\"article:modified_time\" content=\"2023-03-19T08:30:54+00:00\" \/>\n<meta property=\"og:image\" content=\"https:\/\/www.salve.si\/wp-content\/uploads\/2026\/01\/salve-og1.jpg\" \/>\n\t<meta property=\"og:image:width\" content=\"1200\" \/>\n\t<meta property=\"og:image:height\" content=\"630\" \/>\n\t<meta property=\"og:image:type\" content=\"image\/jpeg\" \/>\n<meta name=\"author\" content=\"Andrej Baliga\u010d\" \/>\n<meta name=\"twitter:card\" content=\"summary_large_image\" \/>\n<meta name=\"twitter:label1\" content=\"Written by\" \/>\n\t<meta name=\"twitter:data1\" content=\"Andrej Baliga\u010d\" \/>\n\t<meta name=\"twitter:label2\" content=\"Est. reading time\" \/>\n\t<meta name=\"twitter:data2\" content=\"5 minutes\" \/>\n<script type=\"application\/ld+json\" class=\"yoast-schema-graph\">{\"@context\":\"https:\/\/schema.org\",\"@graph\":[{\"@type\":\"Article\",\"@id\":\"https:\/\/www.salve.si\/leto-a\/5-velikonocna-nedelja-2\/#article\",\"isPartOf\":{\"@id\":\"https:\/\/www.salve.si\/leto-a\/5-velikonocna-nedelja-2\/\"},\"author\":{\"name\":\"Andrej Baliga\u010d\",\"@id\":\"https:\/\/www.salve.si\/#\/schema\/person\/61121950f92f07895dc7ea08dc78ba82\"},\"headline\":\"5. velikono\u010dna nedelja\",\"datePublished\":\"2023-03-19T08:30:53+00:00\",\"dateModified\":\"2023-03-19T08:30:54+00:00\",\"mainEntityOfPage\":{\"@id\":\"https:\/\/www.salve.si\/leto-a\/5-velikonocna-nedelja-2\/\"},\"wordCount\":1016,\"commentCount\":0,\"publisher\":{\"@id\":\"https:\/\/www.salve.si\/#organization\"},\"keywords\":[\"A\",\"nedeljska meditacija\",\"velikono\u010dni \u010das\"],\"articleSection\":[\"Leto A\",\"Nedeljska meditacija\",\"Velikono\u010dni \u010das\"],\"inLanguage\":\"en-US\",\"potentialAction\":[{\"@type\":\"CommentAction\",\"name\":\"Comment\",\"target\":[\"https:\/\/www.salve.si\/leto-a\/5-velikonocna-nedelja-2\/#respond\"]}]},{\"@type\":\"WebPage\",\"@id\":\"https:\/\/www.salve.si\/leto-a\/5-velikonocna-nedelja-2\/\",\"url\":\"https:\/\/www.salve.si\/leto-a\/5-velikonocna-nedelja-2\/\",\"name\":\"5. velikono\u010dna nedelja - Salve\",\"isPartOf\":{\"@id\":\"https:\/\/www.salve.si\/#website\"},\"datePublished\":\"2023-03-19T08:30:53+00:00\",\"dateModified\":\"2023-03-19T08:30:54+00:00\",\"breadcrumb\":{\"@id\":\"https:\/\/www.salve.si\/leto-a\/5-velikonocna-nedelja-2\/#breadcrumb\"},\"inLanguage\":\"en-US\",\"potentialAction\":[{\"@type\":\"ReadAction\",\"target\":[\"https:\/\/www.salve.si\/leto-a\/5-velikonocna-nedelja-2\/\"]}]},{\"@type\":\"BreadcrumbList\",\"@id\":\"https:\/\/www.salve.si\/leto-a\/5-velikonocna-nedelja-2\/#breadcrumb\",\"itemListElement\":[{\"@type\":\"ListItem\",\"position\":1,\"name\":\"Home\",\"item\":\"https:\/\/www.salve.si\/\"},{\"@type\":\"ListItem\",\"position\":2,\"name\":\"5. velikono\u010dna nedelja\"}]},{\"@type\":\"WebSite\",\"@id\":\"https:\/\/www.salve.si\/#website\",\"url\":\"https:\/\/www.salve.si\/\",\"name\":\"Salve\",\"description\":\"Salezijanska zalo\u017eba\",\"publisher\":{\"@id\":\"https:\/\/www.salve.si\/#organization\"},\"potentialAction\":[{\"@type\":\"SearchAction\",\"target\":{\"@type\":\"EntryPoint\",\"urlTemplate\":\"https:\/\/www.salve.si\/?s={search_term_string}\"},\"query-input\":{\"@type\":\"PropertyValueSpecification\",\"valueRequired\":true,\"valueName\":\"search_term_string\"}}],\"inLanguage\":\"en-US\"},{\"@type\":\"Organization\",\"@id\":\"https:\/\/www.salve.si\/#organization\",\"name\":\"Salve d.o.o.\",\"url\":\"https:\/\/www.salve.si\/\",\"logo\":{\"@type\":\"ImageObject\",\"inLanguage\":\"en-US\",\"@id\":\"https:\/\/www.salve.si\/#\/schema\/logo\/image\/\",\"url\":\"https:\/\/www.salve.si\/wp-content\/uploads\/2021\/01\/Salve_logo_modri_nov_web.png\",\"contentUrl\":\"https:\/\/www.salve.si\/wp-content\/uploads\/2021\/01\/Salve_logo_modri_nov_web.png\",\"width\":279,\"height\":90,\"caption\":\"Salve d.o.o.\"},\"image\":{\"@id\":\"https:\/\/www.salve.si\/#\/schema\/logo\/image\/\"},\"sameAs\":[\"https:\/\/www.facebook.com\/salve.si\",\"https:\/\/www.instagram.com\/zalozbasalve\/\",\"https:\/\/www.linkedin.com\/company\/zalozba-salve\/\"]},{\"@type\":\"Person\",\"@id\":\"https:\/\/www.salve.si\/#\/schema\/person\/61121950f92f07895dc7ea08dc78ba82\",\"name\":\"Andrej Baliga\u010d\",\"sameAs\":[\"https:\/\/www.salve.si\"]}]}<\/script>\n<!-- \/ Yoast SEO plugin. -->","yoast_head_json":{"title":"5. velikono\u010dna nedelja - Salve","robots":{"index":"noindex","follow":"follow"},"og_locale":"en_US","og_type":"article","og_title":"5. velikono\u010dna nedelja - Salve","og_description":"Gospod Bog, pomagaj mi, da me utrujenost ne bo ustavila v iskanju tebe! Ste kdaj opazovali re\u0161evanje ponesre\u010dene osebe v gorah. Ena oseba ni sledila markacijam in se je za sestop odlo\u010dila po bli\u017enjici. Naenkrat se je zna\u0161la na to\u010dki, kjer se je steza nehala in ni mogla ve\u010d ne naprej in ne nazaj. Pokli\u010de...","og_url":"https:\/\/www.salve.si\/en\/leto-a\/5-velikonocna-nedelja-2\/","og_site_name":"Salve","article_publisher":"https:\/\/www.facebook.com\/salve.si","article_published_time":"2023-03-19T08:30:53+00:00","article_modified_time":"2023-03-19T08:30:54+00:00","og_image":[{"width":1200,"height":630,"url":"https:\/\/www.salve.si\/wp-content\/uploads\/2026\/01\/salve-og1.jpg","type":"image\/jpeg"}],"author":"Andrej Baliga\u010d","twitter_card":"summary_large_image","twitter_misc":{"Written by":"Andrej Baliga\u010d","Est. reading time":"5 minutes"},"schema":{"@context":"https:\/\/schema.org","@graph":[{"@type":"Article","@id":"https:\/\/www.salve.si\/leto-a\/5-velikonocna-nedelja-2\/#article","isPartOf":{"@id":"https:\/\/www.salve.si\/leto-a\/5-velikonocna-nedelja-2\/"},"author":{"name":"Andrej Baliga\u010d","@id":"https:\/\/www.salve.si\/#\/schema\/person\/61121950f92f07895dc7ea08dc78ba82"},"headline":"5. velikono\u010dna nedelja","datePublished":"2023-03-19T08:30:53+00:00","dateModified":"2023-03-19T08:30:54+00:00","mainEntityOfPage":{"@id":"https:\/\/www.salve.si\/leto-a\/5-velikonocna-nedelja-2\/"},"wordCount":1016,"commentCount":0,"publisher":{"@id":"https:\/\/www.salve.si\/#organization"},"keywords":["A","nedeljska meditacija","velikono\u010dni \u010das"],"articleSection":["Leto A","Nedeljska meditacija","Velikono\u010dni \u010das"],"inLanguage":"en-US","potentialAction":[{"@type":"CommentAction","name":"Comment","target":["https:\/\/www.salve.si\/leto-a\/5-velikonocna-nedelja-2\/#respond"]}]},{"@type":"WebPage","@id":"https:\/\/www.salve.si\/leto-a\/5-velikonocna-nedelja-2\/","url":"https:\/\/www.salve.si\/leto-a\/5-velikonocna-nedelja-2\/","name":"5. velikono\u010dna nedelja - Salve","isPartOf":{"@id":"https:\/\/www.salve.si\/#website"},"datePublished":"2023-03-19T08:30:53+00:00","dateModified":"2023-03-19T08:30:54+00:00","breadcrumb":{"@id":"https:\/\/www.salve.si\/leto-a\/5-velikonocna-nedelja-2\/#breadcrumb"},"inLanguage":"en-US","potentialAction":[{"@type":"ReadAction","target":["https:\/\/www.salve.si\/leto-a\/5-velikonocna-nedelja-2\/"]}]},{"@type":"BreadcrumbList","@id":"https:\/\/www.salve.si\/leto-a\/5-velikonocna-nedelja-2\/#breadcrumb","itemListElement":[{"@type":"ListItem","position":1,"name":"Home","item":"https:\/\/www.salve.si\/"},{"@type":"ListItem","position":2,"name":"5. velikono\u010dna nedelja"}]},{"@type":"WebSite","@id":"https:\/\/www.salve.si\/#website","url":"https:\/\/www.salve.si\/","name":"Salve","description":"Salezijanska zalo\u017eba","publisher":{"@id":"https:\/\/www.salve.si\/#organization"},"potentialAction":[{"@type":"SearchAction","target":{"@type":"EntryPoint","urlTemplate":"https:\/\/www.salve.si\/?s={search_term_string}"},"query-input":{"@type":"PropertyValueSpecification","valueRequired":true,"valueName":"search_term_string"}}],"inLanguage":"en-US"},{"@type":"Organization","@id":"https:\/\/www.salve.si\/#organization","name":"Salve d.o.o.","url":"https:\/\/www.salve.si\/","logo":{"@type":"ImageObject","inLanguage":"en-US","@id":"https:\/\/www.salve.si\/#\/schema\/logo\/image\/","url":"https:\/\/www.salve.si\/wp-content\/uploads\/2021\/01\/Salve_logo_modri_nov_web.png","contentUrl":"https:\/\/www.salve.si\/wp-content\/uploads\/2021\/01\/Salve_logo_modri_nov_web.png","width":279,"height":90,"caption":"Salve d.o.o."},"image":{"@id":"https:\/\/www.salve.si\/#\/schema\/logo\/image\/"},"sameAs":["https:\/\/www.facebook.com\/salve.si","https:\/\/www.instagram.com\/zalozbasalve\/","https:\/\/www.linkedin.com\/company\/zalozba-salve\/"]},{"@type":"Person","@id":"https:\/\/www.salve.si\/#\/schema\/person\/61121950f92f07895dc7ea08dc78ba82","name":"Andrej Baliga\u010d","sameAs":["https:\/\/www.salve.si"]}]}},"_links":{"self":[{"href":"https:\/\/www.salve.si\/en\/wp-json\/wp\/v2\/posts\/17073","targetHints":{"allow":["GET"]}}],"collection":[{"href":"https:\/\/www.salve.si\/en\/wp-json\/wp\/v2\/posts"}],"about":[{"href":"https:\/\/www.salve.si\/en\/wp-json\/wp\/v2\/types\/post"}],"author":[{"embeddable":true,"href":"https:\/\/www.salve.si\/en\/wp-json\/wp\/v2\/users\/1561"}],"replies":[{"embeddable":true,"href":"https:\/\/www.salve.si\/en\/wp-json\/wp\/v2\/comments?post=17073"}],"version-history":[{"count":2,"href":"https:\/\/www.salve.si\/en\/wp-json\/wp\/v2\/posts\/17073\/revisions"}],"predecessor-version":[{"id":17075,"href":"https:\/\/www.salve.si\/en\/wp-json\/wp\/v2\/posts\/17073\/revisions\/17075"}],"wp:attachment":[{"href":"https:\/\/www.salve.si\/en\/wp-json\/wp\/v2\/media?parent=17073"}],"wp:term":[{"taxonomy":"category","embeddable":true,"href":"https:\/\/www.salve.si\/en\/wp-json\/wp\/v2\/categories?post=17073"},{"taxonomy":"post_tag","embeddable":true,"href":"https:\/\/www.salve.si\/en\/wp-json\/wp\/v2\/tags?post=17073"}],"curies":[{"name":"wp","href":"https:\/\/api.w.org\/{rel}","templated":true}]}}