{"id":17070,"date":"2023-03-19T09:29:50","date_gmt":"2023-03-19T08:29:50","guid":{"rendered":"https:\/\/www.salve.si\/?p=17070"},"modified":"2023-03-19T09:29:51","modified_gmt":"2023-03-19T08:29:51","slug":"4-velikonocna-nedelja-2","status":"publish","type":"post","link":"https:\/\/www.salve.si\/en\/leto-a\/4-velikonocna-nedelja-2\/","title":{"rendered":"4. velikono\u010dna nedelja"},"content":{"rendered":"<p><strong>Zaupam ti! Ti si za\u010detek novih odnosov.<\/strong><\/p>\n<p>Kaj se je dogajalo v \u010dasu korona virusa: ve\u010dina od nas je bila v pravem pomenu besede \u010dreda, ki slepo poslu\u0161a navodila in jih izpolni. Ta slepa ubogljivost je mnoge re\u0161ila pred \u017eivljenjskim polomom. To novo \u010dutenje je na glavo obrnilo nekdanje prepri\u010danje in kulturno obna\u0161anje, kjer je pojem \u00bbbiti \u010dreda\u00ab bil nekaj negativnega, predstavljal je \u010dloveka, ki si ni sposoben ustvariti dolo\u010dene avtonomije in svojega stila \u017eivljenja. Nem\u0161ki filozof Friedrich Nietzsche je o \u010dredi razmi\u0161ljal takole: \u00bb\u010creda, ki se pase pred teboj ne ve, kaj je bilo v\u010deraj ne, kaj je danes: ska\u010de okoli tebe, se pase, prebavlja in ponovno ska\u010de. Tako dela od jutra do ve\u010dera, dan za dnem, z veseljem in razo\u010daranjem, kot pa\u010d nanese in pri tem ni ne \u017ealostna ne zdolgo\u010dasena.\u00ab<\/p>\n<p>V evangelijih je tema o \u010dredi pogosta, kajti to simboliko Jezus uporablja, ko apostolom in mno\u017eici razlaga svoj odnos do \u010dlove\u0161tva. Evangelist Marko je zapisal: \u00bbKo se je Jezus izkrcal, je zagledal veliko mno\u017eico. Zasmilili so se mu, ker so bili kakor ovce, ki nimajo pastirja, in jih je za\u010del u\u010diti mnogo stvari.\u00ab<\/p>\n<p>Kaj je \u010dreda brez pastirja? Kaj smo mi brez Bo\u017eje besede?<\/p>\n<p>Danes nam je apostol Janez govoril o ovcah, ki so na varnem v ov\u010dji staji in se po\u010dutijo varne znotraj svojih meja. Toda ta staja ni stoodstotno varna, ampak ima ob\u010dutljiva mesta skozi katera lahko pridejo vsiljivci. Vstop ni omogo\u010den le skozi glavna vrata, ampak skozi razli\u010dne luknje, kjer je ograja po\u0161kodovana. Kdor prihaja skozi vrata ima \u010diste namene in ni\u010d ne skriva. Kdor pa prihaja v stajo na druga\u010den na\u010din, nima pravih namenov. To je izku\u0161nja sleherne skupnosti in vsak posameznik ve povedati, da nekateri ljudje ne zakrivajo svojega obraza in nimajo kak\u0161nih skritih namenov, drugi pa prihajajo na skrivaj, ko je no\u010d, da jih ne bi prepoznali. To so zlobni vsiljivci, ki nas ho\u010dejo izkoristiti in pred katerimi tudi Cerkev ni varna.<\/p>\n<p>Jezus se je odlo\u010dil, da bo vedno vstopal v stajo skozi glavni vhod. On ne skriva svojega obraza, se ne vsiljuje, ampak \u010daka dovoljenje, da ga sprejmemo. Nagovarja nas, nas vabi, nam pripoveduje svojo zgodbo ljubezni in \u010daka, da se navadimo na njegov glas, da ga prepoznamo in ne zamenjujemo njegovega glasu s kak\u0161nim drugim. \u0160ele ko smo njegov glas sprejeli za svojega, ko smo ga vzljubili, mu lahko zaupamo in mu sledimo. Priti mora do intimnega odnosa, do prijetnega po\u010dutja, potem lahko zaupamo in se oklenemo njegovega vodstva.<\/p>\n<p>Kako bi mi vstopili v stajo? Svet v katerem \u017eivimo je vsakega od nas nekoliko umazal s svojimi la\u017enimi ponudbami, zato smo hodili po razli\u010dnih stranpoteh, na poti smo sre\u010devali krvolo\u010dne volkove, ki so nas zasledovali in v nas se je naselil strah! Jezus je to vedel, zato se nam predstavlja kot vrata, skozi katera vstopamo v stajo. Vabi nas, da po njem, s sprejetjem njegovega \u017eivljenja, vstopamo v razli\u010dne skupnosti in \u017eivimo evangelij po na\u010delih odpu\u0161\u010danja, poni\u017enosti in slu\u017eenja bratom in sestram. \u010ce ho\u010demo biti zares sre\u010dni, imamo na razpolago evangelij, da ga \u017eivimo tam, kjer smo: doma, v \u0161oli, na delovnem mestu, v \u017eupnijski skupnosti. V Cerkvi se bomo vedno po\u010dutili varne, kajti vrata v Cerkev je Jezus sam in on je tudi vedno v Cerkvi kot skupnosti in sveti\u0161\u010du, kjer se zbiramo, da ga \u010dastimo in ga sprejmemo za svojega voditelja. Ko se prepustimo Jezusu je odve\u010d strah, da bi nas napadli volkovi. Kjer je ljubezen, zaupanje in vera v Jezusa, tam volkovi ali zli duhovi ne morejo vstopiti.<\/p>\n<p><strong>\u017dupnik Branko Bala\u017eic SDB<\/strong><span class=\"slv-content-keywords\"> Leto A Nedeljska meditacija Velikono\u010dni \u010das <\/span><\/p>","protected":false},"excerpt":{"rendered":"<p>Zaupam ti! Ti si za\u010detek novih odnosov. Kaj se je dogajalo v \u010dasu korona virusa: ve\u010dina od nas je bila v pravem pomenu besede \u010dreda, ki slepo poslu\u0161a navodila in jih izpolni. Ta slepa ubogljivost je mnoge re\u0161ila pred \u017eivljenjskim polomom. To novo \u010dutenje je na glavo obrnilo nekdanje prepri\u010danje in kulturno obna\u0161anje, kjer je<a href=\"https:\/\/www.salve.si\/en\/leto-a\/4-velikonocna-nedelja-2\/\">&#8230;<\/a><\/p>","protected":false},"author":1561,"featured_media":0,"comment_status":"open","ping_status":"open","sticky":false,"template":"","format":"standard","meta":{"_acf_changed":false,"footnotes":""},"categories":[1177,925,652],"tags":[649,927,1065],"class_list":["post-17070","post","type-post","status-publish","format-standard","hentry","category-leto-a","category-nedeljska-meditacija","category-velikonocni-cas","tag-leto-a","tag-nedeljska-meditacija","tag-velikonocni-cas"],"acf":[],"yoast_head":"<!-- This site is optimized with the Yoast SEO plugin v23.8 - https:\/\/yoast.com\/wordpress\/plugins\/seo\/ -->\n<title>4. velikono\u010dna nedelja - Salve<\/title>\n<meta name=\"robots\" content=\"noindex, follow\" \/>\n<meta property=\"og:locale\" content=\"en_US\" \/>\n<meta property=\"og:type\" content=\"article\" \/>\n<meta property=\"og:title\" content=\"4. velikono\u010dna nedelja - Salve\" \/>\n<meta property=\"og:description\" content=\"Zaupam ti! Ti si za\u010detek novih odnosov. Kaj se je dogajalo v \u010dasu korona virusa: ve\u010dina od nas je bila v pravem pomenu besede \u010dreda, ki slepo poslu\u0161a navodila in jih izpolni. Ta slepa ubogljivost je mnoge re\u0161ila pred \u017eivljenjskim polomom. To novo \u010dutenje je na glavo obrnilo nekdanje prepri\u010danje in kulturno obna\u0161anje, kjer je...\" \/>\n<meta property=\"og:url\" content=\"https:\/\/www.salve.si\/en\/leto-a\/4-velikonocna-nedelja-2\/\" \/>\n<meta property=\"og:site_name\" content=\"Salve\" \/>\n<meta property=\"article:publisher\" content=\"https:\/\/www.facebook.com\/salve.si\" \/>\n<meta property=\"article:published_time\" content=\"2023-03-19T08:29:50+00:00\" \/>\n<meta property=\"article:modified_time\" content=\"2023-03-19T08:29:51+00:00\" \/>\n<meta property=\"og:image\" content=\"https:\/\/www.salve.si\/wp-content\/uploads\/2026\/01\/salve-og1.jpg\" \/>\n\t<meta property=\"og:image:width\" content=\"1200\" \/>\n\t<meta property=\"og:image:height\" content=\"630\" \/>\n\t<meta property=\"og:image:type\" content=\"image\/jpeg\" \/>\n<meta name=\"author\" content=\"Andrej Baliga\u010d\" \/>\n<meta name=\"twitter:card\" content=\"summary_large_image\" \/>\n<meta name=\"twitter:label1\" content=\"Written by\" \/>\n\t<meta name=\"twitter:data1\" content=\"Andrej Baliga\u010d\" \/>\n\t<meta name=\"twitter:label2\" content=\"Est. reading time\" \/>\n\t<meta name=\"twitter:data2\" content=\"3 minutes\" \/>\n<script type=\"application\/ld+json\" class=\"yoast-schema-graph\">{\"@context\":\"https:\/\/schema.org\",\"@graph\":[{\"@type\":\"Article\",\"@id\":\"https:\/\/www.salve.si\/leto-a\/4-velikonocna-nedelja-2\/#article\",\"isPartOf\":{\"@id\":\"https:\/\/www.salve.si\/leto-a\/4-velikonocna-nedelja-2\/\"},\"author\":{\"name\":\"Andrej Baliga\u010d\",\"@id\":\"https:\/\/www.salve.si\/#\/schema\/person\/61121950f92f07895dc7ea08dc78ba82\"},\"headline\":\"4. velikono\u010dna nedelja\",\"datePublished\":\"2023-03-19T08:29:50+00:00\",\"dateModified\":\"2023-03-19T08:29:51+00:00\",\"mainEntityOfPage\":{\"@id\":\"https:\/\/www.salve.si\/leto-a\/4-velikonocna-nedelja-2\/\"},\"wordCount\":645,\"commentCount\":0,\"publisher\":{\"@id\":\"https:\/\/www.salve.si\/#organization\"},\"keywords\":[\"A\",\"nedeljska meditacija\",\"velikono\u010dni \u010das\"],\"articleSection\":[\"Leto A\",\"Nedeljska meditacija\",\"Velikono\u010dni \u010das\"],\"inLanguage\":\"en-US\",\"potentialAction\":[{\"@type\":\"CommentAction\",\"name\":\"Comment\",\"target\":[\"https:\/\/www.salve.si\/leto-a\/4-velikonocna-nedelja-2\/#respond\"]}]},{\"@type\":\"WebPage\",\"@id\":\"https:\/\/www.salve.si\/leto-a\/4-velikonocna-nedelja-2\/\",\"url\":\"https:\/\/www.salve.si\/leto-a\/4-velikonocna-nedelja-2\/\",\"name\":\"4. velikono\u010dna nedelja - Salve\",\"isPartOf\":{\"@id\":\"https:\/\/www.salve.si\/#website\"},\"datePublished\":\"2023-03-19T08:29:50+00:00\",\"dateModified\":\"2023-03-19T08:29:51+00:00\",\"breadcrumb\":{\"@id\":\"https:\/\/www.salve.si\/leto-a\/4-velikonocna-nedelja-2\/#breadcrumb\"},\"inLanguage\":\"en-US\",\"potentialAction\":[{\"@type\":\"ReadAction\",\"target\":[\"https:\/\/www.salve.si\/leto-a\/4-velikonocna-nedelja-2\/\"]}]},{\"@type\":\"BreadcrumbList\",\"@id\":\"https:\/\/www.salve.si\/leto-a\/4-velikonocna-nedelja-2\/#breadcrumb\",\"itemListElement\":[{\"@type\":\"ListItem\",\"position\":1,\"name\":\"Home\",\"item\":\"https:\/\/www.salve.si\/\"},{\"@type\":\"ListItem\",\"position\":2,\"name\":\"4. velikono\u010dna nedelja\"}]},{\"@type\":\"WebSite\",\"@id\":\"https:\/\/www.salve.si\/#website\",\"url\":\"https:\/\/www.salve.si\/\",\"name\":\"Salve\",\"description\":\"Salezijanska zalo\u017eba\",\"publisher\":{\"@id\":\"https:\/\/www.salve.si\/#organization\"},\"potentialAction\":[{\"@type\":\"SearchAction\",\"target\":{\"@type\":\"EntryPoint\",\"urlTemplate\":\"https:\/\/www.salve.si\/?s={search_term_string}\"},\"query-input\":{\"@type\":\"PropertyValueSpecification\",\"valueRequired\":true,\"valueName\":\"search_term_string\"}}],\"inLanguage\":\"en-US\"},{\"@type\":\"Organization\",\"@id\":\"https:\/\/www.salve.si\/#organization\",\"name\":\"Salve d.o.o.\",\"url\":\"https:\/\/www.salve.si\/\",\"logo\":{\"@type\":\"ImageObject\",\"inLanguage\":\"en-US\",\"@id\":\"https:\/\/www.salve.si\/#\/schema\/logo\/image\/\",\"url\":\"https:\/\/www.salve.si\/wp-content\/uploads\/2021\/01\/Salve_logo_modri_nov_web.png\",\"contentUrl\":\"https:\/\/www.salve.si\/wp-content\/uploads\/2021\/01\/Salve_logo_modri_nov_web.png\",\"width\":279,\"height\":90,\"caption\":\"Salve d.o.o.\"},\"image\":{\"@id\":\"https:\/\/www.salve.si\/#\/schema\/logo\/image\/\"},\"sameAs\":[\"https:\/\/www.facebook.com\/salve.si\",\"https:\/\/www.instagram.com\/zalozbasalve\/\",\"https:\/\/www.linkedin.com\/company\/zalozba-salve\/\"]},{\"@type\":\"Person\",\"@id\":\"https:\/\/www.salve.si\/#\/schema\/person\/61121950f92f07895dc7ea08dc78ba82\",\"name\":\"Andrej Baliga\u010d\",\"sameAs\":[\"https:\/\/www.salve.si\"]}]}<\/script>\n<!-- \/ Yoast SEO plugin. -->","yoast_head_json":{"title":"4. velikono\u010dna nedelja - Salve","robots":{"index":"noindex","follow":"follow"},"og_locale":"en_US","og_type":"article","og_title":"4. velikono\u010dna nedelja - Salve","og_description":"Zaupam ti! Ti si za\u010detek novih odnosov. Kaj se je dogajalo v \u010dasu korona virusa: ve\u010dina od nas je bila v pravem pomenu besede \u010dreda, ki slepo poslu\u0161a navodila in jih izpolni. Ta slepa ubogljivost je mnoge re\u0161ila pred \u017eivljenjskim polomom. To novo \u010dutenje je na glavo obrnilo nekdanje prepri\u010danje in kulturno obna\u0161anje, kjer je...","og_url":"https:\/\/www.salve.si\/en\/leto-a\/4-velikonocna-nedelja-2\/","og_site_name":"Salve","article_publisher":"https:\/\/www.facebook.com\/salve.si","article_published_time":"2023-03-19T08:29:50+00:00","article_modified_time":"2023-03-19T08:29:51+00:00","og_image":[{"width":1200,"height":630,"url":"https:\/\/www.salve.si\/wp-content\/uploads\/2026\/01\/salve-og1.jpg","type":"image\/jpeg"}],"author":"Andrej Baliga\u010d","twitter_card":"summary_large_image","twitter_misc":{"Written by":"Andrej Baliga\u010d","Est. reading time":"3 minutes"},"schema":{"@context":"https:\/\/schema.org","@graph":[{"@type":"Article","@id":"https:\/\/www.salve.si\/leto-a\/4-velikonocna-nedelja-2\/#article","isPartOf":{"@id":"https:\/\/www.salve.si\/leto-a\/4-velikonocna-nedelja-2\/"},"author":{"name":"Andrej Baliga\u010d","@id":"https:\/\/www.salve.si\/#\/schema\/person\/61121950f92f07895dc7ea08dc78ba82"},"headline":"4. velikono\u010dna nedelja","datePublished":"2023-03-19T08:29:50+00:00","dateModified":"2023-03-19T08:29:51+00:00","mainEntityOfPage":{"@id":"https:\/\/www.salve.si\/leto-a\/4-velikonocna-nedelja-2\/"},"wordCount":645,"commentCount":0,"publisher":{"@id":"https:\/\/www.salve.si\/#organization"},"keywords":["A","nedeljska meditacija","velikono\u010dni \u010das"],"articleSection":["Leto A","Nedeljska meditacija","Velikono\u010dni \u010das"],"inLanguage":"en-US","potentialAction":[{"@type":"CommentAction","name":"Comment","target":["https:\/\/www.salve.si\/leto-a\/4-velikonocna-nedelja-2\/#respond"]}]},{"@type":"WebPage","@id":"https:\/\/www.salve.si\/leto-a\/4-velikonocna-nedelja-2\/","url":"https:\/\/www.salve.si\/leto-a\/4-velikonocna-nedelja-2\/","name":"4. velikono\u010dna nedelja - Salve","isPartOf":{"@id":"https:\/\/www.salve.si\/#website"},"datePublished":"2023-03-19T08:29:50+00:00","dateModified":"2023-03-19T08:29:51+00:00","breadcrumb":{"@id":"https:\/\/www.salve.si\/leto-a\/4-velikonocna-nedelja-2\/#breadcrumb"},"inLanguage":"en-US","potentialAction":[{"@type":"ReadAction","target":["https:\/\/www.salve.si\/leto-a\/4-velikonocna-nedelja-2\/"]}]},{"@type":"BreadcrumbList","@id":"https:\/\/www.salve.si\/leto-a\/4-velikonocna-nedelja-2\/#breadcrumb","itemListElement":[{"@type":"ListItem","position":1,"name":"Home","item":"https:\/\/www.salve.si\/"},{"@type":"ListItem","position":2,"name":"4. velikono\u010dna nedelja"}]},{"@type":"WebSite","@id":"https:\/\/www.salve.si\/#website","url":"https:\/\/www.salve.si\/","name":"Salve","description":"Salezijanska zalo\u017eba","publisher":{"@id":"https:\/\/www.salve.si\/#organization"},"potentialAction":[{"@type":"SearchAction","target":{"@type":"EntryPoint","urlTemplate":"https:\/\/www.salve.si\/?s={search_term_string}"},"query-input":{"@type":"PropertyValueSpecification","valueRequired":true,"valueName":"search_term_string"}}],"inLanguage":"en-US"},{"@type":"Organization","@id":"https:\/\/www.salve.si\/#organization","name":"Salve d.o.o.","url":"https:\/\/www.salve.si\/","logo":{"@type":"ImageObject","inLanguage":"en-US","@id":"https:\/\/www.salve.si\/#\/schema\/logo\/image\/","url":"https:\/\/www.salve.si\/wp-content\/uploads\/2021\/01\/Salve_logo_modri_nov_web.png","contentUrl":"https:\/\/www.salve.si\/wp-content\/uploads\/2021\/01\/Salve_logo_modri_nov_web.png","width":279,"height":90,"caption":"Salve d.o.o."},"image":{"@id":"https:\/\/www.salve.si\/#\/schema\/logo\/image\/"},"sameAs":["https:\/\/www.facebook.com\/salve.si","https:\/\/www.instagram.com\/zalozbasalve\/","https:\/\/www.linkedin.com\/company\/zalozba-salve\/"]},{"@type":"Person","@id":"https:\/\/www.salve.si\/#\/schema\/person\/61121950f92f07895dc7ea08dc78ba82","name":"Andrej Baliga\u010d","sameAs":["https:\/\/www.salve.si"]}]}},"_links":{"self":[{"href":"https:\/\/www.salve.si\/en\/wp-json\/wp\/v2\/posts\/17070","targetHints":{"allow":["GET"]}}],"collection":[{"href":"https:\/\/www.salve.si\/en\/wp-json\/wp\/v2\/posts"}],"about":[{"href":"https:\/\/www.salve.si\/en\/wp-json\/wp\/v2\/types\/post"}],"author":[{"embeddable":true,"href":"https:\/\/www.salve.si\/en\/wp-json\/wp\/v2\/users\/1561"}],"replies":[{"embeddable":true,"href":"https:\/\/www.salve.si\/en\/wp-json\/wp\/v2\/comments?post=17070"}],"version-history":[{"count":2,"href":"https:\/\/www.salve.si\/en\/wp-json\/wp\/v2\/posts\/17070\/revisions"}],"predecessor-version":[{"id":17072,"href":"https:\/\/www.salve.si\/en\/wp-json\/wp\/v2\/posts\/17070\/revisions\/17072"}],"wp:attachment":[{"href":"https:\/\/www.salve.si\/en\/wp-json\/wp\/v2\/media?parent=17070"}],"wp:term":[{"taxonomy":"category","embeddable":true,"href":"https:\/\/www.salve.si\/en\/wp-json\/wp\/v2\/categories?post=17070"},{"taxonomy":"post_tag","embeddable":true,"href":"https:\/\/www.salve.si\/en\/wp-json\/wp\/v2\/tags?post=17070"}],"curies":[{"name":"wp","href":"https:\/\/api.w.org\/{rel}","templated":true}]}}