{"id":17067,"date":"2023-03-19T09:28:53","date_gmt":"2023-03-19T08:28:53","guid":{"rendered":"https:\/\/www.salve.si\/?p=17067"},"modified":"2023-03-19T09:28:54","modified_gmt":"2023-03-19T08:28:54","slug":"3-velikonocna-nedelja-2","status":"publish","type":"post","link":"https:\/\/www.salve.si\/en\/leto-a\/3-velikonocna-nedelja-2\/","title":{"rendered":"3. velikono\u010dna nedelja"},"content":{"rendered":"<p><strong>Pusti me, da grem, ker sem sit vsega!<\/strong><\/p>\n<p>Kdaj smo razo\u010darani? Ko se stvari ne odvijajo tako kot smo pri\u010dakovali, ko nam \u017eivljenje polzi z rok, ko so na\u0161i medosebni odnosi pristali na najni\u017eji to\u010dki, ko se po\u010dutimo slabo in ni prave volje, da bi kaj spremenili. Najstnik re\u010de: \u00bbSit sem vsega, pusti me, da grem!\u00ab Kaj naredimo, ko izgubljamo in ni ve\u010d nobenega upanja za zmago? Pobegnemo, skrijemo se, ni nas na spregled.<\/p>\n<p>Razo\u010daranje navadno spremlja stra\u0161na jeza, ki nas naredi \u0161e bolj slepe. Ko odidemo nimamo niti prave ideje, kam bi radi od\u0161li. Samo da zapustim to prizori\u0161\u010de, saj sploh ni va\u017eno, kam se bom umaknil oziroma skril.<\/p>\n<p>To se je dogajalo z dvema u\u010dencema iz dana\u0161njega evangelija. Bila sta razo\u010darana in utrujena, zato zbe\u017eita s kraja dogodka. Ob Jezusu sta \u010dutila, da sta sprejeta in ljubljena, toda veliki petek je to njuno izku\u0161njo popolnoma uni\u010dil.<\/p>\n<p>Ko smo razo\u010darani za\u010dnemo iskati krivca za nastalo situacijo. Zakaj se je to zgodilo? Zakaj se je to moralo zgoditi prav meni? Oba u\u010denca se pogovarjata in drug drugega dol\u017eita, drug drugemu me\u010deta naprej stvari, ki so brez repa in glave in se sploh ne zavedata, da sta v slepi ulici, da nobeden ne bo prepri\u010dal drugega, ampak bosta na koncu samo \u0161e bolj zagrenjena. Tako se prepirajo zaljubljenci, da sprostijo svojo napetost. V ozadju ni nobene \u017eelje, da bi na\u0161li neko skupno re\u0161itev.<\/p>\n<p>Ko smo razo\u010darani in jezni, smo vedno bolj \u017ealostni. Luka nam ho\u010de z dana\u0161njim odlomkom povedati, da nas \u017ealost naredi slepe. Nismo ve\u010d sposobni videti realnost tak\u0161no kot je, kajti na\u0161e srce je povezano s preteklostjo, ki je ni mogo\u010de spremeniti. To, kar se je dogajalo s tema dvema u\u010dencema, se pogosto dogaja vsakemu od nas: ko stvari ne moremo spremeniti, zbe\u017eimo in se skrijemo, ker ne prenesemo, da bi drugi opazili, da smo \u017ealostni, brez volje, naveli\u010dani vsega.<\/p>\n<p>Na poti v Emavs se Jezus pridru\u017ei tema dvema u\u010dencema. Z njima bi rad potoval v njuno preteklost. V Jezusovem \u010dasu kraj Emavs ni obstajal. Torej sta u\u010denca potovala nekam v neznano, kar nekam. V Prvi knjigi Makabejcev je govora o Emavsu kot kraju, kjer se je Juda Makabej spopadel s pogani in zmagal. Morda pa Luka ho\u010de povedati, da se ta dva u\u010denca \u0161e vedno oklepata podobe o Bogu, ki je mogo\u010den vladar in zmaguje s svojo vojsko. Jezus ju je s svojo smrtjo na kri\u017eu razo\u010daral, zato se vra\u010data v Emavs, k stari podobi o Bogu kot mogo\u010dnem vladarju. \u0160e vedno se oklepata podobe Boga, ki sta jo izgubila.<\/p>\n<p>Morda se tudi sami oklepamo Boga z mo\u010dnimi \u010dustvi, ki so povezana z bo\u017ei\u010dem, s prijetnimi zgodbami, kako Jezus nasiti mno\u017eico, vodo spremeni v vino, ozdravlja bolne in obuja mrtve. Izogibamo pa se Jezusovega prijetja na Oljski gori, njegovega kri\u017eevega pota in smrti na kri\u017eu. Ti dogodki niso lepi in vzgojitelji nam govorijo, naj o teh stvareh ne pripovedujemo otrokom, ker jim bomo zagrenili njihovo otro\u0161tvo.<\/p>\n<p>Jezus pristopi k u\u010dencema in jima razlaga, kako sta trpljenje in smrt del slehernega \u017eivljenja. Jezus je moral trpeti, kajti samo tako so se lahko izpolnile nekdanje prerokbe. Brez trpljenja ne bi moglo priti do vstajenja in poveli\u010danja. Jezus povabi ta dva u\u010denca, da v svojih mislih odpreta dru\u017einski album in opazujeta na koliko razli\u010dnih na\u010dinov sta v svojem \u017eivljenju ob\u010dutila, da ju ima Bog rad. Brskanje po zgodovinskem spominu je vedno dobrodo\u0161lo, kajti naenkrat za\u010dutimo, da ni vse tako slabo, kot smo si predstavljali. Naenkrat sta u\u010denca za\u010dutila, da je Jezus pravi sogovornik, da jima je odprl o\u010di in zato ga ne \u017eelita izgubiti: \u00bbOstani z nama, kajti proti ve\u010deru gre! Tema je vedno grozna in s tabo bo la\u017eje \u010dakati nov dan.\u00ab<\/p>\n<p>Ko v svojem \u017eivljenju prepoznamo znamenja ljubezni, se na\u0161e srce ogreje. Na\u0161a zgodba na novo za\u017eivi in nas razveseli. Ko sta bila u\u010denca razo\u010darana, sta hotela pobegniti s prizori\u0161\u010da. Sedaj pa sta ob\u010dutila ljubezen in zato se ho\u010deta vrniti nazaj v Jeruzalem, kjer je skupnost apostolov, ki \u010dakajo, da jim kdo sporo\u010di veselo novico, da je Jezus vstal od mrtvih, da \u017eivi.<\/p>\n<p>\u0160e en podatek je zelo pomemben: Luka nam pove, da je enemu u\u010dencu ime Kleopa. Ime drugega u\u010denca ne poznamo. Lahko je celo pisec evangelija, Luka. Bolj verjetno pa je, da je Luka namenoma zamol\u010dal ime drugega u\u010denca, da bi se lahko v njem prepoznal bralec. Drugi u\u010denec sem jaz in tako Luka pripoveduje duhovno zgodbo mojega \u017eivljenja: sledili smo Gospodu, nato smo bili razo\u010darani in jezni, oddaljili smo se, vstali Gospod nas dohiti, postane neznani spremljevalec, ki nam odstira na\u0161o preteklost in hkrati nam odpira novo prihodnost.<\/p>\n<p>Ne vemo, kaj se je zgodilo z u\u010dencema, ko sta se vrnila v Jeruzalem. Lahko je \u010dez \u010das pri\u0161lo do novega razo\u010daranja in sta ponovno zbe\u017eala iz mesta. V tem primeru se je Jezus moral ponovno vrniti in odpreti njun dru\u017einski album. Tak\u0161na je na\u0161a zgodba, ki se dogaja med begom in ljubeznijo. In vendar bo ta zgodba imela vedno sre\u010dni konec, \u010de ne izgubimo upanja, da Jezus ni ostal na kri\u017eu, ampak je tretji dan vstal od mrtvih.<\/p>\n<p><strong>\u017dupnik Branko Bala\u017eic SDB<\/strong><span class=\"slv-content-keywords\"> Leto A Nedeljska meditacija Velikono\u010dni \u010das <\/span><\/p>","protected":false},"excerpt":{"rendered":"<p>Pusti me, da grem, ker sem sit vsega! Kdaj smo razo\u010darani? Ko se stvari ne odvijajo tako kot smo pri\u010dakovali, ko nam \u017eivljenje polzi z rok, ko so na\u0161i medosebni odnosi pristali na najni\u017eji to\u010dki, ko se po\u010dutimo slabo in ni prave volje, da bi kaj spremenili. Najstnik re\u010de: \u00bbSit sem vsega, pusti me, da<a href=\"https:\/\/www.salve.si\/en\/leto-a\/3-velikonocna-nedelja-2\/\">&#8230;<\/a><\/p>","protected":false},"author":1561,"featured_media":0,"comment_status":"open","ping_status":"open","sticky":false,"template":"","format":"standard","meta":{"_acf_changed":false,"footnotes":""},"categories":[1177,925,652],"tags":[649,927,1065],"class_list":["post-17067","post","type-post","status-publish","format-standard","hentry","category-leto-a","category-nedeljska-meditacija","category-velikonocni-cas","tag-leto-a","tag-nedeljska-meditacija","tag-velikonocni-cas"],"acf":[],"yoast_head":"<!-- This site is optimized with the Yoast SEO plugin v23.8 - https:\/\/yoast.com\/wordpress\/plugins\/seo\/ -->\n<title>3. velikono\u010dna nedelja - Salve<\/title>\n<meta name=\"robots\" content=\"noindex, follow\" \/>\n<meta property=\"og:locale\" content=\"en_US\" \/>\n<meta property=\"og:type\" content=\"article\" \/>\n<meta property=\"og:title\" content=\"3. velikono\u010dna nedelja - Salve\" \/>\n<meta property=\"og:description\" content=\"Pusti me, da grem, ker sem sit vsega! Kdaj smo razo\u010darani? Ko se stvari ne odvijajo tako kot smo pri\u010dakovali, ko nam \u017eivljenje polzi z rok, ko so na\u0161i medosebni odnosi pristali na najni\u017eji to\u010dki, ko se po\u010dutimo slabo in ni prave volje, da bi kaj spremenili. Najstnik re\u010de: \u00bbSit sem vsega, pusti me, da...\" \/>\n<meta property=\"og:url\" content=\"https:\/\/www.salve.si\/en\/leto-a\/3-velikonocna-nedelja-2\/\" \/>\n<meta property=\"og:site_name\" content=\"Salve\" \/>\n<meta property=\"article:publisher\" content=\"https:\/\/www.facebook.com\/salve.si\" \/>\n<meta property=\"article:published_time\" content=\"2023-03-19T08:28:53+00:00\" \/>\n<meta property=\"article:modified_time\" content=\"2023-03-19T08:28:54+00:00\" \/>\n<meta property=\"og:image\" content=\"https:\/\/www.salve.si\/wp-content\/uploads\/2026\/01\/salve-og1.jpg\" \/>\n\t<meta property=\"og:image:width\" content=\"1200\" \/>\n\t<meta property=\"og:image:height\" content=\"630\" \/>\n\t<meta property=\"og:image:type\" content=\"image\/jpeg\" \/>\n<meta name=\"author\" content=\"Andrej Baliga\u010d\" \/>\n<meta name=\"twitter:card\" content=\"summary_large_image\" \/>\n<meta name=\"twitter:label1\" content=\"Written by\" \/>\n\t<meta name=\"twitter:data1\" content=\"Andrej Baliga\u010d\" \/>\n\t<meta name=\"twitter:label2\" content=\"Est. reading time\" \/>\n\t<meta name=\"twitter:data2\" content=\"4 minutes\" \/>\n<script type=\"application\/ld+json\" class=\"yoast-schema-graph\">{\"@context\":\"https:\/\/schema.org\",\"@graph\":[{\"@type\":\"Article\",\"@id\":\"https:\/\/www.salve.si\/leto-a\/3-velikonocna-nedelja-2\/#article\",\"isPartOf\":{\"@id\":\"https:\/\/www.salve.si\/leto-a\/3-velikonocna-nedelja-2\/\"},\"author\":{\"name\":\"Andrej Baliga\u010d\",\"@id\":\"https:\/\/www.salve.si\/#\/schema\/person\/61121950f92f07895dc7ea08dc78ba82\"},\"headline\":\"3. velikono\u010dna nedelja\",\"datePublished\":\"2023-03-19T08:28:53+00:00\",\"dateModified\":\"2023-03-19T08:28:54+00:00\",\"mainEntityOfPage\":{\"@id\":\"https:\/\/www.salve.si\/leto-a\/3-velikonocna-nedelja-2\/\"},\"wordCount\":947,\"commentCount\":0,\"publisher\":{\"@id\":\"https:\/\/www.salve.si\/#organization\"},\"keywords\":[\"A\",\"nedeljska meditacija\",\"velikono\u010dni \u010das\"],\"articleSection\":[\"Leto A\",\"Nedeljska meditacija\",\"Velikono\u010dni \u010das\"],\"inLanguage\":\"en-US\",\"potentialAction\":[{\"@type\":\"CommentAction\",\"name\":\"Comment\",\"target\":[\"https:\/\/www.salve.si\/leto-a\/3-velikonocna-nedelja-2\/#respond\"]}]},{\"@type\":\"WebPage\",\"@id\":\"https:\/\/www.salve.si\/leto-a\/3-velikonocna-nedelja-2\/\",\"url\":\"https:\/\/www.salve.si\/leto-a\/3-velikonocna-nedelja-2\/\",\"name\":\"3. velikono\u010dna nedelja - Salve\",\"isPartOf\":{\"@id\":\"https:\/\/www.salve.si\/#website\"},\"datePublished\":\"2023-03-19T08:28:53+00:00\",\"dateModified\":\"2023-03-19T08:28:54+00:00\",\"breadcrumb\":{\"@id\":\"https:\/\/www.salve.si\/leto-a\/3-velikonocna-nedelja-2\/#breadcrumb\"},\"inLanguage\":\"en-US\",\"potentialAction\":[{\"@type\":\"ReadAction\",\"target\":[\"https:\/\/www.salve.si\/leto-a\/3-velikonocna-nedelja-2\/\"]}]},{\"@type\":\"BreadcrumbList\",\"@id\":\"https:\/\/www.salve.si\/leto-a\/3-velikonocna-nedelja-2\/#breadcrumb\",\"itemListElement\":[{\"@type\":\"ListItem\",\"position\":1,\"name\":\"Home\",\"item\":\"https:\/\/www.salve.si\/\"},{\"@type\":\"ListItem\",\"position\":2,\"name\":\"3. velikono\u010dna nedelja\"}]},{\"@type\":\"WebSite\",\"@id\":\"https:\/\/www.salve.si\/#website\",\"url\":\"https:\/\/www.salve.si\/\",\"name\":\"Salve\",\"description\":\"Salezijanska zalo\u017eba\",\"publisher\":{\"@id\":\"https:\/\/www.salve.si\/#organization\"},\"potentialAction\":[{\"@type\":\"SearchAction\",\"target\":{\"@type\":\"EntryPoint\",\"urlTemplate\":\"https:\/\/www.salve.si\/?s={search_term_string}\"},\"query-input\":{\"@type\":\"PropertyValueSpecification\",\"valueRequired\":true,\"valueName\":\"search_term_string\"}}],\"inLanguage\":\"en-US\"},{\"@type\":\"Organization\",\"@id\":\"https:\/\/www.salve.si\/#organization\",\"name\":\"Salve d.o.o.\",\"url\":\"https:\/\/www.salve.si\/\",\"logo\":{\"@type\":\"ImageObject\",\"inLanguage\":\"en-US\",\"@id\":\"https:\/\/www.salve.si\/#\/schema\/logo\/image\/\",\"url\":\"https:\/\/www.salve.si\/wp-content\/uploads\/2021\/01\/Salve_logo_modri_nov_web.png\",\"contentUrl\":\"https:\/\/www.salve.si\/wp-content\/uploads\/2021\/01\/Salve_logo_modri_nov_web.png\",\"width\":279,\"height\":90,\"caption\":\"Salve d.o.o.\"},\"image\":{\"@id\":\"https:\/\/www.salve.si\/#\/schema\/logo\/image\/\"},\"sameAs\":[\"https:\/\/www.facebook.com\/salve.si\",\"https:\/\/www.instagram.com\/zalozbasalve\/\",\"https:\/\/www.linkedin.com\/company\/zalozba-salve\/\"]},{\"@type\":\"Person\",\"@id\":\"https:\/\/www.salve.si\/#\/schema\/person\/61121950f92f07895dc7ea08dc78ba82\",\"name\":\"Andrej Baliga\u010d\",\"sameAs\":[\"https:\/\/www.salve.si\"]}]}<\/script>\n<!-- \/ Yoast SEO plugin. -->","yoast_head_json":{"title":"3. velikono\u010dna nedelja - Salve","robots":{"index":"noindex","follow":"follow"},"og_locale":"en_US","og_type":"article","og_title":"3. velikono\u010dna nedelja - Salve","og_description":"Pusti me, da grem, ker sem sit vsega! Kdaj smo razo\u010darani? Ko se stvari ne odvijajo tako kot smo pri\u010dakovali, ko nam \u017eivljenje polzi z rok, ko so na\u0161i medosebni odnosi pristali na najni\u017eji to\u010dki, ko se po\u010dutimo slabo in ni prave volje, da bi kaj spremenili. Najstnik re\u010de: \u00bbSit sem vsega, pusti me, da...","og_url":"https:\/\/www.salve.si\/en\/leto-a\/3-velikonocna-nedelja-2\/","og_site_name":"Salve","article_publisher":"https:\/\/www.facebook.com\/salve.si","article_published_time":"2023-03-19T08:28:53+00:00","article_modified_time":"2023-03-19T08:28:54+00:00","og_image":[{"width":1200,"height":630,"url":"https:\/\/www.salve.si\/wp-content\/uploads\/2026\/01\/salve-og1.jpg","type":"image\/jpeg"}],"author":"Andrej Baliga\u010d","twitter_card":"summary_large_image","twitter_misc":{"Written by":"Andrej Baliga\u010d","Est. reading time":"4 minutes"},"schema":{"@context":"https:\/\/schema.org","@graph":[{"@type":"Article","@id":"https:\/\/www.salve.si\/leto-a\/3-velikonocna-nedelja-2\/#article","isPartOf":{"@id":"https:\/\/www.salve.si\/leto-a\/3-velikonocna-nedelja-2\/"},"author":{"name":"Andrej Baliga\u010d","@id":"https:\/\/www.salve.si\/#\/schema\/person\/61121950f92f07895dc7ea08dc78ba82"},"headline":"3. velikono\u010dna nedelja","datePublished":"2023-03-19T08:28:53+00:00","dateModified":"2023-03-19T08:28:54+00:00","mainEntityOfPage":{"@id":"https:\/\/www.salve.si\/leto-a\/3-velikonocna-nedelja-2\/"},"wordCount":947,"commentCount":0,"publisher":{"@id":"https:\/\/www.salve.si\/#organization"},"keywords":["A","nedeljska meditacija","velikono\u010dni \u010das"],"articleSection":["Leto A","Nedeljska meditacija","Velikono\u010dni \u010das"],"inLanguage":"en-US","potentialAction":[{"@type":"CommentAction","name":"Comment","target":["https:\/\/www.salve.si\/leto-a\/3-velikonocna-nedelja-2\/#respond"]}]},{"@type":"WebPage","@id":"https:\/\/www.salve.si\/leto-a\/3-velikonocna-nedelja-2\/","url":"https:\/\/www.salve.si\/leto-a\/3-velikonocna-nedelja-2\/","name":"3. velikono\u010dna nedelja - Salve","isPartOf":{"@id":"https:\/\/www.salve.si\/#website"},"datePublished":"2023-03-19T08:28:53+00:00","dateModified":"2023-03-19T08:28:54+00:00","breadcrumb":{"@id":"https:\/\/www.salve.si\/leto-a\/3-velikonocna-nedelja-2\/#breadcrumb"},"inLanguage":"en-US","potentialAction":[{"@type":"ReadAction","target":["https:\/\/www.salve.si\/leto-a\/3-velikonocna-nedelja-2\/"]}]},{"@type":"BreadcrumbList","@id":"https:\/\/www.salve.si\/leto-a\/3-velikonocna-nedelja-2\/#breadcrumb","itemListElement":[{"@type":"ListItem","position":1,"name":"Home","item":"https:\/\/www.salve.si\/"},{"@type":"ListItem","position":2,"name":"3. velikono\u010dna nedelja"}]},{"@type":"WebSite","@id":"https:\/\/www.salve.si\/#website","url":"https:\/\/www.salve.si\/","name":"Salve","description":"Salezijanska zalo\u017eba","publisher":{"@id":"https:\/\/www.salve.si\/#organization"},"potentialAction":[{"@type":"SearchAction","target":{"@type":"EntryPoint","urlTemplate":"https:\/\/www.salve.si\/?s={search_term_string}"},"query-input":{"@type":"PropertyValueSpecification","valueRequired":true,"valueName":"search_term_string"}}],"inLanguage":"en-US"},{"@type":"Organization","@id":"https:\/\/www.salve.si\/#organization","name":"Salve d.o.o.","url":"https:\/\/www.salve.si\/","logo":{"@type":"ImageObject","inLanguage":"en-US","@id":"https:\/\/www.salve.si\/#\/schema\/logo\/image\/","url":"https:\/\/www.salve.si\/wp-content\/uploads\/2021\/01\/Salve_logo_modri_nov_web.png","contentUrl":"https:\/\/www.salve.si\/wp-content\/uploads\/2021\/01\/Salve_logo_modri_nov_web.png","width":279,"height":90,"caption":"Salve d.o.o."},"image":{"@id":"https:\/\/www.salve.si\/#\/schema\/logo\/image\/"},"sameAs":["https:\/\/www.facebook.com\/salve.si","https:\/\/www.instagram.com\/zalozbasalve\/","https:\/\/www.linkedin.com\/company\/zalozba-salve\/"]},{"@type":"Person","@id":"https:\/\/www.salve.si\/#\/schema\/person\/61121950f92f07895dc7ea08dc78ba82","name":"Andrej Baliga\u010d","sameAs":["https:\/\/www.salve.si"]}]}},"_links":{"self":[{"href":"https:\/\/www.salve.si\/en\/wp-json\/wp\/v2\/posts\/17067","targetHints":{"allow":["GET"]}}],"collection":[{"href":"https:\/\/www.salve.si\/en\/wp-json\/wp\/v2\/posts"}],"about":[{"href":"https:\/\/www.salve.si\/en\/wp-json\/wp\/v2\/types\/post"}],"author":[{"embeddable":true,"href":"https:\/\/www.salve.si\/en\/wp-json\/wp\/v2\/users\/1561"}],"replies":[{"embeddable":true,"href":"https:\/\/www.salve.si\/en\/wp-json\/wp\/v2\/comments?post=17067"}],"version-history":[{"count":2,"href":"https:\/\/www.salve.si\/en\/wp-json\/wp\/v2\/posts\/17067\/revisions"}],"predecessor-version":[{"id":17069,"href":"https:\/\/www.salve.si\/en\/wp-json\/wp\/v2\/posts\/17067\/revisions\/17069"}],"wp:attachment":[{"href":"https:\/\/www.salve.si\/en\/wp-json\/wp\/v2\/media?parent=17067"}],"wp:term":[{"taxonomy":"category","embeddable":true,"href":"https:\/\/www.salve.si\/en\/wp-json\/wp\/v2\/categories?post=17067"},{"taxonomy":"post_tag","embeddable":true,"href":"https:\/\/www.salve.si\/en\/wp-json\/wp\/v2\/tags?post=17067"}],"curies":[{"name":"wp","href":"https:\/\/api.w.org\/{rel}","templated":true}]}}