{"id":17064,"date":"2023-03-19T09:27:42","date_gmt":"2023-03-19T08:27:42","guid":{"rendered":"https:\/\/www.salve.si\/?p=17064"},"modified":"2023-03-19T09:27:43","modified_gmt":"2023-03-19T08:27:43","slug":"bela-nedelja-bozjega-usmiljenja","status":"publish","type":"post","link":"https:\/\/www.salve.si\/en\/leto-a\/bela-nedelja-bozjega-usmiljenja\/","title":{"rendered":"Bela nedelja &#8211; Bo\u017ejega usmiljenja"},"content":{"rendered":"<p><strong>Vrata so bila iz strahu pred Judi zaklenjena<\/strong><\/p>\n<p>Kako se je za\u010del evangelij dana\u0161nje nedelje? Takole: \u00bbPod no\u010d tistega dne, prvega v tednu, ko so bila vrata tam, kjer so se u\u010denci zadr\u017eevali, iz strahu pred Judi zaklenjena, je pri\u0161el Jezus, stopil mednje in jim rekel: &#8216;Mir vam bodi!&#8217;\u00ab Apostoli so bili na smrt prestra\u0161eni, bali so se, skrbno so zaklenili vrata in se prepustili malodu\u0161ju. Njihovo \u017eivljenje je bilo brez slehernega upanja.<\/p>\n<p>Katero je bilo zadnje dejanje velikega petka? Jo\u017eef iz Arimateje je pri\u0161el k Pilatu in ga prosil, \u010de sme mrtvega Jezusa pokopati. Pilat mu je dovolil in polo\u017eil ga je v svoj novi grob, ki ga je bil vsekal v skalo. K vhodu v grob je zavalil velik kamen in od\u0161el.<\/p>\n<p>Tak velik kamen predstavlja na\u0161o realnost: bojimo se svojega \u017eivljenja, ki je podobno grobu. Zapremo se vanj in po\u010dasi, po obrokih, umiramo brez slehernega upanja. Nimamo poguma, da bi se soo\u010dili s svojo resni\u010dnostjo. \u010cas korona virusa je bil dovolj jasen pokazatelj dejanskega stanja: \u010dlove\u0161tvo je mrtvo, brez pravega upanja, da bo spet nastopil \u010das normalnega \u017eivljenja. In kak\u0161no naj bi bilo novo normalno \u017eivljenje? O tem nam govori nedeljsko jutro, ko je kamen od groba odvaljen in grob prazen.<\/p>\n<p>Grob je res prazen, vendar na\u0161e hi\u0161e so skrbno zaprte. Apostoli so skrbno zaklenili vrata dvorane. Kje je prava re\u0161itev? Ne vidijo re\u0161itve, njihovo \u017eivljenje je brez upanja, ker je tudi njihovo srce zaprto. Bojijo se vsega, kar se dogaja zunaj na ulici. Bojijo se umreti, bojijo se poraza, bojijo se, da jih nih\u010de ne bo razumel, bojijo se priznati, da so njihovi na\u010drti in njihovo upanje propadli.<\/p>\n<p>Z nami ni ni\u010d druga\u010de: marsikoga je tehni\u010dni napredek \u010dlove\u0161tva razo\u010daral, znanost so kovali v zvezde, a so razo\u010darani; imeli so se za nezmotljive in vsemogo\u010dne, a se je vse obrnilo proti njim. Glavni vzrok pa je, da so v svoji notranjosti hladni, da niti tehni\u010dni niti politi\u010dni napredek niti popolna svoboda, niso zadovoljili njihovega hrepenenja. Razo\u010daranje bo iz dneva v dan huj\u0161e, kajti dokler ne bomo odprli svojega srca in se prepustili novemu upanju, se ne bo zgodilo ni\u010d novega. Jezus mora vstopiti v na\u0161a zaprta srca kot je vstopil skozi zaklenjena vrata in presenetil apostole s svojim naznanilom: \u00bbMir z vami. Ne bojte se!\u00ab<\/p>\n<p>Prvi dar, ki ga Jezus naklanja u\u010dencem, je mir. Ta mir za\u010dutimo, ko se spravimo z vsemi, s katerimi \u017eivimo, z na\u0161imi najbli\u017ejimi in s samim seboj. Dokler ne za\u010dutimo miru, pred nami ni nobene prave prihodnosti. \u0160ele, ko sprejmemo mir, ki ga naklanja vstali Jezus, smo sposobni svoje \u017eivljenje reorganizirati in narediti pravi na\u010drt za prihodnost. Ko se bojimo je te\u017eko verovati v Boga. Zato je normalno, da smo zbegani, brez prave volje in brez na\u010drtov. Za vsakega od nas je prava re\u0161itev, da Jezus vstopi v to na\u0161e \u017eivljenje, ki je ostalo brez pravega odgovora, kak\u0161na bo prihodnost. Toda ta Jezusov vstop v \u017eivljenje se ne zgodi avtomatsko.<\/p>\n<p>Enega od u\u010dencev, apostola Toma\u017ea ni bilo v dvorani, ko je Jezus prvi\u010d pri\u0161el. Po osmih dneh se Jezus spet pojavi med u\u010denci in v dvorani je tudi Toma\u017e. Kak\u0161no je tokrat stanje. Ni\u010d druga\u010dno kot pred osmimi dnevi. Vrata so \u0161e vedno zaklenjena. U\u010denci so videli Jezusa, a se \u0161e vedno bojijo. Kdor sre\u010da vstalega Jezusa, \u0161e ni postal drug \u010dlovek. Kako bi lahko Toma\u017e veroval apostolom, ki so mu pripovedovali, da so videli vstalega Jezusa, \u010de se v njihovem \u017eivljenju ni ni\u010d spremenilo. Vrata so bila skrbno zaprta. Vse je ostalo tako, kot je bilo prej. Ni se zgodilo ni\u010d novega pod soncem. Zato razumem Toma\u017ea, da u\u010dencem ne verjame in se izgovarja: \u00bb\u010ce ne vidim na njegovih rokah rane od \u017eebljev in ne vtaknem prsta v rane od \u017eebljev in ne polo\u017eim roke v njegovo stran, nikakor ne bom veroval.\u00ab Re\u010deno bolj preprosto: \u00bbNiste me prepri\u010dali. Ne verjamem vam! Iz va\u0161ih pogledov lahko razberem, da ste \u0161e vedno prestra\u0161eni in izgubljeni. Ko se ga bom dotaknil, bom veroval!\u00ab<\/p>\n<p>Prestavimo se v dana\u0161nji \u010das. Koliko govorimo o svoji veri in sku\u0161amo prepri\u010dati dvomljivce in neverne, pa vse zaman. Ni\u010d se ne more spremeniti, \u010de sami ne verujemo, \u010de smo sami brez pravega upanja, \u010de v na\u0161em srcu ni vstajenjskega miru. Kdo bo verjel skupnosti, ki govori o Bogu, a \u017eivi kot da Boga ni.<\/p>\n<p>Apostol Toma\u017e predstavlja \u0161tevilne sodobne kristjane, ki dvomijo in niso zadovoljni kar tako. Ho\u010dejo imeti dokaze. Popolnoma jih razumem, kajti vera ne sme biti skregana s pametjo. Res je tudi, da Toma\u017e predstavlja \u010dloveka z dvojno naravo, po eni strani je v skupnosti apostolov, a hkrati je nekje zunaj, oddaljen od skupnosti. Z ene strani nekoliko veruje, a hkrati dopu\u0161\u010da \u0161e kaj drugega. Glede tega nam je zelo podoben, kajti to neopredeljenost opazimo pri \u0161tevilnih sodobnih vernikih, ki niso ne vro\u010di ne mrzli, nekaj vmesnega, v skladu s tem, kako zapiha veter.<\/p>\n<p>Skupnost apostolov in tudi sodobna kr\u0161\u010danska skupnost je poklicana, da trpljenje sprejme kot nujni del slehernega \u017eivljenja. Brez trpljenja ni nobenega odre\u0161enja. Zato vstali Jezus ne skrije svojih ran, ampak jih jasno poka\u017ee in Toma\u017eu dovoli, da se jih dotakne. Njegove rane so jasno znamenje njegove identitete. Po teh ranah ga u\u010denci prepoznajo. Jezusovo trpljenje in smrt sta dve najbolj jasni znamenji njegovega odre\u0161enja. Trpljenja ni mogo\u010de shraniti v arhivu in nanj pozabiti. Trpljenje je vedno tukaj, do svojega zemeljskega odhoda bomo \u0161e vedno ostali ranljivi, vendar ne brez upanja. Zato lahko re\u010demo, da nobeno trpljenje ni zaman, vsako trpljenje nam daje dovolj mo\u010di, da lahko odstranimo te\u017eki kamen od groba in stopimo ven kot vstali, odre\u0161eni in poklicani za ve\u010dno \u017eivljenje.<\/p>\n<p><strong>\u017dupnik Branko Bala\u017eic<\/strong><span class=\"slv-content-keywords\"> Leto A Nedeljska meditacija Velikono\u010dni \u010das <\/span><\/p>","protected":false},"excerpt":{"rendered":"<p>Vrata so bila iz strahu pred Judi zaklenjena Kako se je za\u010del evangelij dana\u0161nje nedelje? Takole: \u00bbPod no\u010d tistega dne, prvega v tednu, ko so bila vrata tam, kjer so se u\u010denci zadr\u017eevali, iz strahu pred Judi zaklenjena, je pri\u0161el Jezus, stopil mednje in jim rekel: &#8216;Mir vam bodi!&#8217;\u00ab Apostoli so bili na smrt prestra\u0161eni,<a href=\"https:\/\/www.salve.si\/en\/leto-a\/bela-nedelja-bozjega-usmiljenja\/\">&#8230;<\/a><\/p>","protected":false},"author":1561,"featured_media":0,"comment_status":"open","ping_status":"open","sticky":false,"template":"","format":"standard","meta":{"_acf_changed":false,"footnotes":""},"categories":[1177,925,652],"tags":[649,927,1065],"class_list":["post-17064","post","type-post","status-publish","format-standard","hentry","category-leto-a","category-nedeljska-meditacija","category-velikonocni-cas","tag-leto-a","tag-nedeljska-meditacija","tag-velikonocni-cas"],"acf":[],"yoast_head":"<!-- This site is optimized with the Yoast SEO plugin v23.8 - https:\/\/yoast.com\/wordpress\/plugins\/seo\/ -->\n<title>Bela nedelja - Bo\u017ejega usmiljenja - Salve<\/title>\n<meta name=\"robots\" content=\"noindex, follow\" \/>\n<meta property=\"og:locale\" content=\"en_US\" \/>\n<meta property=\"og:type\" content=\"article\" \/>\n<meta property=\"og:title\" content=\"Bela nedelja - Bo\u017ejega usmiljenja - Salve\" \/>\n<meta property=\"og:description\" content=\"Vrata so bila iz strahu pred Judi zaklenjena Kako se je za\u010del evangelij dana\u0161nje nedelje? Takole: \u00bbPod no\u010d tistega dne, prvega v tednu, ko so bila vrata tam, kjer so se u\u010denci zadr\u017eevali, iz strahu pred Judi zaklenjena, je pri\u0161el Jezus, stopil mednje in jim rekel: &#8216;Mir vam bodi!&#8217;\u00ab Apostoli so bili na smrt prestra\u0161eni,...\" \/>\n<meta property=\"og:url\" content=\"https:\/\/www.salve.si\/en\/leto-a\/bela-nedelja-bozjega-usmiljenja\/\" \/>\n<meta property=\"og:site_name\" content=\"Salve\" \/>\n<meta property=\"article:publisher\" content=\"https:\/\/www.facebook.com\/salve.si\" \/>\n<meta property=\"article:published_time\" content=\"2023-03-19T08:27:42+00:00\" \/>\n<meta property=\"article:modified_time\" content=\"2023-03-19T08:27:43+00:00\" \/>\n<meta property=\"og:image\" content=\"https:\/\/www.salve.si\/wp-content\/uploads\/2026\/01\/salve-og1.jpg\" \/>\n\t<meta property=\"og:image:width\" content=\"1200\" \/>\n\t<meta property=\"og:image:height\" content=\"630\" \/>\n\t<meta property=\"og:image:type\" content=\"image\/jpeg\" \/>\n<meta name=\"author\" content=\"Andrej Baliga\u010d\" \/>\n<meta name=\"twitter:card\" content=\"summary_large_image\" \/>\n<meta name=\"twitter:label1\" content=\"Written by\" \/>\n\t<meta name=\"twitter:data1\" content=\"Andrej Baliga\u010d\" \/>\n\t<meta name=\"twitter:label2\" content=\"Est. reading time\" \/>\n\t<meta name=\"twitter:data2\" content=\"5 minutes\" \/>\n<script type=\"application\/ld+json\" class=\"yoast-schema-graph\">{\"@context\":\"https:\/\/schema.org\",\"@graph\":[{\"@type\":\"Article\",\"@id\":\"https:\/\/www.salve.si\/leto-a\/bela-nedelja-bozjega-usmiljenja\/#article\",\"isPartOf\":{\"@id\":\"https:\/\/www.salve.si\/leto-a\/bela-nedelja-bozjega-usmiljenja\/\"},\"author\":{\"name\":\"Andrej Baliga\u010d\",\"@id\":\"https:\/\/www.salve.si\/#\/schema\/person\/61121950f92f07895dc7ea08dc78ba82\"},\"headline\":\"Bela nedelja &#8211; Bo\u017ejega usmiljenja\",\"datePublished\":\"2023-03-19T08:27:42+00:00\",\"dateModified\":\"2023-03-19T08:27:43+00:00\",\"mainEntityOfPage\":{\"@id\":\"https:\/\/www.salve.si\/leto-a\/bela-nedelja-bozjega-usmiljenja\/\"},\"wordCount\":1025,\"commentCount\":0,\"publisher\":{\"@id\":\"https:\/\/www.salve.si\/#organization\"},\"keywords\":[\"A\",\"nedeljska meditacija\",\"velikono\u010dni \u010das\"],\"articleSection\":[\"Leto A\",\"Nedeljska meditacija\",\"Velikono\u010dni \u010das\"],\"inLanguage\":\"en-US\",\"potentialAction\":[{\"@type\":\"CommentAction\",\"name\":\"Comment\",\"target\":[\"https:\/\/www.salve.si\/leto-a\/bela-nedelja-bozjega-usmiljenja\/#respond\"]}]},{\"@type\":\"WebPage\",\"@id\":\"https:\/\/www.salve.si\/leto-a\/bela-nedelja-bozjega-usmiljenja\/\",\"url\":\"https:\/\/www.salve.si\/leto-a\/bela-nedelja-bozjega-usmiljenja\/\",\"name\":\"Bela nedelja - Bo\u017ejega usmiljenja - Salve\",\"isPartOf\":{\"@id\":\"https:\/\/www.salve.si\/#website\"},\"datePublished\":\"2023-03-19T08:27:42+00:00\",\"dateModified\":\"2023-03-19T08:27:43+00:00\",\"breadcrumb\":{\"@id\":\"https:\/\/www.salve.si\/leto-a\/bela-nedelja-bozjega-usmiljenja\/#breadcrumb\"},\"inLanguage\":\"en-US\",\"potentialAction\":[{\"@type\":\"ReadAction\",\"target\":[\"https:\/\/www.salve.si\/leto-a\/bela-nedelja-bozjega-usmiljenja\/\"]}]},{\"@type\":\"BreadcrumbList\",\"@id\":\"https:\/\/www.salve.si\/leto-a\/bela-nedelja-bozjega-usmiljenja\/#breadcrumb\",\"itemListElement\":[{\"@type\":\"ListItem\",\"position\":1,\"name\":\"Home\",\"item\":\"https:\/\/www.salve.si\/\"},{\"@type\":\"ListItem\",\"position\":2,\"name\":\"Bela nedelja &#8211; Bo\u017ejega usmiljenja\"}]},{\"@type\":\"WebSite\",\"@id\":\"https:\/\/www.salve.si\/#website\",\"url\":\"https:\/\/www.salve.si\/\",\"name\":\"Salve\",\"description\":\"Salezijanska zalo\u017eba\",\"publisher\":{\"@id\":\"https:\/\/www.salve.si\/#organization\"},\"potentialAction\":[{\"@type\":\"SearchAction\",\"target\":{\"@type\":\"EntryPoint\",\"urlTemplate\":\"https:\/\/www.salve.si\/?s={search_term_string}\"},\"query-input\":{\"@type\":\"PropertyValueSpecification\",\"valueRequired\":true,\"valueName\":\"search_term_string\"}}],\"inLanguage\":\"en-US\"},{\"@type\":\"Organization\",\"@id\":\"https:\/\/www.salve.si\/#organization\",\"name\":\"Salve d.o.o.\",\"url\":\"https:\/\/www.salve.si\/\",\"logo\":{\"@type\":\"ImageObject\",\"inLanguage\":\"en-US\",\"@id\":\"https:\/\/www.salve.si\/#\/schema\/logo\/image\/\",\"url\":\"https:\/\/www.salve.si\/wp-content\/uploads\/2021\/01\/Salve_logo_modri_nov_web.png\",\"contentUrl\":\"https:\/\/www.salve.si\/wp-content\/uploads\/2021\/01\/Salve_logo_modri_nov_web.png\",\"width\":279,\"height\":90,\"caption\":\"Salve d.o.o.\"},\"image\":{\"@id\":\"https:\/\/www.salve.si\/#\/schema\/logo\/image\/\"},\"sameAs\":[\"https:\/\/www.facebook.com\/salve.si\",\"https:\/\/www.instagram.com\/zalozbasalve\/\",\"https:\/\/www.linkedin.com\/company\/zalozba-salve\/\"]},{\"@type\":\"Person\",\"@id\":\"https:\/\/www.salve.si\/#\/schema\/person\/61121950f92f07895dc7ea08dc78ba82\",\"name\":\"Andrej Baliga\u010d\",\"sameAs\":[\"https:\/\/www.salve.si\"]}]}<\/script>\n<!-- \/ Yoast SEO plugin. -->","yoast_head_json":{"title":"Bela nedelja - Bo\u017ejega usmiljenja - Salve","robots":{"index":"noindex","follow":"follow"},"og_locale":"en_US","og_type":"article","og_title":"Bela nedelja - Bo\u017ejega usmiljenja - Salve","og_description":"Vrata so bila iz strahu pred Judi zaklenjena Kako se je za\u010del evangelij dana\u0161nje nedelje? Takole: \u00bbPod no\u010d tistega dne, prvega v tednu, ko so bila vrata tam, kjer so se u\u010denci zadr\u017eevali, iz strahu pred Judi zaklenjena, je pri\u0161el Jezus, stopil mednje in jim rekel: &#8216;Mir vam bodi!&#8217;\u00ab Apostoli so bili na smrt prestra\u0161eni,...","og_url":"https:\/\/www.salve.si\/en\/leto-a\/bela-nedelja-bozjega-usmiljenja\/","og_site_name":"Salve","article_publisher":"https:\/\/www.facebook.com\/salve.si","article_published_time":"2023-03-19T08:27:42+00:00","article_modified_time":"2023-03-19T08:27:43+00:00","og_image":[{"width":1200,"height":630,"url":"https:\/\/www.salve.si\/wp-content\/uploads\/2026\/01\/salve-og1.jpg","type":"image\/jpeg"}],"author":"Andrej Baliga\u010d","twitter_card":"summary_large_image","twitter_misc":{"Written by":"Andrej Baliga\u010d","Est. reading time":"5 minutes"},"schema":{"@context":"https:\/\/schema.org","@graph":[{"@type":"Article","@id":"https:\/\/www.salve.si\/leto-a\/bela-nedelja-bozjega-usmiljenja\/#article","isPartOf":{"@id":"https:\/\/www.salve.si\/leto-a\/bela-nedelja-bozjega-usmiljenja\/"},"author":{"name":"Andrej Baliga\u010d","@id":"https:\/\/www.salve.si\/#\/schema\/person\/61121950f92f07895dc7ea08dc78ba82"},"headline":"Bela nedelja &#8211; Bo\u017ejega usmiljenja","datePublished":"2023-03-19T08:27:42+00:00","dateModified":"2023-03-19T08:27:43+00:00","mainEntityOfPage":{"@id":"https:\/\/www.salve.si\/leto-a\/bela-nedelja-bozjega-usmiljenja\/"},"wordCount":1025,"commentCount":0,"publisher":{"@id":"https:\/\/www.salve.si\/#organization"},"keywords":["A","nedeljska meditacija","velikono\u010dni \u010das"],"articleSection":["Leto A","Nedeljska meditacija","Velikono\u010dni \u010das"],"inLanguage":"en-US","potentialAction":[{"@type":"CommentAction","name":"Comment","target":["https:\/\/www.salve.si\/leto-a\/bela-nedelja-bozjega-usmiljenja\/#respond"]}]},{"@type":"WebPage","@id":"https:\/\/www.salve.si\/leto-a\/bela-nedelja-bozjega-usmiljenja\/","url":"https:\/\/www.salve.si\/leto-a\/bela-nedelja-bozjega-usmiljenja\/","name":"Bela nedelja - Bo\u017ejega usmiljenja - Salve","isPartOf":{"@id":"https:\/\/www.salve.si\/#website"},"datePublished":"2023-03-19T08:27:42+00:00","dateModified":"2023-03-19T08:27:43+00:00","breadcrumb":{"@id":"https:\/\/www.salve.si\/leto-a\/bela-nedelja-bozjega-usmiljenja\/#breadcrumb"},"inLanguage":"en-US","potentialAction":[{"@type":"ReadAction","target":["https:\/\/www.salve.si\/leto-a\/bela-nedelja-bozjega-usmiljenja\/"]}]},{"@type":"BreadcrumbList","@id":"https:\/\/www.salve.si\/leto-a\/bela-nedelja-bozjega-usmiljenja\/#breadcrumb","itemListElement":[{"@type":"ListItem","position":1,"name":"Home","item":"https:\/\/www.salve.si\/"},{"@type":"ListItem","position":2,"name":"Bela nedelja &#8211; Bo\u017ejega usmiljenja"}]},{"@type":"WebSite","@id":"https:\/\/www.salve.si\/#website","url":"https:\/\/www.salve.si\/","name":"Salve","description":"Salezijanska zalo\u017eba","publisher":{"@id":"https:\/\/www.salve.si\/#organization"},"potentialAction":[{"@type":"SearchAction","target":{"@type":"EntryPoint","urlTemplate":"https:\/\/www.salve.si\/?s={search_term_string}"},"query-input":{"@type":"PropertyValueSpecification","valueRequired":true,"valueName":"search_term_string"}}],"inLanguage":"en-US"},{"@type":"Organization","@id":"https:\/\/www.salve.si\/#organization","name":"Salve d.o.o.","url":"https:\/\/www.salve.si\/","logo":{"@type":"ImageObject","inLanguage":"en-US","@id":"https:\/\/www.salve.si\/#\/schema\/logo\/image\/","url":"https:\/\/www.salve.si\/wp-content\/uploads\/2021\/01\/Salve_logo_modri_nov_web.png","contentUrl":"https:\/\/www.salve.si\/wp-content\/uploads\/2021\/01\/Salve_logo_modri_nov_web.png","width":279,"height":90,"caption":"Salve d.o.o."},"image":{"@id":"https:\/\/www.salve.si\/#\/schema\/logo\/image\/"},"sameAs":["https:\/\/www.facebook.com\/salve.si","https:\/\/www.instagram.com\/zalozbasalve\/","https:\/\/www.linkedin.com\/company\/zalozba-salve\/"]},{"@type":"Person","@id":"https:\/\/www.salve.si\/#\/schema\/person\/61121950f92f07895dc7ea08dc78ba82","name":"Andrej Baliga\u010d","sameAs":["https:\/\/www.salve.si"]}]}},"_links":{"self":[{"href":"https:\/\/www.salve.si\/en\/wp-json\/wp\/v2\/posts\/17064","targetHints":{"allow":["GET"]}}],"collection":[{"href":"https:\/\/www.salve.si\/en\/wp-json\/wp\/v2\/posts"}],"about":[{"href":"https:\/\/www.salve.si\/en\/wp-json\/wp\/v2\/types\/post"}],"author":[{"embeddable":true,"href":"https:\/\/www.salve.si\/en\/wp-json\/wp\/v2\/users\/1561"}],"replies":[{"embeddable":true,"href":"https:\/\/www.salve.si\/en\/wp-json\/wp\/v2\/comments?post=17064"}],"version-history":[{"count":2,"href":"https:\/\/www.salve.si\/en\/wp-json\/wp\/v2\/posts\/17064\/revisions"}],"predecessor-version":[{"id":17066,"href":"https:\/\/www.salve.si\/en\/wp-json\/wp\/v2\/posts\/17064\/revisions\/17066"}],"wp:attachment":[{"href":"https:\/\/www.salve.si\/en\/wp-json\/wp\/v2\/media?parent=17064"}],"wp:term":[{"taxonomy":"category","embeddable":true,"href":"https:\/\/www.salve.si\/en\/wp-json\/wp\/v2\/categories?post=17064"},{"taxonomy":"post_tag","embeddable":true,"href":"https:\/\/www.salve.si\/en\/wp-json\/wp\/v2\/tags?post=17064"}],"curies":[{"name":"wp","href":"https:\/\/api.w.org\/{rel}","templated":true}]}}