{"id":16505,"date":"2023-01-12T15:10:00","date_gmt":"2023-01-12T14:10:00","guid":{"rendered":"https:\/\/www.salve.si\/?p=16505"},"modified":"2022-11-23T15:11:51","modified_gmt":"2022-11-23T14:11:51","slug":"2-nedelja-med-letom-3","status":"publish","type":"post","link":"https:\/\/www.salve.si\/en\/cas-med-letom\/2-nedelja-med-letom-3\/","title":{"rendered":"2. nedelja med letom"},"content":{"rendered":"<p><strong>Videl sem in pri\u010dujem, da je ta Bo\u017eji Sin<\/strong><\/p>\n<p>\u010ce bi kdo zahteval od vas, da v nekaj kratkih stavkih opredelite svoje \u017eivljenje, kaj bi mu odgovorili? Marsikdo bi v veliki zadregi mencal: \u00bbBolje, da ne govorim! V\u010dasih je prava katastrofa!\u00ab Re\u010deno bolj preprosto: \u00bbNa\u0161e \u017eivljenje je podobno dolgemu procesu, v katerem igramo razli\u010dne vloge in za mnoge se vse dogaja med dvema ekstremoma, med navdu\u0161enjem in razo\u010daranjem, brez prave uravnote\u017eenosti.\u00ab Zato se ne smemo \u010duditi, da ljudi opredeljujemo kot desne in leve, pa \u010deprav ni nobenih pravih razlogov za tak\u0161ne trditve. Imamo se za razsodnike, pa \u010deprav nam nih\u010de ne daje te pravice. Radi imamo jasne stavke o tem, kdo dela dobro in kdo slabo, kdo je za v zapor in kdo si zaslu\u017ei mesto v parlamentu, kdo je v vlogi to\u017enika in kdo na klopi na obto\u017eence. Ali ne obstaja \u0161e kak\u0161no vmesno stanje med dvema ekstremoma? Obstaja, vendar ta vloga ni ravno priljubljena. To je vloga pri\u010de, mnenje osebe, ki je videla dogodek, ima izku\u0161njo in je pripravljena o tem govoriti. To je bila pozicija Janeza Krstnika iz dana\u0161njega evangelija. On je \u017eivljenje dojemal kot dolg proces, v katerem ima posebno vlogo oseba, ki je bila zraven in najbolj zanesljivo govori o dogodku. Zato se Janez predstavi kot tisti, ki pri\u010duje o Jezusu in na koncu svojega evangelija se Matej predstavi kot tisti, ki je videl in zato govori resnico.<\/p>\n<p>\u017divljenje slehernega \u010dloveka je pri\u010devanje, pozitivno ali negativno, \u010de to govorimo na glas ali \u010de ni\u010d ne re\u010demo. Na\u0161e \u017eivljenje vsak trenutek tudi brez besed govori o dobrih ali slabih stvareh, ki se nam dogajajo. Ko med na\u0161imi besedami in izku\u0161njami ni doslednosti, smo slabi pri\u010devalci. To se nam dogaja, ko se prepu\u0161\u010damo svojim fantazijam, ko si izmi\u0161ljamo pribli\u017ene izide dogodkov, ko obsojamo, obrekujemo, ko si ustvarjamo predsodke, da bi s tem izpadli bolj lepi. Pri tem pa pozabljamo, da ne samo na sodi\u0161\u010du, ampak tudi v vsakdanjem \u017eivljenju napo\u010di trenutek, ko pride resnica na dan in potegne za seboj te\u017eke posledice. \u010ce smo slabi pri\u010devalci, bomo v doglednem \u010dasu za to odgovarjali.<\/p>\n<p>Janez Krstnika nas u\u010di, da obstaja neka sti\u010dna to\u010dka med videti in govoriti: ker je videl s svojimi o\u010dmi, ker ima izku\u0161njo, si lahko vzame pravico, da spregovori in pri\u010duje za resnico. \u0160e ve\u010d, Janez Krstnik nam celo govori, da obstaja \u0161e nekaj, kar se zgodi preden nekaj vidimo in o tem govorimo. Janez je poslu\u0161al Boga. Bog nas vabi, da mu prisluhnemo tam, kjer smo, v okolju, v katerem \u017eivimo. Tam smo najprej pri\u010devalci. Na\u0161a dru\u017eina je zato prvo okolje, kjer moramo poslu\u0161ati drug drugega in pri\u010devati. In ravno tam se nam dogaja, da postajamo sodniki, to\u017eniki in tisti, ki kli\u010dejo na zagovor, torej slabi pri\u010devalci.<\/p>\n<p>V svoji encikliki Veselje evangelija pape\u017e Fran\u010di\u0161ek pravi, da je realnost veliko ve\u010d kot lepa ideja. Sodobnik pa razmi\u0161lja, da se bo s tem, ko bo imel v glavi lepe ideje, \u017ee vse spremenilo. To je velika zabloda, kajti resni\u010dnost navadno ni v skladu z na\u0161imi lepimi idejami. Janez Krstnik prizna, da ne pozna Jezusa, a se zato ne zapre v svoje fantazije in predsodke. Potrudi se in stori vse, kar je v njegovi mo\u010di, da bi se sre\u010dal s pravim Jezusom. Predsodkov se znebimo, ko pristopimo k osebi in ji v obraz povemo, kaj si mislimo o njej in nato \u010dakamo na odgovor.<\/p>\n<p>Pri tem procesu prepoznavanja realnosti je pomembno \u0161e nekaj: besede ne povedo vse, zato Janez Krstnik uporabi podobe, s katerimi pove to, kar je videl in ob\u010dutil. On uporabi dve podobi: jagnje in goloba. Jagnje nas spominja na velikono\u010dno praznovanje. Jagnje je \u017eival, ki so jo darovali pri obrednih \u017egalnih daritvah in to jagnje predstavlja na\u0161o smrt. V Jezusovi daritvi je tako navzo\u010da na\u0161a \u017eivljenjska zgodba, ki je odkupljena z njegovo ljubeznijo, kar ni mogo\u010de zaobjeti z nobeno definicijo. Popolna ljubezen je neposredna in ne potrebuje definicije. Veliko govorimo in razlagamo takrat, ko je z na\u0161o ljubeznijo nekaj narobe. Ko pa resni\u010dno ljubimo smo tiho, ker so besede prerevne za opis tega, kar \u010dutimo v sebi.<\/p>\n<p>Kako se po\u010dutimo ob te\u017eko izre\u010denih besedah, ki postanejo hitre in v nebo vpijo\u010de, a so hkrati la\u017ene. To se nam dogaja, ko postanemo nepristni pri\u010devalci. Zato je prav, da se vpra\u0161amo: Sem pripravljen prositi odpu\u0161\u010danje in zato stopim v spovednico? Se zavedam, da nisem vedno \u017ertev slabih razmer, ampak da sem pogostokrat tudi sam sodnik in to\u017enik? Naj se nas Bog usmili in nam podari svoj mir!<\/p>\n<p><strong>\u017dupnik Branko Bala\u017eic SDB<\/strong><span class=\"slv-content-keywords\"> \u010cas med letom Leto A <\/span><\/p>","protected":false},"excerpt":{"rendered":"<p>Videl sem in pri\u010dujem, da je ta Bo\u017eji Sin \u010ce bi kdo zahteval od vas, da v nekaj kratkih stavkih opredelite svoje \u017eivljenje, kaj bi mu odgovorili? Marsikdo bi v veliki zadregi mencal: \u00bbBolje, da ne govorim! V\u010dasih je prava katastrofa!\u00ab Re\u010deno bolj preprosto: \u00bbNa\u0161e \u017eivljenje je podobno dolgemu procesu, v katerem igramo razli\u010dne vloge<a href=\"https:\/\/www.salve.si\/en\/cas-med-letom\/2-nedelja-med-letom-3\/\">&#8230;<\/a><\/p>","protected":false},"author":1561,"featured_media":0,"comment_status":"open","ping_status":"open","sticky":false,"template":"","format":"standard","meta":{"_acf_changed":false,"footnotes":""},"categories":[654,1177],"tags":[649,1055],"class_list":["post-16505","post","type-post","status-publish","format-standard","hentry","category-cas-med-letom","category-leto-a","tag-leto-a","tag-cas-med-letom"],"acf":[],"yoast_head":"<!-- This site is optimized with the Yoast SEO plugin v23.8 - https:\/\/yoast.com\/wordpress\/plugins\/seo\/ -->\n<title>2. nedelja med letom - Salve<\/title>\n<meta name=\"robots\" content=\"noindex, follow\" \/>\n<meta property=\"og:locale\" content=\"en_US\" \/>\n<meta property=\"og:type\" content=\"article\" \/>\n<meta property=\"og:title\" content=\"2. nedelja med letom - Salve\" \/>\n<meta property=\"og:description\" content=\"Videl sem in pri\u010dujem, da je ta Bo\u017eji Sin \u010ce bi kdo zahteval od vas, da v nekaj kratkih stavkih opredelite svoje \u017eivljenje, kaj bi mu odgovorili? Marsikdo bi v veliki zadregi mencal: \u00bbBolje, da ne govorim! V\u010dasih je prava katastrofa!\u00ab Re\u010deno bolj preprosto: \u00bbNa\u0161e \u017eivljenje je podobno dolgemu procesu, v katerem igramo razli\u010dne vloge...\" \/>\n<meta property=\"og:url\" content=\"https:\/\/www.salve.si\/en\/cas-med-letom\/2-nedelja-med-letom-3\/\" \/>\n<meta property=\"og:site_name\" content=\"Salve\" \/>\n<meta property=\"article:publisher\" content=\"https:\/\/www.facebook.com\/salve.si\" \/>\n<meta property=\"article:published_time\" content=\"2023-01-12T14:10:00+00:00\" \/>\n<meta property=\"article:modified_time\" content=\"2022-11-23T14:11:51+00:00\" \/>\n<meta property=\"og:image\" content=\"https:\/\/www.salve.si\/wp-content\/uploads\/2026\/01\/salve-og1.jpg\" \/>\n\t<meta property=\"og:image:width\" content=\"1200\" \/>\n\t<meta property=\"og:image:height\" content=\"630\" \/>\n\t<meta property=\"og:image:type\" content=\"image\/jpeg\" \/>\n<meta name=\"author\" content=\"Andrej Baliga\u010d\" \/>\n<meta name=\"twitter:card\" content=\"summary_large_image\" \/>\n<meta name=\"twitter:label1\" content=\"Written by\" \/>\n\t<meta name=\"twitter:data1\" content=\"Andrej Baliga\u010d\" \/>\n\t<meta name=\"twitter:label2\" content=\"Est. reading time\" \/>\n\t<meta name=\"twitter:data2\" content=\"4 minutes\" \/>\n<script type=\"application\/ld+json\" class=\"yoast-schema-graph\">{\"@context\":\"https:\/\/schema.org\",\"@graph\":[{\"@type\":\"Article\",\"@id\":\"https:\/\/www.salve.si\/cas-med-letom\/2-nedelja-med-letom-3\/#article\",\"isPartOf\":{\"@id\":\"https:\/\/www.salve.si\/cas-med-letom\/2-nedelja-med-letom-3\/\"},\"author\":{\"name\":\"Andrej Baliga\u010d\",\"@id\":\"https:\/\/www.salve.si\/#\/schema\/person\/61121950f92f07895dc7ea08dc78ba82\"},\"headline\":\"2. nedelja med letom\",\"datePublished\":\"2023-01-12T14:10:00+00:00\",\"dateModified\":\"2022-11-23T14:11:51+00:00\",\"mainEntityOfPage\":{\"@id\":\"https:\/\/www.salve.si\/cas-med-letom\/2-nedelja-med-letom-3\/\"},\"wordCount\":825,\"commentCount\":0,\"publisher\":{\"@id\":\"https:\/\/www.salve.si\/#organization\"},\"keywords\":[\"A\",\"\u010cas med letom\"],\"articleSection\":[\"\u010cas med letom\",\"Leto A\"],\"inLanguage\":\"en-US\",\"potentialAction\":[{\"@type\":\"CommentAction\",\"name\":\"Comment\",\"target\":[\"https:\/\/www.salve.si\/cas-med-letom\/2-nedelja-med-letom-3\/#respond\"]}]},{\"@type\":\"WebPage\",\"@id\":\"https:\/\/www.salve.si\/cas-med-letom\/2-nedelja-med-letom-3\/\",\"url\":\"https:\/\/www.salve.si\/cas-med-letom\/2-nedelja-med-letom-3\/\",\"name\":\"2. nedelja med letom - Salve\",\"isPartOf\":{\"@id\":\"https:\/\/www.salve.si\/#website\"},\"datePublished\":\"2023-01-12T14:10:00+00:00\",\"dateModified\":\"2022-11-23T14:11:51+00:00\",\"breadcrumb\":{\"@id\":\"https:\/\/www.salve.si\/cas-med-letom\/2-nedelja-med-letom-3\/#breadcrumb\"},\"inLanguage\":\"en-US\",\"potentialAction\":[{\"@type\":\"ReadAction\",\"target\":[\"https:\/\/www.salve.si\/cas-med-letom\/2-nedelja-med-letom-3\/\"]}]},{\"@type\":\"BreadcrumbList\",\"@id\":\"https:\/\/www.salve.si\/cas-med-letom\/2-nedelja-med-letom-3\/#breadcrumb\",\"itemListElement\":[{\"@type\":\"ListItem\",\"position\":1,\"name\":\"Home\",\"item\":\"https:\/\/www.salve.si\/\"},{\"@type\":\"ListItem\",\"position\":2,\"name\":\"2. nedelja med letom\"}]},{\"@type\":\"WebSite\",\"@id\":\"https:\/\/www.salve.si\/#website\",\"url\":\"https:\/\/www.salve.si\/\",\"name\":\"Salve\",\"description\":\"Salezijanska zalo\u017eba\",\"publisher\":{\"@id\":\"https:\/\/www.salve.si\/#organization\"},\"potentialAction\":[{\"@type\":\"SearchAction\",\"target\":{\"@type\":\"EntryPoint\",\"urlTemplate\":\"https:\/\/www.salve.si\/?s={search_term_string}\"},\"query-input\":{\"@type\":\"PropertyValueSpecification\",\"valueRequired\":true,\"valueName\":\"search_term_string\"}}],\"inLanguage\":\"en-US\"},{\"@type\":\"Organization\",\"@id\":\"https:\/\/www.salve.si\/#organization\",\"name\":\"Salve d.o.o.\",\"url\":\"https:\/\/www.salve.si\/\",\"logo\":{\"@type\":\"ImageObject\",\"inLanguage\":\"en-US\",\"@id\":\"https:\/\/www.salve.si\/#\/schema\/logo\/image\/\",\"url\":\"https:\/\/www.salve.si\/wp-content\/uploads\/2021\/01\/Salve_logo_modri_nov_web.png\",\"contentUrl\":\"https:\/\/www.salve.si\/wp-content\/uploads\/2021\/01\/Salve_logo_modri_nov_web.png\",\"width\":279,\"height\":90,\"caption\":\"Salve d.o.o.\"},\"image\":{\"@id\":\"https:\/\/www.salve.si\/#\/schema\/logo\/image\/\"},\"sameAs\":[\"https:\/\/www.facebook.com\/salve.si\",\"https:\/\/www.instagram.com\/zalozbasalve\/\",\"https:\/\/www.linkedin.com\/company\/zalozba-salve\/\"]},{\"@type\":\"Person\",\"@id\":\"https:\/\/www.salve.si\/#\/schema\/person\/61121950f92f07895dc7ea08dc78ba82\",\"name\":\"Andrej Baliga\u010d\",\"sameAs\":[\"https:\/\/www.salve.si\"]}]}<\/script>\n<!-- \/ Yoast SEO plugin. -->","yoast_head_json":{"title":"2. nedelja med letom - Salve","robots":{"index":"noindex","follow":"follow"},"og_locale":"en_US","og_type":"article","og_title":"2. nedelja med letom - Salve","og_description":"Videl sem in pri\u010dujem, da je ta Bo\u017eji Sin \u010ce bi kdo zahteval od vas, da v nekaj kratkih stavkih opredelite svoje \u017eivljenje, kaj bi mu odgovorili? Marsikdo bi v veliki zadregi mencal: \u00bbBolje, da ne govorim! V\u010dasih je prava katastrofa!\u00ab Re\u010deno bolj preprosto: \u00bbNa\u0161e \u017eivljenje je podobno dolgemu procesu, v katerem igramo razli\u010dne vloge...","og_url":"https:\/\/www.salve.si\/en\/cas-med-letom\/2-nedelja-med-letom-3\/","og_site_name":"Salve","article_publisher":"https:\/\/www.facebook.com\/salve.si","article_published_time":"2023-01-12T14:10:00+00:00","article_modified_time":"2022-11-23T14:11:51+00:00","og_image":[{"width":1200,"height":630,"url":"https:\/\/www.salve.si\/wp-content\/uploads\/2026\/01\/salve-og1.jpg","type":"image\/jpeg"}],"author":"Andrej Baliga\u010d","twitter_card":"summary_large_image","twitter_misc":{"Written by":"Andrej Baliga\u010d","Est. reading time":"4 minutes"},"schema":{"@context":"https:\/\/schema.org","@graph":[{"@type":"Article","@id":"https:\/\/www.salve.si\/cas-med-letom\/2-nedelja-med-letom-3\/#article","isPartOf":{"@id":"https:\/\/www.salve.si\/cas-med-letom\/2-nedelja-med-letom-3\/"},"author":{"name":"Andrej Baliga\u010d","@id":"https:\/\/www.salve.si\/#\/schema\/person\/61121950f92f07895dc7ea08dc78ba82"},"headline":"2. nedelja med letom","datePublished":"2023-01-12T14:10:00+00:00","dateModified":"2022-11-23T14:11:51+00:00","mainEntityOfPage":{"@id":"https:\/\/www.salve.si\/cas-med-letom\/2-nedelja-med-letom-3\/"},"wordCount":825,"commentCount":0,"publisher":{"@id":"https:\/\/www.salve.si\/#organization"},"keywords":["A","\u010cas med letom"],"articleSection":["\u010cas med letom","Leto A"],"inLanguage":"en-US","potentialAction":[{"@type":"CommentAction","name":"Comment","target":["https:\/\/www.salve.si\/cas-med-letom\/2-nedelja-med-letom-3\/#respond"]}]},{"@type":"WebPage","@id":"https:\/\/www.salve.si\/cas-med-letom\/2-nedelja-med-letom-3\/","url":"https:\/\/www.salve.si\/cas-med-letom\/2-nedelja-med-letom-3\/","name":"2. nedelja med letom - Salve","isPartOf":{"@id":"https:\/\/www.salve.si\/#website"},"datePublished":"2023-01-12T14:10:00+00:00","dateModified":"2022-11-23T14:11:51+00:00","breadcrumb":{"@id":"https:\/\/www.salve.si\/cas-med-letom\/2-nedelja-med-letom-3\/#breadcrumb"},"inLanguage":"en-US","potentialAction":[{"@type":"ReadAction","target":["https:\/\/www.salve.si\/cas-med-letom\/2-nedelja-med-letom-3\/"]}]},{"@type":"BreadcrumbList","@id":"https:\/\/www.salve.si\/cas-med-letom\/2-nedelja-med-letom-3\/#breadcrumb","itemListElement":[{"@type":"ListItem","position":1,"name":"Home","item":"https:\/\/www.salve.si\/"},{"@type":"ListItem","position":2,"name":"2. nedelja med letom"}]},{"@type":"WebSite","@id":"https:\/\/www.salve.si\/#website","url":"https:\/\/www.salve.si\/","name":"Salve","description":"Salezijanska zalo\u017eba","publisher":{"@id":"https:\/\/www.salve.si\/#organization"},"potentialAction":[{"@type":"SearchAction","target":{"@type":"EntryPoint","urlTemplate":"https:\/\/www.salve.si\/?s={search_term_string}"},"query-input":{"@type":"PropertyValueSpecification","valueRequired":true,"valueName":"search_term_string"}}],"inLanguage":"en-US"},{"@type":"Organization","@id":"https:\/\/www.salve.si\/#organization","name":"Salve d.o.o.","url":"https:\/\/www.salve.si\/","logo":{"@type":"ImageObject","inLanguage":"en-US","@id":"https:\/\/www.salve.si\/#\/schema\/logo\/image\/","url":"https:\/\/www.salve.si\/wp-content\/uploads\/2021\/01\/Salve_logo_modri_nov_web.png","contentUrl":"https:\/\/www.salve.si\/wp-content\/uploads\/2021\/01\/Salve_logo_modri_nov_web.png","width":279,"height":90,"caption":"Salve d.o.o."},"image":{"@id":"https:\/\/www.salve.si\/#\/schema\/logo\/image\/"},"sameAs":["https:\/\/www.facebook.com\/salve.si","https:\/\/www.instagram.com\/zalozbasalve\/","https:\/\/www.linkedin.com\/company\/zalozba-salve\/"]},{"@type":"Person","@id":"https:\/\/www.salve.si\/#\/schema\/person\/61121950f92f07895dc7ea08dc78ba82","name":"Andrej Baliga\u010d","sameAs":["https:\/\/www.salve.si"]}]}},"_links":{"self":[{"href":"https:\/\/www.salve.si\/en\/wp-json\/wp\/v2\/posts\/16505","targetHints":{"allow":["GET"]}}],"collection":[{"href":"https:\/\/www.salve.si\/en\/wp-json\/wp\/v2\/posts"}],"about":[{"href":"https:\/\/www.salve.si\/en\/wp-json\/wp\/v2\/types\/post"}],"author":[{"embeddable":true,"href":"https:\/\/www.salve.si\/en\/wp-json\/wp\/v2\/users\/1561"}],"replies":[{"embeddable":true,"href":"https:\/\/www.salve.si\/en\/wp-json\/wp\/v2\/comments?post=16505"}],"version-history":[{"count":2,"href":"https:\/\/www.salve.si\/en\/wp-json\/wp\/v2\/posts\/16505\/revisions"}],"predecessor-version":[{"id":16507,"href":"https:\/\/www.salve.si\/en\/wp-json\/wp\/v2\/posts\/16505\/revisions\/16507"}],"wp:attachment":[{"href":"https:\/\/www.salve.si\/en\/wp-json\/wp\/v2\/media?parent=16505"}],"wp:term":[{"taxonomy":"category","embeddable":true,"href":"https:\/\/www.salve.si\/en\/wp-json\/wp\/v2\/categories?post=16505"},{"taxonomy":"post_tag","embeddable":true,"href":"https:\/\/www.salve.si\/en\/wp-json\/wp\/v2\/tags?post=16505"}],"curies":[{"name":"wp","href":"https:\/\/api.w.org\/{rel}","templated":true}]}}