{"id":16479,"date":"2022-12-01T14:14:00","date_gmt":"2022-12-01T13:14:00","guid":{"rendered":"https:\/\/www.salve.si\/?p=16479"},"modified":"2022-11-23T14:29:43","modified_gmt":"2022-11-23T13:29:43","slug":"2-adventna-nedelja-3","status":"publish","type":"post","link":"https:\/\/www.salve.si\/en\/adventni-cas\/2-adventna-nedelja-3\/","title":{"rendered":"2. adventna nedelja"},"content":{"rendered":"<p><strong>Spreobrnite se, kajti Bo\u017eje kraljestvo se je pribli\u017ealo<\/strong><\/p>\n<p>Ne vem, \u010de ste kdaj imeli ob\u010dutek, da obstajajo stvari, ki so za vedno ostale v preteklosti in se ve\u010d ne vrnejo. Preteklost je nekaj, \u010desar ni ve\u010d, a kljub temu vsak dan poslu\u0161am ljudi, ki govorijo o lepih starih \u010dasih. Tega ni ve\u010d. To je za nami, zato se je treba postaviti v dana\u0161nji \u010das, treba je \u017eiveti tukaj in sedaj. Podobno situacijo sre\u010damo z nastopom Janeza Krstnika v pu\u0161\u010davi, ob reki Jordan. On vpije in svari. Ukvarja se s preteklostjo, ki bi jo rad spremenil. Sam se \u010dutil nemo\u010dnega, zato govori o nekom drugem, ki bo pri\u0161el in naredil spremembo. In ko ta drugi pride, ko Janez krsti Jezusa, Jezus odide, Janez pa \u0161e vedno ostane prikovan na pu\u0161\u010davo in reko Jordan, \u0161e vedno vpije in je nezadovoljen. Njegov glas marsikomu, tudi Herodu, spra\u0161uje vest in ta ga ne more ve\u010d poslu\u0161ati, zato ga da vkleniti, zapre ga v je\u010do in na prigovarjanje svoje prile\u017enice zapove, da mu odsekajo glavo.<\/p>\n<p>Dana\u0161nji evangelij me izziva, ker se tudi sami pogostokrat obna\u0161amo tako kot Janez Krstnik, da se oklepamo preteklosti, ki je ni mogo\u010de spremeniti, namesto da bi se podali na pot, na katero je stopil Jezus, ko je za\u010del s svojim javnim delovanjem. Zato bom sku\u0161al pokazati razliko med Janezom Krstnikom in Jezusom.<\/p>\n<p>Janez Krstnik predstavlja \u010dloveka, ki zavra\u010da sedanjost in zato protestira. On se nahaja v Judeji, ki je sveta pokrajina in je z Jeruzalemskim templjem in vladnimi pala\u010dami znamenje mo\u010di. Janez je sicer v Judeji, vendar je v pu\u0161\u010davi, ne v prestolnici, on je brez mo\u010di in zato protestira in s prstom ka\u017ee na tiste, ki imajo oblast, pa ni\u010d ne naredijo za svoj narod.<\/p>\n<p>Jezus za\u010dne s svojim delovanjem v Galileji, ne v sredi\u0161\u010du, ampak na periferiji, dale\u010d od Jeruzalema in slava prestolnice ga ne more dose\u010di. Jezus ne protestira, ampak je sredi \u017eivljenja, ko je s prebivalci Nazareta sredi njihovega vsakdanjega dela kot pomo\u010dnik v Jo\u017eefovi mizarski delavnici, ali s prijatelji na jezeru, ko polagajo mre\u017ee in se trudijo, da bi si ulovili nekaj rib in nahranili svoje dru\u017eine.<\/p>\n<p>Janez se ne premakne s svojega mesta ob Jordanu. On protestira in mora ostati ob vodi, \u010de ho\u010de kr\u0161\u010devati. Jezus je druga\u010den: stalno je na poti, prehaja iz ene vasi v drugo, obiskuje svoje prijatelje, najdemo ga ob vodnjaku, ko se pogovarja z \u017eeno, ki ima zelo razburljivo preteklost, najdemo ga na jezeru, ko sredi no\u010di hodi po vodi in preseneti u\u010dence v \u010dolnu.<\/p>\n<p>Janez govori o Bogu, ki je kot ogenj, ki uni\u010di vse, kar je pred njimi. Ta Bog ima v roki sekiro in poseka vse, kar je suho. To je sodnik, ki komaj \u010daka, da bo kaznoval prestopnike. Jezus je druga\u010den, govori o Bogu, ki je ne\u017een in kot mama ljubkuje svoje otroke; kot skrbna koklja zbira pi\u0161\u010deta pod svoje peruti; podoben je prijatelju, ki zve\u010der potrka na vrata.<\/p>\n<p>Janez Krstnik govori o Bogu, ki zahteva, da v svojem \u017eivljenju obrodimo prave sadove, zato od nas zahteva, da delamo dobra dela. Jezus pa govori o trti, na kateri smo mi mladike, o Bogu govori kot o hi\u0161i, v katero smo povabljeni, da se v njej spo\u010dijemo.<\/p>\n<p>Janez Krstnik vabi k sebi, da bi se v znamenje na\u0161ega spreobrnjenja dali krstiti, Jezus pa vstopi v gre\u0161nikovo hi\u0161o in re\u010de: \u00bbDanes moram ostati v tvoji hi\u0161i!\u00ab<\/p>\n<p>Janez Krstnik ostane na istem mestu, ob Jordanu, ob reki, kjer se je izraelski narod na poti v obljubljeno de\u017eelo ustavil. Mojzes ni \u0161el \u010dez Jordan, on ni vstopil v obljubljeno de\u017eelo. Ljudstvo je vodil \u010dez reko v obljubljeno de\u017eelo njegov naslednik Jozue. Jozue je hebrejska izpeljanka imena Jezus.<\/p>\n<p>Danes nas je Janez Krstnik s svojim protestom in klici k spreobrnjenju povabil k Jordanu, a to je \u0161ele prvi korak v adventni pripravi na Jezusovo rojstvo. Sedaj moram nadaljevati pot, iti moram \u010dez reko Jordan, ker je obljubljena de\u017eela na drugi strani. Tam je Jezus, ki mi razlaga, da se moram lo\u010diti od preteklosti, od svojih skrbi, strahov in vsega, kar mi ne da dihati in \u017eiveti v polnosti. Vse, \u010desar se oklepam \u2013 ute\u010dene molitve, rutinska pobo\u017enost, ponos, fanati\u010dno delo, \u010distost \u2013 vse to lahko postane ideologija, ki me zaustavi ob Jordanu, da nisem sposoben iti za Jezusom.<\/p>\n<p>Ko je pri\u0161el Jezus k Jordanu, se je marsikdo vpra\u0161al: \u00bbKdo je ta? Je no res pravi odre\u0161enik? Mnogi so se progla\u0161ali za odre\u0161enike, kr\u0161\u010devali so in za seboj potegnili mnoge ter \u0161li odkrito v boj proti rimski oblasti, vendar so bili vsi pora\u017eeni. Kdo je ta?\u00ab Tudi med Janezovimi u\u010denci je bilo nekaj takih, ki so opazili razliko med Janezom in Jezusom. Odlo\u010dili so se, da gredo \u010dez na drugo stran. Zapustili so pu\u0161\u010davo in \u0161li za Jezusom. Podali so se v sredo \u017eivljenja. Niso sicer na\u0161li hi\u0161e, kjer bi Jezus bival, ampak so na\u0161li pot. To potovanje je postalo njihova hi\u0161a. Doma smo sredi \u017eivljenja, kjer se sre\u010dujemo z ljudmi, ki so nepopolni, ki so gre\u0161niki in potrebujejo na\u0161o pomo\u010d. Ta pot je pravi kraj, kjer pride do spreobrnjenja, kjer se sredi ljudi, ki nas obdajajo sre\u010damo z Bogom. Tudi mi stopimo na pot, kajti priprava na Jezusovo rojstvo poteka sredi vsakdanjega \u017eivljenja, v sre\u010devanju z ljudmi, ki potrebujejo materialno ali duhovno pomo\u010d. Na\u0161 zgled jih bo krepil in jim dajal mo\u010d, da ne bodo omagali.<\/p>\n<p><strong>\u017dupnik Branko Bala\u017eic SDB<\/strong><span class=\"slv-content-keywords\"> Adventni \u010das Leto A <\/span><\/p>","protected":false},"excerpt":{"rendered":"<p>Spreobrnite se, kajti Bo\u017eje kraljestvo se je pribli\u017ealo Ne vem, \u010de ste kdaj imeli ob\u010dutek, da obstajajo stvari, ki so za vedno ostale v preteklosti in se ve\u010d ne vrnejo. Preteklost je nekaj, \u010desar ni ve\u010d, a kljub temu vsak dan poslu\u0161am ljudi, ki govorijo o lepih starih \u010dasih. Tega ni ve\u010d. To je za<a href=\"https:\/\/www.salve.si\/en\/adventni-cas\/2-adventna-nedelja-3\/\">&#8230;<\/a><\/p>","protected":false},"author":1561,"featured_media":0,"comment_status":"open","ping_status":"open","sticky":false,"template":"","format":"standard","meta":{"_acf_changed":false,"footnotes":""},"categories":[656,1177],"tags":[1178],"class_list":["post-16479","post","type-post","status-publish","format-standard","hentry","category-adventni-cas","category-leto-a","tag-adventni-cas"],"acf":[],"yoast_head":"<!-- This site is optimized with the Yoast SEO plugin v23.8 - https:\/\/yoast.com\/wordpress\/plugins\/seo\/ -->\n<title>2. adventna nedelja - Salve<\/title>\n<meta name=\"robots\" content=\"noindex, follow\" \/>\n<meta property=\"og:locale\" content=\"en_US\" \/>\n<meta property=\"og:type\" content=\"article\" \/>\n<meta property=\"og:title\" content=\"2. adventna nedelja - Salve\" \/>\n<meta property=\"og:description\" content=\"Spreobrnite se, kajti Bo\u017eje kraljestvo se je pribli\u017ealo Ne vem, \u010de ste kdaj imeli ob\u010dutek, da obstajajo stvari, ki so za vedno ostale v preteklosti in se ve\u010d ne vrnejo. Preteklost je nekaj, \u010desar ni ve\u010d, a kljub temu vsak dan poslu\u0161am ljudi, ki govorijo o lepih starih \u010dasih. Tega ni ve\u010d. To je za...\" \/>\n<meta property=\"og:url\" content=\"https:\/\/www.salve.si\/en\/adventni-cas\/2-adventna-nedelja-3\/\" \/>\n<meta property=\"og:site_name\" content=\"Salve\" \/>\n<meta property=\"article:publisher\" content=\"https:\/\/www.facebook.com\/salve.si\" \/>\n<meta property=\"article:published_time\" content=\"2022-12-01T13:14:00+00:00\" \/>\n<meta property=\"article:modified_time\" content=\"2022-11-23T13:29:43+00:00\" \/>\n<meta property=\"og:image\" content=\"https:\/\/www.salve.si\/wp-content\/uploads\/2026\/01\/salve-og1.jpg\" \/>\n\t<meta property=\"og:image:width\" content=\"1200\" \/>\n\t<meta property=\"og:image:height\" content=\"630\" \/>\n\t<meta property=\"og:image:type\" content=\"image\/jpeg\" \/>\n<meta name=\"author\" content=\"Andrej Baliga\u010d\" \/>\n<meta name=\"twitter:card\" content=\"summary_large_image\" \/>\n<meta name=\"twitter:label1\" content=\"Written by\" \/>\n\t<meta name=\"twitter:data1\" content=\"Andrej Baliga\u010d\" \/>\n\t<meta name=\"twitter:label2\" content=\"Est. reading time\" \/>\n\t<meta name=\"twitter:data2\" content=\"4 minutes\" \/>\n<script type=\"application\/ld+json\" class=\"yoast-schema-graph\">{\"@context\":\"https:\/\/schema.org\",\"@graph\":[{\"@type\":\"Article\",\"@id\":\"https:\/\/www.salve.si\/adventni-cas\/2-adventna-nedelja-3\/#article\",\"isPartOf\":{\"@id\":\"https:\/\/www.salve.si\/adventni-cas\/2-adventna-nedelja-3\/\"},\"author\":{\"name\":\"Andrej Baliga\u010d\",\"@id\":\"https:\/\/www.salve.si\/#\/schema\/person\/61121950f92f07895dc7ea08dc78ba82\"},\"headline\":\"2. adventna nedelja\",\"datePublished\":\"2022-12-01T13:14:00+00:00\",\"dateModified\":\"2022-11-23T13:29:43+00:00\",\"mainEntityOfPage\":{\"@id\":\"https:\/\/www.salve.si\/adventni-cas\/2-adventna-nedelja-3\/\"},\"wordCount\":971,\"commentCount\":0,\"publisher\":{\"@id\":\"https:\/\/www.salve.si\/#organization\"},\"keywords\":[\"adventni \u010das\"],\"articleSection\":[\"Adventni \u010das\",\"Leto A\"],\"inLanguage\":\"en-US\",\"potentialAction\":[{\"@type\":\"CommentAction\",\"name\":\"Comment\",\"target\":[\"https:\/\/www.salve.si\/adventni-cas\/2-adventna-nedelja-3\/#respond\"]}]},{\"@type\":\"WebPage\",\"@id\":\"https:\/\/www.salve.si\/adventni-cas\/2-adventna-nedelja-3\/\",\"url\":\"https:\/\/www.salve.si\/adventni-cas\/2-adventna-nedelja-3\/\",\"name\":\"2. adventna nedelja - Salve\",\"isPartOf\":{\"@id\":\"https:\/\/www.salve.si\/#website\"},\"datePublished\":\"2022-12-01T13:14:00+00:00\",\"dateModified\":\"2022-11-23T13:29:43+00:00\",\"breadcrumb\":{\"@id\":\"https:\/\/www.salve.si\/adventni-cas\/2-adventna-nedelja-3\/#breadcrumb\"},\"inLanguage\":\"en-US\",\"potentialAction\":[{\"@type\":\"ReadAction\",\"target\":[\"https:\/\/www.salve.si\/adventni-cas\/2-adventna-nedelja-3\/\"]}]},{\"@type\":\"BreadcrumbList\",\"@id\":\"https:\/\/www.salve.si\/adventni-cas\/2-adventna-nedelja-3\/#breadcrumb\",\"itemListElement\":[{\"@type\":\"ListItem\",\"position\":1,\"name\":\"Home\",\"item\":\"https:\/\/www.salve.si\/\"},{\"@type\":\"ListItem\",\"position\":2,\"name\":\"2. adventna nedelja\"}]},{\"@type\":\"WebSite\",\"@id\":\"https:\/\/www.salve.si\/#website\",\"url\":\"https:\/\/www.salve.si\/\",\"name\":\"Salve\",\"description\":\"Salezijanska zalo\u017eba\",\"publisher\":{\"@id\":\"https:\/\/www.salve.si\/#organization\"},\"potentialAction\":[{\"@type\":\"SearchAction\",\"target\":{\"@type\":\"EntryPoint\",\"urlTemplate\":\"https:\/\/www.salve.si\/?s={search_term_string}\"},\"query-input\":{\"@type\":\"PropertyValueSpecification\",\"valueRequired\":true,\"valueName\":\"search_term_string\"}}],\"inLanguage\":\"en-US\"},{\"@type\":\"Organization\",\"@id\":\"https:\/\/www.salve.si\/#organization\",\"name\":\"Salve d.o.o.\",\"url\":\"https:\/\/www.salve.si\/\",\"logo\":{\"@type\":\"ImageObject\",\"inLanguage\":\"en-US\",\"@id\":\"https:\/\/www.salve.si\/#\/schema\/logo\/image\/\",\"url\":\"https:\/\/www.salve.si\/wp-content\/uploads\/2021\/01\/Salve_logo_modri_nov_web.png\",\"contentUrl\":\"https:\/\/www.salve.si\/wp-content\/uploads\/2021\/01\/Salve_logo_modri_nov_web.png\",\"width\":279,\"height\":90,\"caption\":\"Salve d.o.o.\"},\"image\":{\"@id\":\"https:\/\/www.salve.si\/#\/schema\/logo\/image\/\"},\"sameAs\":[\"https:\/\/www.facebook.com\/salve.si\",\"https:\/\/www.instagram.com\/zalozbasalve\/\",\"https:\/\/www.linkedin.com\/company\/zalozba-salve\/\"]},{\"@type\":\"Person\",\"@id\":\"https:\/\/www.salve.si\/#\/schema\/person\/61121950f92f07895dc7ea08dc78ba82\",\"name\":\"Andrej Baliga\u010d\",\"sameAs\":[\"https:\/\/www.salve.si\"]}]}<\/script>\n<!-- \/ Yoast SEO plugin. -->","yoast_head_json":{"title":"2. adventna nedelja - Salve","robots":{"index":"noindex","follow":"follow"},"og_locale":"en_US","og_type":"article","og_title":"2. adventna nedelja - Salve","og_description":"Spreobrnite se, kajti Bo\u017eje kraljestvo se je pribli\u017ealo Ne vem, \u010de ste kdaj imeli ob\u010dutek, da obstajajo stvari, ki so za vedno ostale v preteklosti in se ve\u010d ne vrnejo. Preteklost je nekaj, \u010desar ni ve\u010d, a kljub temu vsak dan poslu\u0161am ljudi, ki govorijo o lepih starih \u010dasih. Tega ni ve\u010d. To je za...","og_url":"https:\/\/www.salve.si\/en\/adventni-cas\/2-adventna-nedelja-3\/","og_site_name":"Salve","article_publisher":"https:\/\/www.facebook.com\/salve.si","article_published_time":"2022-12-01T13:14:00+00:00","article_modified_time":"2022-11-23T13:29:43+00:00","og_image":[{"width":1200,"height":630,"url":"https:\/\/www.salve.si\/wp-content\/uploads\/2026\/01\/salve-og1.jpg","type":"image\/jpeg"}],"author":"Andrej Baliga\u010d","twitter_card":"summary_large_image","twitter_misc":{"Written by":"Andrej Baliga\u010d","Est. reading time":"4 minutes"},"schema":{"@context":"https:\/\/schema.org","@graph":[{"@type":"Article","@id":"https:\/\/www.salve.si\/adventni-cas\/2-adventna-nedelja-3\/#article","isPartOf":{"@id":"https:\/\/www.salve.si\/adventni-cas\/2-adventna-nedelja-3\/"},"author":{"name":"Andrej Baliga\u010d","@id":"https:\/\/www.salve.si\/#\/schema\/person\/61121950f92f07895dc7ea08dc78ba82"},"headline":"2. adventna nedelja","datePublished":"2022-12-01T13:14:00+00:00","dateModified":"2022-11-23T13:29:43+00:00","mainEntityOfPage":{"@id":"https:\/\/www.salve.si\/adventni-cas\/2-adventna-nedelja-3\/"},"wordCount":971,"commentCount":0,"publisher":{"@id":"https:\/\/www.salve.si\/#organization"},"keywords":["adventni \u010das"],"articleSection":["Adventni \u010das","Leto A"],"inLanguage":"en-US","potentialAction":[{"@type":"CommentAction","name":"Comment","target":["https:\/\/www.salve.si\/adventni-cas\/2-adventna-nedelja-3\/#respond"]}]},{"@type":"WebPage","@id":"https:\/\/www.salve.si\/adventni-cas\/2-adventna-nedelja-3\/","url":"https:\/\/www.salve.si\/adventni-cas\/2-adventna-nedelja-3\/","name":"2. adventna nedelja - Salve","isPartOf":{"@id":"https:\/\/www.salve.si\/#website"},"datePublished":"2022-12-01T13:14:00+00:00","dateModified":"2022-11-23T13:29:43+00:00","breadcrumb":{"@id":"https:\/\/www.salve.si\/adventni-cas\/2-adventna-nedelja-3\/#breadcrumb"},"inLanguage":"en-US","potentialAction":[{"@type":"ReadAction","target":["https:\/\/www.salve.si\/adventni-cas\/2-adventna-nedelja-3\/"]}]},{"@type":"BreadcrumbList","@id":"https:\/\/www.salve.si\/adventni-cas\/2-adventna-nedelja-3\/#breadcrumb","itemListElement":[{"@type":"ListItem","position":1,"name":"Home","item":"https:\/\/www.salve.si\/"},{"@type":"ListItem","position":2,"name":"2. adventna nedelja"}]},{"@type":"WebSite","@id":"https:\/\/www.salve.si\/#website","url":"https:\/\/www.salve.si\/","name":"Salve","description":"Salezijanska zalo\u017eba","publisher":{"@id":"https:\/\/www.salve.si\/#organization"},"potentialAction":[{"@type":"SearchAction","target":{"@type":"EntryPoint","urlTemplate":"https:\/\/www.salve.si\/?s={search_term_string}"},"query-input":{"@type":"PropertyValueSpecification","valueRequired":true,"valueName":"search_term_string"}}],"inLanguage":"en-US"},{"@type":"Organization","@id":"https:\/\/www.salve.si\/#organization","name":"Salve d.o.o.","url":"https:\/\/www.salve.si\/","logo":{"@type":"ImageObject","inLanguage":"en-US","@id":"https:\/\/www.salve.si\/#\/schema\/logo\/image\/","url":"https:\/\/www.salve.si\/wp-content\/uploads\/2021\/01\/Salve_logo_modri_nov_web.png","contentUrl":"https:\/\/www.salve.si\/wp-content\/uploads\/2021\/01\/Salve_logo_modri_nov_web.png","width":279,"height":90,"caption":"Salve d.o.o."},"image":{"@id":"https:\/\/www.salve.si\/#\/schema\/logo\/image\/"},"sameAs":["https:\/\/www.facebook.com\/salve.si","https:\/\/www.instagram.com\/zalozbasalve\/","https:\/\/www.linkedin.com\/company\/zalozba-salve\/"]},{"@type":"Person","@id":"https:\/\/www.salve.si\/#\/schema\/person\/61121950f92f07895dc7ea08dc78ba82","name":"Andrej Baliga\u010d","sameAs":["https:\/\/www.salve.si"]}]}},"_links":{"self":[{"href":"https:\/\/www.salve.si\/en\/wp-json\/wp\/v2\/posts\/16479","targetHints":{"allow":["GET"]}}],"collection":[{"href":"https:\/\/www.salve.si\/en\/wp-json\/wp\/v2\/posts"}],"about":[{"href":"https:\/\/www.salve.si\/en\/wp-json\/wp\/v2\/types\/post"}],"author":[{"embeddable":true,"href":"https:\/\/www.salve.si\/en\/wp-json\/wp\/v2\/users\/1561"}],"replies":[{"embeddable":true,"href":"https:\/\/www.salve.si\/en\/wp-json\/wp\/v2\/comments?post=16479"}],"version-history":[{"count":2,"href":"https:\/\/www.salve.si\/en\/wp-json\/wp\/v2\/posts\/16479\/revisions"}],"predecessor-version":[{"id":16482,"href":"https:\/\/www.salve.si\/en\/wp-json\/wp\/v2\/posts\/16479\/revisions\/16482"}],"wp:attachment":[{"href":"https:\/\/www.salve.si\/en\/wp-json\/wp\/v2\/media?parent=16479"}],"wp:term":[{"taxonomy":"category","embeddable":true,"href":"https:\/\/www.salve.si\/en\/wp-json\/wp\/v2\/categories?post=16479"},{"taxonomy":"post_tag","embeddable":true,"href":"https:\/\/www.salve.si\/en\/wp-json\/wp\/v2\/tags?post=16479"}],"curies":[{"name":"wp","href":"https:\/\/api.w.org\/{rel}","templated":true}]}}