{"id":14728,"date":"2021-11-20T10:09:00","date_gmt":"2021-11-20T09:09:00","guid":{"rendered":"https:\/\/www.salve.si\/?p=14728"},"modified":"2021-09-16T16:11:20","modified_gmt":"2021-09-16T14:11:20","slug":"kristus-kralj-vesoljstva-2","status":"publish","type":"post","link":"https:\/\/www.salve.si\/en\/nedeljska-meditacija\/kristus-kralj-vesoljstva-2\/","title":{"rendered":"Kristus kralj vesoljstva"},"content":{"rendered":"<p><strong>Skupaj z oblaki je prihajal nekdo kakor sin \u010dlovekov<\/strong><\/p><p>Prvo berilo zadnje nedelje cerkvenega leta je povezano z Danijelovimi no\u010dnimi videnji, ki so razporejena po \u010dasovnem vrstnem redu. Prerok najprej predstavi sporo\u010dilo, ki je povezano s \u0161tirimi zvermi, ki so se dvignila iz morja in namigujejo na zaporedje \u0161tirih imperijev. Razlagalci menijo, da gre za babilonsko, medijsko-perzijsko, makedonsko-gr\u0161ko in rimsko kraljestvo. Nasprotje videnja \u0161tirih zveri je videnje Boga, predstavljenega v podobi Starca, ki daje oblast, \u010dast in kraljestvo sinu \u010dlovekovemu. Ta je pri\u0161el na oblakih. Bog ga je postavil za vladarja nad vsem stvarstvom in mu podelil oblast, ki presega meje \u010dasa. Njegovo kraljestvo ne preide, je neuni\u010dljivo. To simboli\u010dno predstavljajo oblaki, ki so podoba Bo\u017eje navzo\u010dnosti, \u0161e ve\u010d, zaradi svojega svobodnega gibanja po nebu so prispodoba Bo\u017eje vsenavzo\u010dnosti. Judovsko izro\u010dilo je tega sina \u010dlovekovega ena\u010dilo z Davidovim mesijem, nova zaveza pa isti naziv pripisuje Kristusu. Jezus je namre\u010d samega sebe najraje imenoval Sin \u010dlovekov in njegov odgovor pri Kajfovem zasli\u0161anju postane tudi klasi\u010dna predstavitev njegovega razodetja v slavi. To Danijelovo poro\u010dilo je zelo pomembno za kr\u0161\u010danstvo in zato ga apostol Janez povzema v svojem Razodetju. \u00bbGlej, prihaja z oblaki in videlo ga bo vsako oko, tudi tisti, ki so ga prebodli, in zaradi njega se bodo bili na prsi vsi narodi na zemlji!\u00ab smo danes brali v drugem berilu. Tako prerok Danijel, kakor tudi apostol Janez, oba zatrjujeta, da je ta Bo\u017eji Sin kralj in isto pove o sebi tudi Jezus.<\/p><p>Pilat je Jezusa vpra\u0161al: \u00bbSi ti judovski kralj?\u00ab Jezus mu je odgovoril: \u00bbPravi\u0161 to sam od sebe ali so ti drugi povedali o meni?\u00ab Mno\u017eice so namre\u010d ve\u010dkrat hotele Jezusa oklicati za kralja, a on tega ni hotel in se je vedno umaknil na samoten kraj. Pred Pilatom kaj takega ni mogel narediti, kajti sedaj je nastopila njegova ura. Zato je pred rimskim upraviteljem jasno priznal, da je kralj. Apostol Janez je zapisal lep pogovor, ki se je razvil med Pilatom in Jezusom. \u00bbTorej si vendarle kralj?\u00ab je Pilat vpra\u0161al. Jezus mu je odvrnil: \u00bbTi pravi\u0161, da sem kralj.\u00ab Jezus po eni strani ne zanika, da je kralj, po drugi strani pa njegov odgovor zavra\u010da mnenje, da bi on, tako kot vsi zemeljski kralji, imel kak\u0161ne ozemeljske in politi\u010dne interese. Zato je malo prej Pilatu poudaril: \u00bbMoje kraljestvo ni od tod. Ko bi bilo moje kraljestvo od tega sveta, bi se moji slu\u017eabniki bojevali, da ne bi bil izro\u010den Judom.\u00ab Vendar pa je Jezus pri\u0161el k nam kot \u010dlovek zato, da z resnico premaguje la\u017e, s svetostjo in milostjo greh, s pravi\u010dnostjo krivico, z ljubeznijo sovra\u0161tvo, s svojim mirom prepir in vojno.<\/p><p><strong>Branko Bala\u017eic SDB<\/strong><\/p><span class=\"slv-content-keywords\"> Leto B Nedeljska meditacija <\/span>","protected":false},"excerpt":{"rendered":"<p>Skupaj z oblaki je prihajal nekdo kakor sin \u010dlovekov Prvo berilo zadnje nedelje cerkvenega leta je povezano z Danijelovimi no\u010dnimi videnji, ki so razporejena po \u010dasovnem vrstnem redu. Prerok najprej predstavi sporo\u010dilo, ki je povezano s \u0161tirimi zvermi, ki so se dvignila iz morja in namigujejo na zaporedje \u0161tirih imperijev. Razlagalci menijo, da gre za<a href=\"https:\/\/www.salve.si\/en\/nedeljska-meditacija\/kristus-kralj-vesoljstva-2\/\">&#8230;<\/a><\/p>","protected":false},"author":1561,"featured_media":0,"comment_status":"closed","ping_status":"open","sticky":false,"template":"","format":"standard","meta":{"_acf_changed":false,"footnotes":""},"categories":[1035,925],"tags":[927],"class_list":["post-14728","post","type-post","status-publish","format-standard","hentry","category-leto-b","category-nedeljska-meditacija","tag-nedeljska-meditacija"],"acf":[],"yoast_head":"<!-- This site is optimized with the Yoast SEO plugin v23.8 - https:\/\/yoast.com\/wordpress\/plugins\/seo\/ -->\n<title>Kristus kralj vesoljstva - Salve<\/title>\n<meta name=\"robots\" content=\"noindex, follow\" \/>\n<meta property=\"og:locale\" content=\"en_US\" \/>\n<meta property=\"og:type\" content=\"article\" \/>\n<meta property=\"og:title\" content=\"Kristus kralj vesoljstva - Salve\" \/>\n<meta property=\"og:description\" content=\"Skupaj z oblaki je prihajal nekdo kakor sin \u010dlovekov Prvo berilo zadnje nedelje cerkvenega leta je povezano z Danijelovimi no\u010dnimi videnji, ki so razporejena po \u010dasovnem vrstnem redu. Prerok najprej predstavi sporo\u010dilo, ki je povezano s \u0161tirimi zvermi, ki so se dvignila iz morja in namigujejo na zaporedje \u0161tirih imperijev. Razlagalci menijo, da gre za...\" \/>\n<meta property=\"og:url\" content=\"https:\/\/www.salve.si\/en\/nedeljska-meditacija\/kristus-kralj-vesoljstva-2\/\" \/>\n<meta property=\"og:site_name\" content=\"Salve\" \/>\n<meta property=\"article:publisher\" content=\"https:\/\/www.facebook.com\/salve.si\" \/>\n<meta property=\"article:published_time\" content=\"2021-11-20T09:09:00+00:00\" \/>\n<meta property=\"article:modified_time\" content=\"2021-09-16T14:11:20+00:00\" \/>\n<meta property=\"og:image\" content=\"https:\/\/www.salve.si\/wp-content\/uploads\/2026\/01\/salve-og1.jpg\" \/>\n\t<meta property=\"og:image:width\" content=\"1200\" \/>\n\t<meta property=\"og:image:height\" content=\"630\" \/>\n\t<meta property=\"og:image:type\" content=\"image\/jpeg\" \/>\n<meta name=\"author\" content=\"Andrej Baliga\u010d\" \/>\n<meta name=\"twitter:card\" content=\"summary_large_image\" \/>\n<meta name=\"twitter:label1\" content=\"Written by\" \/>\n\t<meta name=\"twitter:data1\" content=\"Andrej Baliga\u010d\" \/>\n\t<meta name=\"twitter:label2\" content=\"Est. reading time\" \/>\n\t<meta name=\"twitter:data2\" content=\"2 minutes\" \/>\n<script type=\"application\/ld+json\" class=\"yoast-schema-graph\">{\"@context\":\"https:\/\/schema.org\",\"@graph\":[{\"@type\":\"Article\",\"@id\":\"https:\/\/www.salve.si\/nedeljska-meditacija\/kristus-kralj-vesoljstva-2\/#article\",\"isPartOf\":{\"@id\":\"https:\/\/www.salve.si\/nedeljska-meditacija\/kristus-kralj-vesoljstva-2\/\"},\"author\":{\"name\":\"Andrej Baliga\u010d\",\"@id\":\"https:\/\/www.salve.si\/#\/schema\/person\/61121950f92f07895dc7ea08dc78ba82\"},\"headline\":\"Kristus kralj vesoljstva\",\"datePublished\":\"2021-11-20T09:09:00+00:00\",\"dateModified\":\"2021-09-16T14:11:20+00:00\",\"mainEntityOfPage\":{\"@id\":\"https:\/\/www.salve.si\/nedeljska-meditacija\/kristus-kralj-vesoljstva-2\/\"},\"wordCount\":474,\"publisher\":{\"@id\":\"https:\/\/www.salve.si\/#organization\"},\"keywords\":[\"nedeljska meditacija\"],\"articleSection\":[\"Leto B\",\"Nedeljska meditacija\"],\"inLanguage\":\"en-US\"},{\"@type\":\"WebPage\",\"@id\":\"https:\/\/www.salve.si\/nedeljska-meditacija\/kristus-kralj-vesoljstva-2\/\",\"url\":\"https:\/\/www.salve.si\/nedeljska-meditacija\/kristus-kralj-vesoljstva-2\/\",\"name\":\"Kristus kralj vesoljstva - Salve\",\"isPartOf\":{\"@id\":\"https:\/\/www.salve.si\/#website\"},\"datePublished\":\"2021-11-20T09:09:00+00:00\",\"dateModified\":\"2021-09-16T14:11:20+00:00\",\"breadcrumb\":{\"@id\":\"https:\/\/www.salve.si\/nedeljska-meditacija\/kristus-kralj-vesoljstva-2\/#breadcrumb\"},\"inLanguage\":\"en-US\",\"potentialAction\":[{\"@type\":\"ReadAction\",\"target\":[\"https:\/\/www.salve.si\/nedeljska-meditacija\/kristus-kralj-vesoljstva-2\/\"]}]},{\"@type\":\"BreadcrumbList\",\"@id\":\"https:\/\/www.salve.si\/nedeljska-meditacija\/kristus-kralj-vesoljstva-2\/#breadcrumb\",\"itemListElement\":[{\"@type\":\"ListItem\",\"position\":1,\"name\":\"Home\",\"item\":\"https:\/\/www.salve.si\/\"},{\"@type\":\"ListItem\",\"position\":2,\"name\":\"Kristus kralj vesoljstva\"}]},{\"@type\":\"WebSite\",\"@id\":\"https:\/\/www.salve.si\/#website\",\"url\":\"https:\/\/www.salve.si\/\",\"name\":\"Salve\",\"description\":\"Salezijanska zalo\u017eba\",\"publisher\":{\"@id\":\"https:\/\/www.salve.si\/#organization\"},\"potentialAction\":[{\"@type\":\"SearchAction\",\"target\":{\"@type\":\"EntryPoint\",\"urlTemplate\":\"https:\/\/www.salve.si\/?s={search_term_string}\"},\"query-input\":{\"@type\":\"PropertyValueSpecification\",\"valueRequired\":true,\"valueName\":\"search_term_string\"}}],\"inLanguage\":\"en-US\"},{\"@type\":\"Organization\",\"@id\":\"https:\/\/www.salve.si\/#organization\",\"name\":\"Salve d.o.o.\",\"url\":\"https:\/\/www.salve.si\/\",\"logo\":{\"@type\":\"ImageObject\",\"inLanguage\":\"en-US\",\"@id\":\"https:\/\/www.salve.si\/#\/schema\/logo\/image\/\",\"url\":\"https:\/\/www.salve.si\/wp-content\/uploads\/2021\/01\/Salve_logo_modri_nov_web.png\",\"contentUrl\":\"https:\/\/www.salve.si\/wp-content\/uploads\/2021\/01\/Salve_logo_modri_nov_web.png\",\"width\":279,\"height\":90,\"caption\":\"Salve d.o.o.\"},\"image\":{\"@id\":\"https:\/\/www.salve.si\/#\/schema\/logo\/image\/\"},\"sameAs\":[\"https:\/\/www.facebook.com\/salve.si\",\"https:\/\/www.instagram.com\/zalozbasalve\/\",\"https:\/\/www.linkedin.com\/company\/zalozba-salve\/\"]},{\"@type\":\"Person\",\"@id\":\"https:\/\/www.salve.si\/#\/schema\/person\/61121950f92f07895dc7ea08dc78ba82\",\"name\":\"Andrej Baliga\u010d\",\"sameAs\":[\"https:\/\/www.salve.si\"]}]}<\/script>\n<!-- \/ Yoast SEO plugin. -->","yoast_head_json":{"title":"Kristus kralj vesoljstva - Salve","robots":{"index":"noindex","follow":"follow"},"og_locale":"en_US","og_type":"article","og_title":"Kristus kralj vesoljstva - Salve","og_description":"Skupaj z oblaki je prihajal nekdo kakor sin \u010dlovekov Prvo berilo zadnje nedelje cerkvenega leta je povezano z Danijelovimi no\u010dnimi videnji, ki so razporejena po \u010dasovnem vrstnem redu. Prerok najprej predstavi sporo\u010dilo, ki je povezano s \u0161tirimi zvermi, ki so se dvignila iz morja in namigujejo na zaporedje \u0161tirih imperijev. Razlagalci menijo, da gre za...","og_url":"https:\/\/www.salve.si\/en\/nedeljska-meditacija\/kristus-kralj-vesoljstva-2\/","og_site_name":"Salve","article_publisher":"https:\/\/www.facebook.com\/salve.si","article_published_time":"2021-11-20T09:09:00+00:00","article_modified_time":"2021-09-16T14:11:20+00:00","og_image":[{"width":1200,"height":630,"url":"https:\/\/www.salve.si\/wp-content\/uploads\/2026\/01\/salve-og1.jpg","type":"image\/jpeg"}],"author":"Andrej Baliga\u010d","twitter_card":"summary_large_image","twitter_misc":{"Written by":"Andrej Baliga\u010d","Est. reading time":"2 minutes"},"schema":{"@context":"https:\/\/schema.org","@graph":[{"@type":"Article","@id":"https:\/\/www.salve.si\/nedeljska-meditacija\/kristus-kralj-vesoljstva-2\/#article","isPartOf":{"@id":"https:\/\/www.salve.si\/nedeljska-meditacija\/kristus-kralj-vesoljstva-2\/"},"author":{"name":"Andrej Baliga\u010d","@id":"https:\/\/www.salve.si\/#\/schema\/person\/61121950f92f07895dc7ea08dc78ba82"},"headline":"Kristus kralj vesoljstva","datePublished":"2021-11-20T09:09:00+00:00","dateModified":"2021-09-16T14:11:20+00:00","mainEntityOfPage":{"@id":"https:\/\/www.salve.si\/nedeljska-meditacija\/kristus-kralj-vesoljstva-2\/"},"wordCount":474,"publisher":{"@id":"https:\/\/www.salve.si\/#organization"},"keywords":["nedeljska meditacija"],"articleSection":["Leto B","Nedeljska meditacija"],"inLanguage":"en-US"},{"@type":"WebPage","@id":"https:\/\/www.salve.si\/nedeljska-meditacija\/kristus-kralj-vesoljstva-2\/","url":"https:\/\/www.salve.si\/nedeljska-meditacija\/kristus-kralj-vesoljstva-2\/","name":"Kristus kralj vesoljstva - Salve","isPartOf":{"@id":"https:\/\/www.salve.si\/#website"},"datePublished":"2021-11-20T09:09:00+00:00","dateModified":"2021-09-16T14:11:20+00:00","breadcrumb":{"@id":"https:\/\/www.salve.si\/nedeljska-meditacija\/kristus-kralj-vesoljstva-2\/#breadcrumb"},"inLanguage":"en-US","potentialAction":[{"@type":"ReadAction","target":["https:\/\/www.salve.si\/nedeljska-meditacija\/kristus-kralj-vesoljstva-2\/"]}]},{"@type":"BreadcrumbList","@id":"https:\/\/www.salve.si\/nedeljska-meditacija\/kristus-kralj-vesoljstva-2\/#breadcrumb","itemListElement":[{"@type":"ListItem","position":1,"name":"Home","item":"https:\/\/www.salve.si\/"},{"@type":"ListItem","position":2,"name":"Kristus kralj vesoljstva"}]},{"@type":"WebSite","@id":"https:\/\/www.salve.si\/#website","url":"https:\/\/www.salve.si\/","name":"Salve","description":"Salezijanska zalo\u017eba","publisher":{"@id":"https:\/\/www.salve.si\/#organization"},"potentialAction":[{"@type":"SearchAction","target":{"@type":"EntryPoint","urlTemplate":"https:\/\/www.salve.si\/?s={search_term_string}"},"query-input":{"@type":"PropertyValueSpecification","valueRequired":true,"valueName":"search_term_string"}}],"inLanguage":"en-US"},{"@type":"Organization","@id":"https:\/\/www.salve.si\/#organization","name":"Salve d.o.o.","url":"https:\/\/www.salve.si\/","logo":{"@type":"ImageObject","inLanguage":"en-US","@id":"https:\/\/www.salve.si\/#\/schema\/logo\/image\/","url":"https:\/\/www.salve.si\/wp-content\/uploads\/2021\/01\/Salve_logo_modri_nov_web.png","contentUrl":"https:\/\/www.salve.si\/wp-content\/uploads\/2021\/01\/Salve_logo_modri_nov_web.png","width":279,"height":90,"caption":"Salve d.o.o."},"image":{"@id":"https:\/\/www.salve.si\/#\/schema\/logo\/image\/"},"sameAs":["https:\/\/www.facebook.com\/salve.si","https:\/\/www.instagram.com\/zalozbasalve\/","https:\/\/www.linkedin.com\/company\/zalozba-salve\/"]},{"@type":"Person","@id":"https:\/\/www.salve.si\/#\/schema\/person\/61121950f92f07895dc7ea08dc78ba82","name":"Andrej Baliga\u010d","sameAs":["https:\/\/www.salve.si"]}]}},"_links":{"self":[{"href":"https:\/\/www.salve.si\/en\/wp-json\/wp\/v2\/posts\/14728","targetHints":{"allow":["GET"]}}],"collection":[{"href":"https:\/\/www.salve.si\/en\/wp-json\/wp\/v2\/posts"}],"about":[{"href":"https:\/\/www.salve.si\/en\/wp-json\/wp\/v2\/types\/post"}],"author":[{"embeddable":true,"href":"https:\/\/www.salve.si\/en\/wp-json\/wp\/v2\/users\/1561"}],"replies":[{"embeddable":true,"href":"https:\/\/www.salve.si\/en\/wp-json\/wp\/v2\/comments?post=14728"}],"version-history":[{"count":2,"href":"https:\/\/www.salve.si\/en\/wp-json\/wp\/v2\/posts\/14728\/revisions"}],"predecessor-version":[{"id":14730,"href":"https:\/\/www.salve.si\/en\/wp-json\/wp\/v2\/posts\/14728\/revisions\/14730"}],"wp:attachment":[{"href":"https:\/\/www.salve.si\/en\/wp-json\/wp\/v2\/media?parent=14728"}],"wp:term":[{"taxonomy":"category","embeddable":true,"href":"https:\/\/www.salve.si\/en\/wp-json\/wp\/v2\/categories?post=14728"},{"taxonomy":"post_tag","embeddable":true,"href":"https:\/\/www.salve.si\/en\/wp-json\/wp\/v2\/tags?post=14728"}],"curies":[{"name":"wp","href":"https:\/\/api.w.org\/{rel}","templated":true}]}}