{"id":14725,"date":"2021-11-13T09:08:00","date_gmt":"2021-11-13T08:08:00","guid":{"rendered":"https:\/\/www.salve.si\/?p=14725"},"modified":"2021-09-16T16:12:50","modified_gmt":"2021-09-16T14:12:50","slug":"33-nedelja-med-letom-2","status":"publish","type":"post","link":"https:\/\/www.salve.si\/en\/nedeljska-meditacija\/33-nedelja-med-letom-2\/","title":{"rendered":"33. nedelja med letom"},"content":{"rendered":"<p><strong>Nekateri se bodo prebudili za ve\u010dno \u017eivljenje, drugi pa za ve\u010dno pogubo<\/strong><\/p><p>\u00bbTisti \u010das nastopi Mihael, veliki knez. To bo \u010das stiske, kakr\u0161ne \u0161e ni bilo, odkar so narodi, do tega \u010dasa.\u00ab Tako prerok Daniel napoveduje konec \u010dasa in poslednjo sodbo. Govori o velikem knezu Mihaelu, ki ima poseben polo\u017eaj med nebe\u0161kimi poslanci, neke vrste za\u0161\u010ditni\u0161ko funkcijo za Bo\u017eje ljudstvo. Knjiga Razodetja gre \u0161e dlje in ga predstavi kot zmagovalca nad Satanom. To sicer zmore samo Jezus, ki je Bog, vendar, \u010de poznamo pomen imena Mihael \u2013 \u00bbtisti, ki je kakor Bog\u00ab &#8211; nam je jasno, da za imenom Mihael ne more biti kdo drug kot samo Bog. To je za vse nas velika tola\u017eba in zato se ne smemo bati obdobja stiske in preganjanja kristjanov. Bog se bo zavzel za svoje ljudstvo. Jezus se bo ob ponovnem prihodu pojavil v vsej svoji mo\u010di in veli\u010dastvu in bo re\u0161il vse, ki bodo zapisani v Jagnjetovi \u00bbknjigi \u017eivljenja\u00ab.<\/p><p>Spomnim se \u010dasa, ko sem nabavljal razli\u010dne enciklopedije, da sem imel pri roki \u010dim ve\u010d znanja tega sveta. Tak\u0161na knjiga je tudi Sveto pismo, zbirka razodete Bo\u017eje besede in vseh pomembnih naukov za varno hojo po poti naproti ve\u010dnosti. Danes so nam vse enciklopedije, Sveto pismo, nauki razli\u010dnih u\u010diteljev, dosegljivi v digitalni obliki. Kaj pa je s knjigo \u017eivljenja, v kateri so zbrana na\u0161a hrepenenja, upanja, dejanja vere in ljubezni, pa \u017eal tudi stranpoti in napa\u010dne odlo\u010ditve, grehi in hudobija? K sre\u010di imamo velikega korektorja Jezusa, ki popravlja napake, bri\u0161e grehe in nas usmerja na pot sprave in ve\u010dje ljubezni. Upanja polne so Jezusove besede: \u00bbVeselite se, da so va\u0161a imena zapisana v nebesih.\u00ab<\/p><p>Ve\u010dnost! Kdo \u0161e o tem razmi\u0161lja? Pokojni pisatelj Alojz Rebula je zapisal: \u00bbBesedo \u00bbve\u010dnost\u00ab bo\u0161 izjemno te\u017eko sli\u0161al v normalnem razgovoru. Ta beseda izumira skupaj z vsem, kar meri na nadnaravo. In vendar ni ni\u010d bolj doma\u010dega kot ve\u010dnost. Lahko re\u010demo, da z eno nogo hodimo v ve\u010dnost. Vanjo lahko omahnemo kadarkoli in kjerkoli, od kapi ali ob nesre\u010di, \u010de nas ve\u010dnost ne \u010daka po dalj\u0161em hiranju. Ve\u010dnost je dejansko na\u0161a senca. Ta beseda ima pomen za \u010dloveka, ki verjame ali vsaj sluti, da je po fizi\u010dni smrti \u0161e kaj. Ve\u010dnost je realnej\u0161a kot to na\u0161e planetarno stanje v materiji in \u010dasu.\u00ab<\/p><p>V \u017eivljenju so \u0161tevilne zadeve logi\u010dne, le ljudje smo \u010dudni in v lastno \u0161kodo no\u010demo verjeti, da je res tako. Strinjam se s Freudom ki je zapisal: \u00bb\u010clovek ni bitje, ki bi po naravi hotelo biti sre\u010dno. Zdi se, da je bolj podobno bitju, ki se zelo potrudi za lastno nesre\u010do in jo neguje.\u00ab Ve\u010dnost je, lahko jo sprejmem ali zavr\u017eem. Zaradi moje odlo\u010ditve ne bo nehala obstajati!<\/p><p><strong>Branko Bala\u017eic SDB<\/strong><\/p><p><\/p><span class=\"slv-content-keywords\"> Leto B Nedeljska meditacija <\/span>","protected":false},"excerpt":{"rendered":"<p>Nekateri se bodo prebudili za ve\u010dno \u017eivljenje, drugi pa za ve\u010dno pogubo \u00bbTisti \u010das nastopi Mihael, veliki knez. To bo \u010das stiske, kakr\u0161ne \u0161e ni bilo, odkar so narodi, do tega \u010dasa.\u00ab Tako prerok Daniel napoveduje konec \u010dasa in poslednjo sodbo. Govori o velikem knezu Mihaelu, ki ima poseben polo\u017eaj med nebe\u0161kimi poslanci, neke vrste<a href=\"https:\/\/www.salve.si\/en\/nedeljska-meditacija\/33-nedelja-med-letom-2\/\">&#8230;<\/a><\/p>","protected":false},"author":1561,"featured_media":0,"comment_status":"closed","ping_status":"open","sticky":false,"template":"","format":"standard","meta":{"_acf_changed":false,"footnotes":""},"categories":[1035,925],"tags":[927],"class_list":["post-14725","post","type-post","status-publish","format-standard","hentry","category-leto-b","category-nedeljska-meditacija","tag-nedeljska-meditacija"],"acf":[],"yoast_head":"<!-- This site is optimized with the Yoast SEO plugin v23.8 - https:\/\/yoast.com\/wordpress\/plugins\/seo\/ -->\n<title>33. nedelja med letom - Salve<\/title>\n<meta name=\"robots\" content=\"noindex, follow\" \/>\n<meta property=\"og:locale\" content=\"en_US\" \/>\n<meta property=\"og:type\" content=\"article\" \/>\n<meta property=\"og:title\" content=\"33. nedelja med letom - Salve\" \/>\n<meta property=\"og:description\" content=\"Nekateri se bodo prebudili za ve\u010dno \u017eivljenje, drugi pa za ve\u010dno pogubo \u00bbTisti \u010das nastopi Mihael, veliki knez. To bo \u010das stiske, kakr\u0161ne \u0161e ni bilo, odkar so narodi, do tega \u010dasa.\u00ab Tako prerok Daniel napoveduje konec \u010dasa in poslednjo sodbo. Govori o velikem knezu Mihaelu, ki ima poseben polo\u017eaj med nebe\u0161kimi poslanci, neke vrste...\" \/>\n<meta property=\"og:url\" content=\"https:\/\/www.salve.si\/en\/nedeljska-meditacija\/33-nedelja-med-letom-2\/\" \/>\n<meta property=\"og:site_name\" content=\"Salve\" \/>\n<meta property=\"article:publisher\" content=\"https:\/\/www.facebook.com\/salve.si\" \/>\n<meta property=\"article:published_time\" content=\"2021-11-13T08:08:00+00:00\" \/>\n<meta property=\"article:modified_time\" content=\"2021-09-16T14:12:50+00:00\" \/>\n<meta property=\"og:image\" content=\"https:\/\/www.salve.si\/wp-content\/uploads\/2026\/01\/salve-og1.jpg\" \/>\n\t<meta property=\"og:image:width\" content=\"1200\" \/>\n\t<meta property=\"og:image:height\" content=\"630\" \/>\n\t<meta property=\"og:image:type\" content=\"image\/jpeg\" \/>\n<meta name=\"author\" content=\"Andrej Baliga\u010d\" \/>\n<meta name=\"twitter:card\" content=\"summary_large_image\" \/>\n<meta name=\"twitter:label1\" content=\"Written by\" \/>\n\t<meta name=\"twitter:data1\" content=\"Andrej Baliga\u010d\" \/>\n\t<meta name=\"twitter:label2\" content=\"Est. reading time\" \/>\n\t<meta name=\"twitter:data2\" content=\"2 minutes\" \/>\n<script type=\"application\/ld+json\" class=\"yoast-schema-graph\">{\"@context\":\"https:\/\/schema.org\",\"@graph\":[{\"@type\":\"Article\",\"@id\":\"https:\/\/www.salve.si\/nedeljska-meditacija\/33-nedelja-med-letom-2\/#article\",\"isPartOf\":{\"@id\":\"https:\/\/www.salve.si\/nedeljska-meditacija\/33-nedelja-med-letom-2\/\"},\"author\":{\"name\":\"Andrej Baliga\u010d\",\"@id\":\"https:\/\/www.salve.si\/#\/schema\/person\/61121950f92f07895dc7ea08dc78ba82\"},\"headline\":\"33. nedelja med letom\",\"datePublished\":\"2021-11-13T08:08:00+00:00\",\"dateModified\":\"2021-09-16T14:12:50+00:00\",\"mainEntityOfPage\":{\"@id\":\"https:\/\/www.salve.si\/nedeljska-meditacija\/33-nedelja-med-letom-2\/\"},\"wordCount\":501,\"publisher\":{\"@id\":\"https:\/\/www.salve.si\/#organization\"},\"keywords\":[\"nedeljska meditacija\"],\"articleSection\":[\"Leto B\",\"Nedeljska meditacija\"],\"inLanguage\":\"en-US\"},{\"@type\":\"WebPage\",\"@id\":\"https:\/\/www.salve.si\/nedeljska-meditacija\/33-nedelja-med-letom-2\/\",\"url\":\"https:\/\/www.salve.si\/nedeljska-meditacija\/33-nedelja-med-letom-2\/\",\"name\":\"33. nedelja med letom - Salve\",\"isPartOf\":{\"@id\":\"https:\/\/www.salve.si\/#website\"},\"datePublished\":\"2021-11-13T08:08:00+00:00\",\"dateModified\":\"2021-09-16T14:12:50+00:00\",\"breadcrumb\":{\"@id\":\"https:\/\/www.salve.si\/nedeljska-meditacija\/33-nedelja-med-letom-2\/#breadcrumb\"},\"inLanguage\":\"en-US\",\"potentialAction\":[{\"@type\":\"ReadAction\",\"target\":[\"https:\/\/www.salve.si\/nedeljska-meditacija\/33-nedelja-med-letom-2\/\"]}]},{\"@type\":\"BreadcrumbList\",\"@id\":\"https:\/\/www.salve.si\/nedeljska-meditacija\/33-nedelja-med-letom-2\/#breadcrumb\",\"itemListElement\":[{\"@type\":\"ListItem\",\"position\":1,\"name\":\"Home\",\"item\":\"https:\/\/www.salve.si\/\"},{\"@type\":\"ListItem\",\"position\":2,\"name\":\"33. nedelja med letom\"}]},{\"@type\":\"WebSite\",\"@id\":\"https:\/\/www.salve.si\/#website\",\"url\":\"https:\/\/www.salve.si\/\",\"name\":\"Salve\",\"description\":\"Salezijanska zalo\u017eba\",\"publisher\":{\"@id\":\"https:\/\/www.salve.si\/#organization\"},\"potentialAction\":[{\"@type\":\"SearchAction\",\"target\":{\"@type\":\"EntryPoint\",\"urlTemplate\":\"https:\/\/www.salve.si\/?s={search_term_string}\"},\"query-input\":{\"@type\":\"PropertyValueSpecification\",\"valueRequired\":true,\"valueName\":\"search_term_string\"}}],\"inLanguage\":\"en-US\"},{\"@type\":\"Organization\",\"@id\":\"https:\/\/www.salve.si\/#organization\",\"name\":\"Salve d.o.o.\",\"url\":\"https:\/\/www.salve.si\/\",\"logo\":{\"@type\":\"ImageObject\",\"inLanguage\":\"en-US\",\"@id\":\"https:\/\/www.salve.si\/#\/schema\/logo\/image\/\",\"url\":\"https:\/\/www.salve.si\/wp-content\/uploads\/2021\/01\/Salve_logo_modri_nov_web.png\",\"contentUrl\":\"https:\/\/www.salve.si\/wp-content\/uploads\/2021\/01\/Salve_logo_modri_nov_web.png\",\"width\":279,\"height\":90,\"caption\":\"Salve d.o.o.\"},\"image\":{\"@id\":\"https:\/\/www.salve.si\/#\/schema\/logo\/image\/\"},\"sameAs\":[\"https:\/\/www.facebook.com\/salve.si\",\"https:\/\/www.instagram.com\/zalozbasalve\/\",\"https:\/\/www.linkedin.com\/company\/zalozba-salve\/\"]},{\"@type\":\"Person\",\"@id\":\"https:\/\/www.salve.si\/#\/schema\/person\/61121950f92f07895dc7ea08dc78ba82\",\"name\":\"Andrej Baliga\u010d\",\"sameAs\":[\"https:\/\/www.salve.si\"]}]}<\/script>\n<!-- \/ Yoast SEO plugin. -->","yoast_head_json":{"title":"33. nedelja med letom - Salve","robots":{"index":"noindex","follow":"follow"},"og_locale":"en_US","og_type":"article","og_title":"33. nedelja med letom - Salve","og_description":"Nekateri se bodo prebudili za ve\u010dno \u017eivljenje, drugi pa za ve\u010dno pogubo \u00bbTisti \u010das nastopi Mihael, veliki knez. To bo \u010das stiske, kakr\u0161ne \u0161e ni bilo, odkar so narodi, do tega \u010dasa.\u00ab Tako prerok Daniel napoveduje konec \u010dasa in poslednjo sodbo. Govori o velikem knezu Mihaelu, ki ima poseben polo\u017eaj med nebe\u0161kimi poslanci, neke vrste...","og_url":"https:\/\/www.salve.si\/en\/nedeljska-meditacija\/33-nedelja-med-letom-2\/","og_site_name":"Salve","article_publisher":"https:\/\/www.facebook.com\/salve.si","article_published_time":"2021-11-13T08:08:00+00:00","article_modified_time":"2021-09-16T14:12:50+00:00","og_image":[{"width":1200,"height":630,"url":"https:\/\/www.salve.si\/wp-content\/uploads\/2026\/01\/salve-og1.jpg","type":"image\/jpeg"}],"author":"Andrej Baliga\u010d","twitter_card":"summary_large_image","twitter_misc":{"Written by":"Andrej Baliga\u010d","Est. reading time":"2 minutes"},"schema":{"@context":"https:\/\/schema.org","@graph":[{"@type":"Article","@id":"https:\/\/www.salve.si\/nedeljska-meditacija\/33-nedelja-med-letom-2\/#article","isPartOf":{"@id":"https:\/\/www.salve.si\/nedeljska-meditacija\/33-nedelja-med-letom-2\/"},"author":{"name":"Andrej Baliga\u010d","@id":"https:\/\/www.salve.si\/#\/schema\/person\/61121950f92f07895dc7ea08dc78ba82"},"headline":"33. nedelja med letom","datePublished":"2021-11-13T08:08:00+00:00","dateModified":"2021-09-16T14:12:50+00:00","mainEntityOfPage":{"@id":"https:\/\/www.salve.si\/nedeljska-meditacija\/33-nedelja-med-letom-2\/"},"wordCount":501,"publisher":{"@id":"https:\/\/www.salve.si\/#organization"},"keywords":["nedeljska meditacija"],"articleSection":["Leto B","Nedeljska meditacija"],"inLanguage":"en-US"},{"@type":"WebPage","@id":"https:\/\/www.salve.si\/nedeljska-meditacija\/33-nedelja-med-letom-2\/","url":"https:\/\/www.salve.si\/nedeljska-meditacija\/33-nedelja-med-letom-2\/","name":"33. nedelja med letom - Salve","isPartOf":{"@id":"https:\/\/www.salve.si\/#website"},"datePublished":"2021-11-13T08:08:00+00:00","dateModified":"2021-09-16T14:12:50+00:00","breadcrumb":{"@id":"https:\/\/www.salve.si\/nedeljska-meditacija\/33-nedelja-med-letom-2\/#breadcrumb"},"inLanguage":"en-US","potentialAction":[{"@type":"ReadAction","target":["https:\/\/www.salve.si\/nedeljska-meditacija\/33-nedelja-med-letom-2\/"]}]},{"@type":"BreadcrumbList","@id":"https:\/\/www.salve.si\/nedeljska-meditacija\/33-nedelja-med-letom-2\/#breadcrumb","itemListElement":[{"@type":"ListItem","position":1,"name":"Home","item":"https:\/\/www.salve.si\/"},{"@type":"ListItem","position":2,"name":"33. nedelja med letom"}]},{"@type":"WebSite","@id":"https:\/\/www.salve.si\/#website","url":"https:\/\/www.salve.si\/","name":"Salve","description":"Salezijanska zalo\u017eba","publisher":{"@id":"https:\/\/www.salve.si\/#organization"},"potentialAction":[{"@type":"SearchAction","target":{"@type":"EntryPoint","urlTemplate":"https:\/\/www.salve.si\/?s={search_term_string}"},"query-input":{"@type":"PropertyValueSpecification","valueRequired":true,"valueName":"search_term_string"}}],"inLanguage":"en-US"},{"@type":"Organization","@id":"https:\/\/www.salve.si\/#organization","name":"Salve d.o.o.","url":"https:\/\/www.salve.si\/","logo":{"@type":"ImageObject","inLanguage":"en-US","@id":"https:\/\/www.salve.si\/#\/schema\/logo\/image\/","url":"https:\/\/www.salve.si\/wp-content\/uploads\/2021\/01\/Salve_logo_modri_nov_web.png","contentUrl":"https:\/\/www.salve.si\/wp-content\/uploads\/2021\/01\/Salve_logo_modri_nov_web.png","width":279,"height":90,"caption":"Salve d.o.o."},"image":{"@id":"https:\/\/www.salve.si\/#\/schema\/logo\/image\/"},"sameAs":["https:\/\/www.facebook.com\/salve.si","https:\/\/www.instagram.com\/zalozbasalve\/","https:\/\/www.linkedin.com\/company\/zalozba-salve\/"]},{"@type":"Person","@id":"https:\/\/www.salve.si\/#\/schema\/person\/61121950f92f07895dc7ea08dc78ba82","name":"Andrej Baliga\u010d","sameAs":["https:\/\/www.salve.si"]}]}},"_links":{"self":[{"href":"https:\/\/www.salve.si\/en\/wp-json\/wp\/v2\/posts\/14725","targetHints":{"allow":["GET"]}}],"collection":[{"href":"https:\/\/www.salve.si\/en\/wp-json\/wp\/v2\/posts"}],"about":[{"href":"https:\/\/www.salve.si\/en\/wp-json\/wp\/v2\/types\/post"}],"author":[{"embeddable":true,"href":"https:\/\/www.salve.si\/en\/wp-json\/wp\/v2\/users\/1561"}],"replies":[{"embeddable":true,"href":"https:\/\/www.salve.si\/en\/wp-json\/wp\/v2\/comments?post=14725"}],"version-history":[{"count":3,"href":"https:\/\/www.salve.si\/en\/wp-json\/wp\/v2\/posts\/14725\/revisions"}],"predecessor-version":[{"id":14731,"href":"https:\/\/www.salve.si\/en\/wp-json\/wp\/v2\/posts\/14725\/revisions\/14731"}],"wp:attachment":[{"href":"https:\/\/www.salve.si\/en\/wp-json\/wp\/v2\/media?parent=14725"}],"wp:term":[{"taxonomy":"category","embeddable":true,"href":"https:\/\/www.salve.si\/en\/wp-json\/wp\/v2\/categories?post=14725"},{"taxonomy":"post_tag","embeddable":true,"href":"https:\/\/www.salve.si\/en\/wp-json\/wp\/v2\/tags?post=14725"}],"curies":[{"name":"wp","href":"https:\/\/api.w.org\/{rel}","templated":true}]}}