{"id":14722,"date":"2021-11-06T09:13:00","date_gmt":"2021-11-06T08:13:00","guid":{"rendered":"https:\/\/www.salve.si\/?p=14722"},"modified":"2021-09-16T16:13:40","modified_gmt":"2021-09-16T14:13:40","slug":"32-nedelja-med-letom-2","status":"publish","type":"post","link":"https:\/\/www.salve.si\/en\/nedeljska-meditacija\/32-nedelja-med-letom-2\/","title":{"rendered":"32. nedelja med letom"},"content":{"rendered":"<p><strong>Moka v loncu ne bo po\u0161la in olja v vr\u010du ne bo zmanjkalo<\/strong><\/p><p>Elija je v \u010dasu svojega preganjanja pri\u0161el v Sarepto. Pri mestnih vratih je zagledal vdovo, ki je nabirala drva. Rekel ji je: \u00bbPrinesi mi, prosim, malo vode, da bom pil! Prinesi mi, prosim, \u0161e kos kruha v roki!\u00ab \u017dena je odgovorila: \u00bbKakor \u017eivi Gospod, tvoj Bog, ni\u010d pe\u010denega nimam, samo prgi\u0161\u010de moke v loncu in malo olja v vr\u010du. In glej, nabiram suhljad, da pojdem in pripravim to zase in za sina, da bova pojedla in potem umrla.\u00ab Elija ji je rekel: \u00bbNe boj se! Moka v loncu ne bo po\u0161la in olja v vr\u010du ne bo zmanjkalo do dne, ko bo Gospod poslal de\u017e na zemljo.\u00ab Zgodba o tej vdovi in o \u010dude\u017eu, da moke in olja ni zmanjkalo, je zelo pou\u010dna, zato se spla\u010da narediti bolj podrobno analizo in videti pozitivne posledice mo\u010dne vere.<\/p><p>Po za\u010detnem pogovoru je jasno, da je ta vdova v preroku Eliju prepoznala Izraelca, ki se zares boji Boga. To se vidi iz njenih besed, ker mu je odgovorila: \u00bbKakor \u017eivi Gospod, tvoj Bog!\u00ab Sarepta je feni\u010dansko mesto, zato vdova ni poznala Izraelovega Boga. Najverjetneje je \u010dastila Baala in vemo, da je prav Elija pobil vse Baalove preroke in to je bil glavni razlog, da ga je kraljica Jezabela preganjala. Vdova iz Sarepte je \u017eivela med ljudmi, ki so \u010dastili malike, a je s svojimi deli dokazovala, da do neke mere verjame v Izraelovega Boga. Zmotno je torej trditi, da so bili v Sarepti vsi prebivalci pokvarjeni. Bogu je namre\u010d v vsakem narodu v\u0161e\u010d vsakdo, ki se ga boji in ravna pravi\u010dno. \u010ce nima\u0161 pravega spoznanja o Bogu, lahko s svojimi deli kljub temu poka\u017ee\u0161, da si na pravi poti in rabi\u0161 samo \u0161e nekoga, da te pou\u010di o pravem Bogu.<\/p><p>Kaj je Elija prosil ubogo vdovo? Malo vode in ko\u0161\u010dek kruha. Ta pa mu je odgovorila, da ima dovolj moke samo \u0161e za en obrok, da bosta s sinom to pojedla in potem umrla. Elija ji je rekel: \u00bbPojdi in naredi najprej kola\u010dek zame in mi ga prinesi, potem pa naredi \u0161e nekaj zase in za svojega sina!\u00ab Ve\u010dina od nas bi odgovorila: \u00bbTi nisi resen! Odpovem naj se zadnjemu obroku?\u00ab Vdova je ravnala druga\u010de: \u010deprav je imela nepopolno spoznanje o pravem Bogu, je verjela Eliju in storila, kar jo je prosil. Gre za preizku\u0161njo njene vere, ki jo je dobro prestala. \u010ce bi ta \u017eenska ravnala druga\u010de, bi bil hlebec, ki bi ga naredila iz svojih pi\u010dlih zalog moke in&nbsp; olja zares zadnji obrok. Zaupala je Gospodu in s tem dokazala, da Bog blagoslavlja tiste, ki verujejo vanj. Tudi na\u0161a vera je velikokrat na preizku\u0161nji. \u010ce jo poka\u017eemo, sledijo blagoslovi, \u010de se obotavljamo, se \u010dude\u017e ne zgodi. To misel je lepo ubesedil pisatelj Knjige Pregovorov, ko je zapisal: \u00bbZaupaj v Gospoda z vsem svojim srcem, na svojo razumnost pa se ne zana\u0161aj. Na vseh svojih poteh ga spoznavaj in on bo uravnaval tvoje steze\u00ab (Prg 3,5-6).<strong>Branko Bala\u017eic SDB<\/strong><\/p><p><\/p><span class=\"slv-content-keywords\"> Leto B Nedeljska meditacija <\/span>","protected":false},"excerpt":{"rendered":"<p>Moka v loncu ne bo po\u0161la in olja v vr\u010du ne bo zmanjkalo Elija je v \u010dasu svojega preganjanja pri\u0161el v Sarepto. Pri mestnih vratih je zagledal vdovo, ki je nabirala drva. Rekel ji je: \u00bbPrinesi mi, prosim, malo vode, da bom pil! Prinesi mi, prosim, \u0161e kos kruha v roki!\u00ab \u017dena je odgovorila: \u00bbKakor<a href=\"https:\/\/www.salve.si\/en\/nedeljska-meditacija\/32-nedelja-med-letom-2\/\">&#8230;<\/a><\/p>","protected":false},"author":1561,"featured_media":0,"comment_status":"closed","ping_status":"open","sticky":false,"template":"","format":"standard","meta":{"_acf_changed":false,"footnotes":""},"categories":[1035,925],"tags":[927],"class_list":["post-14722","post","type-post","status-publish","format-standard","hentry","category-leto-b","category-nedeljska-meditacija","tag-nedeljska-meditacija"],"acf":[],"yoast_head":"<!-- This site is optimized with the Yoast SEO plugin v23.8 - https:\/\/yoast.com\/wordpress\/plugins\/seo\/ -->\n<title>32. nedelja med letom - Salve<\/title>\n<meta name=\"robots\" content=\"noindex, follow\" \/>\n<meta property=\"og:locale\" content=\"en_US\" \/>\n<meta property=\"og:type\" content=\"article\" \/>\n<meta property=\"og:title\" content=\"32. nedelja med letom - Salve\" \/>\n<meta property=\"og:description\" content=\"Moka v loncu ne bo po\u0161la in olja v vr\u010du ne bo zmanjkalo Elija je v \u010dasu svojega preganjanja pri\u0161el v Sarepto. Pri mestnih vratih je zagledal vdovo, ki je nabirala drva. Rekel ji je: \u00bbPrinesi mi, prosim, malo vode, da bom pil! Prinesi mi, prosim, \u0161e kos kruha v roki!\u00ab \u017dena je odgovorila: \u00bbKakor...\" \/>\n<meta property=\"og:url\" content=\"https:\/\/www.salve.si\/en\/nedeljska-meditacija\/32-nedelja-med-letom-2\/\" \/>\n<meta property=\"og:site_name\" content=\"Salve\" \/>\n<meta property=\"article:publisher\" content=\"https:\/\/www.facebook.com\/salve.si\" \/>\n<meta property=\"article:published_time\" content=\"2021-11-06T08:13:00+00:00\" \/>\n<meta property=\"article:modified_time\" content=\"2021-09-16T14:13:40+00:00\" \/>\n<meta property=\"og:image\" content=\"https:\/\/www.salve.si\/wp-content\/uploads\/2026\/01\/salve-og1.jpg\" \/>\n\t<meta property=\"og:image:width\" content=\"1200\" \/>\n\t<meta property=\"og:image:height\" content=\"630\" \/>\n\t<meta property=\"og:image:type\" content=\"image\/jpeg\" \/>\n<meta name=\"author\" content=\"Andrej Baliga\u010d\" \/>\n<meta name=\"twitter:card\" content=\"summary_large_image\" \/>\n<meta name=\"twitter:label1\" content=\"Written by\" \/>\n\t<meta name=\"twitter:data1\" content=\"Andrej Baliga\u010d\" \/>\n\t<meta name=\"twitter:label2\" content=\"Est. reading time\" \/>\n\t<meta name=\"twitter:data2\" content=\"3 minutes\" \/>\n<script type=\"application\/ld+json\" class=\"yoast-schema-graph\">{\"@context\":\"https:\/\/schema.org\",\"@graph\":[{\"@type\":\"Article\",\"@id\":\"https:\/\/www.salve.si\/nedeljska-meditacija\/32-nedelja-med-letom-2\/#article\",\"isPartOf\":{\"@id\":\"https:\/\/www.salve.si\/nedeljska-meditacija\/32-nedelja-med-letom-2\/\"},\"author\":{\"name\":\"Andrej Baliga\u010d\",\"@id\":\"https:\/\/www.salve.si\/#\/schema\/person\/61121950f92f07895dc7ea08dc78ba82\"},\"headline\":\"32. nedelja med letom\",\"datePublished\":\"2021-11-06T08:13:00+00:00\",\"dateModified\":\"2021-09-16T14:13:40+00:00\",\"mainEntityOfPage\":{\"@id\":\"https:\/\/www.salve.si\/nedeljska-meditacija\/32-nedelja-med-letom-2\/\"},\"wordCount\":538,\"publisher\":{\"@id\":\"https:\/\/www.salve.si\/#organization\"},\"keywords\":[\"nedeljska meditacija\"],\"articleSection\":[\"Leto B\",\"Nedeljska meditacija\"],\"inLanguage\":\"en-US\"},{\"@type\":\"WebPage\",\"@id\":\"https:\/\/www.salve.si\/nedeljska-meditacija\/32-nedelja-med-letom-2\/\",\"url\":\"https:\/\/www.salve.si\/nedeljska-meditacija\/32-nedelja-med-letom-2\/\",\"name\":\"32. nedelja med letom - Salve\",\"isPartOf\":{\"@id\":\"https:\/\/www.salve.si\/#website\"},\"datePublished\":\"2021-11-06T08:13:00+00:00\",\"dateModified\":\"2021-09-16T14:13:40+00:00\",\"breadcrumb\":{\"@id\":\"https:\/\/www.salve.si\/nedeljska-meditacija\/32-nedelja-med-letom-2\/#breadcrumb\"},\"inLanguage\":\"en-US\",\"potentialAction\":[{\"@type\":\"ReadAction\",\"target\":[\"https:\/\/www.salve.si\/nedeljska-meditacija\/32-nedelja-med-letom-2\/\"]}]},{\"@type\":\"BreadcrumbList\",\"@id\":\"https:\/\/www.salve.si\/nedeljska-meditacija\/32-nedelja-med-letom-2\/#breadcrumb\",\"itemListElement\":[{\"@type\":\"ListItem\",\"position\":1,\"name\":\"Home\",\"item\":\"https:\/\/www.salve.si\/\"},{\"@type\":\"ListItem\",\"position\":2,\"name\":\"32. nedelja med letom\"}]},{\"@type\":\"WebSite\",\"@id\":\"https:\/\/www.salve.si\/#website\",\"url\":\"https:\/\/www.salve.si\/\",\"name\":\"Salve\",\"description\":\"Salezijanska zalo\u017eba\",\"publisher\":{\"@id\":\"https:\/\/www.salve.si\/#organization\"},\"potentialAction\":[{\"@type\":\"SearchAction\",\"target\":{\"@type\":\"EntryPoint\",\"urlTemplate\":\"https:\/\/www.salve.si\/?s={search_term_string}\"},\"query-input\":{\"@type\":\"PropertyValueSpecification\",\"valueRequired\":true,\"valueName\":\"search_term_string\"}}],\"inLanguage\":\"en-US\"},{\"@type\":\"Organization\",\"@id\":\"https:\/\/www.salve.si\/#organization\",\"name\":\"Salve d.o.o.\",\"url\":\"https:\/\/www.salve.si\/\",\"logo\":{\"@type\":\"ImageObject\",\"inLanguage\":\"en-US\",\"@id\":\"https:\/\/www.salve.si\/#\/schema\/logo\/image\/\",\"url\":\"https:\/\/www.salve.si\/wp-content\/uploads\/2021\/01\/Salve_logo_modri_nov_web.png\",\"contentUrl\":\"https:\/\/www.salve.si\/wp-content\/uploads\/2021\/01\/Salve_logo_modri_nov_web.png\",\"width\":279,\"height\":90,\"caption\":\"Salve d.o.o.\"},\"image\":{\"@id\":\"https:\/\/www.salve.si\/#\/schema\/logo\/image\/\"},\"sameAs\":[\"https:\/\/www.facebook.com\/salve.si\",\"https:\/\/www.instagram.com\/zalozbasalve\/\",\"https:\/\/www.linkedin.com\/company\/zalozba-salve\/\"]},{\"@type\":\"Person\",\"@id\":\"https:\/\/www.salve.si\/#\/schema\/person\/61121950f92f07895dc7ea08dc78ba82\",\"name\":\"Andrej Baliga\u010d\",\"sameAs\":[\"https:\/\/www.salve.si\"]}]}<\/script>\n<!-- \/ Yoast SEO plugin. -->","yoast_head_json":{"title":"32. nedelja med letom - Salve","robots":{"index":"noindex","follow":"follow"},"og_locale":"en_US","og_type":"article","og_title":"32. nedelja med letom - Salve","og_description":"Moka v loncu ne bo po\u0161la in olja v vr\u010du ne bo zmanjkalo Elija je v \u010dasu svojega preganjanja pri\u0161el v Sarepto. Pri mestnih vratih je zagledal vdovo, ki je nabirala drva. Rekel ji je: \u00bbPrinesi mi, prosim, malo vode, da bom pil! Prinesi mi, prosim, \u0161e kos kruha v roki!\u00ab \u017dena je odgovorila: \u00bbKakor...","og_url":"https:\/\/www.salve.si\/en\/nedeljska-meditacija\/32-nedelja-med-letom-2\/","og_site_name":"Salve","article_publisher":"https:\/\/www.facebook.com\/salve.si","article_published_time":"2021-11-06T08:13:00+00:00","article_modified_time":"2021-09-16T14:13:40+00:00","og_image":[{"width":1200,"height":630,"url":"https:\/\/www.salve.si\/wp-content\/uploads\/2026\/01\/salve-og1.jpg","type":"image\/jpeg"}],"author":"Andrej Baliga\u010d","twitter_card":"summary_large_image","twitter_misc":{"Written by":"Andrej Baliga\u010d","Est. reading time":"3 minutes"},"schema":{"@context":"https:\/\/schema.org","@graph":[{"@type":"Article","@id":"https:\/\/www.salve.si\/nedeljska-meditacija\/32-nedelja-med-letom-2\/#article","isPartOf":{"@id":"https:\/\/www.salve.si\/nedeljska-meditacija\/32-nedelja-med-letom-2\/"},"author":{"name":"Andrej Baliga\u010d","@id":"https:\/\/www.salve.si\/#\/schema\/person\/61121950f92f07895dc7ea08dc78ba82"},"headline":"32. nedelja med letom","datePublished":"2021-11-06T08:13:00+00:00","dateModified":"2021-09-16T14:13:40+00:00","mainEntityOfPage":{"@id":"https:\/\/www.salve.si\/nedeljska-meditacija\/32-nedelja-med-letom-2\/"},"wordCount":538,"publisher":{"@id":"https:\/\/www.salve.si\/#organization"},"keywords":["nedeljska meditacija"],"articleSection":["Leto B","Nedeljska meditacija"],"inLanguage":"en-US"},{"@type":"WebPage","@id":"https:\/\/www.salve.si\/nedeljska-meditacija\/32-nedelja-med-letom-2\/","url":"https:\/\/www.salve.si\/nedeljska-meditacija\/32-nedelja-med-letom-2\/","name":"32. nedelja med letom - Salve","isPartOf":{"@id":"https:\/\/www.salve.si\/#website"},"datePublished":"2021-11-06T08:13:00+00:00","dateModified":"2021-09-16T14:13:40+00:00","breadcrumb":{"@id":"https:\/\/www.salve.si\/nedeljska-meditacija\/32-nedelja-med-letom-2\/#breadcrumb"},"inLanguage":"en-US","potentialAction":[{"@type":"ReadAction","target":["https:\/\/www.salve.si\/nedeljska-meditacija\/32-nedelja-med-letom-2\/"]}]},{"@type":"BreadcrumbList","@id":"https:\/\/www.salve.si\/nedeljska-meditacija\/32-nedelja-med-letom-2\/#breadcrumb","itemListElement":[{"@type":"ListItem","position":1,"name":"Home","item":"https:\/\/www.salve.si\/"},{"@type":"ListItem","position":2,"name":"32. nedelja med letom"}]},{"@type":"WebSite","@id":"https:\/\/www.salve.si\/#website","url":"https:\/\/www.salve.si\/","name":"Salve","description":"Salezijanska zalo\u017eba","publisher":{"@id":"https:\/\/www.salve.si\/#organization"},"potentialAction":[{"@type":"SearchAction","target":{"@type":"EntryPoint","urlTemplate":"https:\/\/www.salve.si\/?s={search_term_string}"},"query-input":{"@type":"PropertyValueSpecification","valueRequired":true,"valueName":"search_term_string"}}],"inLanguage":"en-US"},{"@type":"Organization","@id":"https:\/\/www.salve.si\/#organization","name":"Salve d.o.o.","url":"https:\/\/www.salve.si\/","logo":{"@type":"ImageObject","inLanguage":"en-US","@id":"https:\/\/www.salve.si\/#\/schema\/logo\/image\/","url":"https:\/\/www.salve.si\/wp-content\/uploads\/2021\/01\/Salve_logo_modri_nov_web.png","contentUrl":"https:\/\/www.salve.si\/wp-content\/uploads\/2021\/01\/Salve_logo_modri_nov_web.png","width":279,"height":90,"caption":"Salve d.o.o."},"image":{"@id":"https:\/\/www.salve.si\/#\/schema\/logo\/image\/"},"sameAs":["https:\/\/www.facebook.com\/salve.si","https:\/\/www.instagram.com\/zalozbasalve\/","https:\/\/www.linkedin.com\/company\/zalozba-salve\/"]},{"@type":"Person","@id":"https:\/\/www.salve.si\/#\/schema\/person\/61121950f92f07895dc7ea08dc78ba82","name":"Andrej Baliga\u010d","sameAs":["https:\/\/www.salve.si"]}]}},"_links":{"self":[{"href":"https:\/\/www.salve.si\/en\/wp-json\/wp\/v2\/posts\/14722","targetHints":{"allow":["GET"]}}],"collection":[{"href":"https:\/\/www.salve.si\/en\/wp-json\/wp\/v2\/posts"}],"about":[{"href":"https:\/\/www.salve.si\/en\/wp-json\/wp\/v2\/types\/post"}],"author":[{"embeddable":true,"href":"https:\/\/www.salve.si\/en\/wp-json\/wp\/v2\/users\/1561"}],"replies":[{"embeddable":true,"href":"https:\/\/www.salve.si\/en\/wp-json\/wp\/v2\/comments?post=14722"}],"version-history":[{"count":3,"href":"https:\/\/www.salve.si\/en\/wp-json\/wp\/v2\/posts\/14722\/revisions"}],"predecessor-version":[{"id":14732,"href":"https:\/\/www.salve.si\/en\/wp-json\/wp\/v2\/posts\/14722\/revisions\/14732"}],"wp:attachment":[{"href":"https:\/\/www.salve.si\/en\/wp-json\/wp\/v2\/media?parent=14722"}],"wp:term":[{"taxonomy":"category","embeddable":true,"href":"https:\/\/www.salve.si\/en\/wp-json\/wp\/v2\/categories?post=14722"},{"taxonomy":"post_tag","embeddable":true,"href":"https:\/\/www.salve.si\/en\/wp-json\/wp\/v2\/tags?post=14722"}],"curies":[{"name":"wp","href":"https:\/\/api.w.org\/{rel}","templated":true}]}}