{"id":14715,"date":"2021-10-23T10:04:00","date_gmt":"2021-10-23T08:04:00","guid":{"rendered":"https:\/\/www.salve.si\/?p=14715"},"modified":"2021-09-16T16:14:24","modified_gmt":"2021-09-16T14:14:24","slug":"30-nedelja-med-letom-2","status":"publish","type":"post","link":"https:\/\/www.salve.si\/en\/nedeljska-meditacija\/30-nedelja-med-letom-2\/","title":{"rendered":"30. nedelja med letom"},"content":{"rendered":"<p><strong>Gospod, re\u0161i svoje ljudstvo, Izraelov ostanek!<\/strong><\/p><p>V stari zavezi se Bog razodeva kot tisti, ki posameznika in ljudstva po\u0161ilja, vabi in jim naro\u010da, da naj sprejmejo in izvr\u0161ujejo njegovo voljo. \u010clove\u0161ka zgodovina poteka v \u010dasu in prostoru, ki nas vodi k Bogu. Bog pokli\u010de Abrahama naj zapusti svojo de\u017eelo in se poda na pot, ki mu jo bo Gospod pokazal. Izraelce z mogo\u010dno roko po Mojzesu pelje iz Egipta, de\u017eele su\u017eenjstva, v obljubljeno de\u017eelo, v svobodo, kjer bodo \u017eiveli kot izvoljeno ljudstvo, ki ima posebno poslanstvo v zgodovini odre\u0161enja \u010dlove\u0161tva. Bog dopusti, da jih kralj Nebukadnezar odpelje v babilonsko su\u017eenjstvo, kjer bodo ostali, dokler bo to Bo\u017eja volja. Ko se vra\u010dajo iz babilonske su\u017enosti, ne razmi\u0161ljajo le o tem, kako bodo ponovno vzpostavili obrede in medsebojne odnose, kot so jih imeli pred odhodom v su\u017eenjstvo, ampak svoje temeljno poslanstvo zastavijo na novo. Njihova hoja skozi zgodovino je sicer zaznamovana s padci in porazi, kadar pozabijo na Boga, vendar je tudi polna zmag in novih re\u0161itev, ki so delo Bo\u017eje navzo\u010dnosti v njihovi zgodovini. Zmage v bojih in re\u0161itve te\u017eav so vedno tudi dokaz, kako je zvestoba Bogu vir svobode in \u017eivljenja, ki osre\u010duje. O vsem tem po bo\u017ejem navdihu govori prerok Jeremija, ko pravi: \u00bbVriskajte od veselja Jakobu, vzklikajte poglavarju narodov! Oznanj\u00fajte, hval\u00edte in govor\u00edte: \u203aGospod, re\u0161i svoje ljudstvo, Izraelov ostanek!\u2039\u00ab<\/p><p>V novi zavezi se zgodovina odre\u0161enja prav tako dogaja v \u010dasu in prostoru, v katerega je vstopil Jezus s svojim u\u010dlove\u010denjem. Zemljepisno gledano je to zaznamovano z njegovo potjo od Galileje do Jeruzalema, kjer je zaklju\u010dil svoje delo odre\u0161enja s smrtjo na kri\u017eu, z vstajenjem od mrtvih in z odhodom v nebo. To kronolo\u0161ko gledanje je seveda treba dopolniti z njegovim naukom, z ozdravljenji in s \u010dude\u017ei, zato je Jezusova pot zares nova in druga\u010dna od starozaveznih pripovedi. O tej druga\u010dnosti lepo govori zgodba o slepem Bartimaju: ko je ta sli\u0161al, da prihaja Jezus, je za\u010del vpiti: \u00bbJezus, Davidov sin, usmili se me!\u00ab Jezus ga je vpra\u0161al: \u00bbKaj ho\u010de\u0161, da ti storim?\u00ab Ta mu je odgovoril: \u00bbGospod, da bi spregledal!\u00ab Jezus mu je rekel: \u00bbPojdi, tvoja vera te je re\u0161ila!\u00ab Tudi ta zgodba govori o izhodu, ki vodi v obljubljeno de\u017eelo sprave, pravi\u010dnosti in miru. Slepi Bartimaj in Jezus se osebno, neposredno sre\u010data. Bartimaj ima \u017eeljo biti ozdravljen, Jezus pa ima mo\u010d, da ga lahko ozdravi. Gre za dve svobodi, dve volji, ki sta pri\u0161li skupaj in se zdru\u017eili v eno samo pot, ki je povezana z odre\u0161enjem. Sledi neizmerno veselje, ki je enako kot so ga \u010dutili Izraelci, ko jim je prerok Jeremija oznanjal: \u00bbGospod re\u0161i svoje ljudstvo, Izraelov ostanek!\u00ab<\/p><p><strong>Branko Bala\u017eic SDB<\/strong><\/p><p><\/p>\n<p><\/p><span class=\"slv-content-keywords\"> Leto B Nedeljska meditacija <\/span>","protected":false},"excerpt":{"rendered":"<p>Gospod, re\u0161i svoje ljudstvo, Izraelov ostanek! V stari zavezi se Bog razodeva kot tisti, ki posameznika in ljudstva po\u0161ilja, vabi in jim naro\u010da, da naj sprejmejo in izvr\u0161ujejo njegovo voljo. \u010clove\u0161ka zgodovina poteka v \u010dasu in prostoru, ki nas vodi k Bogu. Bog pokli\u010de Abrahama naj zapusti svojo de\u017eelo in se poda na pot, ki<a href=\"https:\/\/www.salve.si\/en\/nedeljska-meditacija\/30-nedelja-med-letom-2\/\">&#8230;<\/a><\/p>","protected":false},"author":1561,"featured_media":0,"comment_status":"closed","ping_status":"open","sticky":false,"template":"","format":"standard","meta":{"_acf_changed":false,"footnotes":""},"categories":[1035,925],"tags":[927],"class_list":["post-14715","post","type-post","status-publish","format-standard","hentry","category-leto-b","category-nedeljska-meditacija","tag-nedeljska-meditacija"],"acf":[],"yoast_head":"<!-- This site is optimized with the Yoast SEO plugin v23.8 - https:\/\/yoast.com\/wordpress\/plugins\/seo\/ -->\n<title>30. nedelja med letom - Salve<\/title>\n<meta name=\"robots\" content=\"noindex, follow\" \/>\n<meta property=\"og:locale\" content=\"en_US\" \/>\n<meta property=\"og:type\" content=\"article\" \/>\n<meta property=\"og:title\" content=\"30. nedelja med letom - Salve\" \/>\n<meta property=\"og:description\" content=\"Gospod, re\u0161i svoje ljudstvo, Izraelov ostanek! V stari zavezi se Bog razodeva kot tisti, ki posameznika in ljudstva po\u0161ilja, vabi in jim naro\u010da, da naj sprejmejo in izvr\u0161ujejo njegovo voljo. \u010clove\u0161ka zgodovina poteka v \u010dasu in prostoru, ki nas vodi k Bogu. Bog pokli\u010de Abrahama naj zapusti svojo de\u017eelo in se poda na pot, ki...\" \/>\n<meta property=\"og:url\" content=\"https:\/\/www.salve.si\/en\/nedeljska-meditacija\/30-nedelja-med-letom-2\/\" \/>\n<meta property=\"og:site_name\" content=\"Salve\" \/>\n<meta property=\"article:publisher\" content=\"https:\/\/www.facebook.com\/salve.si\" \/>\n<meta property=\"article:published_time\" content=\"2021-10-23T08:04:00+00:00\" \/>\n<meta property=\"article:modified_time\" content=\"2021-09-16T14:14:24+00:00\" \/>\n<meta property=\"og:image\" content=\"https:\/\/www.salve.si\/wp-content\/uploads\/2026\/01\/salve-og1.jpg\" \/>\n\t<meta property=\"og:image:width\" content=\"1200\" \/>\n\t<meta property=\"og:image:height\" content=\"630\" \/>\n\t<meta property=\"og:image:type\" content=\"image\/jpeg\" \/>\n<meta name=\"author\" content=\"Andrej Baliga\u010d\" \/>\n<meta name=\"twitter:card\" content=\"summary_large_image\" \/>\n<meta name=\"twitter:label1\" content=\"Written by\" \/>\n\t<meta name=\"twitter:data1\" content=\"Andrej Baliga\u010d\" \/>\n\t<meta name=\"twitter:label2\" content=\"Est. reading time\" \/>\n\t<meta name=\"twitter:data2\" content=\"2 minutes\" \/>\n<script type=\"application\/ld+json\" class=\"yoast-schema-graph\">{\"@context\":\"https:\/\/schema.org\",\"@graph\":[{\"@type\":\"Article\",\"@id\":\"https:\/\/www.salve.si\/nedeljska-meditacija\/30-nedelja-med-letom-2\/#article\",\"isPartOf\":{\"@id\":\"https:\/\/www.salve.si\/nedeljska-meditacija\/30-nedelja-med-letom-2\/\"},\"author\":{\"name\":\"Andrej Baliga\u010d\",\"@id\":\"https:\/\/www.salve.si\/#\/schema\/person\/61121950f92f07895dc7ea08dc78ba82\"},\"headline\":\"30. nedelja med letom\",\"datePublished\":\"2021-10-23T08:04:00+00:00\",\"dateModified\":\"2021-09-16T14:14:24+00:00\",\"mainEntityOfPage\":{\"@id\":\"https:\/\/www.salve.si\/nedeljska-meditacija\/30-nedelja-med-letom-2\/\"},\"wordCount\":495,\"publisher\":{\"@id\":\"https:\/\/www.salve.si\/#organization\"},\"keywords\":[\"nedeljska meditacija\"],\"articleSection\":[\"Leto B\",\"Nedeljska meditacija\"],\"inLanguage\":\"en-US\"},{\"@type\":\"WebPage\",\"@id\":\"https:\/\/www.salve.si\/nedeljska-meditacija\/30-nedelja-med-letom-2\/\",\"url\":\"https:\/\/www.salve.si\/nedeljska-meditacija\/30-nedelja-med-letom-2\/\",\"name\":\"30. nedelja med letom - Salve\",\"isPartOf\":{\"@id\":\"https:\/\/www.salve.si\/#website\"},\"datePublished\":\"2021-10-23T08:04:00+00:00\",\"dateModified\":\"2021-09-16T14:14:24+00:00\",\"breadcrumb\":{\"@id\":\"https:\/\/www.salve.si\/nedeljska-meditacija\/30-nedelja-med-letom-2\/#breadcrumb\"},\"inLanguage\":\"en-US\",\"potentialAction\":[{\"@type\":\"ReadAction\",\"target\":[\"https:\/\/www.salve.si\/nedeljska-meditacija\/30-nedelja-med-letom-2\/\"]}]},{\"@type\":\"BreadcrumbList\",\"@id\":\"https:\/\/www.salve.si\/nedeljska-meditacija\/30-nedelja-med-letom-2\/#breadcrumb\",\"itemListElement\":[{\"@type\":\"ListItem\",\"position\":1,\"name\":\"Home\",\"item\":\"https:\/\/www.salve.si\/\"},{\"@type\":\"ListItem\",\"position\":2,\"name\":\"30. nedelja med letom\"}]},{\"@type\":\"WebSite\",\"@id\":\"https:\/\/www.salve.si\/#website\",\"url\":\"https:\/\/www.salve.si\/\",\"name\":\"Salve\",\"description\":\"Salezijanska zalo\u017eba\",\"publisher\":{\"@id\":\"https:\/\/www.salve.si\/#organization\"},\"potentialAction\":[{\"@type\":\"SearchAction\",\"target\":{\"@type\":\"EntryPoint\",\"urlTemplate\":\"https:\/\/www.salve.si\/?s={search_term_string}\"},\"query-input\":{\"@type\":\"PropertyValueSpecification\",\"valueRequired\":true,\"valueName\":\"search_term_string\"}}],\"inLanguage\":\"en-US\"},{\"@type\":\"Organization\",\"@id\":\"https:\/\/www.salve.si\/#organization\",\"name\":\"Salve d.o.o.\",\"url\":\"https:\/\/www.salve.si\/\",\"logo\":{\"@type\":\"ImageObject\",\"inLanguage\":\"en-US\",\"@id\":\"https:\/\/www.salve.si\/#\/schema\/logo\/image\/\",\"url\":\"https:\/\/www.salve.si\/wp-content\/uploads\/2021\/01\/Salve_logo_modri_nov_web.png\",\"contentUrl\":\"https:\/\/www.salve.si\/wp-content\/uploads\/2021\/01\/Salve_logo_modri_nov_web.png\",\"width\":279,\"height\":90,\"caption\":\"Salve d.o.o.\"},\"image\":{\"@id\":\"https:\/\/www.salve.si\/#\/schema\/logo\/image\/\"},\"sameAs\":[\"https:\/\/www.facebook.com\/salve.si\",\"https:\/\/www.instagram.com\/zalozbasalve\/\",\"https:\/\/www.linkedin.com\/company\/zalozba-salve\/\"]},{\"@type\":\"Person\",\"@id\":\"https:\/\/www.salve.si\/#\/schema\/person\/61121950f92f07895dc7ea08dc78ba82\",\"name\":\"Andrej Baliga\u010d\",\"sameAs\":[\"https:\/\/www.salve.si\"]}]}<\/script>\n<!-- \/ Yoast SEO plugin. -->","yoast_head_json":{"title":"30. nedelja med letom - Salve","robots":{"index":"noindex","follow":"follow"},"og_locale":"en_US","og_type":"article","og_title":"30. nedelja med letom - Salve","og_description":"Gospod, re\u0161i svoje ljudstvo, Izraelov ostanek! V stari zavezi se Bog razodeva kot tisti, ki posameznika in ljudstva po\u0161ilja, vabi in jim naro\u010da, da naj sprejmejo in izvr\u0161ujejo njegovo voljo. \u010clove\u0161ka zgodovina poteka v \u010dasu in prostoru, ki nas vodi k Bogu. Bog pokli\u010de Abrahama naj zapusti svojo de\u017eelo in se poda na pot, ki...","og_url":"https:\/\/www.salve.si\/en\/nedeljska-meditacija\/30-nedelja-med-letom-2\/","og_site_name":"Salve","article_publisher":"https:\/\/www.facebook.com\/salve.si","article_published_time":"2021-10-23T08:04:00+00:00","article_modified_time":"2021-09-16T14:14:24+00:00","og_image":[{"width":1200,"height":630,"url":"https:\/\/www.salve.si\/wp-content\/uploads\/2026\/01\/salve-og1.jpg","type":"image\/jpeg"}],"author":"Andrej Baliga\u010d","twitter_card":"summary_large_image","twitter_misc":{"Written by":"Andrej Baliga\u010d","Est. reading time":"2 minutes"},"schema":{"@context":"https:\/\/schema.org","@graph":[{"@type":"Article","@id":"https:\/\/www.salve.si\/nedeljska-meditacija\/30-nedelja-med-letom-2\/#article","isPartOf":{"@id":"https:\/\/www.salve.si\/nedeljska-meditacija\/30-nedelja-med-letom-2\/"},"author":{"name":"Andrej Baliga\u010d","@id":"https:\/\/www.salve.si\/#\/schema\/person\/61121950f92f07895dc7ea08dc78ba82"},"headline":"30. nedelja med letom","datePublished":"2021-10-23T08:04:00+00:00","dateModified":"2021-09-16T14:14:24+00:00","mainEntityOfPage":{"@id":"https:\/\/www.salve.si\/nedeljska-meditacija\/30-nedelja-med-letom-2\/"},"wordCount":495,"publisher":{"@id":"https:\/\/www.salve.si\/#organization"},"keywords":["nedeljska meditacija"],"articleSection":["Leto B","Nedeljska meditacija"],"inLanguage":"en-US"},{"@type":"WebPage","@id":"https:\/\/www.salve.si\/nedeljska-meditacija\/30-nedelja-med-letom-2\/","url":"https:\/\/www.salve.si\/nedeljska-meditacija\/30-nedelja-med-letom-2\/","name":"30. nedelja med letom - Salve","isPartOf":{"@id":"https:\/\/www.salve.si\/#website"},"datePublished":"2021-10-23T08:04:00+00:00","dateModified":"2021-09-16T14:14:24+00:00","breadcrumb":{"@id":"https:\/\/www.salve.si\/nedeljska-meditacija\/30-nedelja-med-letom-2\/#breadcrumb"},"inLanguage":"en-US","potentialAction":[{"@type":"ReadAction","target":["https:\/\/www.salve.si\/nedeljska-meditacija\/30-nedelja-med-letom-2\/"]}]},{"@type":"BreadcrumbList","@id":"https:\/\/www.salve.si\/nedeljska-meditacija\/30-nedelja-med-letom-2\/#breadcrumb","itemListElement":[{"@type":"ListItem","position":1,"name":"Home","item":"https:\/\/www.salve.si\/"},{"@type":"ListItem","position":2,"name":"30. nedelja med letom"}]},{"@type":"WebSite","@id":"https:\/\/www.salve.si\/#website","url":"https:\/\/www.salve.si\/","name":"Salve","description":"Salezijanska zalo\u017eba","publisher":{"@id":"https:\/\/www.salve.si\/#organization"},"potentialAction":[{"@type":"SearchAction","target":{"@type":"EntryPoint","urlTemplate":"https:\/\/www.salve.si\/?s={search_term_string}"},"query-input":{"@type":"PropertyValueSpecification","valueRequired":true,"valueName":"search_term_string"}}],"inLanguage":"en-US"},{"@type":"Organization","@id":"https:\/\/www.salve.si\/#organization","name":"Salve d.o.o.","url":"https:\/\/www.salve.si\/","logo":{"@type":"ImageObject","inLanguage":"en-US","@id":"https:\/\/www.salve.si\/#\/schema\/logo\/image\/","url":"https:\/\/www.salve.si\/wp-content\/uploads\/2021\/01\/Salve_logo_modri_nov_web.png","contentUrl":"https:\/\/www.salve.si\/wp-content\/uploads\/2021\/01\/Salve_logo_modri_nov_web.png","width":279,"height":90,"caption":"Salve d.o.o."},"image":{"@id":"https:\/\/www.salve.si\/#\/schema\/logo\/image\/"},"sameAs":["https:\/\/www.facebook.com\/salve.si","https:\/\/www.instagram.com\/zalozbasalve\/","https:\/\/www.linkedin.com\/company\/zalozba-salve\/"]},{"@type":"Person","@id":"https:\/\/www.salve.si\/#\/schema\/person\/61121950f92f07895dc7ea08dc78ba82","name":"Andrej Baliga\u010d","sameAs":["https:\/\/www.salve.si"]}]}},"_links":{"self":[{"href":"https:\/\/www.salve.si\/en\/wp-json\/wp\/v2\/posts\/14715","targetHints":{"allow":["GET"]}}],"collection":[{"href":"https:\/\/www.salve.si\/en\/wp-json\/wp\/v2\/posts"}],"about":[{"href":"https:\/\/www.salve.si\/en\/wp-json\/wp\/v2\/types\/post"}],"author":[{"embeddable":true,"href":"https:\/\/www.salve.si\/en\/wp-json\/wp\/v2\/users\/1561"}],"replies":[{"embeddable":true,"href":"https:\/\/www.salve.si\/en\/wp-json\/wp\/v2\/comments?post=14715"}],"version-history":[{"count":4,"href":"https:\/\/www.salve.si\/en\/wp-json\/wp\/v2\/posts\/14715\/revisions"}],"predecessor-version":[{"id":14734,"href":"https:\/\/www.salve.si\/en\/wp-json\/wp\/v2\/posts\/14715\/revisions\/14734"}],"wp:attachment":[{"href":"https:\/\/www.salve.si\/en\/wp-json\/wp\/v2\/media?parent=14715"}],"wp:term":[{"taxonomy":"category","embeddable":true,"href":"https:\/\/www.salve.si\/en\/wp-json\/wp\/v2\/categories?post=14715"},{"taxonomy":"post_tag","embeddable":true,"href":"https:\/\/www.salve.si\/en\/wp-json\/wp\/v2\/tags?post=14715"}],"curies":[{"name":"wp","href":"https:\/\/api.w.org\/{rel}","templated":true}]}}