{"id":14712,"date":"2021-10-16T12:07:00","date_gmt":"2021-10-16T10:07:00","guid":{"rendered":"https:\/\/www.salve.si\/?p=14712"},"modified":"2021-09-16T16:03:51","modified_gmt":"2021-09-16T14:03:51","slug":"29-nedelja-med-letom-2","status":"publish","type":"post","link":"https:\/\/www.salve.si\/en\/nedeljska-meditacija\/29-nedelja-med-letom-2\/","title":{"rendered":"29. nedelja med letom"},"content":{"rendered":"<p><strong>Za muko svoje du\u0161e bo videl lu\u010d<\/strong><\/p><p>Kako da je prerok Izaija s tako veliko natan\u010dnostjo napovedal Jezusovo usodo? Je mar govoril tudi o sebi, pa o drugih prerokih, ki so trpeli zaradi svojega prero\u0161tva, recimo Ezekijel ali Jeremija, ki sta bila preroka v istem obdobju izraelskega naroda? Kristjani danes beremo ta odlomek v skladu z Jezusovo zgodbo in zato je na\u0161e branje verjetno preozko.<\/p><p>V Jezusovi zgodbi se uresni\u010dijo pradavne Bo\u017eje obljube in te niso vezane le na izvoljeni narod, ampak je v tej zgodbi vse \u010dlove\u0161tvo. Zato smemo re\u010di, da to, kar je doletelo Jezusa, \u010daka tudi nas. Svoje sre\u010de ne smemo iskati v varnem okolju, kjer bomo u\u017eivali, kajti \u017eivljenje je boj, v\u010dasih prava vojna in zato vsakdo nosi svoj kri\u017e. Odkar je Jezus visel na kri\u017eu, pa to trpljenje ni ve\u010d sramota, ampak blagoslov in izziv, da pogumno hodimo po tej poti.<\/p><p>Izaija in z njim vsi preroki, ki so trpeli za svoj narod, so skupaj z Jezusom prototip vseh zavr\u017eenih. Pape\u017eev pridigar, kardinal Rainero Cantalamessa meni, da tukaj ne gre toliko za dru\u017ebeni, ampak bolj duhovni vidik trpljenja: \u00bbTista smrt je odre\u0161ila svet od greha, Bo\u017ejo ljubezen je prinesla v najbolj oddaljeno in najtemnej\u0161o to\u010dko, kamor je \u010dlove\u0161tvo pobegnilo pred njim, to je v smrt. To ni pomembnej\u0161i smisel kri\u017ea, a je tisto, kar vsi, verni in neverni, lahko prepoznajo in sprejmejo.\u00ab To ni privilegij vernikov, ampak dedi\u0161\u010dina vsega \u010dlove\u0161tva. Kri\u017e vsebuje sporo\u010dilo tudi za tiste, ki se nahajajo na drugem bregu: mogo\u010dne\u017ei, vladarji vseh dr\u017eav in sistemov, vsi, ki se imajo za zmagovalce. \u00bbS svojim spoznanjem bo pravi\u010dni slu\u017eabnik mnoge opravi\u010dil, njihove krivde bo nalo\u017eil nase!\u00ab je bila Izaijeva izku\u0161nja. V ozadju je namre\u010d sporo\u010dilo ljubezni in zveli\u010danja, ne sovra\u0161tva in izdajstva. Ne smemo si zatiskati o\u010di pred dejstvom, da smo vsi vezani na isto usodo, vsi smo podvr\u017eeni istim zakonom in istim \u010dlove\u0161kim omejitvam. Zato nas trpljenje vseh pravi\u010dnih opozarja, da se ne smemo prepu\u0161\u010dati iluziji vsemogo\u010dnosti. Dovolj je pomisliti na polpreteklo zgodovino, da se zavemo, kako je ta nevarnost pogosta in kako vodi osebe in narode v katastrofo.<\/p><p>Cerkev je od svojega ustanovitelja Jezusa Kristusa dobila naro\u010dilo, naj je na strani revnih in slabotnih, naj je glas tistega, ki je brez glasu in, hvala Bogu, to tudi po\u010dne. Cerkev prina\u0161a lu\u010d, ki ne more ugasniti, ker je Bo\u017eja lu\u010d. Trpljenje ni \u017eivotarjenje v temni sobi, kajti sleherna soba ima vrata, skozi katera prihaja svetloba. To, da se v\u010dasih po\u010dutimo kot da bi bili v temi je samo ena od okoli\u0161\u010din zemeljskega \u017eivljenja. Zato odprimo vrata svojega \u017eivljenja na ste\u017eaj, da bo vsak dan v sobo na\u0161ega \u017eivljenja svetila Jezusova lu\u010d ve\u010dnega \u017eivljenja.<\/p><p><strong>Branko Bala\u017eic SDB<\/strong><\/p><span class=\"slv-content-keywords\"> Leto B Nedeljska meditacija <\/span>","protected":false},"excerpt":{"rendered":"<p>Za muko svoje du\u0161e bo videl lu\u010d Kako da je prerok Izaija s tako veliko natan\u010dnostjo napovedal Jezusovo usodo? Je mar govoril tudi o sebi, pa o drugih prerokih, ki so trpeli zaradi svojega prero\u0161tva, recimo Ezekijel ali Jeremija, ki sta bila preroka v istem obdobju izraelskega naroda? Kristjani danes beremo ta odlomek v skladu<a href=\"https:\/\/www.salve.si\/en\/nedeljska-meditacija\/29-nedelja-med-letom-2\/\">&#8230;<\/a><\/p>","protected":false},"author":1561,"featured_media":0,"comment_status":"closed","ping_status":"open","sticky":false,"template":"","format":"standard","meta":{"_acf_changed":false,"footnotes":""},"categories":[1035,925],"tags":[927],"class_list":["post-14712","post","type-post","status-publish","format-standard","hentry","category-leto-b","category-nedeljska-meditacija","tag-nedeljska-meditacija"],"acf":[],"yoast_head":"<!-- This site is optimized with the Yoast SEO plugin v23.8 - https:\/\/yoast.com\/wordpress\/plugins\/seo\/ -->\n<title>29. nedelja med letom - Salve<\/title>\n<meta name=\"robots\" content=\"noindex, follow\" \/>\n<meta property=\"og:locale\" content=\"en_US\" \/>\n<meta property=\"og:type\" content=\"article\" \/>\n<meta property=\"og:title\" content=\"29. nedelja med letom - Salve\" \/>\n<meta property=\"og:description\" content=\"Za muko svoje du\u0161e bo videl lu\u010d Kako da je prerok Izaija s tako veliko natan\u010dnostjo napovedal Jezusovo usodo? Je mar govoril tudi o sebi, pa o drugih prerokih, ki so trpeli zaradi svojega prero\u0161tva, recimo Ezekijel ali Jeremija, ki sta bila preroka v istem obdobju izraelskega naroda? Kristjani danes beremo ta odlomek v skladu...\" \/>\n<meta property=\"og:url\" content=\"https:\/\/www.salve.si\/en\/nedeljska-meditacija\/29-nedelja-med-letom-2\/\" \/>\n<meta property=\"og:site_name\" content=\"Salve\" \/>\n<meta property=\"article:publisher\" content=\"https:\/\/www.facebook.com\/salve.si\" \/>\n<meta property=\"article:published_time\" content=\"2021-10-16T10:07:00+00:00\" \/>\n<meta property=\"article:modified_time\" content=\"2021-09-16T14:03:51+00:00\" \/>\n<meta property=\"og:image\" content=\"https:\/\/www.salve.si\/wp-content\/uploads\/2026\/01\/salve-og1.jpg\" \/>\n\t<meta property=\"og:image:width\" content=\"1200\" \/>\n\t<meta property=\"og:image:height\" content=\"630\" \/>\n\t<meta property=\"og:image:type\" content=\"image\/jpeg\" \/>\n<meta name=\"author\" content=\"Andrej Baliga\u010d\" \/>\n<meta name=\"twitter:card\" content=\"summary_large_image\" \/>\n<meta name=\"twitter:label1\" content=\"Written by\" \/>\n\t<meta name=\"twitter:data1\" content=\"Andrej Baliga\u010d\" \/>\n\t<meta name=\"twitter:label2\" content=\"Est. reading time\" \/>\n\t<meta name=\"twitter:data2\" content=\"3 minutes\" \/>\n<script type=\"application\/ld+json\" class=\"yoast-schema-graph\">{\"@context\":\"https:\/\/schema.org\",\"@graph\":[{\"@type\":\"Article\",\"@id\":\"https:\/\/www.salve.si\/nedeljska-meditacija\/29-nedelja-med-letom-2\/#article\",\"isPartOf\":{\"@id\":\"https:\/\/www.salve.si\/nedeljska-meditacija\/29-nedelja-med-letom-2\/\"},\"author\":{\"name\":\"Andrej Baliga\u010d\",\"@id\":\"https:\/\/www.salve.si\/#\/schema\/person\/61121950f92f07895dc7ea08dc78ba82\"},\"headline\":\"29. nedelja med letom\",\"datePublished\":\"2021-10-16T10:07:00+00:00\",\"dateModified\":\"2021-09-16T14:03:51+00:00\",\"mainEntityOfPage\":{\"@id\":\"https:\/\/www.salve.si\/nedeljska-meditacija\/29-nedelja-med-letom-2\/\"},\"wordCount\":503,\"publisher\":{\"@id\":\"https:\/\/www.salve.si\/#organization\"},\"keywords\":[\"nedeljska meditacija\"],\"articleSection\":[\"Leto B\",\"Nedeljska meditacija\"],\"inLanguage\":\"en-US\"},{\"@type\":\"WebPage\",\"@id\":\"https:\/\/www.salve.si\/nedeljska-meditacija\/29-nedelja-med-letom-2\/\",\"url\":\"https:\/\/www.salve.si\/nedeljska-meditacija\/29-nedelja-med-letom-2\/\",\"name\":\"29. nedelja med letom - Salve\",\"isPartOf\":{\"@id\":\"https:\/\/www.salve.si\/#website\"},\"datePublished\":\"2021-10-16T10:07:00+00:00\",\"dateModified\":\"2021-09-16T14:03:51+00:00\",\"breadcrumb\":{\"@id\":\"https:\/\/www.salve.si\/nedeljska-meditacija\/29-nedelja-med-letom-2\/#breadcrumb\"},\"inLanguage\":\"en-US\",\"potentialAction\":[{\"@type\":\"ReadAction\",\"target\":[\"https:\/\/www.salve.si\/nedeljska-meditacija\/29-nedelja-med-letom-2\/\"]}]},{\"@type\":\"BreadcrumbList\",\"@id\":\"https:\/\/www.salve.si\/nedeljska-meditacija\/29-nedelja-med-letom-2\/#breadcrumb\",\"itemListElement\":[{\"@type\":\"ListItem\",\"position\":1,\"name\":\"Home\",\"item\":\"https:\/\/www.salve.si\/\"},{\"@type\":\"ListItem\",\"position\":2,\"name\":\"29. nedelja med letom\"}]},{\"@type\":\"WebSite\",\"@id\":\"https:\/\/www.salve.si\/#website\",\"url\":\"https:\/\/www.salve.si\/\",\"name\":\"Salve\",\"description\":\"Salezijanska zalo\u017eba\",\"publisher\":{\"@id\":\"https:\/\/www.salve.si\/#organization\"},\"potentialAction\":[{\"@type\":\"SearchAction\",\"target\":{\"@type\":\"EntryPoint\",\"urlTemplate\":\"https:\/\/www.salve.si\/?s={search_term_string}\"},\"query-input\":{\"@type\":\"PropertyValueSpecification\",\"valueRequired\":true,\"valueName\":\"search_term_string\"}}],\"inLanguage\":\"en-US\"},{\"@type\":\"Organization\",\"@id\":\"https:\/\/www.salve.si\/#organization\",\"name\":\"Salve d.o.o.\",\"url\":\"https:\/\/www.salve.si\/\",\"logo\":{\"@type\":\"ImageObject\",\"inLanguage\":\"en-US\",\"@id\":\"https:\/\/www.salve.si\/#\/schema\/logo\/image\/\",\"url\":\"https:\/\/www.salve.si\/wp-content\/uploads\/2021\/01\/Salve_logo_modri_nov_web.png\",\"contentUrl\":\"https:\/\/www.salve.si\/wp-content\/uploads\/2021\/01\/Salve_logo_modri_nov_web.png\",\"width\":279,\"height\":90,\"caption\":\"Salve d.o.o.\"},\"image\":{\"@id\":\"https:\/\/www.salve.si\/#\/schema\/logo\/image\/\"},\"sameAs\":[\"https:\/\/www.facebook.com\/salve.si\",\"https:\/\/www.instagram.com\/zalozbasalve\/\",\"https:\/\/www.linkedin.com\/company\/zalozba-salve\/\"]},{\"@type\":\"Person\",\"@id\":\"https:\/\/www.salve.si\/#\/schema\/person\/61121950f92f07895dc7ea08dc78ba82\",\"name\":\"Andrej Baliga\u010d\",\"sameAs\":[\"https:\/\/www.salve.si\"]}]}<\/script>\n<!-- \/ Yoast SEO plugin. -->","yoast_head_json":{"title":"29. nedelja med letom - Salve","robots":{"index":"noindex","follow":"follow"},"og_locale":"en_US","og_type":"article","og_title":"29. nedelja med letom - Salve","og_description":"Za muko svoje du\u0161e bo videl lu\u010d Kako da je prerok Izaija s tako veliko natan\u010dnostjo napovedal Jezusovo usodo? Je mar govoril tudi o sebi, pa o drugih prerokih, ki so trpeli zaradi svojega prero\u0161tva, recimo Ezekijel ali Jeremija, ki sta bila preroka v istem obdobju izraelskega naroda? Kristjani danes beremo ta odlomek v skladu...","og_url":"https:\/\/www.salve.si\/en\/nedeljska-meditacija\/29-nedelja-med-letom-2\/","og_site_name":"Salve","article_publisher":"https:\/\/www.facebook.com\/salve.si","article_published_time":"2021-10-16T10:07:00+00:00","article_modified_time":"2021-09-16T14:03:51+00:00","og_image":[{"width":1200,"height":630,"url":"https:\/\/www.salve.si\/wp-content\/uploads\/2026\/01\/salve-og1.jpg","type":"image\/jpeg"}],"author":"Andrej Baliga\u010d","twitter_card":"summary_large_image","twitter_misc":{"Written by":"Andrej Baliga\u010d","Est. reading time":"3 minutes"},"schema":{"@context":"https:\/\/schema.org","@graph":[{"@type":"Article","@id":"https:\/\/www.salve.si\/nedeljska-meditacija\/29-nedelja-med-letom-2\/#article","isPartOf":{"@id":"https:\/\/www.salve.si\/nedeljska-meditacija\/29-nedelja-med-letom-2\/"},"author":{"name":"Andrej Baliga\u010d","@id":"https:\/\/www.salve.si\/#\/schema\/person\/61121950f92f07895dc7ea08dc78ba82"},"headline":"29. nedelja med letom","datePublished":"2021-10-16T10:07:00+00:00","dateModified":"2021-09-16T14:03:51+00:00","mainEntityOfPage":{"@id":"https:\/\/www.salve.si\/nedeljska-meditacija\/29-nedelja-med-letom-2\/"},"wordCount":503,"publisher":{"@id":"https:\/\/www.salve.si\/#organization"},"keywords":["nedeljska meditacija"],"articleSection":["Leto B","Nedeljska meditacija"],"inLanguage":"en-US"},{"@type":"WebPage","@id":"https:\/\/www.salve.si\/nedeljska-meditacija\/29-nedelja-med-letom-2\/","url":"https:\/\/www.salve.si\/nedeljska-meditacija\/29-nedelja-med-letom-2\/","name":"29. nedelja med letom - Salve","isPartOf":{"@id":"https:\/\/www.salve.si\/#website"},"datePublished":"2021-10-16T10:07:00+00:00","dateModified":"2021-09-16T14:03:51+00:00","breadcrumb":{"@id":"https:\/\/www.salve.si\/nedeljska-meditacija\/29-nedelja-med-letom-2\/#breadcrumb"},"inLanguage":"en-US","potentialAction":[{"@type":"ReadAction","target":["https:\/\/www.salve.si\/nedeljska-meditacija\/29-nedelja-med-letom-2\/"]}]},{"@type":"BreadcrumbList","@id":"https:\/\/www.salve.si\/nedeljska-meditacija\/29-nedelja-med-letom-2\/#breadcrumb","itemListElement":[{"@type":"ListItem","position":1,"name":"Home","item":"https:\/\/www.salve.si\/"},{"@type":"ListItem","position":2,"name":"29. nedelja med letom"}]},{"@type":"WebSite","@id":"https:\/\/www.salve.si\/#website","url":"https:\/\/www.salve.si\/","name":"Salve","description":"Salezijanska zalo\u017eba","publisher":{"@id":"https:\/\/www.salve.si\/#organization"},"potentialAction":[{"@type":"SearchAction","target":{"@type":"EntryPoint","urlTemplate":"https:\/\/www.salve.si\/?s={search_term_string}"},"query-input":{"@type":"PropertyValueSpecification","valueRequired":true,"valueName":"search_term_string"}}],"inLanguage":"en-US"},{"@type":"Organization","@id":"https:\/\/www.salve.si\/#organization","name":"Salve d.o.o.","url":"https:\/\/www.salve.si\/","logo":{"@type":"ImageObject","inLanguage":"en-US","@id":"https:\/\/www.salve.si\/#\/schema\/logo\/image\/","url":"https:\/\/www.salve.si\/wp-content\/uploads\/2021\/01\/Salve_logo_modri_nov_web.png","contentUrl":"https:\/\/www.salve.si\/wp-content\/uploads\/2021\/01\/Salve_logo_modri_nov_web.png","width":279,"height":90,"caption":"Salve d.o.o."},"image":{"@id":"https:\/\/www.salve.si\/#\/schema\/logo\/image\/"},"sameAs":["https:\/\/www.facebook.com\/salve.si","https:\/\/www.instagram.com\/zalozbasalve\/","https:\/\/www.linkedin.com\/company\/zalozba-salve\/"]},{"@type":"Person","@id":"https:\/\/www.salve.si\/#\/schema\/person\/61121950f92f07895dc7ea08dc78ba82","name":"Andrej Baliga\u010d","sameAs":["https:\/\/www.salve.si"]}]}},"_links":{"self":[{"href":"https:\/\/www.salve.si\/en\/wp-json\/wp\/v2\/posts\/14712","targetHints":{"allow":["GET"]}}],"collection":[{"href":"https:\/\/www.salve.si\/en\/wp-json\/wp\/v2\/posts"}],"about":[{"href":"https:\/\/www.salve.si\/en\/wp-json\/wp\/v2\/types\/post"}],"author":[{"embeddable":true,"href":"https:\/\/www.salve.si\/en\/wp-json\/wp\/v2\/users\/1561"}],"replies":[{"embeddable":true,"href":"https:\/\/www.salve.si\/en\/wp-json\/wp\/v2\/comments?post=14712"}],"version-history":[{"count":2,"href":"https:\/\/www.salve.si\/en\/wp-json\/wp\/v2\/posts\/14712\/revisions"}],"predecessor-version":[{"id":14714,"href":"https:\/\/www.salve.si\/en\/wp-json\/wp\/v2\/posts\/14712\/revisions\/14714"}],"wp:attachment":[{"href":"https:\/\/www.salve.si\/en\/wp-json\/wp\/v2\/media?parent=14712"}],"wp:term":[{"taxonomy":"category","embeddable":true,"href":"https:\/\/www.salve.si\/en\/wp-json\/wp\/v2\/categories?post=14712"},{"taxonomy":"post_tag","embeddable":true,"href":"https:\/\/www.salve.si\/en\/wp-json\/wp\/v2\/tags?post=14712"}],"curies":[{"name":"wp","href":"https:\/\/api.w.org\/{rel}","templated":true}]}}