{"id":14708,"date":"2021-10-09T12:06:00","date_gmt":"2021-10-09T10:06:00","guid":{"rendered":"https:\/\/www.salve.si\/?p=14708"},"modified":"2021-09-16T12:07:31","modified_gmt":"2021-09-16T10:07:31","slug":"28-nedelja-med-letom-2","status":"publish","type":"post","link":"https:\/\/www.salve.si\/en\/nedeljska-meditacija\/28-nedelja-med-letom-2\/","title":{"rendered":"28. nedelja med letom"},"content":{"rendered":"<p><strong>Molil sem in dana mi je bila preudarnost<\/strong><\/p><p>\u00bbMolil sem in dana mi je bila preudarnost, klical sem in name je pri\u0161el duh modrosti!\u00ab nas pou\u010duje pisatelj Knjige modrosti. On se je zavedal, da je njegova preudarnost in pravilnost glede odlo\u010ditev povezana z molitvijo oziroma je Bo\u017eji dar. Vse, kar imam, tudi moj razum, je sad Bo\u017eje ljubezni. Brez te zavesti in poni\u017ene hvale\u017enosti, je sleherna znanost predrzno in napuhnjeno razkazovanje.<\/p><p>Vsakdo ima svoje razloge, zakaj moli in zato vsakdo moli po svoje. Kak\u0161en skeptik lahko hitro ugovarja: \u00bbKaj imam od molitve? Kak\u0161no bogastvo prejmem, \u010de molim?\u00ab Tak\u0161ni ugovori so sicer pogosti, a ni\u010d ne povedo o razlogih, zakaj kdo moli. \u010ce jemljem molitev kot dol\u017enost, ne bom videl nobenega u\u010dinka svoje molitve. Moli\u0161 navadno takrat, ko ima\u0161 te\u017eave zaradi odnosov v dru\u017eini, zaradi strahu pred smrtjo in staranjem, ker ne vidi\u0161 smisla svojega \u017eivljenja, ker si nesre\u010den v ljubezni, ker si osamljen. Torej ne moli\u0161 zato, ker je to lepo in prav, ker kot kristjan mora\u0161 moliti, temve\u010d moli\u0161, ker ima\u0161 te\u017eave in se jih \u017eeli\u0161 znebiti.<\/p><p>Oseba, ki ima za seboj veliko te\u017ekih preizku\u0161enj, je zapisala: \u00bbKo se pojavi te\u017eava, ki me bremeni, ko do\u017eivljam, navadno nezavedno, posledice kak\u0161ne obremenjujo\u010de izku\u0161nje, \u010deprav te izku\u0161nje niti ne znam opisati in je ne znam ne \u010dasovno ne prostorsko opredeliti, je prvo, kar naredim, molitev, navadno z besedami: &#8216;Gospod, izro\u010dam ti to nemo\u010d, nelagodje, potrtost, vznemirjenost, jezo, ma\u0161\u010devalnost. Gospod, ti ve\u0161, da tega, kar ta trenutek ob\u010dutim, ne razumem v celoti, ne vem, kako se bo zaplet kon\u010dal, ne vem, ali bom iz te\u017eave iz\u0161el kot zmagovalec, ali pora\u017eenec. Vse, kar ob\u010dutim je preve\u010d zapleteno, da bi lahko analiziral in nato nadziral. Gospod, vem, kako nesmiselno je upati, da bi to, kar \u017eelim komu povedati v zagovor ali pojasnilo, u\u010dinkovalo. Vem, da ni\u010d, kar bom rekel, ne bo delovalo, da prilo\u017enosti, da bi kaj rekel, sploh ne bom imel, da bo na drugi strani molk, za\u010dudenje, da se bo tisti, ki bi mu hotel kaj re\u010di, po\u010dutil \u017ertev in ne povzro\u010ditelj krivice \u2026&#8217;\u00ab<\/p><p>Zakaj so negativne izku\u0161nje izhodi\u0161\u010de molitve? Ker ne molim zaradi Boga, ampak zaradi sebe, kajti Bog ne potrebuje mojih molitev. Jaz potrebujem Boga in njegovo usmiljenje. Zaradi Boga molitev sploh nima nobenega pomena. Molitev potrebujem jaz, da se znebim svojih te\u017eav in se sprijaznim s te\u017ekimi izku\u0161njami. Jezus je moj odre\u0161enik, on je popoln in njegovi slavi ne morem ni\u010desar dodati. Zato ga slavim s tem, da mu priznam svojo nemo\u010d in se mu zahvaljujem za njegovo usmiljenje in mo\u010d, ki jo od njega prejemam.<\/p><p><strong>Branko Bala\u017eic SDB<\/strong><\/p><p><\/p><span class=\"slv-content-keywords\"> Leto B Nedeljska meditacija <\/span>","protected":false},"excerpt":{"rendered":"<p>Molil sem in dana mi je bila preudarnost \u00bbMolil sem in dana mi je bila preudarnost, klical sem in name je pri\u0161el duh modrosti!\u00ab nas pou\u010duje pisatelj Knjige modrosti. On se je zavedal, da je njegova preudarnost in pravilnost glede odlo\u010ditev povezana z molitvijo oziroma je Bo\u017eji dar. Vse, kar imam, tudi moj razum, je<a href=\"https:\/\/www.salve.si\/en\/nedeljska-meditacija\/28-nedelja-med-letom-2\/\">&#8230;<\/a><\/p>","protected":false},"author":1561,"featured_media":0,"comment_status":"closed","ping_status":"open","sticky":false,"template":"","format":"standard","meta":{"_acf_changed":false,"footnotes":""},"categories":[1035,925],"tags":[927],"class_list":["post-14708","post","type-post","status-publish","format-standard","hentry","category-leto-b","category-nedeljska-meditacija","tag-nedeljska-meditacija"],"acf":[],"yoast_head":"<!-- This site is optimized with the Yoast SEO plugin v23.8 - https:\/\/yoast.com\/wordpress\/plugins\/seo\/ -->\n<title>28. nedelja med letom - Salve<\/title>\n<meta name=\"robots\" content=\"noindex, follow\" \/>\n<meta property=\"og:locale\" content=\"en_US\" \/>\n<meta property=\"og:type\" content=\"article\" \/>\n<meta property=\"og:title\" content=\"28. nedelja med letom - Salve\" \/>\n<meta property=\"og:description\" content=\"Molil sem in dana mi je bila preudarnost \u00bbMolil sem in dana mi je bila preudarnost, klical sem in name je pri\u0161el duh modrosti!\u00ab nas pou\u010duje pisatelj Knjige modrosti. On se je zavedal, da je njegova preudarnost in pravilnost glede odlo\u010ditev povezana z molitvijo oziroma je Bo\u017eji dar. Vse, kar imam, tudi moj razum, je...\" \/>\n<meta property=\"og:url\" content=\"https:\/\/www.salve.si\/en\/nedeljska-meditacija\/28-nedelja-med-letom-2\/\" \/>\n<meta property=\"og:site_name\" content=\"Salve\" \/>\n<meta property=\"article:publisher\" content=\"https:\/\/www.facebook.com\/salve.si\" \/>\n<meta property=\"article:published_time\" content=\"2021-10-09T10:06:00+00:00\" \/>\n<meta property=\"article:modified_time\" content=\"2021-09-16T10:07:31+00:00\" \/>\n<meta property=\"og:image\" content=\"https:\/\/www.salve.si\/wp-content\/uploads\/2026\/01\/salve-og1.jpg\" \/>\n\t<meta property=\"og:image:width\" content=\"1200\" \/>\n\t<meta property=\"og:image:height\" content=\"630\" \/>\n\t<meta property=\"og:image:type\" content=\"image\/jpeg\" \/>\n<meta name=\"author\" content=\"Andrej Baliga\u010d\" \/>\n<meta name=\"twitter:card\" content=\"summary_large_image\" \/>\n<meta name=\"twitter:label1\" content=\"Written by\" \/>\n\t<meta name=\"twitter:data1\" content=\"Andrej Baliga\u010d\" \/>\n\t<meta name=\"twitter:label2\" content=\"Est. reading time\" \/>\n\t<meta name=\"twitter:data2\" content=\"2 minutes\" \/>\n<script type=\"application\/ld+json\" class=\"yoast-schema-graph\">{\"@context\":\"https:\/\/schema.org\",\"@graph\":[{\"@type\":\"Article\",\"@id\":\"https:\/\/www.salve.si\/nedeljska-meditacija\/28-nedelja-med-letom-2\/#article\",\"isPartOf\":{\"@id\":\"https:\/\/www.salve.si\/nedeljska-meditacija\/28-nedelja-med-letom-2\/\"},\"author\":{\"name\":\"Andrej Baliga\u010d\",\"@id\":\"https:\/\/www.salve.si\/#\/schema\/person\/61121950f92f07895dc7ea08dc78ba82\"},\"headline\":\"28. nedelja med letom\",\"datePublished\":\"2021-10-09T10:06:00+00:00\",\"dateModified\":\"2021-09-16T10:07:31+00:00\",\"mainEntityOfPage\":{\"@id\":\"https:\/\/www.salve.si\/nedeljska-meditacija\/28-nedelja-med-letom-2\/\"},\"wordCount\":483,\"publisher\":{\"@id\":\"https:\/\/www.salve.si\/#organization\"},\"keywords\":[\"nedeljska meditacija\"],\"articleSection\":[\"Leto B\",\"Nedeljska meditacija\"],\"inLanguage\":\"en-US\"},{\"@type\":\"WebPage\",\"@id\":\"https:\/\/www.salve.si\/nedeljska-meditacija\/28-nedelja-med-letom-2\/\",\"url\":\"https:\/\/www.salve.si\/nedeljska-meditacija\/28-nedelja-med-letom-2\/\",\"name\":\"28. nedelja med letom - Salve\",\"isPartOf\":{\"@id\":\"https:\/\/www.salve.si\/#website\"},\"datePublished\":\"2021-10-09T10:06:00+00:00\",\"dateModified\":\"2021-09-16T10:07:31+00:00\",\"breadcrumb\":{\"@id\":\"https:\/\/www.salve.si\/nedeljska-meditacija\/28-nedelja-med-letom-2\/#breadcrumb\"},\"inLanguage\":\"en-US\",\"potentialAction\":[{\"@type\":\"ReadAction\",\"target\":[\"https:\/\/www.salve.si\/nedeljska-meditacija\/28-nedelja-med-letom-2\/\"]}]},{\"@type\":\"BreadcrumbList\",\"@id\":\"https:\/\/www.salve.si\/nedeljska-meditacija\/28-nedelja-med-letom-2\/#breadcrumb\",\"itemListElement\":[{\"@type\":\"ListItem\",\"position\":1,\"name\":\"Home\",\"item\":\"https:\/\/www.salve.si\/\"},{\"@type\":\"ListItem\",\"position\":2,\"name\":\"28. nedelja med letom\"}]},{\"@type\":\"WebSite\",\"@id\":\"https:\/\/www.salve.si\/#website\",\"url\":\"https:\/\/www.salve.si\/\",\"name\":\"Salve\",\"description\":\"Salezijanska zalo\u017eba\",\"publisher\":{\"@id\":\"https:\/\/www.salve.si\/#organization\"},\"potentialAction\":[{\"@type\":\"SearchAction\",\"target\":{\"@type\":\"EntryPoint\",\"urlTemplate\":\"https:\/\/www.salve.si\/?s={search_term_string}\"},\"query-input\":{\"@type\":\"PropertyValueSpecification\",\"valueRequired\":true,\"valueName\":\"search_term_string\"}}],\"inLanguage\":\"en-US\"},{\"@type\":\"Organization\",\"@id\":\"https:\/\/www.salve.si\/#organization\",\"name\":\"Salve d.o.o.\",\"url\":\"https:\/\/www.salve.si\/\",\"logo\":{\"@type\":\"ImageObject\",\"inLanguage\":\"en-US\",\"@id\":\"https:\/\/www.salve.si\/#\/schema\/logo\/image\/\",\"url\":\"https:\/\/www.salve.si\/wp-content\/uploads\/2021\/01\/Salve_logo_modri_nov_web.png\",\"contentUrl\":\"https:\/\/www.salve.si\/wp-content\/uploads\/2021\/01\/Salve_logo_modri_nov_web.png\",\"width\":279,\"height\":90,\"caption\":\"Salve d.o.o.\"},\"image\":{\"@id\":\"https:\/\/www.salve.si\/#\/schema\/logo\/image\/\"},\"sameAs\":[\"https:\/\/www.facebook.com\/salve.si\",\"https:\/\/www.instagram.com\/zalozbasalve\/\",\"https:\/\/www.linkedin.com\/company\/zalozba-salve\/\"]},{\"@type\":\"Person\",\"@id\":\"https:\/\/www.salve.si\/#\/schema\/person\/61121950f92f07895dc7ea08dc78ba82\",\"name\":\"Andrej Baliga\u010d\",\"sameAs\":[\"https:\/\/www.salve.si\"]}]}<\/script>\n<!-- \/ Yoast SEO plugin. -->","yoast_head_json":{"title":"28. nedelja med letom - Salve","robots":{"index":"noindex","follow":"follow"},"og_locale":"en_US","og_type":"article","og_title":"28. nedelja med letom - Salve","og_description":"Molil sem in dana mi je bila preudarnost \u00bbMolil sem in dana mi je bila preudarnost, klical sem in name je pri\u0161el duh modrosti!\u00ab nas pou\u010duje pisatelj Knjige modrosti. On se je zavedal, da je njegova preudarnost in pravilnost glede odlo\u010ditev povezana z molitvijo oziroma je Bo\u017eji dar. Vse, kar imam, tudi moj razum, je...","og_url":"https:\/\/www.salve.si\/en\/nedeljska-meditacija\/28-nedelja-med-letom-2\/","og_site_name":"Salve","article_publisher":"https:\/\/www.facebook.com\/salve.si","article_published_time":"2021-10-09T10:06:00+00:00","article_modified_time":"2021-09-16T10:07:31+00:00","og_image":[{"width":1200,"height":630,"url":"https:\/\/www.salve.si\/wp-content\/uploads\/2026\/01\/salve-og1.jpg","type":"image\/jpeg"}],"author":"Andrej Baliga\u010d","twitter_card":"summary_large_image","twitter_misc":{"Written by":"Andrej Baliga\u010d","Est. reading time":"2 minutes"},"schema":{"@context":"https:\/\/schema.org","@graph":[{"@type":"Article","@id":"https:\/\/www.salve.si\/nedeljska-meditacija\/28-nedelja-med-letom-2\/#article","isPartOf":{"@id":"https:\/\/www.salve.si\/nedeljska-meditacija\/28-nedelja-med-letom-2\/"},"author":{"name":"Andrej Baliga\u010d","@id":"https:\/\/www.salve.si\/#\/schema\/person\/61121950f92f07895dc7ea08dc78ba82"},"headline":"28. nedelja med letom","datePublished":"2021-10-09T10:06:00+00:00","dateModified":"2021-09-16T10:07:31+00:00","mainEntityOfPage":{"@id":"https:\/\/www.salve.si\/nedeljska-meditacija\/28-nedelja-med-letom-2\/"},"wordCount":483,"publisher":{"@id":"https:\/\/www.salve.si\/#organization"},"keywords":["nedeljska meditacija"],"articleSection":["Leto B","Nedeljska meditacija"],"inLanguage":"en-US"},{"@type":"WebPage","@id":"https:\/\/www.salve.si\/nedeljska-meditacija\/28-nedelja-med-letom-2\/","url":"https:\/\/www.salve.si\/nedeljska-meditacija\/28-nedelja-med-letom-2\/","name":"28. nedelja med letom - Salve","isPartOf":{"@id":"https:\/\/www.salve.si\/#website"},"datePublished":"2021-10-09T10:06:00+00:00","dateModified":"2021-09-16T10:07:31+00:00","breadcrumb":{"@id":"https:\/\/www.salve.si\/nedeljska-meditacija\/28-nedelja-med-letom-2\/#breadcrumb"},"inLanguage":"en-US","potentialAction":[{"@type":"ReadAction","target":["https:\/\/www.salve.si\/nedeljska-meditacija\/28-nedelja-med-letom-2\/"]}]},{"@type":"BreadcrumbList","@id":"https:\/\/www.salve.si\/nedeljska-meditacija\/28-nedelja-med-letom-2\/#breadcrumb","itemListElement":[{"@type":"ListItem","position":1,"name":"Home","item":"https:\/\/www.salve.si\/"},{"@type":"ListItem","position":2,"name":"28. nedelja med letom"}]},{"@type":"WebSite","@id":"https:\/\/www.salve.si\/#website","url":"https:\/\/www.salve.si\/","name":"Salve","description":"Salezijanska zalo\u017eba","publisher":{"@id":"https:\/\/www.salve.si\/#organization"},"potentialAction":[{"@type":"SearchAction","target":{"@type":"EntryPoint","urlTemplate":"https:\/\/www.salve.si\/?s={search_term_string}"},"query-input":{"@type":"PropertyValueSpecification","valueRequired":true,"valueName":"search_term_string"}}],"inLanguage":"en-US"},{"@type":"Organization","@id":"https:\/\/www.salve.si\/#organization","name":"Salve d.o.o.","url":"https:\/\/www.salve.si\/","logo":{"@type":"ImageObject","inLanguage":"en-US","@id":"https:\/\/www.salve.si\/#\/schema\/logo\/image\/","url":"https:\/\/www.salve.si\/wp-content\/uploads\/2021\/01\/Salve_logo_modri_nov_web.png","contentUrl":"https:\/\/www.salve.si\/wp-content\/uploads\/2021\/01\/Salve_logo_modri_nov_web.png","width":279,"height":90,"caption":"Salve d.o.o."},"image":{"@id":"https:\/\/www.salve.si\/#\/schema\/logo\/image\/"},"sameAs":["https:\/\/www.facebook.com\/salve.si","https:\/\/www.instagram.com\/zalozbasalve\/","https:\/\/www.linkedin.com\/company\/zalozba-salve\/"]},{"@type":"Person","@id":"https:\/\/www.salve.si\/#\/schema\/person\/61121950f92f07895dc7ea08dc78ba82","name":"Andrej Baliga\u010d","sameAs":["https:\/\/www.salve.si"]}]}},"_links":{"self":[{"href":"https:\/\/www.salve.si\/en\/wp-json\/wp\/v2\/posts\/14708","targetHints":{"allow":["GET"]}}],"collection":[{"href":"https:\/\/www.salve.si\/en\/wp-json\/wp\/v2\/posts"}],"about":[{"href":"https:\/\/www.salve.si\/en\/wp-json\/wp\/v2\/types\/post"}],"author":[{"embeddable":true,"href":"https:\/\/www.salve.si\/en\/wp-json\/wp\/v2\/users\/1561"}],"replies":[{"embeddable":true,"href":"https:\/\/www.salve.si\/en\/wp-json\/wp\/v2\/comments?post=14708"}],"version-history":[{"count":3,"href":"https:\/\/www.salve.si\/en\/wp-json\/wp\/v2\/posts\/14708\/revisions"}],"predecessor-version":[{"id":14711,"href":"https:\/\/www.salve.si\/en\/wp-json\/wp\/v2\/posts\/14708\/revisions\/14711"}],"wp:attachment":[{"href":"https:\/\/www.salve.si\/en\/wp-json\/wp\/v2\/media?parent=14708"}],"wp:term":[{"taxonomy":"category","embeddable":true,"href":"https:\/\/www.salve.si\/en\/wp-json\/wp\/v2\/categories?post=14708"},{"taxonomy":"post_tag","embeddable":true,"href":"https:\/\/www.salve.si\/en\/wp-json\/wp\/v2\/tags?post=14708"}],"curies":[{"name":"wp","href":"https:\/\/api.w.org\/{rel}","templated":true}]}}