{"id":14705,"date":"2021-10-02T12:04:00","date_gmt":"2021-10-02T10:04:00","guid":{"rendered":"https:\/\/www.salve.si\/?p=14705"},"modified":"2021-09-16T12:05:35","modified_gmt":"2021-09-16T10:05:35","slug":"27-nedelja-med-letom-2","status":"publish","type":"post","link":"https:\/\/www.salve.si\/en\/nedeljska-meditacija\/27-nedelja-med-letom-2\/","title":{"rendered":"27. nedelja med letom"},"content":{"rendered":"<p><strong>To je kon\u010dno kost iz mojih kosti<\/strong><\/p><p>V prve berilu to nedeljo beremo: \u00bbGospod Bog je tedaj storil, da je na \u010dloveka leglo trdno spanje in je zaspal. Vzel je eno njegovih reber in tisto mesto napolnil z mesom. Gospod Bog je iz rebra, ki ga je vzel \u010dloveku, naredil \u017eeno in jo pripeljal k \u010dloveku. Tedaj je \u010dlovek rekel: &#8216;To je kon\u010dno kost iz mojih kosti in meso iz mojega mesa; ta se bo imenovala m\u00f3\u017einja, kajti ta je vzeta iz mo\u017ea.&#8217;\u00ab<\/p><p>V Svetem pismu sta dve poro\u010dili o stvarjenju \u010dloveka. V prvem je stvarjenje \u010dloveka opisano v sklopu stvarjenja sveta, v drugem poro\u010dilu pa je Adam ustvarjen prvi in je Eva ustvarjena iz njegovega rebra. Prva naj bi nastala leta 950 pred Kristusom, druga pa okrog leta 530. Pripoved o stvarjenju Eve je torej 400 let mlaj\u0161a in nekateri menijo, da je to neke vrste \u00bbpred-izvirni greh\u00ab, ker naj bi razkrival gospodovanje mo\u0161kega nad \u017eensko.<\/p><p>Bibli\u010dni strokovnjaki dopu\u0161\u010dajo dve razlagi: po prvi Adam opa\u017ea podobnost med seboj in v novim bitjem v strukturi \u2013 Eva je iz njegove kosti \u2013 in v materiji \u2013 ima enako telo kot je njegovo in zato se bo imenovala m\u00f3\u017einja, ker je vzeta iz mo\u017ea. Po drugi razlagi pa je Adam normativ za \u010dlove\u0161kost in temu normativu odgovarja tudi \u017eenska. Prva razlaga napeljuje na enakost med spoloma, druga pa govori o neki mehki varianti \u017eenske manjvrednosti. Ve\u010dina razlagalcev sprejema prvo varianto, saj je treba zgodbo o stvarjenju Eve brati kot odgovor na prvotno mo\u0161ko samoto oziroma samskost. Tako dobi mo\u0161ka samota z Evo sre\u010dni konec.<\/p><p>Ko je Bog ustvaril Evo, je ni pustil za grmom ali v bli\u017enji votlini, in ni naro\u010dil Adamu, naj jo i\u0161\u010de in se zanjo trudi. Ne, njegova zamisel je bila druga\u010dna: Bog je Evo sam pripeljal k Adamu in mu jo izro\u010dil. Ko jo je Adam zagledal, je zavriskal od veselja in rekel: &#8220;To je kon\u010dno kost iz mojih kosti in meso iz mojega mesa; ta se bo imenovala m\u00f3\u017einja, kajti ta je vzeta iz mo\u017ea.\u00ab Adam je po Evi \u017ee dolgo \u010dasa hrepenel, ker je bil zelo osamljen in je potreboval nekoga, s kom se bo lahko pogovarjal in z njim delil svoje ob\u010dutke in pri\u010dakovanja. \u010cutil je, da je njegovo \u017eivljenje brez smisla, \u010de ga ne more s kom deliti. Zavedal se je, da mora samega sebe podarjati njemu podobni osebi, ki bi bila sposobna njegovo ljubezen sprejemati in mu jo vra\u010dati. Gre za svobodno podarjanje, kajti ljubezni si ne moremo zaslu\u017eiti, ne moremo je izsiliti, niti je ne moremo od nikogar zahtevati. Lahko jo sami darujemo in tisto, ki je nam svobodno darovana, s hvale\u017enostjo sprejmemo.<\/p><p><strong>Branko Bala\u017eic SDB<\/strong><\/p><span class=\"slv-content-keywords\"> Leto B Nedeljska meditacija <\/span>","protected":false},"excerpt":{"rendered":"<p>To je kon\u010dno kost iz mojih kosti V prve berilu to nedeljo beremo: \u00bbGospod Bog je tedaj storil, da je na \u010dloveka leglo trdno spanje in je zaspal. Vzel je eno njegovih reber in tisto mesto napolnil z mesom. Gospod Bog je iz rebra, ki ga je vzel \u010dloveku, naredil \u017eeno in jo pripeljal k<a href=\"https:\/\/www.salve.si\/en\/nedeljska-meditacija\/27-nedelja-med-letom-2\/\">&#8230;<\/a><\/p>","protected":false},"author":1561,"featured_media":0,"comment_status":"closed","ping_status":"open","sticky":false,"template":"","format":"standard","meta":{"_acf_changed":false,"footnotes":""},"categories":[1035,925],"tags":[927],"class_list":["post-14705","post","type-post","status-publish","format-standard","hentry","category-leto-b","category-nedeljska-meditacija","tag-nedeljska-meditacija"],"acf":[],"yoast_head":"<!-- This site is optimized with the Yoast SEO plugin v23.8 - https:\/\/yoast.com\/wordpress\/plugins\/seo\/ -->\n<title>27. nedelja med letom - Salve<\/title>\n<meta name=\"robots\" content=\"noindex, follow\" \/>\n<meta property=\"og:locale\" content=\"en_US\" \/>\n<meta property=\"og:type\" content=\"article\" \/>\n<meta property=\"og:title\" content=\"27. nedelja med letom - Salve\" \/>\n<meta property=\"og:description\" content=\"To je kon\u010dno kost iz mojih kosti V prve berilu to nedeljo beremo: \u00bbGospod Bog je tedaj storil, da je na \u010dloveka leglo trdno spanje in je zaspal. Vzel je eno njegovih reber in tisto mesto napolnil z mesom. Gospod Bog je iz rebra, ki ga je vzel \u010dloveku, naredil \u017eeno in jo pripeljal k...\" \/>\n<meta property=\"og:url\" content=\"https:\/\/www.salve.si\/en\/nedeljska-meditacija\/27-nedelja-med-letom-2\/\" \/>\n<meta property=\"og:site_name\" content=\"Salve\" \/>\n<meta property=\"article:publisher\" content=\"https:\/\/www.facebook.com\/salve.si\" \/>\n<meta property=\"article:published_time\" content=\"2021-10-02T10:04:00+00:00\" \/>\n<meta property=\"article:modified_time\" content=\"2021-09-16T10:05:35+00:00\" \/>\n<meta property=\"og:image\" content=\"https:\/\/www.salve.si\/wp-content\/uploads\/2026\/01\/salve-og1.jpg\" \/>\n\t<meta property=\"og:image:width\" content=\"1200\" \/>\n\t<meta property=\"og:image:height\" content=\"630\" \/>\n\t<meta property=\"og:image:type\" content=\"image\/jpeg\" \/>\n<meta name=\"author\" content=\"Andrej Baliga\u010d\" \/>\n<meta name=\"twitter:card\" content=\"summary_large_image\" \/>\n<meta name=\"twitter:label1\" content=\"Written by\" \/>\n\t<meta name=\"twitter:data1\" content=\"Andrej Baliga\u010d\" \/>\n\t<meta name=\"twitter:label2\" content=\"Est. reading time\" \/>\n\t<meta name=\"twitter:data2\" content=\"2 minutes\" \/>\n<script type=\"application\/ld+json\" class=\"yoast-schema-graph\">{\"@context\":\"https:\/\/schema.org\",\"@graph\":[{\"@type\":\"Article\",\"@id\":\"https:\/\/www.salve.si\/nedeljska-meditacija\/27-nedelja-med-letom-2\/#article\",\"isPartOf\":{\"@id\":\"https:\/\/www.salve.si\/nedeljska-meditacija\/27-nedelja-med-letom-2\/\"},\"author\":{\"name\":\"Andrej Baliga\u010d\",\"@id\":\"https:\/\/www.salve.si\/#\/schema\/person\/61121950f92f07895dc7ea08dc78ba82\"},\"headline\":\"27. nedelja med letom\",\"datePublished\":\"2021-10-02T10:04:00+00:00\",\"dateModified\":\"2021-09-16T10:05:35+00:00\",\"mainEntityOfPage\":{\"@id\":\"https:\/\/www.salve.si\/nedeljska-meditacija\/27-nedelja-med-letom-2\/\"},\"wordCount\":479,\"publisher\":{\"@id\":\"https:\/\/www.salve.si\/#organization\"},\"keywords\":[\"nedeljska meditacija\"],\"articleSection\":[\"Leto B\",\"Nedeljska meditacija\"],\"inLanguage\":\"en-US\"},{\"@type\":\"WebPage\",\"@id\":\"https:\/\/www.salve.si\/nedeljska-meditacija\/27-nedelja-med-letom-2\/\",\"url\":\"https:\/\/www.salve.si\/nedeljska-meditacija\/27-nedelja-med-letom-2\/\",\"name\":\"27. nedelja med letom - Salve\",\"isPartOf\":{\"@id\":\"https:\/\/www.salve.si\/#website\"},\"datePublished\":\"2021-10-02T10:04:00+00:00\",\"dateModified\":\"2021-09-16T10:05:35+00:00\",\"breadcrumb\":{\"@id\":\"https:\/\/www.salve.si\/nedeljska-meditacija\/27-nedelja-med-letom-2\/#breadcrumb\"},\"inLanguage\":\"en-US\",\"potentialAction\":[{\"@type\":\"ReadAction\",\"target\":[\"https:\/\/www.salve.si\/nedeljska-meditacija\/27-nedelja-med-letom-2\/\"]}]},{\"@type\":\"BreadcrumbList\",\"@id\":\"https:\/\/www.salve.si\/nedeljska-meditacija\/27-nedelja-med-letom-2\/#breadcrumb\",\"itemListElement\":[{\"@type\":\"ListItem\",\"position\":1,\"name\":\"Home\",\"item\":\"https:\/\/www.salve.si\/\"},{\"@type\":\"ListItem\",\"position\":2,\"name\":\"27. nedelja med letom\"}]},{\"@type\":\"WebSite\",\"@id\":\"https:\/\/www.salve.si\/#website\",\"url\":\"https:\/\/www.salve.si\/\",\"name\":\"Salve\",\"description\":\"Salezijanska zalo\u017eba\",\"publisher\":{\"@id\":\"https:\/\/www.salve.si\/#organization\"},\"potentialAction\":[{\"@type\":\"SearchAction\",\"target\":{\"@type\":\"EntryPoint\",\"urlTemplate\":\"https:\/\/www.salve.si\/?s={search_term_string}\"},\"query-input\":{\"@type\":\"PropertyValueSpecification\",\"valueRequired\":true,\"valueName\":\"search_term_string\"}}],\"inLanguage\":\"en-US\"},{\"@type\":\"Organization\",\"@id\":\"https:\/\/www.salve.si\/#organization\",\"name\":\"Salve d.o.o.\",\"url\":\"https:\/\/www.salve.si\/\",\"logo\":{\"@type\":\"ImageObject\",\"inLanguage\":\"en-US\",\"@id\":\"https:\/\/www.salve.si\/#\/schema\/logo\/image\/\",\"url\":\"https:\/\/www.salve.si\/wp-content\/uploads\/2021\/01\/Salve_logo_modri_nov_web.png\",\"contentUrl\":\"https:\/\/www.salve.si\/wp-content\/uploads\/2021\/01\/Salve_logo_modri_nov_web.png\",\"width\":279,\"height\":90,\"caption\":\"Salve d.o.o.\"},\"image\":{\"@id\":\"https:\/\/www.salve.si\/#\/schema\/logo\/image\/\"},\"sameAs\":[\"https:\/\/www.facebook.com\/salve.si\",\"https:\/\/www.instagram.com\/zalozbasalve\/\",\"https:\/\/www.linkedin.com\/company\/zalozba-salve\/\"]},{\"@type\":\"Person\",\"@id\":\"https:\/\/www.salve.si\/#\/schema\/person\/61121950f92f07895dc7ea08dc78ba82\",\"name\":\"Andrej Baliga\u010d\",\"sameAs\":[\"https:\/\/www.salve.si\"]}]}<\/script>\n<!-- \/ Yoast SEO plugin. -->","yoast_head_json":{"title":"27. nedelja med letom - Salve","robots":{"index":"noindex","follow":"follow"},"og_locale":"en_US","og_type":"article","og_title":"27. nedelja med letom - Salve","og_description":"To je kon\u010dno kost iz mojih kosti V prve berilu to nedeljo beremo: \u00bbGospod Bog je tedaj storil, da je na \u010dloveka leglo trdno spanje in je zaspal. Vzel je eno njegovih reber in tisto mesto napolnil z mesom. Gospod Bog je iz rebra, ki ga je vzel \u010dloveku, naredil \u017eeno in jo pripeljal k...","og_url":"https:\/\/www.salve.si\/en\/nedeljska-meditacija\/27-nedelja-med-letom-2\/","og_site_name":"Salve","article_publisher":"https:\/\/www.facebook.com\/salve.si","article_published_time":"2021-10-02T10:04:00+00:00","article_modified_time":"2021-09-16T10:05:35+00:00","og_image":[{"width":1200,"height":630,"url":"https:\/\/www.salve.si\/wp-content\/uploads\/2026\/01\/salve-og1.jpg","type":"image\/jpeg"}],"author":"Andrej Baliga\u010d","twitter_card":"summary_large_image","twitter_misc":{"Written by":"Andrej Baliga\u010d","Est. reading time":"2 minutes"},"schema":{"@context":"https:\/\/schema.org","@graph":[{"@type":"Article","@id":"https:\/\/www.salve.si\/nedeljska-meditacija\/27-nedelja-med-letom-2\/#article","isPartOf":{"@id":"https:\/\/www.salve.si\/nedeljska-meditacija\/27-nedelja-med-letom-2\/"},"author":{"name":"Andrej Baliga\u010d","@id":"https:\/\/www.salve.si\/#\/schema\/person\/61121950f92f07895dc7ea08dc78ba82"},"headline":"27. nedelja med letom","datePublished":"2021-10-02T10:04:00+00:00","dateModified":"2021-09-16T10:05:35+00:00","mainEntityOfPage":{"@id":"https:\/\/www.salve.si\/nedeljska-meditacija\/27-nedelja-med-letom-2\/"},"wordCount":479,"publisher":{"@id":"https:\/\/www.salve.si\/#organization"},"keywords":["nedeljska meditacija"],"articleSection":["Leto B","Nedeljska meditacija"],"inLanguage":"en-US"},{"@type":"WebPage","@id":"https:\/\/www.salve.si\/nedeljska-meditacija\/27-nedelja-med-letom-2\/","url":"https:\/\/www.salve.si\/nedeljska-meditacija\/27-nedelja-med-letom-2\/","name":"27. nedelja med letom - Salve","isPartOf":{"@id":"https:\/\/www.salve.si\/#website"},"datePublished":"2021-10-02T10:04:00+00:00","dateModified":"2021-09-16T10:05:35+00:00","breadcrumb":{"@id":"https:\/\/www.salve.si\/nedeljska-meditacija\/27-nedelja-med-letom-2\/#breadcrumb"},"inLanguage":"en-US","potentialAction":[{"@type":"ReadAction","target":["https:\/\/www.salve.si\/nedeljska-meditacija\/27-nedelja-med-letom-2\/"]}]},{"@type":"BreadcrumbList","@id":"https:\/\/www.salve.si\/nedeljska-meditacija\/27-nedelja-med-letom-2\/#breadcrumb","itemListElement":[{"@type":"ListItem","position":1,"name":"Home","item":"https:\/\/www.salve.si\/"},{"@type":"ListItem","position":2,"name":"27. nedelja med letom"}]},{"@type":"WebSite","@id":"https:\/\/www.salve.si\/#website","url":"https:\/\/www.salve.si\/","name":"Salve","description":"Salezijanska zalo\u017eba","publisher":{"@id":"https:\/\/www.salve.si\/#organization"},"potentialAction":[{"@type":"SearchAction","target":{"@type":"EntryPoint","urlTemplate":"https:\/\/www.salve.si\/?s={search_term_string}"},"query-input":{"@type":"PropertyValueSpecification","valueRequired":true,"valueName":"search_term_string"}}],"inLanguage":"en-US"},{"@type":"Organization","@id":"https:\/\/www.salve.si\/#organization","name":"Salve d.o.o.","url":"https:\/\/www.salve.si\/","logo":{"@type":"ImageObject","inLanguage":"en-US","@id":"https:\/\/www.salve.si\/#\/schema\/logo\/image\/","url":"https:\/\/www.salve.si\/wp-content\/uploads\/2021\/01\/Salve_logo_modri_nov_web.png","contentUrl":"https:\/\/www.salve.si\/wp-content\/uploads\/2021\/01\/Salve_logo_modri_nov_web.png","width":279,"height":90,"caption":"Salve d.o.o."},"image":{"@id":"https:\/\/www.salve.si\/#\/schema\/logo\/image\/"},"sameAs":["https:\/\/www.facebook.com\/salve.si","https:\/\/www.instagram.com\/zalozbasalve\/","https:\/\/www.linkedin.com\/company\/zalozba-salve\/"]},{"@type":"Person","@id":"https:\/\/www.salve.si\/#\/schema\/person\/61121950f92f07895dc7ea08dc78ba82","name":"Andrej Baliga\u010d","sameAs":["https:\/\/www.salve.si"]}]}},"_links":{"self":[{"href":"https:\/\/www.salve.si\/en\/wp-json\/wp\/v2\/posts\/14705","targetHints":{"allow":["GET"]}}],"collection":[{"href":"https:\/\/www.salve.si\/en\/wp-json\/wp\/v2\/posts"}],"about":[{"href":"https:\/\/www.salve.si\/en\/wp-json\/wp\/v2\/types\/post"}],"author":[{"embeddable":true,"href":"https:\/\/www.salve.si\/en\/wp-json\/wp\/v2\/users\/1561"}],"replies":[{"embeddable":true,"href":"https:\/\/www.salve.si\/en\/wp-json\/wp\/v2\/comments?post=14705"}],"version-history":[{"count":2,"href":"https:\/\/www.salve.si\/en\/wp-json\/wp\/v2\/posts\/14705\/revisions"}],"predecessor-version":[{"id":14707,"href":"https:\/\/www.salve.si\/en\/wp-json\/wp\/v2\/posts\/14705\/revisions\/14707"}],"wp:attachment":[{"href":"https:\/\/www.salve.si\/en\/wp-json\/wp\/v2\/media?parent=14705"}],"wp:term":[{"taxonomy":"category","embeddable":true,"href":"https:\/\/www.salve.si\/en\/wp-json\/wp\/v2\/categories?post=14705"},{"taxonomy":"post_tag","embeddable":true,"href":"https:\/\/www.salve.si\/en\/wp-json\/wp\/v2\/tags?post=14705"}],"curies":[{"name":"wp","href":"https:\/\/api.w.org\/{rel}","templated":true}]}}