{"id":14702,"date":"2021-09-25T12:03:00","date_gmt":"2021-09-25T10:03:00","guid":{"rendered":"https:\/\/www.salve.si\/?p=14702"},"modified":"2021-09-16T12:04:31","modified_gmt":"2021-09-16T10:04:31","slug":"26-nedelja-med-letom-2","status":"publish","type":"post","link":"https:\/\/www.salve.si\/en\/nedeljska-meditacija\/26-nedelja-med-letom-2\/","title":{"rendered":"26. nedelja med letom"},"content":{"rendered":"<p><strong>Ko bi se le vse Gospodovo ljudstvo spremenilo v preroke<\/strong><\/p><p>Mojzes je zapisal preprost dogodek, ki razkriva \u010dlovekovo naravo: Gospod je izbral sedemdeset stare\u0161in in jim dal svojega Duha, da so prerokovali. Dva mo\u017ea nista bila v tej skupini in sta ravno tako prerokovala. Jozue je rekel Mojzesu: \u00bbPrepovej jima!\u00ab Mojzes mu je odgovoril: \u00bbKaj se vnema\u0161 zame! Ko bi se le vse Gospodovo ljudstvo spremenilo v preroke!\u00ab Re\u010deno bolj preprosto: \u00bbNe bodi zavisten! Kako lepo bi bilo na svetu, \u010de bi vsi ljudje poslu\u0161ali Boga in pri\u010devali o njem!\u00ab<\/p><p>Mojzesu sodobnik odgovarja: \u00bbKdo je prerok? Saj ni prerokov! Kdo pa more napovedovati prihodnost? Saj to je vendar vse izmi\u0161ljeno!\u00ab Zakaj pa potem toliko ljudi hodi k \u00bb\u0161logarcam\u00ab, da bi jim napovedale njihovo prihodnost. So vsi ti ljudje neumni, ali pa verjamejo, da z zemeljskim odhodom ni vsega konec? Sicer pa, a sploh vemo, kdo je prerok? Prerok ni tisti, ki napoveduje prihodnost, ampak tisti, ki vidi stvari, oseba, ki zna presojati znamenja \u010dasa, posameznik, ki se ne ravna po vetru, ampak razmi\u0161lja in spremlja Bo\u017eja znamenja. Prerok upa plavati proti toku javnega mnenja in je predan le Bo\u017eji volji.<\/p><p>Pape\u017e Fran\u010di\u0161ek se zaveda, da je prerok v prvi vrsti \u010dlovek, ki bere Sveto pismo, v katerem je zapisano to, kar je Bog govoril. \u00bbKo premi\u0161ljuje te besede, zna videti trenutek in ga projicirati na prihodnost. Znotraj sebe odkriva tri trenutke: preteklost, sedanjost in prihodnost. Preteklost: prerok se zaveda obljube in ima Bo\u017ejo obljubo v svojem srcu, jo \u017eivi, se je spominja, jo ponavlja. Potem gleda sedanjost, gleda svoje ljudstvo in \u010duti mo\u010d Duha, da mu re\u010de besedo, ki mu pomaga dvigniti se in nadaljevati pot naproti prihodnosti. Prerok je \u010dlovek treh \u010dasov: obljube preteklosti; kontemplacije sedanjosti; poguma, da poka\u017ee pot nasproti prihodnosti.\u00ab Pape\u017e Fran\u010di\u0161ek je zato prepri\u010dan, da je Gospod izbiral preroke, da bi z njimi varoval svoje ljudstvo. Zato so bili preroki tako pomembni v te\u017ekih trenutkih, ko je bilo ljudstvo obupano ali zlomljeno, ko ni bilo templja, ko je bil Jeruzalem pod oblastjo sovra\u017enikov, ko se je ljudstvo samo v sebi spra\u0161evalo, zakaj se navkljub Gospodovi obljubi dogaja vse to. Zato lahko re\u010demo, da takrat, ko v Bo\u017ejem ljudstvu ni prero\u0161tva, nekaj manjka. To, kar manjka je Gospodovo \u017eivljenje. Kadar ni prero\u0161tva, se sklicujemo na zakone.<\/p><p>Mojzes odgovor Jozuetu je zato tudi za vse nas velik izziv: \u00bbKo bi se le vse Gospodovo ljudstvo spremenilo v preroke!\u00ab<\/p><p><strong>Branko Bala\u017eic SDB<\/strong><\/p><span class=\"slv-content-keywords\"> Leto B Nedeljska meditacija <\/span>","protected":false},"excerpt":{"rendered":"<p>Ko bi se le vse Gospodovo ljudstvo spremenilo v preroke Mojzes je zapisal preprost dogodek, ki razkriva \u010dlovekovo naravo: Gospod je izbral sedemdeset stare\u0161in in jim dal svojega Duha, da so prerokovali. Dva mo\u017ea nista bila v tej skupini in sta ravno tako prerokovala. Jozue je rekel Mojzesu: \u00bbPrepovej jima!\u00ab Mojzes mu je odgovoril: \u00bbKaj<a href=\"https:\/\/www.salve.si\/en\/nedeljska-meditacija\/26-nedelja-med-letom-2\/\">&#8230;<\/a><\/p>","protected":false},"author":1561,"featured_media":0,"comment_status":"closed","ping_status":"open","sticky":false,"template":"","format":"standard","meta":{"_acf_changed":false,"footnotes":""},"categories":[1035,925],"tags":[927],"class_list":["post-14702","post","type-post","status-publish","format-standard","hentry","category-leto-b","category-nedeljska-meditacija","tag-nedeljska-meditacija"],"acf":[],"yoast_head":"<!-- This site is optimized with the Yoast SEO plugin v23.8 - https:\/\/yoast.com\/wordpress\/plugins\/seo\/ -->\n<title>26. nedelja med letom - Salve<\/title>\n<meta name=\"robots\" content=\"noindex, follow\" \/>\n<meta property=\"og:locale\" content=\"en_US\" \/>\n<meta property=\"og:type\" content=\"article\" \/>\n<meta property=\"og:title\" content=\"26. nedelja med letom - Salve\" \/>\n<meta property=\"og:description\" content=\"Ko bi se le vse Gospodovo ljudstvo spremenilo v preroke Mojzes je zapisal preprost dogodek, ki razkriva \u010dlovekovo naravo: Gospod je izbral sedemdeset stare\u0161in in jim dal svojega Duha, da so prerokovali. Dva mo\u017ea nista bila v tej skupini in sta ravno tako prerokovala. Jozue je rekel Mojzesu: \u00bbPrepovej jima!\u00ab Mojzes mu je odgovoril: \u00bbKaj...\" \/>\n<meta property=\"og:url\" content=\"https:\/\/www.salve.si\/en\/nedeljska-meditacija\/26-nedelja-med-letom-2\/\" \/>\n<meta property=\"og:site_name\" content=\"Salve\" \/>\n<meta property=\"article:publisher\" content=\"https:\/\/www.facebook.com\/salve.si\" \/>\n<meta property=\"article:published_time\" content=\"2021-09-25T10:03:00+00:00\" \/>\n<meta property=\"article:modified_time\" content=\"2021-09-16T10:04:31+00:00\" \/>\n<meta property=\"og:image\" content=\"https:\/\/www.salve.si\/wp-content\/uploads\/2026\/01\/salve-og1.jpg\" \/>\n\t<meta property=\"og:image:width\" content=\"1200\" \/>\n\t<meta property=\"og:image:height\" content=\"630\" \/>\n\t<meta property=\"og:image:type\" content=\"image\/jpeg\" \/>\n<meta name=\"author\" content=\"Andrej Baliga\u010d\" \/>\n<meta name=\"twitter:card\" content=\"summary_large_image\" \/>\n<meta name=\"twitter:label1\" content=\"Written by\" \/>\n\t<meta name=\"twitter:data1\" content=\"Andrej Baliga\u010d\" \/>\n\t<meta name=\"twitter:label2\" content=\"Est. reading time\" \/>\n\t<meta name=\"twitter:data2\" content=\"2 minutes\" \/>\n<script type=\"application\/ld+json\" class=\"yoast-schema-graph\">{\"@context\":\"https:\/\/schema.org\",\"@graph\":[{\"@type\":\"Article\",\"@id\":\"https:\/\/www.salve.si\/nedeljska-meditacija\/26-nedelja-med-letom-2\/#article\",\"isPartOf\":{\"@id\":\"https:\/\/www.salve.si\/nedeljska-meditacija\/26-nedelja-med-letom-2\/\"},\"author\":{\"name\":\"Andrej Baliga\u010d\",\"@id\":\"https:\/\/www.salve.si\/#\/schema\/person\/61121950f92f07895dc7ea08dc78ba82\"},\"headline\":\"26. nedelja med letom\",\"datePublished\":\"2021-09-25T10:03:00+00:00\",\"dateModified\":\"2021-09-16T10:04:31+00:00\",\"mainEntityOfPage\":{\"@id\":\"https:\/\/www.salve.si\/nedeljska-meditacija\/26-nedelja-med-letom-2\/\"},\"wordCount\":436,\"publisher\":{\"@id\":\"https:\/\/www.salve.si\/#organization\"},\"keywords\":[\"nedeljska meditacija\"],\"articleSection\":[\"Leto B\",\"Nedeljska meditacija\"],\"inLanguage\":\"en-US\"},{\"@type\":\"WebPage\",\"@id\":\"https:\/\/www.salve.si\/nedeljska-meditacija\/26-nedelja-med-letom-2\/\",\"url\":\"https:\/\/www.salve.si\/nedeljska-meditacija\/26-nedelja-med-letom-2\/\",\"name\":\"26. nedelja med letom - Salve\",\"isPartOf\":{\"@id\":\"https:\/\/www.salve.si\/#website\"},\"datePublished\":\"2021-09-25T10:03:00+00:00\",\"dateModified\":\"2021-09-16T10:04:31+00:00\",\"breadcrumb\":{\"@id\":\"https:\/\/www.salve.si\/nedeljska-meditacija\/26-nedelja-med-letom-2\/#breadcrumb\"},\"inLanguage\":\"en-US\",\"potentialAction\":[{\"@type\":\"ReadAction\",\"target\":[\"https:\/\/www.salve.si\/nedeljska-meditacija\/26-nedelja-med-letom-2\/\"]}]},{\"@type\":\"BreadcrumbList\",\"@id\":\"https:\/\/www.salve.si\/nedeljska-meditacija\/26-nedelja-med-letom-2\/#breadcrumb\",\"itemListElement\":[{\"@type\":\"ListItem\",\"position\":1,\"name\":\"Home\",\"item\":\"https:\/\/www.salve.si\/\"},{\"@type\":\"ListItem\",\"position\":2,\"name\":\"26. nedelja med letom\"}]},{\"@type\":\"WebSite\",\"@id\":\"https:\/\/www.salve.si\/#website\",\"url\":\"https:\/\/www.salve.si\/\",\"name\":\"Salve\",\"description\":\"Salezijanska zalo\u017eba\",\"publisher\":{\"@id\":\"https:\/\/www.salve.si\/#organization\"},\"potentialAction\":[{\"@type\":\"SearchAction\",\"target\":{\"@type\":\"EntryPoint\",\"urlTemplate\":\"https:\/\/www.salve.si\/?s={search_term_string}\"},\"query-input\":{\"@type\":\"PropertyValueSpecification\",\"valueRequired\":true,\"valueName\":\"search_term_string\"}}],\"inLanguage\":\"en-US\"},{\"@type\":\"Organization\",\"@id\":\"https:\/\/www.salve.si\/#organization\",\"name\":\"Salve d.o.o.\",\"url\":\"https:\/\/www.salve.si\/\",\"logo\":{\"@type\":\"ImageObject\",\"inLanguage\":\"en-US\",\"@id\":\"https:\/\/www.salve.si\/#\/schema\/logo\/image\/\",\"url\":\"https:\/\/www.salve.si\/wp-content\/uploads\/2021\/01\/Salve_logo_modri_nov_web.png\",\"contentUrl\":\"https:\/\/www.salve.si\/wp-content\/uploads\/2021\/01\/Salve_logo_modri_nov_web.png\",\"width\":279,\"height\":90,\"caption\":\"Salve d.o.o.\"},\"image\":{\"@id\":\"https:\/\/www.salve.si\/#\/schema\/logo\/image\/\"},\"sameAs\":[\"https:\/\/www.facebook.com\/salve.si\",\"https:\/\/www.instagram.com\/zalozbasalve\/\",\"https:\/\/www.linkedin.com\/company\/zalozba-salve\/\"]},{\"@type\":\"Person\",\"@id\":\"https:\/\/www.salve.si\/#\/schema\/person\/61121950f92f07895dc7ea08dc78ba82\",\"name\":\"Andrej Baliga\u010d\",\"sameAs\":[\"https:\/\/www.salve.si\"]}]}<\/script>\n<!-- \/ Yoast SEO plugin. -->","yoast_head_json":{"title":"26. nedelja med letom - Salve","robots":{"index":"noindex","follow":"follow"},"og_locale":"en_US","og_type":"article","og_title":"26. nedelja med letom - Salve","og_description":"Ko bi se le vse Gospodovo ljudstvo spremenilo v preroke Mojzes je zapisal preprost dogodek, ki razkriva \u010dlovekovo naravo: Gospod je izbral sedemdeset stare\u0161in in jim dal svojega Duha, da so prerokovali. Dva mo\u017ea nista bila v tej skupini in sta ravno tako prerokovala. Jozue je rekel Mojzesu: \u00bbPrepovej jima!\u00ab Mojzes mu je odgovoril: \u00bbKaj...","og_url":"https:\/\/www.salve.si\/en\/nedeljska-meditacija\/26-nedelja-med-letom-2\/","og_site_name":"Salve","article_publisher":"https:\/\/www.facebook.com\/salve.si","article_published_time":"2021-09-25T10:03:00+00:00","article_modified_time":"2021-09-16T10:04:31+00:00","og_image":[{"width":1200,"height":630,"url":"https:\/\/www.salve.si\/wp-content\/uploads\/2026\/01\/salve-og1.jpg","type":"image\/jpeg"}],"author":"Andrej Baliga\u010d","twitter_card":"summary_large_image","twitter_misc":{"Written by":"Andrej Baliga\u010d","Est. reading time":"2 minutes"},"schema":{"@context":"https:\/\/schema.org","@graph":[{"@type":"Article","@id":"https:\/\/www.salve.si\/nedeljska-meditacija\/26-nedelja-med-letom-2\/#article","isPartOf":{"@id":"https:\/\/www.salve.si\/nedeljska-meditacija\/26-nedelja-med-letom-2\/"},"author":{"name":"Andrej Baliga\u010d","@id":"https:\/\/www.salve.si\/#\/schema\/person\/61121950f92f07895dc7ea08dc78ba82"},"headline":"26. nedelja med letom","datePublished":"2021-09-25T10:03:00+00:00","dateModified":"2021-09-16T10:04:31+00:00","mainEntityOfPage":{"@id":"https:\/\/www.salve.si\/nedeljska-meditacija\/26-nedelja-med-letom-2\/"},"wordCount":436,"publisher":{"@id":"https:\/\/www.salve.si\/#organization"},"keywords":["nedeljska meditacija"],"articleSection":["Leto B","Nedeljska meditacija"],"inLanguage":"en-US"},{"@type":"WebPage","@id":"https:\/\/www.salve.si\/nedeljska-meditacija\/26-nedelja-med-letom-2\/","url":"https:\/\/www.salve.si\/nedeljska-meditacija\/26-nedelja-med-letom-2\/","name":"26. nedelja med letom - Salve","isPartOf":{"@id":"https:\/\/www.salve.si\/#website"},"datePublished":"2021-09-25T10:03:00+00:00","dateModified":"2021-09-16T10:04:31+00:00","breadcrumb":{"@id":"https:\/\/www.salve.si\/nedeljska-meditacija\/26-nedelja-med-letom-2\/#breadcrumb"},"inLanguage":"en-US","potentialAction":[{"@type":"ReadAction","target":["https:\/\/www.salve.si\/nedeljska-meditacija\/26-nedelja-med-letom-2\/"]}]},{"@type":"BreadcrumbList","@id":"https:\/\/www.salve.si\/nedeljska-meditacija\/26-nedelja-med-letom-2\/#breadcrumb","itemListElement":[{"@type":"ListItem","position":1,"name":"Home","item":"https:\/\/www.salve.si\/"},{"@type":"ListItem","position":2,"name":"26. nedelja med letom"}]},{"@type":"WebSite","@id":"https:\/\/www.salve.si\/#website","url":"https:\/\/www.salve.si\/","name":"Salve","description":"Salezijanska zalo\u017eba","publisher":{"@id":"https:\/\/www.salve.si\/#organization"},"potentialAction":[{"@type":"SearchAction","target":{"@type":"EntryPoint","urlTemplate":"https:\/\/www.salve.si\/?s={search_term_string}"},"query-input":{"@type":"PropertyValueSpecification","valueRequired":true,"valueName":"search_term_string"}}],"inLanguage":"en-US"},{"@type":"Organization","@id":"https:\/\/www.salve.si\/#organization","name":"Salve d.o.o.","url":"https:\/\/www.salve.si\/","logo":{"@type":"ImageObject","inLanguage":"en-US","@id":"https:\/\/www.salve.si\/#\/schema\/logo\/image\/","url":"https:\/\/www.salve.si\/wp-content\/uploads\/2021\/01\/Salve_logo_modri_nov_web.png","contentUrl":"https:\/\/www.salve.si\/wp-content\/uploads\/2021\/01\/Salve_logo_modri_nov_web.png","width":279,"height":90,"caption":"Salve d.o.o."},"image":{"@id":"https:\/\/www.salve.si\/#\/schema\/logo\/image\/"},"sameAs":["https:\/\/www.facebook.com\/salve.si","https:\/\/www.instagram.com\/zalozbasalve\/","https:\/\/www.linkedin.com\/company\/zalozba-salve\/"]},{"@type":"Person","@id":"https:\/\/www.salve.si\/#\/schema\/person\/61121950f92f07895dc7ea08dc78ba82","name":"Andrej Baliga\u010d","sameAs":["https:\/\/www.salve.si"]}]}},"_links":{"self":[{"href":"https:\/\/www.salve.si\/en\/wp-json\/wp\/v2\/posts\/14702","targetHints":{"allow":["GET"]}}],"collection":[{"href":"https:\/\/www.salve.si\/en\/wp-json\/wp\/v2\/posts"}],"about":[{"href":"https:\/\/www.salve.si\/en\/wp-json\/wp\/v2\/types\/post"}],"author":[{"embeddable":true,"href":"https:\/\/www.salve.si\/en\/wp-json\/wp\/v2\/users\/1561"}],"replies":[{"embeddable":true,"href":"https:\/\/www.salve.si\/en\/wp-json\/wp\/v2\/comments?post=14702"}],"version-history":[{"count":2,"href":"https:\/\/www.salve.si\/en\/wp-json\/wp\/v2\/posts\/14702\/revisions"}],"predecessor-version":[{"id":14704,"href":"https:\/\/www.salve.si\/en\/wp-json\/wp\/v2\/posts\/14702\/revisions\/14704"}],"wp:attachment":[{"href":"https:\/\/www.salve.si\/en\/wp-json\/wp\/v2\/media?parent=14702"}],"wp:term":[{"taxonomy":"category","embeddable":true,"href":"https:\/\/www.salve.si\/en\/wp-json\/wp\/v2\/categories?post=14702"},{"taxonomy":"post_tag","embeddable":true,"href":"https:\/\/www.salve.si\/en\/wp-json\/wp\/v2\/tags?post=14702"}],"curies":[{"name":"wp","href":"https:\/\/api.w.org\/{rel}","templated":true}]}}