{"id":14699,"date":"2021-09-18T12:01:00","date_gmt":"2021-09-18T10:01:00","guid":{"rendered":"https:\/\/www.salve.si\/?p=14699"},"modified":"2021-09-16T12:03:26","modified_gmt":"2021-09-16T10:03:26","slug":"25-nedelja-med-letom-2","status":"publish","type":"post","link":"https:\/\/www.salve.si\/en\/nedeljska-meditacija\/25-nedelja-med-letom-2\/","title":{"rendered":"25. nedelja med letom"},"content":{"rendered":"<p><strong>S sramotenjem in mu\u010denjem ga preizkusimo, da bomo spoznali njegovo dobroto<\/strong><\/p><p>Vsi se zavedamo, da je v dana\u0161nji dru\u017ebi marsikaj narobe. Na vseh podro\u010djih \u017eivljenja je \u010dutiti neko prerivanje, ve\u010dkrat pravo vojno, ko vsak \u017ere vsakega. Gre le za pre\u017eivetje najsposobnej\u0161ih in natan\u010dno na tej podlagi smo narejeni tudi ljudje. Tekmovalnost, dokazovanje mo\u010di, biti bolj\u0161i od drugega \u2013 to so vrednote, ki so na vrhu lestvice. Ljudje smo \u017ee po svoji naravi nagnjeni k tekmovalnosti, ki nedvomno izvira iz borbe za pre\u017eivetje in je zato do dolo\u010dene mere gibalo razvoja. Ta tekmovalnost postane zelo nevarna, ko prese\u017ee meje etike. To pa se kar hitro zgodi, ko gre za lastnino ali oblast. Ker je na tem svetu \u017eal tako, da na etiko ne damo prav veliko, jo nagon posesivnosti skoraj vedno premaga. Morala je \u0161ibka, pohlep pa mo\u010dan in posledica tega so dru\u017ebeni odnosi, ki so taki, kakr\u0161ni pa\u010d so. Vsi ves \u010das tekmujemo med seboj na vseh podro\u010djih \u017eivljenja. Vodilo pri tem je, da samo uspeh nekaj pomeni, in ljudem se zdi, kot da je z njimi vse narobe, \u010de se jim ne uspe prebiti na vrh. Bolj nadarjeni imajo pri tem prednost, saj lahko izkori\u0161\u010dajo svoje sposobnosti predvsem za to, da v tem tekmovanju izpodrivajo druge pri doseganju svojih ciljev, ki se najve\u010dkrat ka\u017eejo v kopi\u010denju bogastva in doseganju oblasti. Zato tekmovalnost pove\u010duje neenakost med ljudmi. To je sicer v spodobnih mejah v redu in celo koristno, \u010de pa pride do prevelikih razlik, je to \u0161kodljivo in neeti\u010dno. Ko enkrat ljudje za\u010dnejo med seboj tekmovati, namesto da bi&nbsp; sodelovali in si pomagali, postane tekmovalnost problemati\u010dna.<\/p><p>Pomembno pa je \u0161e nekaj drugega: v dru\u017ebi, ki je glede \u017eivljenjskih vrednot vedno bolj prazna, je zunanje dokazovanje superiornosti edini na\u010din za pridobivanje polo\u017eajev na socialni lestvici. To je do\u017eivljal tudi pisatelj Modrostne knjige, ko je zapisal: \u00bbZalezujmo pravi\u010dnega, ker nam je v napoto, ker nasprotuje na\u0161im delom, ker nam o\u010dita grehe zoper postavo in nas obto\u017euje za grehe pri na\u0161i vzgoji!\u00ab Tisti, ki je dale\u010d od Boga in je zaradi tega notranje prazen, \u017eivi v znamenju smrti in zato uni\u010duje vse, kar je povezano z lepoto, resnico in \u017eivljenjem. Njegovo \u017eivljenje temelji na zavra\u010danju vsake prese\u017enosti in preziranju vsake moralne vrednote. Zato so brezbo\u017ene\u017ei ogor\u010deni nad pravi\u010dnim in ga sklenejo umoriti.<\/p><p>Pisatelj Modrostne knjige me zato izziva: na katero stran se bom postavil, na stran pravi\u010dnika, ali brezbo\u017ene\u017ea, se bom trudil podpirati vse dobro, za kar si prizadeva sedanja vlada, ali se bom pridru\u017eil petkovim kolesarjem. Vsi smo v tekmi, vendar eni te\u010dejo v smeri \u017eivljenja, drugi pa so na poti v smrt.<\/p><p><strong>Branko Bala\u017eic SDB<\/strong><\/p><span class=\"slv-content-keywords\"> Leto B Nedeljska meditacija <\/span>","protected":false},"excerpt":{"rendered":"<p>S sramotenjem in mu\u010denjem ga preizkusimo, da bomo spoznali njegovo dobroto Vsi se zavedamo, da je v dana\u0161nji dru\u017ebi marsikaj narobe. Na vseh podro\u010djih \u017eivljenja je \u010dutiti neko prerivanje, ve\u010dkrat pravo vojno, ko vsak \u017ere vsakega. Gre le za pre\u017eivetje najsposobnej\u0161ih in natan\u010dno na tej podlagi smo narejeni tudi ljudje. Tekmovalnost, dokazovanje mo\u010di, biti bolj\u0161i<a href=\"https:\/\/www.salve.si\/en\/nedeljska-meditacija\/25-nedelja-med-letom-2\/\">&#8230;<\/a><\/p>","protected":false},"author":1561,"featured_media":0,"comment_status":"closed","ping_status":"open","sticky":false,"template":"","format":"standard","meta":{"_acf_changed":false,"footnotes":""},"categories":[1035,925],"tags":[927],"class_list":["post-14699","post","type-post","status-publish","format-standard","hentry","category-leto-b","category-nedeljska-meditacija","tag-nedeljska-meditacija"],"acf":[],"yoast_head":"<!-- This site is optimized with the Yoast SEO plugin v23.8 - https:\/\/yoast.com\/wordpress\/plugins\/seo\/ -->\n<title>25. nedelja med letom - Salve<\/title>\n<meta name=\"robots\" content=\"noindex, follow\" \/>\n<meta property=\"og:locale\" content=\"en_US\" \/>\n<meta property=\"og:type\" content=\"article\" \/>\n<meta property=\"og:title\" content=\"25. nedelja med letom - Salve\" \/>\n<meta property=\"og:description\" content=\"S sramotenjem in mu\u010denjem ga preizkusimo, da bomo spoznali njegovo dobroto Vsi se zavedamo, da je v dana\u0161nji dru\u017ebi marsikaj narobe. Na vseh podro\u010djih \u017eivljenja je \u010dutiti neko prerivanje, ve\u010dkrat pravo vojno, ko vsak \u017ere vsakega. Gre le za pre\u017eivetje najsposobnej\u0161ih in natan\u010dno na tej podlagi smo narejeni tudi ljudje. Tekmovalnost, dokazovanje mo\u010di, biti bolj\u0161i...\" \/>\n<meta property=\"og:url\" content=\"https:\/\/www.salve.si\/en\/nedeljska-meditacija\/25-nedelja-med-letom-2\/\" \/>\n<meta property=\"og:site_name\" content=\"Salve\" \/>\n<meta property=\"article:publisher\" content=\"https:\/\/www.facebook.com\/salve.si\" \/>\n<meta property=\"article:published_time\" content=\"2021-09-18T10:01:00+00:00\" \/>\n<meta property=\"article:modified_time\" content=\"2021-09-16T10:03:26+00:00\" \/>\n<meta property=\"og:image\" content=\"https:\/\/www.salve.si\/wp-content\/uploads\/2026\/01\/salve-og1.jpg\" \/>\n\t<meta property=\"og:image:width\" content=\"1200\" \/>\n\t<meta property=\"og:image:height\" content=\"630\" \/>\n\t<meta property=\"og:image:type\" content=\"image\/jpeg\" \/>\n<meta name=\"author\" content=\"Andrej Baliga\u010d\" \/>\n<meta name=\"twitter:card\" content=\"summary_large_image\" \/>\n<meta name=\"twitter:label1\" content=\"Written by\" \/>\n\t<meta name=\"twitter:data1\" content=\"Andrej Baliga\u010d\" \/>\n\t<meta name=\"twitter:label2\" content=\"Est. reading time\" \/>\n\t<meta name=\"twitter:data2\" content=\"2 minutes\" \/>\n<script type=\"application\/ld+json\" class=\"yoast-schema-graph\">{\"@context\":\"https:\/\/schema.org\",\"@graph\":[{\"@type\":\"Article\",\"@id\":\"https:\/\/www.salve.si\/nedeljska-meditacija\/25-nedelja-med-letom-2\/#article\",\"isPartOf\":{\"@id\":\"https:\/\/www.salve.si\/nedeljska-meditacija\/25-nedelja-med-letom-2\/\"},\"author\":{\"name\":\"Andrej Baliga\u010d\",\"@id\":\"https:\/\/www.salve.si\/#\/schema\/person\/61121950f92f07895dc7ea08dc78ba82\"},\"headline\":\"25. nedelja med letom\",\"datePublished\":\"2021-09-18T10:01:00+00:00\",\"dateModified\":\"2021-09-16T10:03:26+00:00\",\"mainEntityOfPage\":{\"@id\":\"https:\/\/www.salve.si\/nedeljska-meditacija\/25-nedelja-med-letom-2\/\"},\"wordCount\":488,\"publisher\":{\"@id\":\"https:\/\/www.salve.si\/#organization\"},\"keywords\":[\"nedeljska meditacija\"],\"articleSection\":[\"Leto B\",\"Nedeljska meditacija\"],\"inLanguage\":\"en-US\"},{\"@type\":\"WebPage\",\"@id\":\"https:\/\/www.salve.si\/nedeljska-meditacija\/25-nedelja-med-letom-2\/\",\"url\":\"https:\/\/www.salve.si\/nedeljska-meditacija\/25-nedelja-med-letom-2\/\",\"name\":\"25. nedelja med letom - Salve\",\"isPartOf\":{\"@id\":\"https:\/\/www.salve.si\/#website\"},\"datePublished\":\"2021-09-18T10:01:00+00:00\",\"dateModified\":\"2021-09-16T10:03:26+00:00\",\"breadcrumb\":{\"@id\":\"https:\/\/www.salve.si\/nedeljska-meditacija\/25-nedelja-med-letom-2\/#breadcrumb\"},\"inLanguage\":\"en-US\",\"potentialAction\":[{\"@type\":\"ReadAction\",\"target\":[\"https:\/\/www.salve.si\/nedeljska-meditacija\/25-nedelja-med-letom-2\/\"]}]},{\"@type\":\"BreadcrumbList\",\"@id\":\"https:\/\/www.salve.si\/nedeljska-meditacija\/25-nedelja-med-letom-2\/#breadcrumb\",\"itemListElement\":[{\"@type\":\"ListItem\",\"position\":1,\"name\":\"Home\",\"item\":\"https:\/\/www.salve.si\/\"},{\"@type\":\"ListItem\",\"position\":2,\"name\":\"25. nedelja med letom\"}]},{\"@type\":\"WebSite\",\"@id\":\"https:\/\/www.salve.si\/#website\",\"url\":\"https:\/\/www.salve.si\/\",\"name\":\"Salve\",\"description\":\"Salezijanska zalo\u017eba\",\"publisher\":{\"@id\":\"https:\/\/www.salve.si\/#organization\"},\"potentialAction\":[{\"@type\":\"SearchAction\",\"target\":{\"@type\":\"EntryPoint\",\"urlTemplate\":\"https:\/\/www.salve.si\/?s={search_term_string}\"},\"query-input\":{\"@type\":\"PropertyValueSpecification\",\"valueRequired\":true,\"valueName\":\"search_term_string\"}}],\"inLanguage\":\"en-US\"},{\"@type\":\"Organization\",\"@id\":\"https:\/\/www.salve.si\/#organization\",\"name\":\"Salve d.o.o.\",\"url\":\"https:\/\/www.salve.si\/\",\"logo\":{\"@type\":\"ImageObject\",\"inLanguage\":\"en-US\",\"@id\":\"https:\/\/www.salve.si\/#\/schema\/logo\/image\/\",\"url\":\"https:\/\/www.salve.si\/wp-content\/uploads\/2021\/01\/Salve_logo_modri_nov_web.png\",\"contentUrl\":\"https:\/\/www.salve.si\/wp-content\/uploads\/2021\/01\/Salve_logo_modri_nov_web.png\",\"width\":279,\"height\":90,\"caption\":\"Salve d.o.o.\"},\"image\":{\"@id\":\"https:\/\/www.salve.si\/#\/schema\/logo\/image\/\"},\"sameAs\":[\"https:\/\/www.facebook.com\/salve.si\",\"https:\/\/www.instagram.com\/zalozbasalve\/\",\"https:\/\/www.linkedin.com\/company\/zalozba-salve\/\"]},{\"@type\":\"Person\",\"@id\":\"https:\/\/www.salve.si\/#\/schema\/person\/61121950f92f07895dc7ea08dc78ba82\",\"name\":\"Andrej Baliga\u010d\",\"sameAs\":[\"https:\/\/www.salve.si\"]}]}<\/script>\n<!-- \/ Yoast SEO plugin. -->","yoast_head_json":{"title":"25. nedelja med letom - Salve","robots":{"index":"noindex","follow":"follow"},"og_locale":"en_US","og_type":"article","og_title":"25. nedelja med letom - Salve","og_description":"S sramotenjem in mu\u010denjem ga preizkusimo, da bomo spoznali njegovo dobroto Vsi se zavedamo, da je v dana\u0161nji dru\u017ebi marsikaj narobe. Na vseh podro\u010djih \u017eivljenja je \u010dutiti neko prerivanje, ve\u010dkrat pravo vojno, ko vsak \u017ere vsakega. Gre le za pre\u017eivetje najsposobnej\u0161ih in natan\u010dno na tej podlagi smo narejeni tudi ljudje. Tekmovalnost, dokazovanje mo\u010di, biti bolj\u0161i...","og_url":"https:\/\/www.salve.si\/en\/nedeljska-meditacija\/25-nedelja-med-letom-2\/","og_site_name":"Salve","article_publisher":"https:\/\/www.facebook.com\/salve.si","article_published_time":"2021-09-18T10:01:00+00:00","article_modified_time":"2021-09-16T10:03:26+00:00","og_image":[{"width":1200,"height":630,"url":"https:\/\/www.salve.si\/wp-content\/uploads\/2026\/01\/salve-og1.jpg","type":"image\/jpeg"}],"author":"Andrej Baliga\u010d","twitter_card":"summary_large_image","twitter_misc":{"Written by":"Andrej Baliga\u010d","Est. reading time":"2 minutes"},"schema":{"@context":"https:\/\/schema.org","@graph":[{"@type":"Article","@id":"https:\/\/www.salve.si\/nedeljska-meditacija\/25-nedelja-med-letom-2\/#article","isPartOf":{"@id":"https:\/\/www.salve.si\/nedeljska-meditacija\/25-nedelja-med-letom-2\/"},"author":{"name":"Andrej Baliga\u010d","@id":"https:\/\/www.salve.si\/#\/schema\/person\/61121950f92f07895dc7ea08dc78ba82"},"headline":"25. nedelja med letom","datePublished":"2021-09-18T10:01:00+00:00","dateModified":"2021-09-16T10:03:26+00:00","mainEntityOfPage":{"@id":"https:\/\/www.salve.si\/nedeljska-meditacija\/25-nedelja-med-letom-2\/"},"wordCount":488,"publisher":{"@id":"https:\/\/www.salve.si\/#organization"},"keywords":["nedeljska meditacija"],"articleSection":["Leto B","Nedeljska meditacija"],"inLanguage":"en-US"},{"@type":"WebPage","@id":"https:\/\/www.salve.si\/nedeljska-meditacija\/25-nedelja-med-letom-2\/","url":"https:\/\/www.salve.si\/nedeljska-meditacija\/25-nedelja-med-letom-2\/","name":"25. nedelja med letom - Salve","isPartOf":{"@id":"https:\/\/www.salve.si\/#website"},"datePublished":"2021-09-18T10:01:00+00:00","dateModified":"2021-09-16T10:03:26+00:00","breadcrumb":{"@id":"https:\/\/www.salve.si\/nedeljska-meditacija\/25-nedelja-med-letom-2\/#breadcrumb"},"inLanguage":"en-US","potentialAction":[{"@type":"ReadAction","target":["https:\/\/www.salve.si\/nedeljska-meditacija\/25-nedelja-med-letom-2\/"]}]},{"@type":"BreadcrumbList","@id":"https:\/\/www.salve.si\/nedeljska-meditacija\/25-nedelja-med-letom-2\/#breadcrumb","itemListElement":[{"@type":"ListItem","position":1,"name":"Home","item":"https:\/\/www.salve.si\/"},{"@type":"ListItem","position":2,"name":"25. nedelja med letom"}]},{"@type":"WebSite","@id":"https:\/\/www.salve.si\/#website","url":"https:\/\/www.salve.si\/","name":"Salve","description":"Salezijanska zalo\u017eba","publisher":{"@id":"https:\/\/www.salve.si\/#organization"},"potentialAction":[{"@type":"SearchAction","target":{"@type":"EntryPoint","urlTemplate":"https:\/\/www.salve.si\/?s={search_term_string}"},"query-input":{"@type":"PropertyValueSpecification","valueRequired":true,"valueName":"search_term_string"}}],"inLanguage":"en-US"},{"@type":"Organization","@id":"https:\/\/www.salve.si\/#organization","name":"Salve d.o.o.","url":"https:\/\/www.salve.si\/","logo":{"@type":"ImageObject","inLanguage":"en-US","@id":"https:\/\/www.salve.si\/#\/schema\/logo\/image\/","url":"https:\/\/www.salve.si\/wp-content\/uploads\/2021\/01\/Salve_logo_modri_nov_web.png","contentUrl":"https:\/\/www.salve.si\/wp-content\/uploads\/2021\/01\/Salve_logo_modri_nov_web.png","width":279,"height":90,"caption":"Salve d.o.o."},"image":{"@id":"https:\/\/www.salve.si\/#\/schema\/logo\/image\/"},"sameAs":["https:\/\/www.facebook.com\/salve.si","https:\/\/www.instagram.com\/zalozbasalve\/","https:\/\/www.linkedin.com\/company\/zalozba-salve\/"]},{"@type":"Person","@id":"https:\/\/www.salve.si\/#\/schema\/person\/61121950f92f07895dc7ea08dc78ba82","name":"Andrej Baliga\u010d","sameAs":["https:\/\/www.salve.si"]}]}},"_links":{"self":[{"href":"https:\/\/www.salve.si\/en\/wp-json\/wp\/v2\/posts\/14699","targetHints":{"allow":["GET"]}}],"collection":[{"href":"https:\/\/www.salve.si\/en\/wp-json\/wp\/v2\/posts"}],"about":[{"href":"https:\/\/www.salve.si\/en\/wp-json\/wp\/v2\/types\/post"}],"author":[{"embeddable":true,"href":"https:\/\/www.salve.si\/en\/wp-json\/wp\/v2\/users\/1561"}],"replies":[{"embeddable":true,"href":"https:\/\/www.salve.si\/en\/wp-json\/wp\/v2\/comments?post=14699"}],"version-history":[{"count":2,"href":"https:\/\/www.salve.si\/en\/wp-json\/wp\/v2\/posts\/14699\/revisions"}],"predecessor-version":[{"id":14701,"href":"https:\/\/www.salve.si\/en\/wp-json\/wp\/v2\/posts\/14699\/revisions\/14701"}],"wp:attachment":[{"href":"https:\/\/www.salve.si\/en\/wp-json\/wp\/v2\/media?parent=14699"}],"wp:term":[{"taxonomy":"category","embeddable":true,"href":"https:\/\/www.salve.si\/en\/wp-json\/wp\/v2\/categories?post=14699"},{"taxonomy":"post_tag","embeddable":true,"href":"https:\/\/www.salve.si\/en\/wp-json\/wp\/v2\/tags?post=14699"}],"curies":[{"name":"wp","href":"https:\/\/api.w.org\/{rel}","templated":true}]}}