{"id":14686,"date":"2021-09-11T10:20:27","date_gmt":"2021-09-11T08:20:27","guid":{"rendered":"https:\/\/www.salve.si\/?p=14686"},"modified":"2021-09-11T10:21:23","modified_gmt":"2021-09-11T08:21:23","slug":"24-nedelja-med-letom-2","status":"publish","type":"post","link":"https:\/\/www.salve.si\/en\/nedeljska-meditacija\/24-nedelja-med-letom-2\/","title":{"rendered":"24. nedelja med letom"},"content":{"rendered":"<p><strong>Svojega obraza nisem skrival pred sramotenjem in pljunki<\/strong><\/p><p>Kako bi se odzval, \u010de bi mi kdo pljunil v obraz? Verjetno bi se zdrznil, bil bi osramo\u010den, verjetno bi v navalu jeze izzivalca oklofutal. Zakaj bi se ve\u010dina tako odzvala? Ker se cenimo in zato vemo, da smo nekaj vredni. Prav je, da ne dovolimo, da bi nas kdo poni\u017eeval in nam jemal dobro ime. Najdemo sicer tudi posameznike, ki se umaknejo, se ne branijo in jih opredeljujemo z vzdevki \u00bbni\u010dvredne\u017e\u00ab, \u00bbslabi\u010d\u00ab, \u00bbcopata\u00ab. Ali si to zaslu\u017eijo?<\/p><p>Prerok Izaija nam je danes govoril o svoji izku\u0161nji takole: \u00bbSvoj hrbet sem nastavljal tistim, ki so me bili, svoje lice tistim, ki so mi pulili brado. Svojega obraza nisem skrival pred sramotenjem in pljunki!\u00ab Kak\u0161en bi dejal, da je bil ta \u010dlovek mazohist. U\u017eival je v trpljenju in je morda druge namerno izzival, da so ga pretepali. Ko se temeljito poglobimo v njegovo pisanje, ne moramo kaj takega trditi. Izaija je bil \u010dlovek z mo\u010dnim karakterjem, bil je pravi Izraelec, ki ga razli\u010dne stiske in babilonsko su\u017eenjstvo ni zlomilo. Ker je bil Bo\u017eji poslanec, je vedno govoril resnico. Zaradi svoje pokon\u010dne dr\u017ee je bil ve\u010dkrat preganjan, nerazumljen in tudi fizi\u010dno mu\u010den in zlorabljen. Vse to pa je sprejemal kot nujni del svojega poslanstva. Ker je bil mo\u017e globoke vere, je lahko zapisal: \u00bbGospod Bog mi pomaga, zato se nisem dal zmesti.\u00ab Tako je s svojim \u017eivljenjem kazal na pravega odre\u0161enika, ki bo pripravljen sprejeti \u0161e veliko huj\u0161e \u017ealitve, trpljenje in mu\u010deni\u0161ko smrt na kri\u017eu. To pomeni, da so nekateri ljudje res tako mo\u010dni, da lahko sprejmejo trpljenje, pljuvanje in \u017ealjenje kot pokoro, ki bo daljnoro\u010dno imela pozitivne posledice za mnoge. Ti ljudje ne zakrivajo svojega obraza z razli\u010dnimi maskami, nimajo dvojnih obrazov in niso osramo\u010deni, ko jih po krivici obsojamo.<\/p><p>Prerok Izaija je napovedoval Jezusa Kristusa. Kak\u0161en je bil Jezus oziroma kako so ga ljudje sprejemali? Jezus je ljudem vedno pokazal obraz in ta obraz sta predstavljala njegov pogled in njegove besede. To je lepo opisano v zgodbi, ko se ga je v mno\u017eici od zadaj dotaknila \u017eena, ki je bila dolga leta bolna. Jezus je hotel videti njo, ki se ga je dotaknila in ko jo je zagledal, jo je ogovoril. V tem sre\u010danju je ta \u017eena ponovno odkrila samo sebe, brez sence zla in trpljenja. Stara legenda pripoveduje, da je ta \u017eena bila Veronika, ki je na kri\u017eevem potu Jezusu obrisala obraz in mu izkazala dejanje usmiljenja. Od njega je potem prejela odtis obli\u010dja, ki ga je kri vtisnila v prt njenega so\u010dutja. Tak\u0161no je Jezusovo Bo\u017eje obli\u010dje, ki se izro\u010da v krvi, ker se izro\u010da v ljubezni. Tudi prerok Izaija ni skrival svojega obraza pred sramotenjem in pljunki, ker je imel svoj narod rad, imel ga je rad zaradi Boga, ki je ta narod izbral za svoje ljudstvo.<\/p><p><strong>Branko Bala\u017eic SDB<\/strong><\/p><p><\/p><span class=\"slv-content-keywords\"> Leto B Nedeljska meditacija <\/span>","protected":false},"excerpt":{"rendered":"<p>Svojega obraza nisem skrival pred sramotenjem in pljunki Kako bi se odzval, \u010de bi mi kdo pljunil v obraz? Verjetno bi se zdrznil, bil bi osramo\u010den, verjetno bi v navalu jeze izzivalca oklofutal. Zakaj bi se ve\u010dina tako odzvala? Ker se cenimo in zato vemo, da smo nekaj vredni. Prav je, da ne dovolimo, da<a href=\"https:\/\/www.salve.si\/en\/nedeljska-meditacija\/24-nedelja-med-letom-2\/\">&#8230;<\/a><\/p>","protected":false},"author":1561,"featured_media":0,"comment_status":"closed","ping_status":"open","sticky":false,"template":"","format":"standard","meta":{"_acf_changed":false,"footnotes":""},"categories":[1035,925],"tags":[927],"class_list":["post-14686","post","type-post","status-publish","format-standard","hentry","category-leto-b","category-nedeljska-meditacija","tag-nedeljska-meditacija"],"acf":[],"yoast_head":"<!-- This site is optimized with the Yoast SEO plugin v23.8 - https:\/\/yoast.com\/wordpress\/plugins\/seo\/ -->\n<title>24. nedelja med letom - Salve<\/title>\n<meta name=\"robots\" content=\"noindex, follow\" \/>\n<meta property=\"og:locale\" content=\"en_US\" \/>\n<meta property=\"og:type\" content=\"article\" \/>\n<meta property=\"og:title\" content=\"24. nedelja med letom - Salve\" \/>\n<meta property=\"og:description\" content=\"Svojega obraza nisem skrival pred sramotenjem in pljunki Kako bi se odzval, \u010de bi mi kdo pljunil v obraz? Verjetno bi se zdrznil, bil bi osramo\u010den, verjetno bi v navalu jeze izzivalca oklofutal. Zakaj bi se ve\u010dina tako odzvala? Ker se cenimo in zato vemo, da smo nekaj vredni. Prav je, da ne dovolimo, da...\" \/>\n<meta property=\"og:url\" content=\"https:\/\/www.salve.si\/en\/nedeljska-meditacija\/24-nedelja-med-letom-2\/\" \/>\n<meta property=\"og:site_name\" content=\"Salve\" \/>\n<meta property=\"article:publisher\" content=\"https:\/\/www.facebook.com\/salve.si\" \/>\n<meta property=\"article:published_time\" content=\"2021-09-11T08:20:27+00:00\" \/>\n<meta property=\"article:modified_time\" content=\"2021-09-11T08:21:23+00:00\" \/>\n<meta property=\"og:image\" content=\"https:\/\/www.salve.si\/wp-content\/uploads\/2026\/01\/salve-og1.jpg\" \/>\n\t<meta property=\"og:image:width\" content=\"1200\" \/>\n\t<meta property=\"og:image:height\" content=\"630\" \/>\n\t<meta property=\"og:image:type\" content=\"image\/jpeg\" \/>\n<meta name=\"author\" content=\"Andrej Baliga\u010d\" \/>\n<meta name=\"twitter:card\" content=\"summary_large_image\" \/>\n<meta name=\"twitter:label1\" content=\"Written by\" \/>\n\t<meta name=\"twitter:data1\" content=\"Andrej Baliga\u010d\" \/>\n\t<meta name=\"twitter:label2\" content=\"Est. reading time\" \/>\n\t<meta name=\"twitter:data2\" content=\"3 minutes\" \/>\n<script type=\"application\/ld+json\" class=\"yoast-schema-graph\">{\"@context\":\"https:\/\/schema.org\",\"@graph\":[{\"@type\":\"Article\",\"@id\":\"https:\/\/www.salve.si\/nedeljska-meditacija\/24-nedelja-med-letom-2\/#article\",\"isPartOf\":{\"@id\":\"https:\/\/www.salve.si\/nedeljska-meditacija\/24-nedelja-med-letom-2\/\"},\"author\":{\"name\":\"Andrej Baliga\u010d\",\"@id\":\"https:\/\/www.salve.si\/#\/schema\/person\/61121950f92f07895dc7ea08dc78ba82\"},\"headline\":\"24. nedelja med letom\",\"datePublished\":\"2021-09-11T08:20:27+00:00\",\"dateModified\":\"2021-09-11T08:21:23+00:00\",\"mainEntityOfPage\":{\"@id\":\"https:\/\/www.salve.si\/nedeljska-meditacija\/24-nedelja-med-letom-2\/\"},\"wordCount\":516,\"publisher\":{\"@id\":\"https:\/\/www.salve.si\/#organization\"},\"keywords\":[\"nedeljska meditacija\"],\"articleSection\":[\"Leto B\",\"Nedeljska meditacija\"],\"inLanguage\":\"en-US\"},{\"@type\":\"WebPage\",\"@id\":\"https:\/\/www.salve.si\/nedeljska-meditacija\/24-nedelja-med-letom-2\/\",\"url\":\"https:\/\/www.salve.si\/nedeljska-meditacija\/24-nedelja-med-letom-2\/\",\"name\":\"24. nedelja med letom - Salve\",\"isPartOf\":{\"@id\":\"https:\/\/www.salve.si\/#website\"},\"datePublished\":\"2021-09-11T08:20:27+00:00\",\"dateModified\":\"2021-09-11T08:21:23+00:00\",\"breadcrumb\":{\"@id\":\"https:\/\/www.salve.si\/nedeljska-meditacija\/24-nedelja-med-letom-2\/#breadcrumb\"},\"inLanguage\":\"en-US\",\"potentialAction\":[{\"@type\":\"ReadAction\",\"target\":[\"https:\/\/www.salve.si\/nedeljska-meditacija\/24-nedelja-med-letom-2\/\"]}]},{\"@type\":\"BreadcrumbList\",\"@id\":\"https:\/\/www.salve.si\/nedeljska-meditacija\/24-nedelja-med-letom-2\/#breadcrumb\",\"itemListElement\":[{\"@type\":\"ListItem\",\"position\":1,\"name\":\"Home\",\"item\":\"https:\/\/www.salve.si\/\"},{\"@type\":\"ListItem\",\"position\":2,\"name\":\"24. nedelja med letom\"}]},{\"@type\":\"WebSite\",\"@id\":\"https:\/\/www.salve.si\/#website\",\"url\":\"https:\/\/www.salve.si\/\",\"name\":\"Salve\",\"description\":\"Salezijanska zalo\u017eba\",\"publisher\":{\"@id\":\"https:\/\/www.salve.si\/#organization\"},\"potentialAction\":[{\"@type\":\"SearchAction\",\"target\":{\"@type\":\"EntryPoint\",\"urlTemplate\":\"https:\/\/www.salve.si\/?s={search_term_string}\"},\"query-input\":{\"@type\":\"PropertyValueSpecification\",\"valueRequired\":true,\"valueName\":\"search_term_string\"}}],\"inLanguage\":\"en-US\"},{\"@type\":\"Organization\",\"@id\":\"https:\/\/www.salve.si\/#organization\",\"name\":\"Salve d.o.o.\",\"url\":\"https:\/\/www.salve.si\/\",\"logo\":{\"@type\":\"ImageObject\",\"inLanguage\":\"en-US\",\"@id\":\"https:\/\/www.salve.si\/#\/schema\/logo\/image\/\",\"url\":\"https:\/\/www.salve.si\/wp-content\/uploads\/2021\/01\/Salve_logo_modri_nov_web.png\",\"contentUrl\":\"https:\/\/www.salve.si\/wp-content\/uploads\/2021\/01\/Salve_logo_modri_nov_web.png\",\"width\":279,\"height\":90,\"caption\":\"Salve d.o.o.\"},\"image\":{\"@id\":\"https:\/\/www.salve.si\/#\/schema\/logo\/image\/\"},\"sameAs\":[\"https:\/\/www.facebook.com\/salve.si\",\"https:\/\/www.instagram.com\/zalozbasalve\/\",\"https:\/\/www.linkedin.com\/company\/zalozba-salve\/\"]},{\"@type\":\"Person\",\"@id\":\"https:\/\/www.salve.si\/#\/schema\/person\/61121950f92f07895dc7ea08dc78ba82\",\"name\":\"Andrej Baliga\u010d\",\"sameAs\":[\"https:\/\/www.salve.si\"]}]}<\/script>\n<!-- \/ Yoast SEO plugin. -->","yoast_head_json":{"title":"24. nedelja med letom - Salve","robots":{"index":"noindex","follow":"follow"},"og_locale":"en_US","og_type":"article","og_title":"24. nedelja med letom - Salve","og_description":"Svojega obraza nisem skrival pred sramotenjem in pljunki Kako bi se odzval, \u010de bi mi kdo pljunil v obraz? Verjetno bi se zdrznil, bil bi osramo\u010den, verjetno bi v navalu jeze izzivalca oklofutal. Zakaj bi se ve\u010dina tako odzvala? Ker se cenimo in zato vemo, da smo nekaj vredni. Prav je, da ne dovolimo, da...","og_url":"https:\/\/www.salve.si\/en\/nedeljska-meditacija\/24-nedelja-med-letom-2\/","og_site_name":"Salve","article_publisher":"https:\/\/www.facebook.com\/salve.si","article_published_time":"2021-09-11T08:20:27+00:00","article_modified_time":"2021-09-11T08:21:23+00:00","og_image":[{"width":1200,"height":630,"url":"https:\/\/www.salve.si\/wp-content\/uploads\/2026\/01\/salve-og1.jpg","type":"image\/jpeg"}],"author":"Andrej Baliga\u010d","twitter_card":"summary_large_image","twitter_misc":{"Written by":"Andrej Baliga\u010d","Est. reading time":"3 minutes"},"schema":{"@context":"https:\/\/schema.org","@graph":[{"@type":"Article","@id":"https:\/\/www.salve.si\/nedeljska-meditacija\/24-nedelja-med-letom-2\/#article","isPartOf":{"@id":"https:\/\/www.salve.si\/nedeljska-meditacija\/24-nedelja-med-letom-2\/"},"author":{"name":"Andrej Baliga\u010d","@id":"https:\/\/www.salve.si\/#\/schema\/person\/61121950f92f07895dc7ea08dc78ba82"},"headline":"24. nedelja med letom","datePublished":"2021-09-11T08:20:27+00:00","dateModified":"2021-09-11T08:21:23+00:00","mainEntityOfPage":{"@id":"https:\/\/www.salve.si\/nedeljska-meditacija\/24-nedelja-med-letom-2\/"},"wordCount":516,"publisher":{"@id":"https:\/\/www.salve.si\/#organization"},"keywords":["nedeljska meditacija"],"articleSection":["Leto B","Nedeljska meditacija"],"inLanguage":"en-US"},{"@type":"WebPage","@id":"https:\/\/www.salve.si\/nedeljska-meditacija\/24-nedelja-med-letom-2\/","url":"https:\/\/www.salve.si\/nedeljska-meditacija\/24-nedelja-med-letom-2\/","name":"24. nedelja med letom - Salve","isPartOf":{"@id":"https:\/\/www.salve.si\/#website"},"datePublished":"2021-09-11T08:20:27+00:00","dateModified":"2021-09-11T08:21:23+00:00","breadcrumb":{"@id":"https:\/\/www.salve.si\/nedeljska-meditacija\/24-nedelja-med-letom-2\/#breadcrumb"},"inLanguage":"en-US","potentialAction":[{"@type":"ReadAction","target":["https:\/\/www.salve.si\/nedeljska-meditacija\/24-nedelja-med-letom-2\/"]}]},{"@type":"BreadcrumbList","@id":"https:\/\/www.salve.si\/nedeljska-meditacija\/24-nedelja-med-letom-2\/#breadcrumb","itemListElement":[{"@type":"ListItem","position":1,"name":"Home","item":"https:\/\/www.salve.si\/"},{"@type":"ListItem","position":2,"name":"24. nedelja med letom"}]},{"@type":"WebSite","@id":"https:\/\/www.salve.si\/#website","url":"https:\/\/www.salve.si\/","name":"Salve","description":"Salezijanska zalo\u017eba","publisher":{"@id":"https:\/\/www.salve.si\/#organization"},"potentialAction":[{"@type":"SearchAction","target":{"@type":"EntryPoint","urlTemplate":"https:\/\/www.salve.si\/?s={search_term_string}"},"query-input":{"@type":"PropertyValueSpecification","valueRequired":true,"valueName":"search_term_string"}}],"inLanguage":"en-US"},{"@type":"Organization","@id":"https:\/\/www.salve.si\/#organization","name":"Salve d.o.o.","url":"https:\/\/www.salve.si\/","logo":{"@type":"ImageObject","inLanguage":"en-US","@id":"https:\/\/www.salve.si\/#\/schema\/logo\/image\/","url":"https:\/\/www.salve.si\/wp-content\/uploads\/2021\/01\/Salve_logo_modri_nov_web.png","contentUrl":"https:\/\/www.salve.si\/wp-content\/uploads\/2021\/01\/Salve_logo_modri_nov_web.png","width":279,"height":90,"caption":"Salve d.o.o."},"image":{"@id":"https:\/\/www.salve.si\/#\/schema\/logo\/image\/"},"sameAs":["https:\/\/www.facebook.com\/salve.si","https:\/\/www.instagram.com\/zalozbasalve\/","https:\/\/www.linkedin.com\/company\/zalozba-salve\/"]},{"@type":"Person","@id":"https:\/\/www.salve.si\/#\/schema\/person\/61121950f92f07895dc7ea08dc78ba82","name":"Andrej Baliga\u010d","sameAs":["https:\/\/www.salve.si"]}]}},"_links":{"self":[{"href":"https:\/\/www.salve.si\/en\/wp-json\/wp\/v2\/posts\/14686","targetHints":{"allow":["GET"]}}],"collection":[{"href":"https:\/\/www.salve.si\/en\/wp-json\/wp\/v2\/posts"}],"about":[{"href":"https:\/\/www.salve.si\/en\/wp-json\/wp\/v2\/types\/post"}],"author":[{"embeddable":true,"href":"https:\/\/www.salve.si\/en\/wp-json\/wp\/v2\/users\/1561"}],"replies":[{"embeddable":true,"href":"https:\/\/www.salve.si\/en\/wp-json\/wp\/v2\/comments?post=14686"}],"version-history":[{"count":4,"href":"https:\/\/www.salve.si\/en\/wp-json\/wp\/v2\/posts\/14686\/revisions"}],"predecessor-version":[{"id":14690,"href":"https:\/\/www.salve.si\/en\/wp-json\/wp\/v2\/posts\/14686\/revisions\/14690"}],"wp:attachment":[{"href":"https:\/\/www.salve.si\/en\/wp-json\/wp\/v2\/media?parent=14686"}],"wp:term":[{"taxonomy":"category","embeddable":true,"href":"https:\/\/www.salve.si\/en\/wp-json\/wp\/v2\/categories?post=14686"},{"taxonomy":"post_tag","embeddable":true,"href":"https:\/\/www.salve.si\/en\/wp-json\/wp\/v2\/tags?post=14686"}],"curies":[{"name":"wp","href":"https:\/\/api.w.org\/{rel}","templated":true}]}}