{"id":14625,"date":"2021-08-16T09:06:07","date_gmt":"2021-08-16T07:06:07","guid":{"rendered":"https:\/\/www.salve.si\/?p=14625"},"modified":"2021-08-16T09:06:08","modified_gmt":"2021-08-16T07:06:08","slug":"marijino-vnebovzetje-b","status":"publish","type":"post","link":"https:\/\/www.salve.si\/en\/nedeljska-meditacija\/marijino-vnebovzetje-b\/","title":{"rendered":"Marijino vnebovzetje \u2013 B"},"content":{"rendered":"<p><strong>Na nebu se je prikazalo veliko znamenje: \u017eena, ogrnjena s soncem<\/strong><\/p><p>Veliki \u0161maren je najpomembnej\u0161i Marijin praznik v cerkvenem letu. Na koncu svojega zemeljskega \u017eivljenja je bila Marija z du\u0161o in telesom vzeta v nebesa, v slavo ve\u010dnega \u017eivljenja, v popolno ob\u010destvo z Bogom. Vsi kristjani praznujemo ta praznik na isti dan. Na Vzhodu ga imenujejo \u00bbzaspanje Device Marije\u00ab. To je lepo upodobljeno na starodavnem mozaiku v baziliki Marije Velike v Rimu: apostoli so zbrani okoli Marijine postelje. Na konec njenega zemeljskega \u017eivljenja so jih pred tem opozorili angeli. V sredi\u0161\u010du je Jezus, ki ima v naro\u010dju deklico. Ta deklica je Marija, ki jo bo Gospod ponesel v nebesa.<\/p><p>Prvo berilo dana\u0161njega praznika, ki je vzeto iz knjige Razodetja, govori o boju med \u017eeno in zmajem oziroma med dobrim in zlim. Ta odlomek nas spominja na prve strani Svetega pisma, na dramati\u010dne dogodke, povezane z grehom Adama in Eve. Prve star\u0161e je zlo premagalo, Jezus, novi Adam, in Marija, nova Eva, pa sta sovra\u017enika premagala dokon\u010dno. To je sredi\u0161\u010de in veselje dana\u0161njega dne!<\/p><p>Marija je v betlehemski sveti no\u010di prva vzela v naro\u010dje Bo\u017ejega Sina, zdaj pa je prva, ki je poleg njega v nebe\u0161ki slavi. Danes se oziramo nanjo z velikim upanjem in veseljem, ker v Mariji gledamo na\u0161i cilj, proti kateremu hodimo vsi, ki verujemo v Jezusa in se zana\u0161amo na njegovo obljubo: \u00bbGrem, da vam pripravim prostor!\u00ab \u010cas, v katerem \u017eivimo, je \u0161e vedno povezan z bojem med dobrim in zlim, kar nam ne sme vzeti poguma in vere, da je s Kristusovim vstajenjem zlo premagano in bo na koncu dobro slavilo popolno zmago. O tem lepo govori apostol Pavel v drugem berilu, ko pravi: \u00bbKakor namre\u010d v Adamu vsi umirajo, tako bodo v Kristusu tudi vsi o\u017eivljeni, vendar vsak po vrsti: najprej kot prvina Kristus, potem pa tisti, ki so Kristusovi, ob njegovem prihodu.\u00ab Pavel se zaveda, da smo bili vsi utele\u0161eni v Adama, v starega \u010dloveka, ker imamo vsi isto \u010dlove\u0161ko dedi\u0161\u010dino, v kateri se stalno prepletajo trpljenje, smrt in greh, vendar hkrati \u017eivimo \u017ee nekaj novega, saj smo z Jezusom postali novi ljudje. Njegovo \u017eivljenje in vstajenje je v nas stalno navzo\u010de. Marija, Jezusova mati je bila tako mo\u010dno vklju\u010dena v Jezusovo skrivnost, da je bila tudi ob koncu svojega \u017eivljenja s telesom in du\u0161o dele\u017ena vstajenja svojega Sina. Ona \u017ee \u017eivi to, kar mi pri\u010dakujemo ob koncu \u010dasov, ko bo uni\u010den \u0161e zadnji sovra\u017enik. Ona \u017ee \u017eivi to, kar mi izpovedujemo v veroizpovedi: \u00bbPri\u010dakujem vstajenje mrtvih in \u017eivljenje v prihodnjem veku.\u00ab<\/p><p><strong>Branko Bala\u017eic SDB<\/strong><\/p><span class=\"slv-content-keywords\"> Leto B Nedeljska meditacija <\/span>","protected":false},"excerpt":{"rendered":"<p>Na nebu se je prikazalo veliko znamenje: \u017eena, ogrnjena s soncem Veliki \u0161maren je najpomembnej\u0161i Marijin praznik v cerkvenem letu. Na koncu svojega zemeljskega \u017eivljenja je bila Marija z du\u0161o in telesom vzeta v nebesa, v slavo ve\u010dnega \u017eivljenja, v popolno ob\u010destvo z Bogom. Vsi kristjani praznujemo ta praznik na isti dan. Na Vzhodu ga<a href=\"https:\/\/www.salve.si\/en\/nedeljska-meditacija\/marijino-vnebovzetje-b\/\">&#8230;<\/a><\/p>","protected":false},"author":1561,"featured_media":0,"comment_status":"closed","ping_status":"open","sticky":false,"template":"","format":"standard","meta":{"_acf_changed":false,"footnotes":""},"categories":[1035,925],"tags":[],"class_list":["post-14625","post","type-post","status-publish","format-standard","hentry","category-leto-b","category-nedeljska-meditacija"],"acf":[],"yoast_head":"<!-- This site is optimized with the Yoast SEO plugin v23.8 - https:\/\/yoast.com\/wordpress\/plugins\/seo\/ -->\n<title>Marijino vnebovzetje \u2013 B - Salve<\/title>\n<meta name=\"robots\" content=\"noindex, follow\" \/>\n<meta property=\"og:locale\" content=\"en_US\" \/>\n<meta property=\"og:type\" content=\"article\" \/>\n<meta property=\"og:title\" content=\"Marijino vnebovzetje \u2013 B - Salve\" \/>\n<meta property=\"og:description\" content=\"Na nebu se je prikazalo veliko znamenje: \u017eena, ogrnjena s soncem Veliki \u0161maren je najpomembnej\u0161i Marijin praznik v cerkvenem letu. Na koncu svojega zemeljskega \u017eivljenja je bila Marija z du\u0161o in telesom vzeta v nebesa, v slavo ve\u010dnega \u017eivljenja, v popolno ob\u010destvo z Bogom. Vsi kristjani praznujemo ta praznik na isti dan. Na Vzhodu ga...\" \/>\n<meta property=\"og:url\" content=\"https:\/\/www.salve.si\/en\/nedeljska-meditacija\/marijino-vnebovzetje-b\/\" \/>\n<meta property=\"og:site_name\" content=\"Salve\" \/>\n<meta property=\"article:publisher\" content=\"https:\/\/www.facebook.com\/salve.si\" \/>\n<meta property=\"article:published_time\" content=\"2021-08-16T07:06:07+00:00\" \/>\n<meta property=\"article:modified_time\" content=\"2021-08-16T07:06:08+00:00\" \/>\n<meta property=\"og:image\" content=\"https:\/\/www.salve.si\/wp-content\/uploads\/2026\/01\/salve-og1.jpg\" \/>\n\t<meta property=\"og:image:width\" content=\"1200\" \/>\n\t<meta property=\"og:image:height\" content=\"630\" \/>\n\t<meta property=\"og:image:type\" content=\"image\/jpeg\" \/>\n<meta name=\"author\" content=\"Andrej Baliga\u010d\" \/>\n<meta name=\"twitter:card\" content=\"summary_large_image\" \/>\n<meta name=\"twitter:label1\" content=\"Written by\" \/>\n\t<meta name=\"twitter:data1\" content=\"Andrej Baliga\u010d\" \/>\n\t<meta name=\"twitter:label2\" content=\"Est. reading time\" \/>\n\t<meta name=\"twitter:data2\" content=\"2 minutes\" \/>\n<script type=\"application\/ld+json\" class=\"yoast-schema-graph\">{\"@context\":\"https:\/\/schema.org\",\"@graph\":[{\"@type\":\"Article\",\"@id\":\"https:\/\/www.salve.si\/nedeljska-meditacija\/marijino-vnebovzetje-b\/#article\",\"isPartOf\":{\"@id\":\"https:\/\/www.salve.si\/nedeljska-meditacija\/marijino-vnebovzetje-b\/\"},\"author\":{\"name\":\"Andrej Baliga\u010d\",\"@id\":\"https:\/\/www.salve.si\/#\/schema\/person\/61121950f92f07895dc7ea08dc78ba82\"},\"headline\":\"Marijino vnebovzetje \u2013 B\",\"datePublished\":\"2021-08-16T07:06:07+00:00\",\"dateModified\":\"2021-08-16T07:06:08+00:00\",\"mainEntityOfPage\":{\"@id\":\"https:\/\/www.salve.si\/nedeljska-meditacija\/marijino-vnebovzetje-b\/\"},\"wordCount\":461,\"publisher\":{\"@id\":\"https:\/\/www.salve.si\/#organization\"},\"articleSection\":[\"Leto B\",\"Nedeljska meditacija\"],\"inLanguage\":\"en-US\"},{\"@type\":\"WebPage\",\"@id\":\"https:\/\/www.salve.si\/nedeljska-meditacija\/marijino-vnebovzetje-b\/\",\"url\":\"https:\/\/www.salve.si\/nedeljska-meditacija\/marijino-vnebovzetje-b\/\",\"name\":\"Marijino vnebovzetje \u2013 B - Salve\",\"isPartOf\":{\"@id\":\"https:\/\/www.salve.si\/#website\"},\"datePublished\":\"2021-08-16T07:06:07+00:00\",\"dateModified\":\"2021-08-16T07:06:08+00:00\",\"breadcrumb\":{\"@id\":\"https:\/\/www.salve.si\/nedeljska-meditacija\/marijino-vnebovzetje-b\/#breadcrumb\"},\"inLanguage\":\"en-US\",\"potentialAction\":[{\"@type\":\"ReadAction\",\"target\":[\"https:\/\/www.salve.si\/nedeljska-meditacija\/marijino-vnebovzetje-b\/\"]}]},{\"@type\":\"BreadcrumbList\",\"@id\":\"https:\/\/www.salve.si\/nedeljska-meditacija\/marijino-vnebovzetje-b\/#breadcrumb\",\"itemListElement\":[{\"@type\":\"ListItem\",\"position\":1,\"name\":\"Home\",\"item\":\"https:\/\/www.salve.si\/\"},{\"@type\":\"ListItem\",\"position\":2,\"name\":\"Marijino vnebovzetje \u2013 B\"}]},{\"@type\":\"WebSite\",\"@id\":\"https:\/\/www.salve.si\/#website\",\"url\":\"https:\/\/www.salve.si\/\",\"name\":\"Salve\",\"description\":\"Salezijanska zalo\u017eba\",\"publisher\":{\"@id\":\"https:\/\/www.salve.si\/#organization\"},\"potentialAction\":[{\"@type\":\"SearchAction\",\"target\":{\"@type\":\"EntryPoint\",\"urlTemplate\":\"https:\/\/www.salve.si\/?s={search_term_string}\"},\"query-input\":{\"@type\":\"PropertyValueSpecification\",\"valueRequired\":true,\"valueName\":\"search_term_string\"}}],\"inLanguage\":\"en-US\"},{\"@type\":\"Organization\",\"@id\":\"https:\/\/www.salve.si\/#organization\",\"name\":\"Salve d.o.o.\",\"url\":\"https:\/\/www.salve.si\/\",\"logo\":{\"@type\":\"ImageObject\",\"inLanguage\":\"en-US\",\"@id\":\"https:\/\/www.salve.si\/#\/schema\/logo\/image\/\",\"url\":\"https:\/\/www.salve.si\/wp-content\/uploads\/2021\/01\/Salve_logo_modri_nov_web.png\",\"contentUrl\":\"https:\/\/www.salve.si\/wp-content\/uploads\/2021\/01\/Salve_logo_modri_nov_web.png\",\"width\":279,\"height\":90,\"caption\":\"Salve d.o.o.\"},\"image\":{\"@id\":\"https:\/\/www.salve.si\/#\/schema\/logo\/image\/\"},\"sameAs\":[\"https:\/\/www.facebook.com\/salve.si\",\"https:\/\/www.instagram.com\/zalozbasalve\/\",\"https:\/\/www.linkedin.com\/company\/zalozba-salve\/\"]},{\"@type\":\"Person\",\"@id\":\"https:\/\/www.salve.si\/#\/schema\/person\/61121950f92f07895dc7ea08dc78ba82\",\"name\":\"Andrej Baliga\u010d\",\"sameAs\":[\"https:\/\/www.salve.si\"]}]}<\/script>\n<!-- \/ Yoast SEO plugin. -->","yoast_head_json":{"title":"Marijino vnebovzetje \u2013 B - Salve","robots":{"index":"noindex","follow":"follow"},"og_locale":"en_US","og_type":"article","og_title":"Marijino vnebovzetje \u2013 B - Salve","og_description":"Na nebu se je prikazalo veliko znamenje: \u017eena, ogrnjena s soncem Veliki \u0161maren je najpomembnej\u0161i Marijin praznik v cerkvenem letu. Na koncu svojega zemeljskega \u017eivljenja je bila Marija z du\u0161o in telesom vzeta v nebesa, v slavo ve\u010dnega \u017eivljenja, v popolno ob\u010destvo z Bogom. Vsi kristjani praznujemo ta praznik na isti dan. Na Vzhodu ga...","og_url":"https:\/\/www.salve.si\/en\/nedeljska-meditacija\/marijino-vnebovzetje-b\/","og_site_name":"Salve","article_publisher":"https:\/\/www.facebook.com\/salve.si","article_published_time":"2021-08-16T07:06:07+00:00","article_modified_time":"2021-08-16T07:06:08+00:00","og_image":[{"width":1200,"height":630,"url":"https:\/\/www.salve.si\/wp-content\/uploads\/2026\/01\/salve-og1.jpg","type":"image\/jpeg"}],"author":"Andrej Baliga\u010d","twitter_card":"summary_large_image","twitter_misc":{"Written by":"Andrej Baliga\u010d","Est. reading time":"2 minutes"},"schema":{"@context":"https:\/\/schema.org","@graph":[{"@type":"Article","@id":"https:\/\/www.salve.si\/nedeljska-meditacija\/marijino-vnebovzetje-b\/#article","isPartOf":{"@id":"https:\/\/www.salve.si\/nedeljska-meditacija\/marijino-vnebovzetje-b\/"},"author":{"name":"Andrej Baliga\u010d","@id":"https:\/\/www.salve.si\/#\/schema\/person\/61121950f92f07895dc7ea08dc78ba82"},"headline":"Marijino vnebovzetje \u2013 B","datePublished":"2021-08-16T07:06:07+00:00","dateModified":"2021-08-16T07:06:08+00:00","mainEntityOfPage":{"@id":"https:\/\/www.salve.si\/nedeljska-meditacija\/marijino-vnebovzetje-b\/"},"wordCount":461,"publisher":{"@id":"https:\/\/www.salve.si\/#organization"},"articleSection":["Leto B","Nedeljska meditacija"],"inLanguage":"en-US"},{"@type":"WebPage","@id":"https:\/\/www.salve.si\/nedeljska-meditacija\/marijino-vnebovzetje-b\/","url":"https:\/\/www.salve.si\/nedeljska-meditacija\/marijino-vnebovzetje-b\/","name":"Marijino vnebovzetje \u2013 B - Salve","isPartOf":{"@id":"https:\/\/www.salve.si\/#website"},"datePublished":"2021-08-16T07:06:07+00:00","dateModified":"2021-08-16T07:06:08+00:00","breadcrumb":{"@id":"https:\/\/www.salve.si\/nedeljska-meditacija\/marijino-vnebovzetje-b\/#breadcrumb"},"inLanguage":"en-US","potentialAction":[{"@type":"ReadAction","target":["https:\/\/www.salve.si\/nedeljska-meditacija\/marijino-vnebovzetje-b\/"]}]},{"@type":"BreadcrumbList","@id":"https:\/\/www.salve.si\/nedeljska-meditacija\/marijino-vnebovzetje-b\/#breadcrumb","itemListElement":[{"@type":"ListItem","position":1,"name":"Home","item":"https:\/\/www.salve.si\/"},{"@type":"ListItem","position":2,"name":"Marijino vnebovzetje \u2013 B"}]},{"@type":"WebSite","@id":"https:\/\/www.salve.si\/#website","url":"https:\/\/www.salve.si\/","name":"Salve","description":"Salezijanska zalo\u017eba","publisher":{"@id":"https:\/\/www.salve.si\/#organization"},"potentialAction":[{"@type":"SearchAction","target":{"@type":"EntryPoint","urlTemplate":"https:\/\/www.salve.si\/?s={search_term_string}"},"query-input":{"@type":"PropertyValueSpecification","valueRequired":true,"valueName":"search_term_string"}}],"inLanguage":"en-US"},{"@type":"Organization","@id":"https:\/\/www.salve.si\/#organization","name":"Salve d.o.o.","url":"https:\/\/www.salve.si\/","logo":{"@type":"ImageObject","inLanguage":"en-US","@id":"https:\/\/www.salve.si\/#\/schema\/logo\/image\/","url":"https:\/\/www.salve.si\/wp-content\/uploads\/2021\/01\/Salve_logo_modri_nov_web.png","contentUrl":"https:\/\/www.salve.si\/wp-content\/uploads\/2021\/01\/Salve_logo_modri_nov_web.png","width":279,"height":90,"caption":"Salve d.o.o."},"image":{"@id":"https:\/\/www.salve.si\/#\/schema\/logo\/image\/"},"sameAs":["https:\/\/www.facebook.com\/salve.si","https:\/\/www.instagram.com\/zalozbasalve\/","https:\/\/www.linkedin.com\/company\/zalozba-salve\/"]},{"@type":"Person","@id":"https:\/\/www.salve.si\/#\/schema\/person\/61121950f92f07895dc7ea08dc78ba82","name":"Andrej Baliga\u010d","sameAs":["https:\/\/www.salve.si"]}]}},"_links":{"self":[{"href":"https:\/\/www.salve.si\/en\/wp-json\/wp\/v2\/posts\/14625","targetHints":{"allow":["GET"]}}],"collection":[{"href":"https:\/\/www.salve.si\/en\/wp-json\/wp\/v2\/posts"}],"about":[{"href":"https:\/\/www.salve.si\/en\/wp-json\/wp\/v2\/types\/post"}],"author":[{"embeddable":true,"href":"https:\/\/www.salve.si\/en\/wp-json\/wp\/v2\/users\/1561"}],"replies":[{"embeddable":true,"href":"https:\/\/www.salve.si\/en\/wp-json\/wp\/v2\/comments?post=14625"}],"version-history":[{"count":2,"href":"https:\/\/www.salve.si\/en\/wp-json\/wp\/v2\/posts\/14625\/revisions"}],"predecessor-version":[{"id":14627,"href":"https:\/\/www.salve.si\/en\/wp-json\/wp\/v2\/posts\/14625\/revisions\/14627"}],"wp:attachment":[{"href":"https:\/\/www.salve.si\/en\/wp-json\/wp\/v2\/media?parent=14625"}],"wp:term":[{"taxonomy":"category","embeddable":true,"href":"https:\/\/www.salve.si\/en\/wp-json\/wp\/v2\/categories?post=14625"},{"taxonomy":"post_tag","embeddable":true,"href":"https:\/\/www.salve.si\/en\/wp-json\/wp\/v2\/tags?post=14625"}],"curies":[{"name":"wp","href":"https:\/\/api.w.org\/{rel}","templated":true}]}}