{"id":14201,"date":"2021-04-17T09:14:00","date_gmt":"2021-04-17T07:14:00","guid":{"rendered":"https:\/\/www.salve.si\/?p=14201"},"modified":"2021-04-11T09:16:42","modified_gmt":"2021-04-11T07:16:42","slug":"3-velikonocna-nedelja","status":"publish","type":"post","link":"https:\/\/www.salve.si\/en\/nedeljska-meditacija\/3-velikonocna-nedelja\/","title":{"rendered":"3. velikono\u010dna nedelja"},"content":{"rendered":"<p><strong>Za\u010detnika \u017eivljenja ste ubili, a Bog ga je obudil od mrtvih<\/strong><\/p><p>Apostol Peter je po prvih binko\u0161tih koraj\u017eno stopil med mno\u017eico in pri\u010deval o Jezusu, ki ga je judovski narod zavrgel, ko so prosili za pomilostitev ubijalca, za\u010detnika \u017eivljenja pa so ubili. Bog pa ga je obudil od mrtvih, zato apostoli in vsi drugi, ki so se sre\u010dali z vstalim Gospodom niso smeli biti tiho, ampak so \u0161iriti to resnico in zanjo dali tudi \u017eivljenje.<\/p><p>Kaj se dogaja s kr\u0161\u010danstvom tretjega tiso\u010dletja. Sodobni svet nas vsak dan izziva in nam zastavlja vpra\u0161anje: \u00bbKje je tvoj Bog?\u00ab Tega ne smemo razumeti kot sme\u0161enje, pa \u010deprav so prista\u0161i neoliberalizma glede tega vpra\u0161anja arogantni in grozijo z razli\u010dnimi oblikami nasilja. Vpra\u0161anje nam zastavlja kriza, ki ji ne vidimo konca: Kje je na\u0161 Bog? Zakaj je zakril svoje obli\u010dje pred nami, saj smo sedaj mi njegovo ljudstvo?<\/p><p>Navadili smo se, da Boga pokli\u010demo, naj se prika\u017ee, ko ga rabimo. Vzpostavili smo nekak\u0161en namakalni sistem, po katerem naj prite\u010de njegova milost. Pastorala, duhovnost, teologija, Sveto pismo, zakramenti so cevi tega sistema. Vso svojo pozornost smo posvetili sredstvom in tehniki, hkrati pa smo izgubil stik z izvirom, z Bogom, ki je znotraj nas. Mnogi so prepri\u010dani, da so dobri kristjani, \u010de so se dali krstiti, so bili pri birmi, od \u010dasa do \u010dasa pridejo v cerkev in pristopijo k obhajilu. Priklopljeni so na ta religiozni namakalni sistem, obenem pa \u017eivijo na povr\u0161ini samega sebe, brez pravega stika s samim seboj in brez mo\u017enosti, da bi se jim \u017eivi Bog kdaj zares razodel.<\/p><p>Pred nami je velika naloga \u010di\u0161\u010denja podobe Boga, ki smo si jo ustvarili. Res je, da si Boga mora\u0161 nekako predstavljati, sicer ne more\u0161 govoriti o njem. Pri tem pa pozabljamo, da za na\u0161imi podobami ni ve\u010d Boga, ampak malik, lepa, a vendar hladna ideja, ki nima nobenega vpliva na na\u0161e \u017eivljenje. Kje je ostal sveti in neskon\u010dni Bog, ki ni bil nekje dale\u010d, temve\u010d sredi med nami. On ni le za\u010detnik \u017eivljenja, ampak \u0161e vedno \u017eivi, Bog ga je vendar obudil od mrtvih. On je \u0161e vedno tukaj in sedaj, a do njega lahko pride\u0161 le preko sebe. On je v tvojem sredi\u0161\u010du, v tvojem srcu. \u00bbOn je tvoj notranji u\u010ditelj!\u00ab je zapisal sveti Avgu\u0161tin. Samo ta notranji u\u010ditelj te lahko odpre zunanjim u\u010diteljem in njihovemu posredovanju Boga. Ves namakalni sistem je smiseln v stiku s tem notranjim, duhovnim u\u010diteljem, ki je za\u010detek in vir na\u0161ega \u017eivljenja. Samo kdor ostane v njem, kdor je kot mladika pri\u010dvr\u0161\u010den na trto, \u017eivi pravo \u017eivljenje. V njem \u017eivimo, se gibljemo in smo. Bogu hvala, da je tako.<\/p><p><strong>\u017dupnik Branko Bala\u017eic SDB<\/strong><\/p><span class=\"slv-content-keywords\"> Leto B Nedeljska meditacija Velikono\u010dni \u010das <\/span>","protected":false},"excerpt":{"rendered":"<p>Za\u010detnika \u017eivljenja ste ubili, a Bog ga je obudil od mrtvih Apostol Peter je po prvih binko\u0161tih koraj\u017eno stopil med mno\u017eico in pri\u010deval o Jezusu, ki ga je judovski narod zavrgel, ko so prosili za pomilostitev ubijalca, za\u010detnika \u017eivljenja pa so ubili. Bog pa ga je obudil od mrtvih, zato apostoli in vsi drugi, ki<a href=\"https:\/\/www.salve.si\/en\/nedeljska-meditacija\/3-velikonocna-nedelja\/\">&#8230;<\/a><\/p>","protected":false},"author":1561,"featured_media":0,"comment_status":"closed","ping_status":"open","sticky":false,"template":"","format":"standard","meta":{"_acf_changed":false,"footnotes":""},"categories":[1035,925,652],"tags":[927,1065],"class_list":["post-14201","post","type-post","status-publish","format-standard","hentry","category-leto-b","category-nedeljska-meditacija","category-velikonocni-cas","tag-nedeljska-meditacija","tag-velikonocni-cas"],"acf":[],"yoast_head":"<!-- This site is optimized with the Yoast SEO plugin v23.8 - https:\/\/yoast.com\/wordpress\/plugins\/seo\/ -->\n<title>3. velikono\u010dna nedelja - Salve<\/title>\n<meta name=\"robots\" content=\"noindex, follow\" \/>\n<meta property=\"og:locale\" content=\"en_US\" \/>\n<meta property=\"og:type\" content=\"article\" \/>\n<meta property=\"og:title\" content=\"3. velikono\u010dna nedelja - Salve\" \/>\n<meta property=\"og:description\" content=\"Za\u010detnika \u017eivljenja ste ubili, a Bog ga je obudil od mrtvih Apostol Peter je po prvih binko\u0161tih koraj\u017eno stopil med mno\u017eico in pri\u010deval o Jezusu, ki ga je judovski narod zavrgel, ko so prosili za pomilostitev ubijalca, za\u010detnika \u017eivljenja pa so ubili. Bog pa ga je obudil od mrtvih, zato apostoli in vsi drugi, ki...\" \/>\n<meta property=\"og:url\" content=\"https:\/\/www.salve.si\/en\/nedeljska-meditacija\/3-velikonocna-nedelja\/\" \/>\n<meta property=\"og:site_name\" content=\"Salve\" \/>\n<meta property=\"article:publisher\" content=\"https:\/\/www.facebook.com\/salve.si\" \/>\n<meta property=\"article:published_time\" content=\"2021-04-17T07:14:00+00:00\" \/>\n<meta property=\"article:modified_time\" content=\"2021-04-11T07:16:42+00:00\" \/>\n<meta property=\"og:image\" content=\"https:\/\/www.salve.si\/wp-content\/uploads\/2026\/01\/salve-og1.jpg\" \/>\n\t<meta property=\"og:image:width\" content=\"1200\" \/>\n\t<meta property=\"og:image:height\" content=\"630\" \/>\n\t<meta property=\"og:image:type\" content=\"image\/jpeg\" \/>\n<meta name=\"author\" content=\"Andrej Baliga\u010d\" \/>\n<meta name=\"twitter:card\" content=\"summary_large_image\" \/>\n<meta name=\"twitter:label1\" content=\"Written by\" \/>\n\t<meta name=\"twitter:data1\" content=\"Andrej Baliga\u010d\" \/>\n\t<meta name=\"twitter:label2\" content=\"Est. reading time\" \/>\n\t<meta name=\"twitter:data2\" content=\"2 minutes\" \/>\n<script type=\"application\/ld+json\" class=\"yoast-schema-graph\">{\"@context\":\"https:\/\/schema.org\",\"@graph\":[{\"@type\":\"Article\",\"@id\":\"https:\/\/www.salve.si\/nedeljska-meditacija\/3-velikonocna-nedelja\/#article\",\"isPartOf\":{\"@id\":\"https:\/\/www.salve.si\/nedeljska-meditacija\/3-velikonocna-nedelja\/\"},\"author\":{\"name\":\"Andrej Baliga\u010d\",\"@id\":\"https:\/\/www.salve.si\/#\/schema\/person\/61121950f92f07895dc7ea08dc78ba82\"},\"headline\":\"3. velikono\u010dna nedelja\",\"datePublished\":\"2021-04-17T07:14:00+00:00\",\"dateModified\":\"2021-04-11T07:16:42+00:00\",\"mainEntityOfPage\":{\"@id\":\"https:\/\/www.salve.si\/nedeljska-meditacija\/3-velikonocna-nedelja\/\"},\"wordCount\":484,\"publisher\":{\"@id\":\"https:\/\/www.salve.si\/#organization\"},\"keywords\":[\"nedeljska meditacija\",\"velikono\u010dni \u010das\"],\"articleSection\":[\"Leto B\",\"Nedeljska meditacija\",\"Velikono\u010dni \u010das\"],\"inLanguage\":\"en-US\"},{\"@type\":\"WebPage\",\"@id\":\"https:\/\/www.salve.si\/nedeljska-meditacija\/3-velikonocna-nedelja\/\",\"url\":\"https:\/\/www.salve.si\/nedeljska-meditacija\/3-velikonocna-nedelja\/\",\"name\":\"3. velikono\u010dna nedelja - Salve\",\"isPartOf\":{\"@id\":\"https:\/\/www.salve.si\/#website\"},\"datePublished\":\"2021-04-17T07:14:00+00:00\",\"dateModified\":\"2021-04-11T07:16:42+00:00\",\"breadcrumb\":{\"@id\":\"https:\/\/www.salve.si\/nedeljska-meditacija\/3-velikonocna-nedelja\/#breadcrumb\"},\"inLanguage\":\"en-US\",\"potentialAction\":[{\"@type\":\"ReadAction\",\"target\":[\"https:\/\/www.salve.si\/nedeljska-meditacija\/3-velikonocna-nedelja\/\"]}]},{\"@type\":\"BreadcrumbList\",\"@id\":\"https:\/\/www.salve.si\/nedeljska-meditacija\/3-velikonocna-nedelja\/#breadcrumb\",\"itemListElement\":[{\"@type\":\"ListItem\",\"position\":1,\"name\":\"Home\",\"item\":\"https:\/\/www.salve.si\/\"},{\"@type\":\"ListItem\",\"position\":2,\"name\":\"3. velikono\u010dna nedelja\"}]},{\"@type\":\"WebSite\",\"@id\":\"https:\/\/www.salve.si\/#website\",\"url\":\"https:\/\/www.salve.si\/\",\"name\":\"Salve\",\"description\":\"Salezijanska zalo\u017eba\",\"publisher\":{\"@id\":\"https:\/\/www.salve.si\/#organization\"},\"potentialAction\":[{\"@type\":\"SearchAction\",\"target\":{\"@type\":\"EntryPoint\",\"urlTemplate\":\"https:\/\/www.salve.si\/?s={search_term_string}\"},\"query-input\":{\"@type\":\"PropertyValueSpecification\",\"valueRequired\":true,\"valueName\":\"search_term_string\"}}],\"inLanguage\":\"en-US\"},{\"@type\":\"Organization\",\"@id\":\"https:\/\/www.salve.si\/#organization\",\"name\":\"Salve d.o.o.\",\"url\":\"https:\/\/www.salve.si\/\",\"logo\":{\"@type\":\"ImageObject\",\"inLanguage\":\"en-US\",\"@id\":\"https:\/\/www.salve.si\/#\/schema\/logo\/image\/\",\"url\":\"https:\/\/www.salve.si\/wp-content\/uploads\/2021\/01\/Salve_logo_modri_nov_web.png\",\"contentUrl\":\"https:\/\/www.salve.si\/wp-content\/uploads\/2021\/01\/Salve_logo_modri_nov_web.png\",\"width\":279,\"height\":90,\"caption\":\"Salve d.o.o.\"},\"image\":{\"@id\":\"https:\/\/www.salve.si\/#\/schema\/logo\/image\/\"},\"sameAs\":[\"https:\/\/www.facebook.com\/salve.si\",\"https:\/\/www.instagram.com\/zalozbasalve\/\",\"https:\/\/www.linkedin.com\/company\/zalozba-salve\/\"]},{\"@type\":\"Person\",\"@id\":\"https:\/\/www.salve.si\/#\/schema\/person\/61121950f92f07895dc7ea08dc78ba82\",\"name\":\"Andrej Baliga\u010d\",\"sameAs\":[\"https:\/\/www.salve.si\"]}]}<\/script>\n<!-- \/ Yoast SEO plugin. -->","yoast_head_json":{"title":"3. velikono\u010dna nedelja - Salve","robots":{"index":"noindex","follow":"follow"},"og_locale":"en_US","og_type":"article","og_title":"3. velikono\u010dna nedelja - Salve","og_description":"Za\u010detnika \u017eivljenja ste ubili, a Bog ga je obudil od mrtvih Apostol Peter je po prvih binko\u0161tih koraj\u017eno stopil med mno\u017eico in pri\u010deval o Jezusu, ki ga je judovski narod zavrgel, ko so prosili za pomilostitev ubijalca, za\u010detnika \u017eivljenja pa so ubili. Bog pa ga je obudil od mrtvih, zato apostoli in vsi drugi, ki...","og_url":"https:\/\/www.salve.si\/en\/nedeljska-meditacija\/3-velikonocna-nedelja\/","og_site_name":"Salve","article_publisher":"https:\/\/www.facebook.com\/salve.si","article_published_time":"2021-04-17T07:14:00+00:00","article_modified_time":"2021-04-11T07:16:42+00:00","og_image":[{"width":1200,"height":630,"url":"https:\/\/www.salve.si\/wp-content\/uploads\/2026\/01\/salve-og1.jpg","type":"image\/jpeg"}],"author":"Andrej Baliga\u010d","twitter_card":"summary_large_image","twitter_misc":{"Written by":"Andrej Baliga\u010d","Est. reading time":"2 minutes"},"schema":{"@context":"https:\/\/schema.org","@graph":[{"@type":"Article","@id":"https:\/\/www.salve.si\/nedeljska-meditacija\/3-velikonocna-nedelja\/#article","isPartOf":{"@id":"https:\/\/www.salve.si\/nedeljska-meditacija\/3-velikonocna-nedelja\/"},"author":{"name":"Andrej Baliga\u010d","@id":"https:\/\/www.salve.si\/#\/schema\/person\/61121950f92f07895dc7ea08dc78ba82"},"headline":"3. velikono\u010dna nedelja","datePublished":"2021-04-17T07:14:00+00:00","dateModified":"2021-04-11T07:16:42+00:00","mainEntityOfPage":{"@id":"https:\/\/www.salve.si\/nedeljska-meditacija\/3-velikonocna-nedelja\/"},"wordCount":484,"publisher":{"@id":"https:\/\/www.salve.si\/#organization"},"keywords":["nedeljska meditacija","velikono\u010dni \u010das"],"articleSection":["Leto B","Nedeljska meditacija","Velikono\u010dni \u010das"],"inLanguage":"en-US"},{"@type":"WebPage","@id":"https:\/\/www.salve.si\/nedeljska-meditacija\/3-velikonocna-nedelja\/","url":"https:\/\/www.salve.si\/nedeljska-meditacija\/3-velikonocna-nedelja\/","name":"3. velikono\u010dna nedelja - Salve","isPartOf":{"@id":"https:\/\/www.salve.si\/#website"},"datePublished":"2021-04-17T07:14:00+00:00","dateModified":"2021-04-11T07:16:42+00:00","breadcrumb":{"@id":"https:\/\/www.salve.si\/nedeljska-meditacija\/3-velikonocna-nedelja\/#breadcrumb"},"inLanguage":"en-US","potentialAction":[{"@type":"ReadAction","target":["https:\/\/www.salve.si\/nedeljska-meditacija\/3-velikonocna-nedelja\/"]}]},{"@type":"BreadcrumbList","@id":"https:\/\/www.salve.si\/nedeljska-meditacija\/3-velikonocna-nedelja\/#breadcrumb","itemListElement":[{"@type":"ListItem","position":1,"name":"Home","item":"https:\/\/www.salve.si\/"},{"@type":"ListItem","position":2,"name":"3. velikono\u010dna nedelja"}]},{"@type":"WebSite","@id":"https:\/\/www.salve.si\/#website","url":"https:\/\/www.salve.si\/","name":"Salve","description":"Salezijanska zalo\u017eba","publisher":{"@id":"https:\/\/www.salve.si\/#organization"},"potentialAction":[{"@type":"SearchAction","target":{"@type":"EntryPoint","urlTemplate":"https:\/\/www.salve.si\/?s={search_term_string}"},"query-input":{"@type":"PropertyValueSpecification","valueRequired":true,"valueName":"search_term_string"}}],"inLanguage":"en-US"},{"@type":"Organization","@id":"https:\/\/www.salve.si\/#organization","name":"Salve d.o.o.","url":"https:\/\/www.salve.si\/","logo":{"@type":"ImageObject","inLanguage":"en-US","@id":"https:\/\/www.salve.si\/#\/schema\/logo\/image\/","url":"https:\/\/www.salve.si\/wp-content\/uploads\/2021\/01\/Salve_logo_modri_nov_web.png","contentUrl":"https:\/\/www.salve.si\/wp-content\/uploads\/2021\/01\/Salve_logo_modri_nov_web.png","width":279,"height":90,"caption":"Salve d.o.o."},"image":{"@id":"https:\/\/www.salve.si\/#\/schema\/logo\/image\/"},"sameAs":["https:\/\/www.facebook.com\/salve.si","https:\/\/www.instagram.com\/zalozbasalve\/","https:\/\/www.linkedin.com\/company\/zalozba-salve\/"]},{"@type":"Person","@id":"https:\/\/www.salve.si\/#\/schema\/person\/61121950f92f07895dc7ea08dc78ba82","name":"Andrej Baliga\u010d","sameAs":["https:\/\/www.salve.si"]}]}},"_links":{"self":[{"href":"https:\/\/www.salve.si\/en\/wp-json\/wp\/v2\/posts\/14201","targetHints":{"allow":["GET"]}}],"collection":[{"href":"https:\/\/www.salve.si\/en\/wp-json\/wp\/v2\/posts"}],"about":[{"href":"https:\/\/www.salve.si\/en\/wp-json\/wp\/v2\/types\/post"}],"author":[{"embeddable":true,"href":"https:\/\/www.salve.si\/en\/wp-json\/wp\/v2\/users\/1561"}],"replies":[{"embeddable":true,"href":"https:\/\/www.salve.si\/en\/wp-json\/wp\/v2\/comments?post=14201"}],"version-history":[{"count":2,"href":"https:\/\/www.salve.si\/en\/wp-json\/wp\/v2\/posts\/14201\/revisions"}],"predecessor-version":[{"id":14203,"href":"https:\/\/www.salve.si\/en\/wp-json\/wp\/v2\/posts\/14201\/revisions\/14203"}],"wp:attachment":[{"href":"https:\/\/www.salve.si\/en\/wp-json\/wp\/v2\/media?parent=14201"}],"wp:term":[{"taxonomy":"category","embeddable":true,"href":"https:\/\/www.salve.si\/en\/wp-json\/wp\/v2\/categories?post=14201"},{"taxonomy":"post_tag","embeddable":true,"href":"https:\/\/www.salve.si\/en\/wp-json\/wp\/v2\/tags?post=14201"}],"curies":[{"name":"wp","href":"https:\/\/api.w.org\/{rel}","templated":true}]}}