{"id":14196,"date":"2021-04-11T09:13:18","date_gmt":"2021-04-11T07:13:18","guid":{"rendered":"https:\/\/www.salve.si\/?p=14196"},"modified":"2021-04-11T09:14:19","modified_gmt":"2021-04-11T07:14:19","slug":"2-velikonocna-bela-nedelja","status":"publish","type":"post","link":"https:\/\/www.salve.si\/en\/leto-b\/2-velikonocna-bela-nedelja\/","title":{"rendered":"2. velikono\u010dna \u2013 bela nedelja"},"content":{"rendered":"<p><strong>Bili so kakor eno srce in ena du\u0161a<\/strong><\/p><p>V Apostolskih delih beremo: \u00bbMno\u017eica teh, ki so sprejeli vero, je bila kakor eno srce in ena du\u0161a. Nih\u010de ni trdil, da je to, kar ima, njegova last, temve\u010d jim je bilo vse skupno.\u00ab Zares, to je bila idealna skupnost, o kateri lahko samo sanjamo. Verjetno ni bilo vse tako brezhibno, brez sleherne napake, vendar je bilo tako mo\u010dno nad povpre\u010dnim obna\u0161anjem drugih, ki niso bili kristjani, da je Luka, ki ni poznal Jezusa, svojo ugotovitev zapisal kot enega od vzrokov, za \u0161irjenje kr\u0161\u010danstva. Apostoli so govorili tako navdu\u0161eno in prepri\u010dljivo, da so jih mnogi jemali zelo resno in bili pripravljeni deliti drug z drugim vse, kar so imeli.<\/p><p>Zakaj danes Cerkev in kristjani tretjega tiso\u010dletja nismo tako pri\u010devalni. Mislim, da je osnovna te\u017eava v pomanjkanju poguma, da bi priznali, kako \u0161ibka je na\u0161a vera. Sekularizacija je prodrla globlje v Cerkev, kot smo si pripravljeni priznati. Dopovedovali smo si, da je nevera problem \u00bbonih, ki so zunaj\u00ab, a temu ni tako. Prvi val sekularizacije je bil v znamenju ideolo\u0161kega nasprotovanja Cerkvi in zmanj\u0161evanju javne vloge religije. Govorili so o Cerkvi, ki je potisnjena v zakristije, ki ni v skladu s sodobnimi trendi in zavaja ljudstvo. Danes pa smo pri\u010da drugemu valu, ki se ka\u017ee v brezbri\u017enosti in nihilizmu, ki se je naselil v srce sodobnega \u010dloveka, tudi tistega, ki se formalno \u0161e vedno opredeljuje za kristjana. Sodobnik nima ve\u010d pravega \u010duta za religijo in duhovno \u017eivljenje, o \u010demer pri\u010dajo tudi nova duhovna gibanja. Ta so posku\u0161ala vstopiti v prostor odsotnega Boga, postala so religija brez Boga in na koncu so kon\u010dala s \u010de\u0161\u010denjem samega sebe. Ko pa postavi\u0161 samega sebe v sredi\u0161\u010de, si zakone vedno znova prilagaja\u0161 sebi v prid in je morala povezana z osebnim gledanjem elitne skupine: \u00bbDobro je, kar mi trenutno koristi, slabo je vse, kar mi prepre\u010duje u\u017eivanje in lagodno \u017eivljenje na tuji ra\u010dun!\u00ab<\/p><p>Pomemben korak naprej je v priznanju, kako globoka je na\u0161a kriza vere, kajti sedaj do\u017eivljamo krizo Boga. Prej\u0161nja obdobja so poznala krizo Cerkve, krizo pastorale, krizo morale in duhovnosti, mi pa ob\u010dutimo krizo Boga. Bog je postal tujec v lastni hi\u0161i, v evropskem kr\u0161\u010danstvu. Tako smo sedaj kristjani zaradi svoje \u0161ibke vere postali del problema in ne njegovo re\u0161evanje. Ali kr\u0161\u010danstvo res izumira? Gotovo izumira neka oblika kr\u0161\u010danstva, kar je znamenje \u010dasa, ki zahteva o\u010di\u0161\u010denje vere, ki ni ve\u010d izzivalna in vredna posnemanja. Kot prva kr\u0161\u010danska skupnost, moramo tudi sami postati eno srce in ena du\u0161a, ki jo povezuje vstali Kristus, ki je \u0161e vedno med nami in nas vabi na pot, ki vodi v ve\u010dno \u017eivljenje.<\/p><p><strong>\u017dupnik Branko Bala\u017eic SDB<\/strong><\/p><p><\/p><span class=\"slv-content-keywords\"> Leto B Nedeljska meditacija Velikono\u010dni \u010das <\/span>","protected":false},"excerpt":{"rendered":"<p>Bili so kakor eno srce in ena du\u0161a V Apostolskih delih beremo: \u00bbMno\u017eica teh, ki so sprejeli vero, je bila kakor eno srce in ena du\u0161a. Nih\u010de ni trdil, da je to, kar ima, njegova last, temve\u010d jim je bilo vse skupno.\u00ab Zares, to je bila idealna skupnost, o kateri lahko samo sanjamo. Verjetno ni<a href=\"https:\/\/www.salve.si\/en\/leto-b\/2-velikonocna-bela-nedelja\/\">&#8230;<\/a><\/p>","protected":false},"author":1561,"featured_media":0,"comment_status":"closed","ping_status":"open","sticky":false,"template":"","format":"standard","meta":{"_acf_changed":false,"footnotes":""},"categories":[1035,925,652],"tags":[1074,1076],"class_list":["post-14196","post","type-post","status-publish","format-standard","hentry","category-leto-b","category-nedeljska-meditacija","category-velikonocni-cas","tag-bela-nedelja","tag-nedelja-bozjega-usmiljenja"],"acf":[],"yoast_head":"<!-- This site is optimized with the Yoast SEO plugin v23.8 - https:\/\/yoast.com\/wordpress\/plugins\/seo\/ -->\n<title>2. velikono\u010dna \u2013 bela nedelja - Salve<\/title>\n<meta name=\"robots\" content=\"noindex, follow\" \/>\n<meta property=\"og:locale\" content=\"en_US\" \/>\n<meta property=\"og:type\" content=\"article\" \/>\n<meta property=\"og:title\" content=\"2. velikono\u010dna \u2013 bela nedelja - Salve\" \/>\n<meta property=\"og:description\" content=\"Bili so kakor eno srce in ena du\u0161a V Apostolskih delih beremo: \u00bbMno\u017eica teh, ki so sprejeli vero, je bila kakor eno srce in ena du\u0161a. Nih\u010de ni trdil, da je to, kar ima, njegova last, temve\u010d jim je bilo vse skupno.\u00ab Zares, to je bila idealna skupnost, o kateri lahko samo sanjamo. Verjetno ni...\" \/>\n<meta property=\"og:url\" content=\"https:\/\/www.salve.si\/en\/leto-b\/2-velikonocna-bela-nedelja\/\" \/>\n<meta property=\"og:site_name\" content=\"Salve\" \/>\n<meta property=\"article:publisher\" content=\"https:\/\/www.facebook.com\/salve.si\" \/>\n<meta property=\"article:published_time\" content=\"2021-04-11T07:13:18+00:00\" \/>\n<meta property=\"article:modified_time\" content=\"2021-04-11T07:14:19+00:00\" \/>\n<meta property=\"og:image\" content=\"https:\/\/www.salve.si\/wp-content\/uploads\/2026\/01\/salve-og1.jpg\" \/>\n\t<meta property=\"og:image:width\" content=\"1200\" \/>\n\t<meta property=\"og:image:height\" content=\"630\" \/>\n\t<meta property=\"og:image:type\" content=\"image\/jpeg\" \/>\n<meta name=\"author\" content=\"Andrej Baliga\u010d\" \/>\n<meta name=\"twitter:card\" content=\"summary_large_image\" \/>\n<meta name=\"twitter:label1\" content=\"Written by\" \/>\n\t<meta name=\"twitter:data1\" content=\"Andrej Baliga\u010d\" \/>\n\t<meta name=\"twitter:label2\" content=\"Est. reading time\" \/>\n\t<meta name=\"twitter:data2\" content=\"2 minutes\" \/>\n<script type=\"application\/ld+json\" class=\"yoast-schema-graph\">{\"@context\":\"https:\/\/schema.org\",\"@graph\":[{\"@type\":\"Article\",\"@id\":\"https:\/\/www.salve.si\/leto-b\/2-velikonocna-bela-nedelja\/#article\",\"isPartOf\":{\"@id\":\"https:\/\/www.salve.si\/leto-b\/2-velikonocna-bela-nedelja\/\"},\"author\":{\"name\":\"Andrej Baliga\u010d\",\"@id\":\"https:\/\/www.salve.si\/#\/schema\/person\/61121950f92f07895dc7ea08dc78ba82\"},\"headline\":\"2. velikono\u010dna \u2013 bela nedelja\",\"datePublished\":\"2021-04-11T07:13:18+00:00\",\"dateModified\":\"2021-04-11T07:14:19+00:00\",\"mainEntityOfPage\":{\"@id\":\"https:\/\/www.salve.si\/leto-b\/2-velikonocna-bela-nedelja\/\"},\"wordCount\":490,\"publisher\":{\"@id\":\"https:\/\/www.salve.si\/#organization\"},\"keywords\":[\"Bela nedelja\",\"nedelja bo\u017ejega usmiljenja\"],\"articleSection\":[\"Leto B\",\"Nedeljska meditacija\",\"Velikono\u010dni \u010das\"],\"inLanguage\":\"en-US\"},{\"@type\":\"WebPage\",\"@id\":\"https:\/\/www.salve.si\/leto-b\/2-velikonocna-bela-nedelja\/\",\"url\":\"https:\/\/www.salve.si\/leto-b\/2-velikonocna-bela-nedelja\/\",\"name\":\"2. velikono\u010dna \u2013 bela nedelja - Salve\",\"isPartOf\":{\"@id\":\"https:\/\/www.salve.si\/#website\"},\"datePublished\":\"2021-04-11T07:13:18+00:00\",\"dateModified\":\"2021-04-11T07:14:19+00:00\",\"breadcrumb\":{\"@id\":\"https:\/\/www.salve.si\/leto-b\/2-velikonocna-bela-nedelja\/#breadcrumb\"},\"inLanguage\":\"en-US\",\"potentialAction\":[{\"@type\":\"ReadAction\",\"target\":[\"https:\/\/www.salve.si\/leto-b\/2-velikonocna-bela-nedelja\/\"]}]},{\"@type\":\"BreadcrumbList\",\"@id\":\"https:\/\/www.salve.si\/leto-b\/2-velikonocna-bela-nedelja\/#breadcrumb\",\"itemListElement\":[{\"@type\":\"ListItem\",\"position\":1,\"name\":\"Home\",\"item\":\"https:\/\/www.salve.si\/\"},{\"@type\":\"ListItem\",\"position\":2,\"name\":\"2. velikono\u010dna \u2013 bela nedelja\"}]},{\"@type\":\"WebSite\",\"@id\":\"https:\/\/www.salve.si\/#website\",\"url\":\"https:\/\/www.salve.si\/\",\"name\":\"Salve\",\"description\":\"Salezijanska zalo\u017eba\",\"publisher\":{\"@id\":\"https:\/\/www.salve.si\/#organization\"},\"potentialAction\":[{\"@type\":\"SearchAction\",\"target\":{\"@type\":\"EntryPoint\",\"urlTemplate\":\"https:\/\/www.salve.si\/?s={search_term_string}\"},\"query-input\":{\"@type\":\"PropertyValueSpecification\",\"valueRequired\":true,\"valueName\":\"search_term_string\"}}],\"inLanguage\":\"en-US\"},{\"@type\":\"Organization\",\"@id\":\"https:\/\/www.salve.si\/#organization\",\"name\":\"Salve d.o.o.\",\"url\":\"https:\/\/www.salve.si\/\",\"logo\":{\"@type\":\"ImageObject\",\"inLanguage\":\"en-US\",\"@id\":\"https:\/\/www.salve.si\/#\/schema\/logo\/image\/\",\"url\":\"https:\/\/www.salve.si\/wp-content\/uploads\/2021\/01\/Salve_logo_modri_nov_web.png\",\"contentUrl\":\"https:\/\/www.salve.si\/wp-content\/uploads\/2021\/01\/Salve_logo_modri_nov_web.png\",\"width\":279,\"height\":90,\"caption\":\"Salve d.o.o.\"},\"image\":{\"@id\":\"https:\/\/www.salve.si\/#\/schema\/logo\/image\/\"},\"sameAs\":[\"https:\/\/www.facebook.com\/salve.si\",\"https:\/\/www.instagram.com\/zalozbasalve\/\",\"https:\/\/www.linkedin.com\/company\/zalozba-salve\/\"]},{\"@type\":\"Person\",\"@id\":\"https:\/\/www.salve.si\/#\/schema\/person\/61121950f92f07895dc7ea08dc78ba82\",\"name\":\"Andrej Baliga\u010d\",\"sameAs\":[\"https:\/\/www.salve.si\"]}]}<\/script>\n<!-- \/ Yoast SEO plugin. -->","yoast_head_json":{"title":"2. velikono\u010dna \u2013 bela nedelja - Salve","robots":{"index":"noindex","follow":"follow"},"og_locale":"en_US","og_type":"article","og_title":"2. velikono\u010dna \u2013 bela nedelja - Salve","og_description":"Bili so kakor eno srce in ena du\u0161a V Apostolskih delih beremo: \u00bbMno\u017eica teh, ki so sprejeli vero, je bila kakor eno srce in ena du\u0161a. Nih\u010de ni trdil, da je to, kar ima, njegova last, temve\u010d jim je bilo vse skupno.\u00ab Zares, to je bila idealna skupnost, o kateri lahko samo sanjamo. Verjetno ni...","og_url":"https:\/\/www.salve.si\/en\/leto-b\/2-velikonocna-bela-nedelja\/","og_site_name":"Salve","article_publisher":"https:\/\/www.facebook.com\/salve.si","article_published_time":"2021-04-11T07:13:18+00:00","article_modified_time":"2021-04-11T07:14:19+00:00","og_image":[{"width":1200,"height":630,"url":"https:\/\/www.salve.si\/wp-content\/uploads\/2026\/01\/salve-og1.jpg","type":"image\/jpeg"}],"author":"Andrej Baliga\u010d","twitter_card":"summary_large_image","twitter_misc":{"Written by":"Andrej Baliga\u010d","Est. reading time":"2 minutes"},"schema":{"@context":"https:\/\/schema.org","@graph":[{"@type":"Article","@id":"https:\/\/www.salve.si\/leto-b\/2-velikonocna-bela-nedelja\/#article","isPartOf":{"@id":"https:\/\/www.salve.si\/leto-b\/2-velikonocna-bela-nedelja\/"},"author":{"name":"Andrej Baliga\u010d","@id":"https:\/\/www.salve.si\/#\/schema\/person\/61121950f92f07895dc7ea08dc78ba82"},"headline":"2. velikono\u010dna \u2013 bela nedelja","datePublished":"2021-04-11T07:13:18+00:00","dateModified":"2021-04-11T07:14:19+00:00","mainEntityOfPage":{"@id":"https:\/\/www.salve.si\/leto-b\/2-velikonocna-bela-nedelja\/"},"wordCount":490,"publisher":{"@id":"https:\/\/www.salve.si\/#organization"},"keywords":["Bela nedelja","nedelja bo\u017ejega usmiljenja"],"articleSection":["Leto B","Nedeljska meditacija","Velikono\u010dni \u010das"],"inLanguage":"en-US"},{"@type":"WebPage","@id":"https:\/\/www.salve.si\/leto-b\/2-velikonocna-bela-nedelja\/","url":"https:\/\/www.salve.si\/leto-b\/2-velikonocna-bela-nedelja\/","name":"2. velikono\u010dna \u2013 bela nedelja - Salve","isPartOf":{"@id":"https:\/\/www.salve.si\/#website"},"datePublished":"2021-04-11T07:13:18+00:00","dateModified":"2021-04-11T07:14:19+00:00","breadcrumb":{"@id":"https:\/\/www.salve.si\/leto-b\/2-velikonocna-bela-nedelja\/#breadcrumb"},"inLanguage":"en-US","potentialAction":[{"@type":"ReadAction","target":["https:\/\/www.salve.si\/leto-b\/2-velikonocna-bela-nedelja\/"]}]},{"@type":"BreadcrumbList","@id":"https:\/\/www.salve.si\/leto-b\/2-velikonocna-bela-nedelja\/#breadcrumb","itemListElement":[{"@type":"ListItem","position":1,"name":"Home","item":"https:\/\/www.salve.si\/"},{"@type":"ListItem","position":2,"name":"2. velikono\u010dna \u2013 bela nedelja"}]},{"@type":"WebSite","@id":"https:\/\/www.salve.si\/#website","url":"https:\/\/www.salve.si\/","name":"Salve","description":"Salezijanska zalo\u017eba","publisher":{"@id":"https:\/\/www.salve.si\/#organization"},"potentialAction":[{"@type":"SearchAction","target":{"@type":"EntryPoint","urlTemplate":"https:\/\/www.salve.si\/?s={search_term_string}"},"query-input":{"@type":"PropertyValueSpecification","valueRequired":true,"valueName":"search_term_string"}}],"inLanguage":"en-US"},{"@type":"Organization","@id":"https:\/\/www.salve.si\/#organization","name":"Salve d.o.o.","url":"https:\/\/www.salve.si\/","logo":{"@type":"ImageObject","inLanguage":"en-US","@id":"https:\/\/www.salve.si\/#\/schema\/logo\/image\/","url":"https:\/\/www.salve.si\/wp-content\/uploads\/2021\/01\/Salve_logo_modri_nov_web.png","contentUrl":"https:\/\/www.salve.si\/wp-content\/uploads\/2021\/01\/Salve_logo_modri_nov_web.png","width":279,"height":90,"caption":"Salve d.o.o."},"image":{"@id":"https:\/\/www.salve.si\/#\/schema\/logo\/image\/"},"sameAs":["https:\/\/www.facebook.com\/salve.si","https:\/\/www.instagram.com\/zalozbasalve\/","https:\/\/www.linkedin.com\/company\/zalozba-salve\/"]},{"@type":"Person","@id":"https:\/\/www.salve.si\/#\/schema\/person\/61121950f92f07895dc7ea08dc78ba82","name":"Andrej Baliga\u010d","sameAs":["https:\/\/www.salve.si"]}]}},"_links":{"self":[{"href":"https:\/\/www.salve.si\/en\/wp-json\/wp\/v2\/posts\/14196","targetHints":{"allow":["GET"]}}],"collection":[{"href":"https:\/\/www.salve.si\/en\/wp-json\/wp\/v2\/posts"}],"about":[{"href":"https:\/\/www.salve.si\/en\/wp-json\/wp\/v2\/types\/post"}],"author":[{"embeddable":true,"href":"https:\/\/www.salve.si\/en\/wp-json\/wp\/v2\/users\/1561"}],"replies":[{"embeddable":true,"href":"https:\/\/www.salve.si\/en\/wp-json\/wp\/v2\/comments?post=14196"}],"version-history":[{"count":4,"href":"https:\/\/www.salve.si\/en\/wp-json\/wp\/v2\/posts\/14196\/revisions"}],"predecessor-version":[{"id":14200,"href":"https:\/\/www.salve.si\/en\/wp-json\/wp\/v2\/posts\/14196\/revisions\/14200"}],"wp:attachment":[{"href":"https:\/\/www.salve.si\/en\/wp-json\/wp\/v2\/media?parent=14196"}],"wp:term":[{"taxonomy":"category","embeddable":true,"href":"https:\/\/www.salve.si\/en\/wp-json\/wp\/v2\/categories?post=14196"},{"taxonomy":"post_tag","embeddable":true,"href":"https:\/\/www.salve.si\/en\/wp-json\/wp\/v2\/tags?post=14196"}],"curies":[{"name":"wp","href":"https:\/\/api.w.org\/{rel}","templated":true}]}}