{"id":13749,"date":"2021-01-30T10:36:00","date_gmt":"2021-01-30T09:36:00","guid":{"rendered":"https:\/\/www.salve.si\/?p=13749"},"modified":"2021-01-02T10:41:27","modified_gmt":"2021-01-02T09:41:27","slug":"4-nedelja-med-letom","status":"publish","type":"post","link":"https:\/\/www.salve.si\/en\/cas-med-letom\/4-nedelja-med-letom\/","title":{"rendered":"4. nedelja med letom"},"content":{"rendered":"<p><strong>Preroka ti bo obudil Gospod, tvoj Bog<\/strong><\/p><p>\u00bbPreroka iz tvoje srede, izmed tvojih bratov, kakor sem jaz, ti bo obudil Gospod, tvoj Bog; njega poslu\u0161ajte!\u00ab je Mojzes govoril ljudstvu. Ljudstvo se je namre\u010d balo gledati Boga, ki se jim je pred Horebom razodeval z grmenjem, bliskanjem in kade\u010do goro, zato so mu rekli: \u00bbTi govori z nami in poslu\u0161ali bomo! Bog pa naj ne govori z nami, da ne umremo!\u00ab Pred Bogom so imeli velik re\u0161pekt in strah, zato so prosili za posrednika, ki bo njihove pro\u0161nje prina\u0161al pred Boga. Ali je danes kaj druga\u010de? Zelo druga\u010de. Zato se kot duhovnik ve\u010dkrat spra\u0161ujem, kak\u0161na je moja naloga med ljudmi, ki menijo, da ne potrebujejo nobenega preroka in nobenega duhovnika, \u010de\u0161: \u00bbJaz se sredi narave lahko sam pogovarjam z Bogom, zato ne potrebujem ne u\u010ditelja ne kak\u0161nega mediatorja?\u00ab 2. vatikanski koncil pa je bil mnenja, da so preroki danes \u0161e bolj potrebni kot neko\u010d in zato naj bi bil vsak kristjan z zakramentom svetega krsta dele\u017een u\u010diteljske, duhovni\u0161ke in prero\u0161ke slu\u017ebe.<\/p><p>Kdo je prerok? Tisti, ki mu Bog polaga svoje besede v njegova usta in mora govoriti to, kar mu je Bog naro\u010dil. Kdor ga ne poslu\u0161a, ta se bo moral zagovarjati pred Bogom in tudi prerok si ne sme drzniti govoriti v imenu kak\u0161nega drugega Boga ali govoriti v svojem imenu. Vsako odstopanje od prero\u0161ke slu\u017ebe namre\u010d vodi v zmoto, v greh in smrt tako posameznikov kot kak\u0161ne skupnosti ali naroda. V novi zavezi pa je ta slu\u017eba raz\u0161irjena na vse stanove in apostol Pavel govori o prero\u0161ki slu\u017ebi mo\u017ea in \u017eene, ki to slu\u017ebo vr\u0161ita v medsebojni ljubezni in ljubezni do otrok, samski in devi\u0161ki pa skrbijo za to, kar je Gospodovo, da bi bili sveti po telesu in po duhu. Preroke potrebujemo, ker je med ljudmi veliko strahu, kar smo na poseben na\u010din do\u017eiveli v \u010dasu epidemije korona virusa in \u0161e prej ob nastopu novega tiso\u010dletja, ko je bilo veliko govora o koncu sveta. Zato je prerok v vlogi tistega, ki pomirja, a hkrati mora govoriti tudi o neprijetnih stvareh, o grehih in razli\u010dnih zlorabah, kar za poslu\u0161alce ni prijetno. Kristjani ne moremo kar tako pozabiti, kaj je za nas storil Bog. Njegovih besed in njegovih del ni mogo\u010de uti\u0161ati. Mi vsi smo sad Bo\u017eje ljubezni in \u010de damo Boga na stran, izdamo sami sebe in sebe uni\u010dimo. Torej moram biti prerok najprej samemu sebi: spomniti se moram vsega lepega, kar sem od Boga prejel, v podjetju moram biti dosleden in nepopustljiv v svoji po\u0161tenosti. \u017de moja vztrajnost v dobrem bo moja prero\u0161ka dr\u017ea. Vzori vle\u010dejo. Moj vzor dobrega ne bo brez u\u010dinka. Pripravljen pa moram biti, da se bo kdo zarotil proti meni, da bom morda izgubil slu\u017ebo, da se bom odlo\u010dil za odhod in s tem ogrozil svoje lastno blagostanje. V tak\u0161nih trenutkih moram biti posebej mo\u010dan in podprt z molitvijo, zavedajo\u010d se, da Bog svojih prerokov nikoli ne zapusti.<\/p><p><strong>\u017dupnik Branko Bala\u017eic, SDB<\/strong><\/p><p><\/p><span class=\"slv-content-keywords\"> \u010cas med letom Leto B Nedeljska meditacija <\/span>","protected":false},"excerpt":{"rendered":"<p>Preroka ti bo obudil Gospod, tvoj Bog \u00bbPreroka iz tvoje srede, izmed tvojih bratov, kakor sem jaz, ti bo obudil Gospod, tvoj Bog; njega poslu\u0161ajte!\u00ab je Mojzes govoril ljudstvu. Ljudstvo se je namre\u010d balo gledati Boga, ki se jim je pred Horebom razodeval z grmenjem, bliskanjem in kade\u010do goro, zato so mu rekli: \u00bbTi govori<a href=\"https:\/\/www.salve.si\/en\/cas-med-letom\/4-nedelja-med-letom\/\">&#8230;<\/a><\/p>","protected":false},"author":1561,"featured_media":0,"comment_status":"closed","ping_status":"open","sticky":false,"template":"","format":"standard","meta":{"_acf_changed":false,"footnotes":""},"categories":[654,1035,925],"tags":[1051,927],"class_list":["post-13749","post","type-post","status-publish","format-standard","hentry","category-cas-med-letom","category-leto-b","category-nedeljska-meditacija","tag-leto-b-2","tag-nedeljska-meditacija"],"acf":[],"yoast_head":"<!-- This site is optimized with the Yoast SEO plugin v23.8 - https:\/\/yoast.com\/wordpress\/plugins\/seo\/ -->\n<title>4. nedelja med letom - Salve<\/title>\n<meta name=\"robots\" content=\"noindex, follow\" \/>\n<meta property=\"og:locale\" content=\"en_US\" \/>\n<meta property=\"og:type\" content=\"article\" \/>\n<meta property=\"og:title\" content=\"4. nedelja med letom - Salve\" \/>\n<meta property=\"og:description\" content=\"Preroka ti bo obudil Gospod, tvoj Bog \u00bbPreroka iz tvoje srede, izmed tvojih bratov, kakor sem jaz, ti bo obudil Gospod, tvoj Bog; njega poslu\u0161ajte!\u00ab je Mojzes govoril ljudstvu. Ljudstvo se je namre\u010d balo gledati Boga, ki se jim je pred Horebom razodeval z grmenjem, bliskanjem in kade\u010do goro, zato so mu rekli: \u00bbTi govori...\" \/>\n<meta property=\"og:url\" content=\"https:\/\/www.salve.si\/en\/cas-med-letom\/4-nedelja-med-letom\/\" \/>\n<meta property=\"og:site_name\" content=\"Salve\" \/>\n<meta property=\"article:publisher\" content=\"https:\/\/www.facebook.com\/salve.si\" \/>\n<meta property=\"article:published_time\" content=\"2021-01-30T09:36:00+00:00\" \/>\n<meta property=\"article:modified_time\" content=\"2021-01-02T09:41:27+00:00\" \/>\n<meta property=\"og:image\" content=\"https:\/\/www.salve.si\/wp-content\/uploads\/2026\/01\/salve-og1.jpg\" \/>\n\t<meta property=\"og:image:width\" content=\"1200\" \/>\n\t<meta property=\"og:image:height\" content=\"630\" \/>\n\t<meta property=\"og:image:type\" content=\"image\/jpeg\" \/>\n<meta name=\"author\" content=\"Andrej Baliga\u010d\" \/>\n<meta name=\"twitter:card\" content=\"summary_large_image\" \/>\n<meta name=\"twitter:label1\" content=\"Written by\" \/>\n\t<meta name=\"twitter:data1\" content=\"Andrej Baliga\u010d\" \/>\n\t<meta name=\"twitter:label2\" content=\"Est. reading time\" \/>\n\t<meta name=\"twitter:data2\" content=\"3 minutes\" \/>\n<script type=\"application\/ld+json\" class=\"yoast-schema-graph\">{\"@context\":\"https:\/\/schema.org\",\"@graph\":[{\"@type\":\"Article\",\"@id\":\"https:\/\/www.salve.si\/cas-med-letom\/4-nedelja-med-letom\/#article\",\"isPartOf\":{\"@id\":\"https:\/\/www.salve.si\/cas-med-letom\/4-nedelja-med-letom\/\"},\"author\":{\"name\":\"Andrej Baliga\u010d\",\"@id\":\"https:\/\/www.salve.si\/#\/schema\/person\/61121950f92f07895dc7ea08dc78ba82\"},\"headline\":\"4. nedelja med letom\",\"datePublished\":\"2021-01-30T09:36:00+00:00\",\"dateModified\":\"2021-01-02T09:41:27+00:00\",\"mainEntityOfPage\":{\"@id\":\"https:\/\/www.salve.si\/cas-med-letom\/4-nedelja-med-letom\/\"},\"wordCount\":548,\"publisher\":{\"@id\":\"https:\/\/www.salve.si\/#organization\"},\"keywords\":[\"Leto B\",\"nedeljska meditacija\"],\"articleSection\":[\"\u010cas med letom\",\"Leto B\",\"Nedeljska meditacija\"],\"inLanguage\":\"en-US\"},{\"@type\":\"WebPage\",\"@id\":\"https:\/\/www.salve.si\/cas-med-letom\/4-nedelja-med-letom\/\",\"url\":\"https:\/\/www.salve.si\/cas-med-letom\/4-nedelja-med-letom\/\",\"name\":\"4. nedelja med letom - Salve\",\"isPartOf\":{\"@id\":\"https:\/\/www.salve.si\/#website\"},\"datePublished\":\"2021-01-30T09:36:00+00:00\",\"dateModified\":\"2021-01-02T09:41:27+00:00\",\"breadcrumb\":{\"@id\":\"https:\/\/www.salve.si\/cas-med-letom\/4-nedelja-med-letom\/#breadcrumb\"},\"inLanguage\":\"en-US\",\"potentialAction\":[{\"@type\":\"ReadAction\",\"target\":[\"https:\/\/www.salve.si\/cas-med-letom\/4-nedelja-med-letom\/\"]}]},{\"@type\":\"BreadcrumbList\",\"@id\":\"https:\/\/www.salve.si\/cas-med-letom\/4-nedelja-med-letom\/#breadcrumb\",\"itemListElement\":[{\"@type\":\"ListItem\",\"position\":1,\"name\":\"Home\",\"item\":\"https:\/\/www.salve.si\/\"},{\"@type\":\"ListItem\",\"position\":2,\"name\":\"4. nedelja med letom\"}]},{\"@type\":\"WebSite\",\"@id\":\"https:\/\/www.salve.si\/#website\",\"url\":\"https:\/\/www.salve.si\/\",\"name\":\"Salve\",\"description\":\"Salezijanska zalo\u017eba\",\"publisher\":{\"@id\":\"https:\/\/www.salve.si\/#organization\"},\"potentialAction\":[{\"@type\":\"SearchAction\",\"target\":{\"@type\":\"EntryPoint\",\"urlTemplate\":\"https:\/\/www.salve.si\/?s={search_term_string}\"},\"query-input\":{\"@type\":\"PropertyValueSpecification\",\"valueRequired\":true,\"valueName\":\"search_term_string\"}}],\"inLanguage\":\"en-US\"},{\"@type\":\"Organization\",\"@id\":\"https:\/\/www.salve.si\/#organization\",\"name\":\"Salve d.o.o.\",\"url\":\"https:\/\/www.salve.si\/\",\"logo\":{\"@type\":\"ImageObject\",\"inLanguage\":\"en-US\",\"@id\":\"https:\/\/www.salve.si\/#\/schema\/logo\/image\/\",\"url\":\"https:\/\/www.salve.si\/wp-content\/uploads\/2021\/01\/Salve_logo_modri_nov_web.png\",\"contentUrl\":\"https:\/\/www.salve.si\/wp-content\/uploads\/2021\/01\/Salve_logo_modri_nov_web.png\",\"width\":279,\"height\":90,\"caption\":\"Salve d.o.o.\"},\"image\":{\"@id\":\"https:\/\/www.salve.si\/#\/schema\/logo\/image\/\"},\"sameAs\":[\"https:\/\/www.facebook.com\/salve.si\",\"https:\/\/www.instagram.com\/zalozbasalve\/\",\"https:\/\/www.linkedin.com\/company\/zalozba-salve\/\"]},{\"@type\":\"Person\",\"@id\":\"https:\/\/www.salve.si\/#\/schema\/person\/61121950f92f07895dc7ea08dc78ba82\",\"name\":\"Andrej Baliga\u010d\",\"sameAs\":[\"https:\/\/www.salve.si\"]}]}<\/script>\n<!-- \/ Yoast SEO plugin. -->","yoast_head_json":{"title":"4. nedelja med letom - Salve","robots":{"index":"noindex","follow":"follow"},"og_locale":"en_US","og_type":"article","og_title":"4. nedelja med letom - Salve","og_description":"Preroka ti bo obudil Gospod, tvoj Bog \u00bbPreroka iz tvoje srede, izmed tvojih bratov, kakor sem jaz, ti bo obudil Gospod, tvoj Bog; njega poslu\u0161ajte!\u00ab je Mojzes govoril ljudstvu. Ljudstvo se je namre\u010d balo gledati Boga, ki se jim je pred Horebom razodeval z grmenjem, bliskanjem in kade\u010do goro, zato so mu rekli: \u00bbTi govori...","og_url":"https:\/\/www.salve.si\/en\/cas-med-letom\/4-nedelja-med-letom\/","og_site_name":"Salve","article_publisher":"https:\/\/www.facebook.com\/salve.si","article_published_time":"2021-01-30T09:36:00+00:00","article_modified_time":"2021-01-02T09:41:27+00:00","og_image":[{"width":1200,"height":630,"url":"https:\/\/www.salve.si\/wp-content\/uploads\/2026\/01\/salve-og1.jpg","type":"image\/jpeg"}],"author":"Andrej Baliga\u010d","twitter_card":"summary_large_image","twitter_misc":{"Written by":"Andrej Baliga\u010d","Est. reading time":"3 minutes"},"schema":{"@context":"https:\/\/schema.org","@graph":[{"@type":"Article","@id":"https:\/\/www.salve.si\/cas-med-letom\/4-nedelja-med-letom\/#article","isPartOf":{"@id":"https:\/\/www.salve.si\/cas-med-letom\/4-nedelja-med-letom\/"},"author":{"name":"Andrej Baliga\u010d","@id":"https:\/\/www.salve.si\/#\/schema\/person\/61121950f92f07895dc7ea08dc78ba82"},"headline":"4. nedelja med letom","datePublished":"2021-01-30T09:36:00+00:00","dateModified":"2021-01-02T09:41:27+00:00","mainEntityOfPage":{"@id":"https:\/\/www.salve.si\/cas-med-letom\/4-nedelja-med-letom\/"},"wordCount":548,"publisher":{"@id":"https:\/\/www.salve.si\/#organization"},"keywords":["Leto B","nedeljska meditacija"],"articleSection":["\u010cas med letom","Leto B","Nedeljska meditacija"],"inLanguage":"en-US"},{"@type":"WebPage","@id":"https:\/\/www.salve.si\/cas-med-letom\/4-nedelja-med-letom\/","url":"https:\/\/www.salve.si\/cas-med-letom\/4-nedelja-med-letom\/","name":"4. nedelja med letom - Salve","isPartOf":{"@id":"https:\/\/www.salve.si\/#website"},"datePublished":"2021-01-30T09:36:00+00:00","dateModified":"2021-01-02T09:41:27+00:00","breadcrumb":{"@id":"https:\/\/www.salve.si\/cas-med-letom\/4-nedelja-med-letom\/#breadcrumb"},"inLanguage":"en-US","potentialAction":[{"@type":"ReadAction","target":["https:\/\/www.salve.si\/cas-med-letom\/4-nedelja-med-letom\/"]}]},{"@type":"BreadcrumbList","@id":"https:\/\/www.salve.si\/cas-med-letom\/4-nedelja-med-letom\/#breadcrumb","itemListElement":[{"@type":"ListItem","position":1,"name":"Home","item":"https:\/\/www.salve.si\/"},{"@type":"ListItem","position":2,"name":"4. nedelja med letom"}]},{"@type":"WebSite","@id":"https:\/\/www.salve.si\/#website","url":"https:\/\/www.salve.si\/","name":"Salve","description":"Salezijanska zalo\u017eba","publisher":{"@id":"https:\/\/www.salve.si\/#organization"},"potentialAction":[{"@type":"SearchAction","target":{"@type":"EntryPoint","urlTemplate":"https:\/\/www.salve.si\/?s={search_term_string}"},"query-input":{"@type":"PropertyValueSpecification","valueRequired":true,"valueName":"search_term_string"}}],"inLanguage":"en-US"},{"@type":"Organization","@id":"https:\/\/www.salve.si\/#organization","name":"Salve d.o.o.","url":"https:\/\/www.salve.si\/","logo":{"@type":"ImageObject","inLanguage":"en-US","@id":"https:\/\/www.salve.si\/#\/schema\/logo\/image\/","url":"https:\/\/www.salve.si\/wp-content\/uploads\/2021\/01\/Salve_logo_modri_nov_web.png","contentUrl":"https:\/\/www.salve.si\/wp-content\/uploads\/2021\/01\/Salve_logo_modri_nov_web.png","width":279,"height":90,"caption":"Salve d.o.o."},"image":{"@id":"https:\/\/www.salve.si\/#\/schema\/logo\/image\/"},"sameAs":["https:\/\/www.facebook.com\/salve.si","https:\/\/www.instagram.com\/zalozbasalve\/","https:\/\/www.linkedin.com\/company\/zalozba-salve\/"]},{"@type":"Person","@id":"https:\/\/www.salve.si\/#\/schema\/person\/61121950f92f07895dc7ea08dc78ba82","name":"Andrej Baliga\u010d","sameAs":["https:\/\/www.salve.si"]}]}},"_links":{"self":[{"href":"https:\/\/www.salve.si\/en\/wp-json\/wp\/v2\/posts\/13749","targetHints":{"allow":["GET"]}}],"collection":[{"href":"https:\/\/www.salve.si\/en\/wp-json\/wp\/v2\/posts"}],"about":[{"href":"https:\/\/www.salve.si\/en\/wp-json\/wp\/v2\/types\/post"}],"author":[{"embeddable":true,"href":"https:\/\/www.salve.si\/en\/wp-json\/wp\/v2\/users\/1561"}],"replies":[{"embeddable":true,"href":"https:\/\/www.salve.si\/en\/wp-json\/wp\/v2\/comments?post=13749"}],"version-history":[{"count":3,"href":"https:\/\/www.salve.si\/en\/wp-json\/wp\/v2\/posts\/13749\/revisions"}],"predecessor-version":[{"id":13752,"href":"https:\/\/www.salve.si\/en\/wp-json\/wp\/v2\/posts\/13749\/revisions\/13752"}],"wp:attachment":[{"href":"https:\/\/www.salve.si\/en\/wp-json\/wp\/v2\/media?parent=13749"}],"wp:term":[{"taxonomy":"category","embeddable":true,"href":"https:\/\/www.salve.si\/en\/wp-json\/wp\/v2\/categories?post=13749"},{"taxonomy":"post_tag","embeddable":true,"href":"https:\/\/www.salve.si\/en\/wp-json\/wp\/v2\/tags?post=13749"}],"curies":[{"name":"wp","href":"https:\/\/api.w.org\/{rel}","templated":true}]}}